
{"id":8712,"date":"2019-04-06T00:32:51","date_gmt":"2019-04-06T03:32:51","guid":{"rendered":"http:\/\/www.oarcanjo.net\/site\/?p=8712"},"modified":"2019-02-20T08:00:30","modified_gmt":"2019-02-20T11:00:30","slug":"sao-marcelino","status":"publish","type":"post","link":"https:\/\/www.oarcanjo.net\/site\/sao-marcelino\/","title":{"rendered":"S\u00e3o Marcelino"},"content":{"rendered":"<p><img loading=\"lazy\" decoding=\"async\" class=\"alignnone  wp-image-70970\" src=\"http:\/\/www.oarcanjo.net\/site\/wp-content\/uploads\/Sao-Marcelino.jpg\" alt=\"S\u00e3o Marcelino\" width=\"249\" height=\"343\" \/><\/p>\n<p>6 de Abril<\/p>\n<p>Marcelino foi um s\u00e1bio e dedicado religioso, amigo e disc\u00edpulo de Agostinho, bispo de Hipona, depois canonizado e declarado doutor da Igreja. Entretanto Marcelino acabou sendo v\u00edtima de um dos lament\u00e1veis cismas que dividiram o cristianismo. Foram influ\u00eancias pol\u00edticas, como o donatismo, que levaram esse honrado crist\u00e3o \u00e0 condena\u00e7\u00e3o e ao mart\u00edrio.<\/p>\n<p>Tudo teve in\u00edcio muitos anos antes, em 310. O imperador Diocleciano ordenara ao povo a entrega e queima de todos os livros sagrados. Quem obedeceu, passou a ser considerado traidor da Igreja. Naquele ano, Ceciliano foi eleito bispo de Cartago, mas teve sua elei\u00e7\u00e3o contestada por ter sido referendada por um grupo de bispos traidores, os mesmos que entregaram os livros sagrados.<\/p>\n<p>O bispo Donato era um desses e, al\u00e9m disso, tinha uma posi\u00e7\u00e3o totalmente contr\u00e1ria ao catolicismo ortodoxo. Ele defendia que os sacramentos s\u00f3 podiam ser ministrados por santos, n\u00e3o por pecadores, isto \u00e9, gente comum. Os seguidores do bispo Donato, portanto, tornaram-se os donatistas, e a Igreja dividiu-se.<\/p>\n<p>Em Cartago, Marcelino ocupava dois cargos de grande import\u00e2ncia: era tabeli\u00e3o e tribuno, funcionando, assim, como um porta-voz da popula\u00e7\u00e3o diante das autoridades do Imp\u00e9rio Romano. Era muito religioso, ligado ao bispo Agostinho, de Hipona, reconhecido realmente como homem de muita f\u00e9 e dedica\u00e7\u00e3o \u00e0 Igreja. Algumas obras escritas pelo grande te\u00f3logo bispo Agostinho partiram de consultas feitas por Marcelino. Foram os tratados &#8220;sobre a remiss\u00e3o dos pecados&#8221;, &#8220;sobre o Esp\u00edrito&#8221;, e o mais importante, &#8220;sobre a Trindade&#8221;, por\u00e9m nenhum deles p\u00f4de ser lido por Marcelino.<\/p>\n<p>Quando Marcelino se op\u00f4s ao movimento donatista, em 411, foi denunciado como c\u00famplice do usurpador Heracliano e condenado \u00e0 morte. Apenas um ano depois da execu\u00e7\u00e3o da pena \u00e9 que o erro da justi\u00e7a romana foi reconhecido pelo pr\u00f3prio imperador Hon\u00f3rio. Assim, a acusa\u00e7\u00e3o foi anulada e a Igreja passou a reverenciar s\u00e3o Marcelino como m\u00e1rtir. Sua festa lit\u00fargica foi marcada para o dia 6 de abril, data de sua err\u00f4nea execu\u00e7\u00e3o.<\/p>\n<div id=\"themify_builder_content-8712\" data-postid=\"8712\" class=\"themify_builder_content themify_builder_content-8712 themify_builder themify_builder_front\">\n\t<\/div>\n<!-- \/themify_builder_content -->","protected":false},"excerpt":{"rendered":"<p>6 de Abril Marcelino foi um s\u00e1bio e dedicado religioso, amigo e disc\u00edpulo de Agostinho, bispo de Hipona, depois canonizado e declarado doutor da Igreja. Entretanto Marcelino acabou sendo v\u00edtima de um dos lament\u00e1veis cismas que dividiram o cristianismo. Foram influ\u00eancias pol\u00edticas, como o donatismo, que levaram esse honrado crist\u00e3o \u00e0 condena\u00e7\u00e3o e ao mart\u00edrio. [&hellip;]<\/p>\n","protected":false},"author":14,"featured_media":0,"comment_status":"open","ping_status":"open","sticky":false,"template":"","format":"standard","meta":{"ngg_post_thumbnail":0,"footnotes":""},"categories":[186],"tags":[],"yoast_head":"<!-- This site is optimized with the Yoast SEO plugin v23.5 - https:\/\/yoast.com\/wordpress\/plugins\/seo\/ -->\n<title>S\u00e3o Marcelino - O Arcanjo no ar<\/title>\n<meta name=\"robots\" content=\"index, follow, max-snippet:-1, max-image-preview:large, max-video-preview:-1\" \/>\n<link rel=\"canonical\" href=\"https:\/\/www.oarcanjo.net\/site\/sao-marcelino\/\" \/>\n<meta property=\"og:locale\" content=\"pt_BR\" \/>\n<meta property=\"og:type\" content=\"article\" \/>\n<meta property=\"og:title\" content=\"S\u00e3o Marcelino - O Arcanjo no ar\" \/>\n<meta property=\"og:description\" content=\"6 de Abril Marcelino foi um s\u00e1bio e dedicado religioso, amigo e disc\u00edpulo de Agostinho, bispo de Hipona, depois canonizado e declarado doutor da Igreja. Entretanto Marcelino acabou sendo v\u00edtima de um dos lament\u00e1veis cismas que dividiram o cristianismo. Foram influ\u00eancias pol\u00edticas, como o donatismo, que levaram esse honrado crist\u00e3o \u00e0 condena\u00e7\u00e3o e ao mart\u00edrio. [&hellip;]\" \/>\n<meta property=\"og:url\" content=\"https:\/\/www.oarcanjo.net\/site\/sao-marcelino\/\" \/>\n<meta property=\"og:site_name\" content=\"O Arcanjo no ar\" \/>\n<meta property=\"article:publisher\" content=\"https:\/\/www.facebook.com\/OArcanjoNoAr\/\" \/>\n<meta property=\"article:published_time\" content=\"2019-04-06T03:32:51+00:00\" \/>\n<meta property=\"article:modified_time\" content=\"2019-02-20T11:00:30+00:00\" \/>\n<meta property=\"og:image\" content=\"http:\/\/www.oarcanjo.net\/site\/wp-content\/uploads\/Sao-Marcelino.jpg\" \/>\n<meta name=\"author\" content=\"danilo\" \/>\n<meta name=\"twitter:card\" content=\"summary_large_image\" \/>\n<meta name=\"twitter:label1\" content=\"Escrito por\" \/>\n\t<meta name=\"twitter:data1\" content=\"danilo\" \/>\n\t<meta name=\"twitter:label2\" content=\"Est. tempo de leitura\" \/>\n\t<meta name=\"twitter:data2\" content=\"2 minutos\" \/>\n<script type=\"application\/ld+json\" class=\"yoast-schema-graph\">{\"@context\":\"https:\/\/schema.org\",\"@graph\":[{\"@type\":\"Article\",\"@id\":\"https:\/\/www.oarcanjo.net\/site\/sao-marcelino\/#article\",\"isPartOf\":{\"@id\":\"https:\/\/www.oarcanjo.net\/site\/sao-marcelino\/\"},\"author\":{\"name\":\"danilo\",\"@id\":\"https:\/\/www.oarcanjo.net\/site\/#\/schema\/person\/5eb9480bedd2f3c97e430ce128c29c6c\"},\"headline\":\"S\u00e3o Marcelino\",\"datePublished\":\"2019-04-06T03:32:51+00:00\",\"dateModified\":\"2019-02-20T11:00:30+00:00\",\"mainEntityOfPage\":{\"@id\":\"https:\/\/www.oarcanjo.net\/site\/sao-marcelino\/\"},\"wordCount\":354,\"commentCount\":0,\"publisher\":{\"@id\":\"https:\/\/www.oarcanjo.net\/site\/#organization\"},\"image\":{\"@id\":\"https:\/\/www.oarcanjo.net\/site\/sao-marcelino\/#primaryimage\"},\"thumbnailUrl\":\"http:\/\/www.oarcanjo.net\/site\/wp-content\/uploads\/Sao-Marcelino.jpg\",\"articleSection\":[\"Testemunhos\"],\"inLanguage\":\"pt-BR\",\"potentialAction\":[{\"@type\":\"CommentAction\",\"name\":\"Comment\",\"target\":[\"https:\/\/www.oarcanjo.net\/site\/sao-marcelino\/#respond\"]}]},{\"@type\":\"WebPage\",\"@id\":\"https:\/\/www.oarcanjo.net\/site\/sao-marcelino\/\",\"url\":\"https:\/\/www.oarcanjo.net\/site\/sao-marcelino\/\",\"name\":\"S\u00e3o Marcelino - O Arcanjo no ar\",\"isPartOf\":{\"@id\":\"https:\/\/www.oarcanjo.net\/site\/#website\"},\"primaryImageOfPage\":{\"@id\":\"https:\/\/www.oarcanjo.net\/site\/sao-marcelino\/#primaryimage\"},\"image\":{\"@id\":\"https:\/\/www.oarcanjo.net\/site\/sao-marcelino\/#primaryimage\"},\"thumbnailUrl\":\"http:\/\/www.oarcanjo.net\/site\/wp-content\/uploads\/Sao-Marcelino.jpg\",\"datePublished\":\"2019-04-06T03:32:51+00:00\",\"dateModified\":\"2019-02-20T11:00:30+00:00\",\"breadcrumb\":{\"@id\":\"https:\/\/www.oarcanjo.net\/site\/sao-marcelino\/#breadcrumb\"},\"inLanguage\":\"pt-BR\",\"potentialAction\":[{\"@type\":\"ReadAction\",\"target\":[\"https:\/\/www.oarcanjo.net\/site\/sao-marcelino\/\"]}]},{\"@type\":\"ImageObject\",\"inLanguage\":\"pt-BR\",\"@id\":\"https:\/\/www.oarcanjo.net\/site\/sao-marcelino\/#primaryimage\",\"url\":\"https:\/\/www.oarcanjo.net\/site\/wp-content\/uploads\/Sao-Marcelino.jpg\",\"contentUrl\":\"https:\/\/www.oarcanjo.net\/site\/wp-content\/uploads\/Sao-Marcelino.jpg\",\"width\":326,\"height\":480,\"caption\":\"S\u00e3o Marcelino\"},{\"@type\":\"BreadcrumbList\",\"@id\":\"https:\/\/www.oarcanjo.net\/site\/sao-marcelino\/#breadcrumb\",\"itemListElement\":[{\"@type\":\"ListItem\",\"position\":1,\"name\":\"In\u00edcio\",\"item\":\"https:\/\/www.oarcanjo.net\/site\/\"},{\"@type\":\"ListItem\",\"position\":2,\"name\":\"S\u00e3o Marcelino\"}]},{\"@type\":\"WebSite\",\"@id\":\"https:\/\/www.oarcanjo.net\/site\/#website\",\"url\":\"https:\/\/www.oarcanjo.net\/site\/\",\"name\":\"O Arcanjo no ar\",\"description\":\"Site da Par\u00f3quia S\u00e3o Miguel Arcanjo (Arquidiocese de SP)\",\"publisher\":{\"@id\":\"https:\/\/www.oarcanjo.net\/site\/#organization\"},\"potentialAction\":[{\"@type\":\"SearchAction\",\"target\":{\"@type\":\"EntryPoint\",\"urlTemplate\":\"https:\/\/www.oarcanjo.net\/site\/?s={search_term_string}\"},\"query-input\":{\"@type\":\"PropertyValueSpecification\",\"valueRequired\":true,\"valueName\":\"search_term_string\"}}],\"inLanguage\":\"pt-BR\"},{\"@type\":\"Organization\",\"@id\":\"https:\/\/www.oarcanjo.net\/site\/#organization\",\"name\":\"Par\u00f3quia S\u00e3o Miguel Arcanjo\",\"url\":\"https:\/\/www.oarcanjo.net\/site\/\",\"logo\":{\"@type\":\"ImageObject\",\"inLanguage\":\"pt-BR\",\"@id\":\"https:\/\/www.oarcanjo.net\/site\/#\/schema\/logo\/image\/\",\"url\":\"https:\/\/www.oarcanjo.net\/site\/wp-content\/uploads\/LogoOArcanjo.png\",\"contentUrl\":\"https:\/\/www.oarcanjo.net\/site\/wp-content\/uploads\/LogoOArcanjo.png\",\"width\":319,\"height\":99,\"caption\":\"Par\u00f3quia S\u00e3o Miguel Arcanjo\"},\"image\":{\"@id\":\"https:\/\/www.oarcanjo.net\/site\/#\/schema\/logo\/image\/\"},\"sameAs\":[\"https:\/\/www.facebook.com\/OArcanjoNoAr\/\"]},{\"@type\":\"Person\",\"@id\":\"https:\/\/www.oarcanjo.net\/site\/#\/schema\/person\/5eb9480bedd2f3c97e430ce128c29c6c\",\"name\":\"danilo\"}]}<\/script>\n<!-- \/ Yoast SEO plugin. -->","yoast_head_json":{"title":"S\u00e3o Marcelino - O Arcanjo no ar","robots":{"index":"index","follow":"follow","max-snippet":"max-snippet:-1","max-image-preview":"max-image-preview:large","max-video-preview":"max-video-preview:-1"},"canonical":"https:\/\/www.oarcanjo.net\/site\/sao-marcelino\/","og_locale":"pt_BR","og_type":"article","og_title":"S\u00e3o Marcelino - O Arcanjo no ar","og_description":"6 de Abril Marcelino foi um s\u00e1bio e dedicado religioso, amigo e disc\u00edpulo de Agostinho, bispo de Hipona, depois canonizado e declarado doutor da Igreja. Entretanto Marcelino acabou sendo v\u00edtima de um dos lament\u00e1veis cismas que dividiram o cristianismo. Foram influ\u00eancias pol\u00edticas, como o donatismo, que levaram esse honrado crist\u00e3o \u00e0 condena\u00e7\u00e3o e ao mart\u00edrio. [&hellip;]","og_url":"https:\/\/www.oarcanjo.net\/site\/sao-marcelino\/","og_site_name":"O Arcanjo no ar","article_publisher":"https:\/\/www.facebook.com\/OArcanjoNoAr\/","article_published_time":"2019-04-06T03:32:51+00:00","article_modified_time":"2019-02-20T11:00:30+00:00","og_image":[{"url":"http:\/\/www.oarcanjo.net\/site\/wp-content\/uploads\/Sao-Marcelino.jpg"}],"author":"danilo","twitter_card":"summary_large_image","twitter_misc":{"Escrito por":"danilo","Est. tempo de leitura":"2 minutos"},"schema":{"@context":"https:\/\/schema.org","@graph":[{"@type":"Article","@id":"https:\/\/www.oarcanjo.net\/site\/sao-marcelino\/#article","isPartOf":{"@id":"https:\/\/www.oarcanjo.net\/site\/sao-marcelino\/"},"author":{"name":"danilo","@id":"https:\/\/www.oarcanjo.net\/site\/#\/schema\/person\/5eb9480bedd2f3c97e430ce128c29c6c"},"headline":"S\u00e3o Marcelino","datePublished":"2019-04-06T03:32:51+00:00","dateModified":"2019-02-20T11:00:30+00:00","mainEntityOfPage":{"@id":"https:\/\/www.oarcanjo.net\/site\/sao-marcelino\/"},"wordCount":354,"commentCount":0,"publisher":{"@id":"https:\/\/www.oarcanjo.net\/site\/#organization"},"image":{"@id":"https:\/\/www.oarcanjo.net\/site\/sao-marcelino\/#primaryimage"},"thumbnailUrl":"http:\/\/www.oarcanjo.net\/site\/wp-content\/uploads\/Sao-Marcelino.jpg","articleSection":["Testemunhos"],"inLanguage":"pt-BR","potentialAction":[{"@type":"CommentAction","name":"Comment","target":["https:\/\/www.oarcanjo.net\/site\/sao-marcelino\/#respond"]}]},{"@type":"WebPage","@id":"https:\/\/www.oarcanjo.net\/site\/sao-marcelino\/","url":"https:\/\/www.oarcanjo.net\/site\/sao-marcelino\/","name":"S\u00e3o Marcelino - O Arcanjo no ar","isPartOf":{"@id":"https:\/\/www.oarcanjo.net\/site\/#website"},"primaryImageOfPage":{"@id":"https:\/\/www.oarcanjo.net\/site\/sao-marcelino\/#primaryimage"},"image":{"@id":"https:\/\/www.oarcanjo.net\/site\/sao-marcelino\/#primaryimage"},"thumbnailUrl":"http:\/\/www.oarcanjo.net\/site\/wp-content\/uploads\/Sao-Marcelino.jpg","datePublished":"2019-04-06T03:32:51+00:00","dateModified":"2019-02-20T11:00:30+00:00","breadcrumb":{"@id":"https:\/\/www.oarcanjo.net\/site\/sao-marcelino\/#breadcrumb"},"inLanguage":"pt-BR","potentialAction":[{"@type":"ReadAction","target":["https:\/\/www.oarcanjo.net\/site\/sao-marcelino\/"]}]},{"@type":"ImageObject","inLanguage":"pt-BR","@id":"https:\/\/www.oarcanjo.net\/site\/sao-marcelino\/#primaryimage","url":"https:\/\/www.oarcanjo.net\/site\/wp-content\/uploads\/Sao-Marcelino.jpg","contentUrl":"https:\/\/www.oarcanjo.net\/site\/wp-content\/uploads\/Sao-Marcelino.jpg","width":326,"height":480,"caption":"S\u00e3o Marcelino"},{"@type":"BreadcrumbList","@id":"https:\/\/www.oarcanjo.net\/site\/sao-marcelino\/#breadcrumb","itemListElement":[{"@type":"ListItem","position":1,"name":"In\u00edcio","item":"https:\/\/www.oarcanjo.net\/site\/"},{"@type":"ListItem","position":2,"name":"S\u00e3o Marcelino"}]},{"@type":"WebSite","@id":"https:\/\/www.oarcanjo.net\/site\/#website","url":"https:\/\/www.oarcanjo.net\/site\/","name":"O Arcanjo no ar","description":"Site da Par\u00f3quia S\u00e3o Miguel Arcanjo (Arquidiocese de SP)","publisher":{"@id":"https:\/\/www.oarcanjo.net\/site\/#organization"},"potentialAction":[{"@type":"SearchAction","target":{"@type":"EntryPoint","urlTemplate":"https:\/\/www.oarcanjo.net\/site\/?s={search_term_string}"},"query-input":{"@type":"PropertyValueSpecification","valueRequired":true,"valueName":"search_term_string"}}],"inLanguage":"pt-BR"},{"@type":"Organization","@id":"https:\/\/www.oarcanjo.net\/site\/#organization","name":"Par\u00f3quia S\u00e3o Miguel Arcanjo","url":"https:\/\/www.oarcanjo.net\/site\/","logo":{"@type":"ImageObject","inLanguage":"pt-BR","@id":"https:\/\/www.oarcanjo.net\/site\/#\/schema\/logo\/image\/","url":"https:\/\/www.oarcanjo.net\/site\/wp-content\/uploads\/LogoOArcanjo.png","contentUrl":"https:\/\/www.oarcanjo.net\/site\/wp-content\/uploads\/LogoOArcanjo.png","width":319,"height":99,"caption":"Par\u00f3quia S\u00e3o Miguel Arcanjo"},"image":{"@id":"https:\/\/www.oarcanjo.net\/site\/#\/schema\/logo\/image\/"},"sameAs":["https:\/\/www.facebook.com\/OArcanjoNoAr\/"]},{"@type":"Person","@id":"https:\/\/www.oarcanjo.net\/site\/#\/schema\/person\/5eb9480bedd2f3c97e430ce128c29c6c","name":"danilo"}]}},"publishpress_future_action":{"enabled":false,"date":"2026-05-07 19:20:35","action":"category","newStatus":"draft","terms":[],"taxonomy":"category"},"publishpress_future_workflow_manual_trigger":{"enabledWorkflows":[]},"_links":{"self":[{"href":"https:\/\/www.oarcanjo.net\/site\/wp-json\/wp\/v2\/posts\/8712"}],"collection":[{"href":"https:\/\/www.oarcanjo.net\/site\/wp-json\/wp\/v2\/posts"}],"about":[{"href":"https:\/\/www.oarcanjo.net\/site\/wp-json\/wp\/v2\/types\/post"}],"author":[{"embeddable":true,"href":"https:\/\/www.oarcanjo.net\/site\/wp-json\/wp\/v2\/users\/14"}],"replies":[{"embeddable":true,"href":"https:\/\/www.oarcanjo.net\/site\/wp-json\/wp\/v2\/comments?post=8712"}],"version-history":[{"count":1,"href":"https:\/\/www.oarcanjo.net\/site\/wp-json\/wp\/v2\/posts\/8712\/revisions"}],"predecessor-version":[{"id":92927,"href":"https:\/\/www.oarcanjo.net\/site\/wp-json\/wp\/v2\/posts\/8712\/revisions\/92927"}],"wp:attachment":[{"href":"https:\/\/www.oarcanjo.net\/site\/wp-json\/wp\/v2\/media?parent=8712"}],"wp:term":[{"taxonomy":"category","embeddable":true,"href":"https:\/\/www.oarcanjo.net\/site\/wp-json\/wp\/v2\/categories?post=8712"},{"taxonomy":"post_tag","embeddable":true,"href":"https:\/\/www.oarcanjo.net\/site\/wp-json\/wp\/v2\/tags?post=8712"}],"curies":[{"name":"wp","href":"https:\/\/api.w.org\/{rel}","templated":true}]}}