
{"id":87134,"date":"2018-03-24T18:09:31","date_gmt":"2018-03-24T21:09:31","guid":{"rendered":"https:\/\/www.oarcanjo.net\/site\/?p=87134"},"modified":"2018-03-24T18:09:31","modified_gmt":"2018-03-24T21:09:31","slug":"dcm-advogados-pedem-ao-ministerio-publico-investigacao-das-ameacas-de-morte-ao-padre-julio-lancelotti","status":"publish","type":"post","link":"https:\/\/www.oarcanjo.net\/site\/dcm-advogados-pedem-ao-ministerio-publico-investigacao-das-ameacas-de-morte-ao-padre-julio-lancelotti\/","title":{"rendered":"DCM &#8211; Advogados pedem ao Minist\u00e9rio P\u00fablico investiga\u00e7\u00e3o das amea\u00e7as de morte ao padre J\u00falio Lancelotti"},"content":{"rendered":"<p><em><strong>Fonte:<\/strong> Di\u00e1rio do Centro do Mundo<\/em><br \/>\n<em>21 de mar\u00e7o de 2018 \u00e0s 10:02<\/em><\/p>\n<p>Advogados, entidades de direitos humanos e personalidades entraram ontem (20 de mar\u00e7o) com representa\u00e7\u00e3o no Minist\u00e9rio P\u00fablico Estadual pedindo apura\u00e7\u00f5es sobre as amea\u00e7as de morte sofridas pelo Padre J\u00falio Lancellotti, principalmente em raz\u00e3o de sua atua\u00e7\u00e3o em defesa dos moradores de rua.<\/p>\n<p>O padre J\u00falio Lancellotti \u00e9 coordenador da Pastoral do Povo de Rua da Arquidiocese de S\u00e3o Paulo e destacado defensor de direitos humanos h\u00e1 mais de 30 anos. As amea\u00e7as contra o padre est\u00e3o sendo postadas nas redes sociais, principalmente em p\u00e1ginas e grupos de moradores da regi\u00e3o da Mooca, bairro da Capital Paulista.<\/p>\n<p>Os advogados e demais signat\u00e1rios da representa\u00e7\u00e3o pedem investiga\u00e7\u00f5es por meio da instaura\u00e7\u00e3o de inqu\u00e9rito policial, que seja requisitado e acompanhado pelo Minist\u00e9rio P\u00fablico, que resulte na identifica\u00e7\u00e3o e responsabiliza\u00e7\u00e3o dos autores das amea\u00e7as.<\/p>\n<p>A representa\u00e7\u00e3o \u00e9 assinada pelos advogados Juliana Costa Hashimoto, Valdenia Paulino, Ariel de Castro Alves, Andr\u00e9 Alcantara, entre outros. O documento tamb\u00e9m \u00e9 assinado pelo Cardeal Arcebispo de S\u00e3o Paulo, Dom Odilo Pedro Scherer, e por entidades como o Condepe, A\u00e7\u00e3o dos Crist\u00e3os contra a Tortura, Grupo Tortura Nunca Mais, Comiss\u00e3o de Justi\u00e7a e Paz, entre outras.<\/p>\n<p><em>Leia em: <a href=\"https:\/\/www.diariodocentrodomundo.com.br\/essencial\/advogados-pedem-ao-ministerio-publico-investigacao-das-ameacas-de-morte-ao-padre-julio-lancelotti\/\" target=\"_blank\" rel=\"noopener\">https:\/\/www.diariodocentrodomundo.com.br\/essencial\/advogados-pedem-ao-ministerio-publico-investigacao-das-ameacas-de-morte-ao-padre-julio-lancelotti\/<\/a><\/em><\/p>\n<div id=\"themify_builder_content-87134\" data-postid=\"87134\" class=\"themify_builder_content themify_builder_content-87134 themify_builder themify_builder_front\">\n\t<\/div>\n<!-- \/themify_builder_content -->","protected":false},"excerpt":{"rendered":"<p>Advogados, entidades de direitos humanos e personalidades entraram ontem (20 de mar\u00e7o) com representa\u00e7\u00e3o no Minist\u00e9rio P\u00fablico Estadual pedindo apura\u00e7\u00f5es sobre as amea\u00e7as de morte sofridas pelo Padre J\u00falio Lancellotti, principalmente em raz\u00e3o de sua atua\u00e7\u00e3o em defesa dos moradores de rua.<\/p>\n","protected":false},"author":3,"featured_media":0,"comment_status":"open","ping_status":"open","sticky":false,"template":"","format":"standard","meta":{"ngg_post_thumbnail":0,"footnotes":""},"categories":[3262],"tags":[],"yoast_head":"<!-- This site is optimized with the Yoast SEO plugin v23.5 - https:\/\/yoast.com\/wordpress\/plugins\/seo\/ -->\n<title>DCM - Advogados pedem ao Minist\u00e9rio P\u00fablico investiga\u00e7\u00e3o das amea\u00e7as de morte ao padre J\u00falio Lancelotti - O Arcanjo no ar<\/title>\n<meta name=\"robots\" content=\"index, follow, max-snippet:-1, max-image-preview:large, max-video-preview:-1\" \/>\n<link rel=\"canonical\" href=\"https:\/\/www.oarcanjo.net\/site\/dcm-advogados-pedem-ao-ministerio-publico-investigacao-das-ameacas-de-morte-ao-padre-julio-lancelotti\/\" \/>\n<meta property=\"og:locale\" content=\"pt_BR\" \/>\n<meta property=\"og:type\" content=\"article\" \/>\n<meta property=\"og:title\" content=\"DCM - Advogados pedem ao Minist\u00e9rio P\u00fablico investiga\u00e7\u00e3o das amea\u00e7as de morte ao padre J\u00falio Lancelotti - O Arcanjo no ar\" \/>\n<meta property=\"og:description\" content=\"Advogados, entidades de direitos humanos e personalidades entraram ontem (20 de mar\u00e7o) com representa\u00e7\u00e3o no Minist\u00e9rio P\u00fablico Estadual pedindo apura\u00e7\u00f5es sobre as amea\u00e7as de morte sofridas pelo Padre J\u00falio Lancellotti, principalmente em raz\u00e3o de sua atua\u00e7\u00e3o em defesa dos moradores de rua.\" \/>\n<meta property=\"og:url\" content=\"https:\/\/www.oarcanjo.net\/site\/dcm-advogados-pedem-ao-ministerio-publico-investigacao-das-ameacas-de-morte-ao-padre-julio-lancelotti\/\" \/>\n<meta property=\"og:site_name\" content=\"O Arcanjo no ar\" \/>\n<meta property=\"article:publisher\" content=\"https:\/\/www.facebook.com\/OArcanjoNoAr\/\" \/>\n<meta property=\"article:published_time\" content=\"2018-03-24T21:09:31+00:00\" \/>\n<meta property=\"og:image\" content=\"https:\/\/www.oarcanjo.net\/site\/wp-content\/uploads\/logo-o-arcanjo-no-ar-facebook.png\" \/>\n\t<meta property=\"og:image:width\" content=\"300\" \/>\n\t<meta property=\"og:image:height\" content=\"300\" \/>\n\t<meta property=\"og:image:type\" content=\"image\/png\" \/>\n<meta name=\"author\" content=\"miriam.meyer\" \/>\n<meta name=\"twitter:card\" content=\"summary_large_image\" \/>\n<meta name=\"twitter:label1\" content=\"Escrito por\" \/>\n\t<meta name=\"twitter:data1\" content=\"miriam.meyer\" \/>\n\t<meta name=\"twitter:label2\" content=\"Est. tempo de leitura\" \/>\n\t<meta name=\"twitter:data2\" content=\"1 minuto\" \/>\n<script type=\"application\/ld+json\" class=\"yoast-schema-graph\">{\"@context\":\"https:\/\/schema.org\",\"@graph\":[{\"@type\":\"Article\",\"@id\":\"https:\/\/www.oarcanjo.net\/site\/dcm-advogados-pedem-ao-ministerio-publico-investigacao-das-ameacas-de-morte-ao-padre-julio-lancelotti\/#article\",\"isPartOf\":{\"@id\":\"https:\/\/www.oarcanjo.net\/site\/dcm-advogados-pedem-ao-ministerio-publico-investigacao-das-ameacas-de-morte-ao-padre-julio-lancelotti\/\"},\"author\":{\"name\":\"miriam.meyer\",\"@id\":\"https:\/\/www.oarcanjo.net\/site\/#\/schema\/person\/ce0fba3450314a09c6442cfee983a3d8\"},\"headline\":\"DCM &#8211; Advogados pedem ao Minist\u00e9rio P\u00fablico investiga\u00e7\u00e3o das amea\u00e7as de morte ao padre J\u00falio Lancelotti\",\"datePublished\":\"2018-03-24T21:09:31+00:00\",\"dateModified\":\"2018-03-24T21:09:31+00:00\",\"mainEntityOfPage\":{\"@id\":\"https:\/\/www.oarcanjo.net\/site\/dcm-advogados-pedem-ao-ministerio-publico-investigacao-das-ameacas-de-morte-ao-padre-julio-lancelotti\/\"},\"wordCount\":256,\"commentCount\":0,\"publisher\":{\"@id\":\"https:\/\/www.oarcanjo.net\/site\/#organization\"},\"articleSection\":[\"Not\u00edcias Pe. Julio\"],\"inLanguage\":\"pt-BR\",\"potentialAction\":[{\"@type\":\"CommentAction\",\"name\":\"Comment\",\"target\":[\"https:\/\/www.oarcanjo.net\/site\/dcm-advogados-pedem-ao-ministerio-publico-investigacao-das-ameacas-de-morte-ao-padre-julio-lancelotti\/#respond\"]}]},{\"@type\":\"WebPage\",\"@id\":\"https:\/\/www.oarcanjo.net\/site\/dcm-advogados-pedem-ao-ministerio-publico-investigacao-das-ameacas-de-morte-ao-padre-julio-lancelotti\/\",\"url\":\"https:\/\/www.oarcanjo.net\/site\/dcm-advogados-pedem-ao-ministerio-publico-investigacao-das-ameacas-de-morte-ao-padre-julio-lancelotti\/\",\"name\":\"DCM - Advogados pedem ao Minist\u00e9rio P\u00fablico investiga\u00e7\u00e3o das amea\u00e7as de morte ao padre J\u00falio Lancelotti - O Arcanjo no ar\",\"isPartOf\":{\"@id\":\"https:\/\/www.oarcanjo.net\/site\/#website\"},\"datePublished\":\"2018-03-24T21:09:31+00:00\",\"dateModified\":\"2018-03-24T21:09:31+00:00\",\"breadcrumb\":{\"@id\":\"https:\/\/www.oarcanjo.net\/site\/dcm-advogados-pedem-ao-ministerio-publico-investigacao-das-ameacas-de-morte-ao-padre-julio-lancelotti\/#breadcrumb\"},\"inLanguage\":\"pt-BR\",\"potentialAction\":[{\"@type\":\"ReadAction\",\"target\":[\"https:\/\/www.oarcanjo.net\/site\/dcm-advogados-pedem-ao-ministerio-publico-investigacao-das-ameacas-de-morte-ao-padre-julio-lancelotti\/\"]}]},{\"@type\":\"BreadcrumbList\",\"@id\":\"https:\/\/www.oarcanjo.net\/site\/dcm-advogados-pedem-ao-ministerio-publico-investigacao-das-ameacas-de-morte-ao-padre-julio-lancelotti\/#breadcrumb\",\"itemListElement\":[{\"@type\":\"ListItem\",\"position\":1,\"name\":\"In\u00edcio\",\"item\":\"https:\/\/www.oarcanjo.net\/site\/\"},{\"@type\":\"ListItem\",\"position\":2,\"name\":\"DCM &#8211; Advogados pedem ao Minist\u00e9rio P\u00fablico investiga\u00e7\u00e3o das amea\u00e7as de morte ao padre J\u00falio Lancelotti\"}]},{\"@type\":\"WebSite\",\"@id\":\"https:\/\/www.oarcanjo.net\/site\/#website\",\"url\":\"https:\/\/www.oarcanjo.net\/site\/\",\"name\":\"O Arcanjo no ar\",\"description\":\"Site da Par\u00f3quia S\u00e3o Miguel Arcanjo (Arquidiocese de SP)\",\"publisher\":{\"@id\":\"https:\/\/www.oarcanjo.net\/site\/#organization\"},\"potentialAction\":[{\"@type\":\"SearchAction\",\"target\":{\"@type\":\"EntryPoint\",\"urlTemplate\":\"https:\/\/www.oarcanjo.net\/site\/?s={search_term_string}\"},\"query-input\":{\"@type\":\"PropertyValueSpecification\",\"valueRequired\":true,\"valueName\":\"search_term_string\"}}],\"inLanguage\":\"pt-BR\"},{\"@type\":\"Organization\",\"@id\":\"https:\/\/www.oarcanjo.net\/site\/#organization\",\"name\":\"Par\u00f3quia S\u00e3o Miguel Arcanjo\",\"url\":\"https:\/\/www.oarcanjo.net\/site\/\",\"logo\":{\"@type\":\"ImageObject\",\"inLanguage\":\"pt-BR\",\"@id\":\"https:\/\/www.oarcanjo.net\/site\/#\/schema\/logo\/image\/\",\"url\":\"https:\/\/www.oarcanjo.net\/site\/wp-content\/uploads\/LogoOArcanjo.png\",\"contentUrl\":\"https:\/\/www.oarcanjo.net\/site\/wp-content\/uploads\/LogoOArcanjo.png\",\"width\":319,\"height\":99,\"caption\":\"Par\u00f3quia S\u00e3o Miguel Arcanjo\"},\"image\":{\"@id\":\"https:\/\/www.oarcanjo.net\/site\/#\/schema\/logo\/image\/\"},\"sameAs\":[\"https:\/\/www.facebook.com\/OArcanjoNoAr\/\"]},{\"@type\":\"Person\",\"@id\":\"https:\/\/www.oarcanjo.net\/site\/#\/schema\/person\/ce0fba3450314a09c6442cfee983a3d8\",\"name\":\"miriam.meyer\"}]}<\/script>\n<!-- \/ Yoast SEO plugin. -->","yoast_head_json":{"title":"DCM - Advogados pedem ao Minist\u00e9rio P\u00fablico investiga\u00e7\u00e3o das amea\u00e7as de morte ao padre J\u00falio Lancelotti - O Arcanjo no ar","robots":{"index":"index","follow":"follow","max-snippet":"max-snippet:-1","max-image-preview":"max-image-preview:large","max-video-preview":"max-video-preview:-1"},"canonical":"https:\/\/www.oarcanjo.net\/site\/dcm-advogados-pedem-ao-ministerio-publico-investigacao-das-ameacas-de-morte-ao-padre-julio-lancelotti\/","og_locale":"pt_BR","og_type":"article","og_title":"DCM - Advogados pedem ao Minist\u00e9rio P\u00fablico investiga\u00e7\u00e3o das amea\u00e7as de morte ao padre J\u00falio Lancelotti - O Arcanjo no ar","og_description":"Advogados, entidades de direitos humanos e personalidades entraram ontem (20 de mar\u00e7o) com representa\u00e7\u00e3o no Minist\u00e9rio P\u00fablico Estadual pedindo apura\u00e7\u00f5es sobre as amea\u00e7as de morte sofridas pelo Padre J\u00falio Lancellotti, principalmente em raz\u00e3o de sua atua\u00e7\u00e3o em defesa dos moradores de rua.","og_url":"https:\/\/www.oarcanjo.net\/site\/dcm-advogados-pedem-ao-ministerio-publico-investigacao-das-ameacas-de-morte-ao-padre-julio-lancelotti\/","og_site_name":"O Arcanjo no ar","article_publisher":"https:\/\/www.facebook.com\/OArcanjoNoAr\/","article_published_time":"2018-03-24T21:09:31+00:00","og_image":[{"width":300,"height":300,"url":"https:\/\/www.oarcanjo.net\/site\/wp-content\/uploads\/logo-o-arcanjo-no-ar-facebook.png","type":"image\/png"}],"author":"miriam.meyer","twitter_card":"summary_large_image","twitter_misc":{"Escrito por":"miriam.meyer","Est. tempo de leitura":"1 minuto"},"schema":{"@context":"https:\/\/schema.org","@graph":[{"@type":"Article","@id":"https:\/\/www.oarcanjo.net\/site\/dcm-advogados-pedem-ao-ministerio-publico-investigacao-das-ameacas-de-morte-ao-padre-julio-lancelotti\/#article","isPartOf":{"@id":"https:\/\/www.oarcanjo.net\/site\/dcm-advogados-pedem-ao-ministerio-publico-investigacao-das-ameacas-de-morte-ao-padre-julio-lancelotti\/"},"author":{"name":"miriam.meyer","@id":"https:\/\/www.oarcanjo.net\/site\/#\/schema\/person\/ce0fba3450314a09c6442cfee983a3d8"},"headline":"DCM &#8211; Advogados pedem ao Minist\u00e9rio P\u00fablico investiga\u00e7\u00e3o das amea\u00e7as de morte ao padre J\u00falio Lancelotti","datePublished":"2018-03-24T21:09:31+00:00","dateModified":"2018-03-24T21:09:31+00:00","mainEntityOfPage":{"@id":"https:\/\/www.oarcanjo.net\/site\/dcm-advogados-pedem-ao-ministerio-publico-investigacao-das-ameacas-de-morte-ao-padre-julio-lancelotti\/"},"wordCount":256,"commentCount":0,"publisher":{"@id":"https:\/\/www.oarcanjo.net\/site\/#organization"},"articleSection":["Not\u00edcias Pe. Julio"],"inLanguage":"pt-BR","potentialAction":[{"@type":"CommentAction","name":"Comment","target":["https:\/\/www.oarcanjo.net\/site\/dcm-advogados-pedem-ao-ministerio-publico-investigacao-das-ameacas-de-morte-ao-padre-julio-lancelotti\/#respond"]}]},{"@type":"WebPage","@id":"https:\/\/www.oarcanjo.net\/site\/dcm-advogados-pedem-ao-ministerio-publico-investigacao-das-ameacas-de-morte-ao-padre-julio-lancelotti\/","url":"https:\/\/www.oarcanjo.net\/site\/dcm-advogados-pedem-ao-ministerio-publico-investigacao-das-ameacas-de-morte-ao-padre-julio-lancelotti\/","name":"DCM - Advogados pedem ao Minist\u00e9rio P\u00fablico investiga\u00e7\u00e3o das amea\u00e7as de morte ao padre J\u00falio Lancelotti - O Arcanjo no ar","isPartOf":{"@id":"https:\/\/www.oarcanjo.net\/site\/#website"},"datePublished":"2018-03-24T21:09:31+00:00","dateModified":"2018-03-24T21:09:31+00:00","breadcrumb":{"@id":"https:\/\/www.oarcanjo.net\/site\/dcm-advogados-pedem-ao-ministerio-publico-investigacao-das-ameacas-de-morte-ao-padre-julio-lancelotti\/#breadcrumb"},"inLanguage":"pt-BR","potentialAction":[{"@type":"ReadAction","target":["https:\/\/www.oarcanjo.net\/site\/dcm-advogados-pedem-ao-ministerio-publico-investigacao-das-ameacas-de-morte-ao-padre-julio-lancelotti\/"]}]},{"@type":"BreadcrumbList","@id":"https:\/\/www.oarcanjo.net\/site\/dcm-advogados-pedem-ao-ministerio-publico-investigacao-das-ameacas-de-morte-ao-padre-julio-lancelotti\/#breadcrumb","itemListElement":[{"@type":"ListItem","position":1,"name":"In\u00edcio","item":"https:\/\/www.oarcanjo.net\/site\/"},{"@type":"ListItem","position":2,"name":"DCM &#8211; Advogados pedem ao Minist\u00e9rio P\u00fablico investiga\u00e7\u00e3o das amea\u00e7as de morte ao padre J\u00falio Lancelotti"}]},{"@type":"WebSite","@id":"https:\/\/www.oarcanjo.net\/site\/#website","url":"https:\/\/www.oarcanjo.net\/site\/","name":"O Arcanjo no ar","description":"Site da Par\u00f3quia S\u00e3o Miguel Arcanjo (Arquidiocese de SP)","publisher":{"@id":"https:\/\/www.oarcanjo.net\/site\/#organization"},"potentialAction":[{"@type":"SearchAction","target":{"@type":"EntryPoint","urlTemplate":"https:\/\/www.oarcanjo.net\/site\/?s={search_term_string}"},"query-input":{"@type":"PropertyValueSpecification","valueRequired":true,"valueName":"search_term_string"}}],"inLanguage":"pt-BR"},{"@type":"Organization","@id":"https:\/\/www.oarcanjo.net\/site\/#organization","name":"Par\u00f3quia S\u00e3o Miguel Arcanjo","url":"https:\/\/www.oarcanjo.net\/site\/","logo":{"@type":"ImageObject","inLanguage":"pt-BR","@id":"https:\/\/www.oarcanjo.net\/site\/#\/schema\/logo\/image\/","url":"https:\/\/www.oarcanjo.net\/site\/wp-content\/uploads\/LogoOArcanjo.png","contentUrl":"https:\/\/www.oarcanjo.net\/site\/wp-content\/uploads\/LogoOArcanjo.png","width":319,"height":99,"caption":"Par\u00f3quia S\u00e3o Miguel Arcanjo"},"image":{"@id":"https:\/\/www.oarcanjo.net\/site\/#\/schema\/logo\/image\/"},"sameAs":["https:\/\/www.facebook.com\/OArcanjoNoAr\/"]},{"@type":"Person","@id":"https:\/\/www.oarcanjo.net\/site\/#\/schema\/person\/ce0fba3450314a09c6442cfee983a3d8","name":"miriam.meyer"}]}},"publishpress_future_action":{"enabled":false,"date":"2026-05-08 14:00:34","action":"category","newStatus":"draft","terms":[],"taxonomy":"category"},"publishpress_future_workflow_manual_trigger":{"enabledWorkflows":[]},"_links":{"self":[{"href":"https:\/\/www.oarcanjo.net\/site\/wp-json\/wp\/v2\/posts\/87134"}],"collection":[{"href":"https:\/\/www.oarcanjo.net\/site\/wp-json\/wp\/v2\/posts"}],"about":[{"href":"https:\/\/www.oarcanjo.net\/site\/wp-json\/wp\/v2\/types\/post"}],"author":[{"embeddable":true,"href":"https:\/\/www.oarcanjo.net\/site\/wp-json\/wp\/v2\/users\/3"}],"replies":[{"embeddable":true,"href":"https:\/\/www.oarcanjo.net\/site\/wp-json\/wp\/v2\/comments?post=87134"}],"version-history":[{"count":0,"href":"https:\/\/www.oarcanjo.net\/site\/wp-json\/wp\/v2\/posts\/87134\/revisions"}],"wp:attachment":[{"href":"https:\/\/www.oarcanjo.net\/site\/wp-json\/wp\/v2\/media?parent=87134"}],"wp:term":[{"taxonomy":"category","embeddable":true,"href":"https:\/\/www.oarcanjo.net\/site\/wp-json\/wp\/v2\/categories?post=87134"},{"taxonomy":"post_tag","embeddable":true,"href":"https:\/\/www.oarcanjo.net\/site\/wp-json\/wp\/v2\/tags?post=87134"}],"curies":[{"name":"wp","href":"https:\/\/api.w.org\/{rel}","templated":true}]}}