
{"id":87137,"date":"2018-03-24T18:17:30","date_gmt":"2018-03-24T21:17:30","guid":{"rendered":"https:\/\/www.oarcanjo.net\/site\/?p=87137"},"modified":"2018-03-24T18:18:23","modified_gmt":"2018-03-24T21:18:23","slug":"dcm-isso-esta-sendo-articulado-ha-muito-tempo-diz-o-padre-julio-lancelotti-sobre-as-ameacas-de-morte","status":"publish","type":"post","link":"https:\/\/www.oarcanjo.net\/site\/dcm-isso-esta-sendo-articulado-ha-muito-tempo-diz-o-padre-julio-lancelotti-sobre-as-ameacas-de-morte\/","title":{"rendered":"DCM &#8211; \u201cIsso est\u00e1 sendo articulado h\u00e1 muito tempo\u201d, diz o padre J\u00falio Lancelotti sobre as amea\u00e7as de morte"},"content":{"rendered":"<p><em>Fonte: DCM<\/em><br \/>\n<em>Por <a href=\"https:\/\/www.diariodocentrodomundo.com.br\/author\/mauro-donato\/\">Mauro Donato<\/a><\/em><br \/>\n<em>22 de mar\u00e7o de 2018<\/em><\/p>\n<div id=\"attachment_87138\" style=\"width: 610px\" class=\"wp-caption alignnone\"><img loading=\"lazy\" decoding=\"async\" aria-describedby=\"caption-attachment-87138\" class=\"size-full wp-image-87138\" src=\"https:\/\/www.oarcanjo.net\/site\/wp-content\/uploads\/pe-julio-lancelloti-04.jpg\" alt=\"Pe. Julio Renato LancellottiPe. Julio Renato Lancellotti\" width=\"600\" height=\"448\" srcset=\"https:\/\/www.oarcanjo.net\/site\/wp-content\/uploads\/pe-julio-lancelloti-04.jpg 600w, https:\/\/www.oarcanjo.net\/site\/wp-content\/uploads\/pe-julio-lancelloti-04-300x224.jpg 300w\" sizes=\"(max-width: 600px) 100vw, 600px\" \/><p id=\"caption-attachment-87138\" class=\"wp-caption-text\"><span style=\"color: #999999;\"><em>Padre J\u00falio Lancelotti<\/em><\/span><\/p><\/div>\n<p>N\u00e3o \u00e9 de hoje, mas nas \u00faltimas semanas as costumeiras ofensas ao padre J\u00falio Lancellotti subiram alguns degraus e ganharam o patamar de amea\u00e7as graves.<\/p>\n<p>Ap\u00f3s mais uma a\u00e7\u00e3o truculenta de \u2018higieniza\u00e7\u00e3o\u2019 contra a popula\u00e7\u00e3o em situa\u00e7\u00e3o de rua, padre J\u00falio manifestou sua indigna\u00e7\u00e3o e ent\u00e3o o que se viu foi uma onda de ataques violentos contra ele.<\/p>\n<p>\u201cMorte a esse padreco de merda, viado\u201d, escreveu Roberto Giusti. \u201cManda pro inferno, ele e depois seus seguidores\u201d, acrescentou Jo\u00e3o Severino que ganhou emojis de aplausos de Patr\u00edcia Allano. \u201cMorte ao Padre J\u00falio\u201d foi a ordem de um certo James Rodrigues.<\/p>\n<p>Alguns s\u00e3o advogados, desenhistas industriais\u2026 A famosa classe m\u00e9dia adepta do discurso \u2018T\u00e1 com pena? Leva pra casa\u2019. Ap\u00f3s a repercuss\u00e3o, muitos deletaram seus perfis, por\u00e9m as conversas e coment\u00e1rios j\u00e1 haviam sido salvos e os prints das postagens foram autenticados em cart\u00f3rio.<\/p>\n<p>Agora uma representa\u00e7\u00e3o assinada pelos advogados Juliana Costa Hashimoto, Valdenia Paulino, Ariel de Castro Alves, Andr\u00e9 Alc\u00e2ntara e mais 200 pessoas entre personalidades e entidades de defesa dos direitos humanos foi encaminhada ao Minist\u00e9rio P\u00fablico para que provid\u00eancias sejam tomadas e que os autores sejam identificados e indiciados.<\/p>\n<p>Padre J\u00falio concedeu uma entrevista ao DCM:<\/p>\n<p><strong>DCM \u2013 Como se chegou a esse ponto?<\/strong><\/p>\n<p>JL \u2013 Isso est\u00e1 sendo articulado h\u00e1 muito tempo, mas agudizou ap\u00f3s a limpeza que eles fizeram no Parque da Mooca na sexta-feira, que foi feita com uso de for\u00e7a, com viol\u00eancia, tirando documentos, rem\u00e9dios, roupas e essas pessoas come\u00e7aram a festejar que o parque havia voltado para as \u2018pessoas de bem\u2019. Eu sempre cobrei a forma como executam essas a\u00e7\u00f5es pois elas contrariam a portaria que estabelece como deve ser feito.<\/p>\n<p>E h\u00e1 esses grupos fechados em redes sociais que sempre me atacaram \u2013 inclusive com a participa\u00e7\u00e3o do subprefeito da regional da S\u00e9 e do coordenador de governo da regional da Mooca \u2013 afirmando que \u00e9 meu desejo que essas pessoas vivam na rua, que eu recebo dinheiro por cabe\u00e7a de pessoas que vivem na rua, e ent\u00e3o agora vieram com essa carga forte de ataques.<\/p>\n<p><strong>DCM \u2013 O senhor postou um v\u00eddeo que da a entender que n\u00e3o apenas moradores da Mooca estariam fazendo as amea\u00e7as.<\/strong><\/p>\n<p>JL \u2013 Alguns irm\u00e3os vieram at\u00e9 a par\u00f3quia e me relataram que policiais tinham feito abordagem com uma press\u00e3o muito forte e dizendo para eles \u2018Chama o padre que tamb\u00e9m vamos matar o padre e todos que est\u00e3o juntos\u2019.<\/p>\n<p><iframe loading=\"lazy\" src=\"https:\/\/www.youtube.com\/embed\/-F9tAch5nF0?rel=0\" allowfullscreen=\"allowfullscreen\" width=\"700\" height=\"394\" frameborder=\"0\"><\/iframe><\/p>\n<p><strong>DCM \u2013 Policiais?<\/strong><\/p>\n<p>JL \u2013 Eles est\u00e3o articulados. Alguns policiais, alguns GCMs, funcion\u00e1rios da Inova (a empresa que faz a \u2018limpeza\u2019), funcion\u00e1rios das subprefeituras tanto da S\u00e9 como da Mooca, grupos de conselhos comunit\u00e1rios de seguran\u00e7a e esses grupos de redes sociais.<\/p>\n<p><strong>DCM \u2013 O senhor conhece essas pessoas?<\/strong><\/p>\n<p>JL \u2013 Sim, alguns j\u00e1 falam comigo h\u00e1 muito tempo. Aquele que disse \u2018Morte ao padre J\u00falio\u2019, \u00e9 um advogado.<\/p>\n<p><strong>DCM \u2013 Qual sua expectativa com a representa\u00e7\u00e3o junto ao MP?<\/strong><\/p>\n<p>JL \u2013 Espero que haja uma onda contra essa viol\u00eancia porque estamos entrando num n\u00edvel de radicalismo em que perderam-se os limites. As pessoas desejam \u2013 e festejam!! \u2013 a morte de outras. S\u00e3o pessoas que t\u00eam cargos p\u00fablicos, que t\u00eam posi\u00e7\u00e3o no conjunto social como advogado, dono de academia, que colocam mensagens de \u00f3dio porque querem uma cidade higienizada e s\u00f3 deles.<\/p>\n<p><strong>DCM \u2013 Teme pela sua vida?<\/strong><\/p>\n<p>JL \u2013 Tenho f\u00e9 e acredito na for\u00e7a do amor de Deus. N\u00e3o posso querer nada de especial, minha prote\u00e7\u00e3o tem que ser a mesma que um morador de rua tem.&nbsp; Minha preocupa\u00e7\u00e3o \u00e9 com a popula\u00e7\u00e3o de rua, pois s\u00e3o maltratados muitas vezes para me atingir. Outro dia um irm\u00e3o me disse \u2018N\u00e3o posso dizer que te conhe\u00e7o, \u00e9 perigoso\u2019.<\/p>\n<p><strong>DCM \u2013 A vereadora Marielle Franco, mesmo depois de morta, continuou sendo difamada. O senhor sempre passou por isso com acusa\u00e7\u00f5es de pedofilia e ass\u00e9dio sexual. A internet favorece a difama\u00e7\u00e3o?<\/strong><\/p>\n<p>JL \u2013 Acho que houve uma piora, pois as pessoas pensam que podem dizer o que quiserem. Ent\u00e3o essas amea\u00e7as de que \u2018\u00e9 preciso fuzilar fulano\u2019, \u2018meter uma bala na cabe\u00e7a de esquerdista\u2019\u2026<\/p>\n<p><strong>DCM \u2013 Esse \u00e9 um ponto que chama aten\u00e7\u00e3o nas postagens. Todos os seus detratores o tratam como comunista, petista. Um padre ser de direita n\u00e3o \u00e9 um contrassenso?<\/strong><\/p>\n<p>JL \u2013 Voltou \u00e0 moda de chamar de comunista n\u00e9. Nem existe mais o comunismo e aqui ainda usam isso como palavr\u00e3o e ofensa. Isso mostra a pobreza intelectual dessas pessoas.<\/p>\n<p>****<\/p>\n<p>O caso tomou as propor\u00e7\u00f5es que se espera e repercuss\u00e3o idem. Durante a entrevista, o celular do padre tocou. Era o prefeito Jo\u00e3o Doria \u2018prestando solidariedade\u2019, como se a pol\u00edtica higienista n\u00e3o tivesse nenhuma rela\u00e7\u00e3o com sua gest\u00e3o.<\/p>\n<p>O que pessoas realmente \u2018de bem\u2019 devem desejar \u00e9 que padre J\u00falio Lancellotti permane\u00e7a vivo e atuante na Pastoral do Povo da Rua, em defesa dos direitos humanos e da dignidade para quem nada tem.<\/p>\n<p>No domingo, dia 25 de mar\u00e7o, haver\u00e1 um ato p\u00fablico em defesa do padre Julio, na Par\u00f3quia S\u00e3o Miguel Arcanjo, \u00e0s 9:00 hrs.<\/p>\n<p><em>Leia em: <a href=\"https:\/\/www.diariodocentrodomundo.com.br\/isso-esta-sendo-articulado-ha-muito-tempo-diz-o-padre-julio-lancelotti-sobre-as-ameacas-de-morte-por-donato\/\" target=\"_blank\" rel=\"noopener\">https:\/\/www.diariodocentrodomundo.com.br\/isso-esta-sendo-articulado-ha-muito-tempo-diz-o-padre-julio-lancelotti-sobre-as-ameacas-de-morte-por-donato\/<\/a><\/em><\/p>\n<div id=\"themify_builder_content-87137\" data-postid=\"87137\" class=\"themify_builder_content themify_builder_content-87137 themify_builder themify_builder_front\">\n\t<\/div>\n<!-- \/themify_builder_content -->","protected":false},"excerpt":{"rendered":"<p>Fonte: DCM Por Mauro Donato 22 de mar\u00e7o de 2018 N\u00e3o \u00e9 de hoje, mas nas \u00faltimas semanas as costumeiras ofensas ao padre J\u00falio Lancellotti subiram alguns degraus e ganharam o patamar de amea\u00e7as graves. Ap\u00f3s mais uma a\u00e7\u00e3o truculenta de \u2018higieniza\u00e7\u00e3o\u2019 contra a popula\u00e7\u00e3o em situa\u00e7\u00e3o de rua, padre J\u00falio manifestou sua indigna\u00e7\u00e3o e [&hellip;]<\/p>\n","protected":false},"author":3,"featured_media":87138,"comment_status":"open","ping_status":"open","sticky":false,"template":"","format":"standard","meta":{"ngg_post_thumbnail":0,"footnotes":""},"categories":[3262],"tags":[],"yoast_head":"<!-- This site is optimized with the Yoast SEO plugin v23.5 - https:\/\/yoast.com\/wordpress\/plugins\/seo\/ -->\n<title>DCM - \u201cIsso est\u00e1 sendo articulado h\u00e1 muito tempo\u201d, diz o padre J\u00falio Lancelotti sobre as amea\u00e7as de morte - O Arcanjo no ar<\/title>\n<meta name=\"robots\" content=\"index, follow, max-snippet:-1, max-image-preview:large, max-video-preview:-1\" \/>\n<link rel=\"canonical\" href=\"https:\/\/www.oarcanjo.net\/site\/dcm-isso-esta-sendo-articulado-ha-muito-tempo-diz-o-padre-julio-lancelotti-sobre-as-ameacas-de-morte\/\" \/>\n<meta property=\"og:locale\" content=\"pt_BR\" \/>\n<meta property=\"og:type\" content=\"article\" \/>\n<meta property=\"og:title\" content=\"DCM - \u201cIsso est\u00e1 sendo articulado h\u00e1 muito tempo\u201d, diz o padre J\u00falio Lancelotti sobre as amea\u00e7as de morte - O Arcanjo no ar\" \/>\n<meta property=\"og:description\" content=\"Fonte: DCM Por Mauro Donato 22 de mar\u00e7o de 2018 N\u00e3o \u00e9 de hoje, mas nas \u00faltimas semanas as costumeiras ofensas ao padre J\u00falio Lancellotti subiram alguns degraus e ganharam o patamar de amea\u00e7as graves. Ap\u00f3s mais uma a\u00e7\u00e3o truculenta de \u2018higieniza\u00e7\u00e3o\u2019 contra a popula\u00e7\u00e3o em situa\u00e7\u00e3o de rua, padre J\u00falio manifestou sua indigna\u00e7\u00e3o e [&hellip;]\" \/>\n<meta property=\"og:url\" content=\"https:\/\/www.oarcanjo.net\/site\/dcm-isso-esta-sendo-articulado-ha-muito-tempo-diz-o-padre-julio-lancelotti-sobre-as-ameacas-de-morte\/\" \/>\n<meta property=\"og:site_name\" content=\"O Arcanjo no ar\" \/>\n<meta property=\"article:publisher\" content=\"https:\/\/www.facebook.com\/OArcanjoNoAr\/\" \/>\n<meta property=\"article:published_time\" content=\"2018-03-24T21:17:30+00:00\" \/>\n<meta property=\"article:modified_time\" content=\"2018-03-24T21:18:23+00:00\" \/>\n<meta property=\"og:image\" content=\"https:\/\/www.oarcanjo.net\/site\/wp-content\/uploads\/pe-julio-lancelloti-04.jpg\" \/>\n\t<meta property=\"og:image:width\" content=\"600\" \/>\n\t<meta property=\"og:image:height\" content=\"448\" \/>\n\t<meta property=\"og:image:type\" content=\"image\/jpeg\" \/>\n<meta name=\"author\" content=\"miriam.meyer\" \/>\n<meta name=\"twitter:card\" content=\"summary_large_image\" \/>\n<meta name=\"twitter:label1\" content=\"Escrito por\" \/>\n\t<meta name=\"twitter:data1\" content=\"miriam.meyer\" \/>\n\t<meta name=\"twitter:label2\" content=\"Est. tempo de leitura\" \/>\n\t<meta name=\"twitter:data2\" content=\"5 minutos\" \/>\n<script type=\"application\/ld+json\" class=\"yoast-schema-graph\">{\"@context\":\"https:\/\/schema.org\",\"@graph\":[{\"@type\":\"Article\",\"@id\":\"https:\/\/www.oarcanjo.net\/site\/dcm-isso-esta-sendo-articulado-ha-muito-tempo-diz-o-padre-julio-lancelotti-sobre-as-ameacas-de-morte\/#article\",\"isPartOf\":{\"@id\":\"https:\/\/www.oarcanjo.net\/site\/dcm-isso-esta-sendo-articulado-ha-muito-tempo-diz-o-padre-julio-lancelotti-sobre-as-ameacas-de-morte\/\"},\"author\":{\"name\":\"miriam.meyer\",\"@id\":\"https:\/\/www.oarcanjo.net\/site\/#\/schema\/person\/ce0fba3450314a09c6442cfee983a3d8\"},\"headline\":\"DCM &#8211; \u201cIsso est\u00e1 sendo articulado h\u00e1 muito tempo\u201d, diz o padre J\u00falio Lancelotti sobre as amea\u00e7as de morte\",\"datePublished\":\"2018-03-24T21:17:30+00:00\",\"dateModified\":\"2018-03-24T21:18:23+00:00\",\"mainEntityOfPage\":{\"@id\":\"https:\/\/www.oarcanjo.net\/site\/dcm-isso-esta-sendo-articulado-ha-muito-tempo-diz-o-padre-julio-lancelotti-sobre-as-ameacas-de-morte\/\"},\"wordCount\":939,\"commentCount\":0,\"publisher\":{\"@id\":\"https:\/\/www.oarcanjo.net\/site\/#organization\"},\"image\":{\"@id\":\"https:\/\/www.oarcanjo.net\/site\/dcm-isso-esta-sendo-articulado-ha-muito-tempo-diz-o-padre-julio-lancelotti-sobre-as-ameacas-de-morte\/#primaryimage\"},\"thumbnailUrl\":\"https:\/\/www.oarcanjo.net\/site\/wp-content\/uploads\/pe-julio-lancelloti-04.jpg\",\"articleSection\":[\"Not\u00edcias Pe. Julio\"],\"inLanguage\":\"pt-BR\",\"potentialAction\":[{\"@type\":\"CommentAction\",\"name\":\"Comment\",\"target\":[\"https:\/\/www.oarcanjo.net\/site\/dcm-isso-esta-sendo-articulado-ha-muito-tempo-diz-o-padre-julio-lancelotti-sobre-as-ameacas-de-morte\/#respond\"]}]},{\"@type\":\"WebPage\",\"@id\":\"https:\/\/www.oarcanjo.net\/site\/dcm-isso-esta-sendo-articulado-ha-muito-tempo-diz-o-padre-julio-lancelotti-sobre-as-ameacas-de-morte\/\",\"url\":\"https:\/\/www.oarcanjo.net\/site\/dcm-isso-esta-sendo-articulado-ha-muito-tempo-diz-o-padre-julio-lancelotti-sobre-as-ameacas-de-morte\/\",\"name\":\"DCM - \u201cIsso est\u00e1 sendo articulado h\u00e1 muito tempo\u201d, diz o padre J\u00falio Lancelotti sobre as amea\u00e7as de morte - O Arcanjo no ar\",\"isPartOf\":{\"@id\":\"https:\/\/www.oarcanjo.net\/site\/#website\"},\"primaryImageOfPage\":{\"@id\":\"https:\/\/www.oarcanjo.net\/site\/dcm-isso-esta-sendo-articulado-ha-muito-tempo-diz-o-padre-julio-lancelotti-sobre-as-ameacas-de-morte\/#primaryimage\"},\"image\":{\"@id\":\"https:\/\/www.oarcanjo.net\/site\/dcm-isso-esta-sendo-articulado-ha-muito-tempo-diz-o-padre-julio-lancelotti-sobre-as-ameacas-de-morte\/#primaryimage\"},\"thumbnailUrl\":\"https:\/\/www.oarcanjo.net\/site\/wp-content\/uploads\/pe-julio-lancelloti-04.jpg\",\"datePublished\":\"2018-03-24T21:17:30+00:00\",\"dateModified\":\"2018-03-24T21:18:23+00:00\",\"breadcrumb\":{\"@id\":\"https:\/\/www.oarcanjo.net\/site\/dcm-isso-esta-sendo-articulado-ha-muito-tempo-diz-o-padre-julio-lancelotti-sobre-as-ameacas-de-morte\/#breadcrumb\"},\"inLanguage\":\"pt-BR\",\"potentialAction\":[{\"@type\":\"ReadAction\",\"target\":[\"https:\/\/www.oarcanjo.net\/site\/dcm-isso-esta-sendo-articulado-ha-muito-tempo-diz-o-padre-julio-lancelotti-sobre-as-ameacas-de-morte\/\"]}]},{\"@type\":\"ImageObject\",\"inLanguage\":\"pt-BR\",\"@id\":\"https:\/\/www.oarcanjo.net\/site\/dcm-isso-esta-sendo-articulado-ha-muito-tempo-diz-o-padre-julio-lancelotti-sobre-as-ameacas-de-morte\/#primaryimage\",\"url\":\"https:\/\/www.oarcanjo.net\/site\/wp-content\/uploads\/pe-julio-lancelloti-04.jpg\",\"contentUrl\":\"https:\/\/www.oarcanjo.net\/site\/wp-content\/uploads\/pe-julio-lancelloti-04.jpg\",\"width\":600,\"height\":448,\"caption\":\"Padre J\u00falio Lancelotti\"},{\"@type\":\"BreadcrumbList\",\"@id\":\"https:\/\/www.oarcanjo.net\/site\/dcm-isso-esta-sendo-articulado-ha-muito-tempo-diz-o-padre-julio-lancelotti-sobre-as-ameacas-de-morte\/#breadcrumb\",\"itemListElement\":[{\"@type\":\"ListItem\",\"position\":1,\"name\":\"In\u00edcio\",\"item\":\"https:\/\/www.oarcanjo.net\/site\/\"},{\"@type\":\"ListItem\",\"position\":2,\"name\":\"DCM &#8211; \u201cIsso est\u00e1 sendo articulado h\u00e1 muito tempo\u201d, diz o padre J\u00falio Lancelotti sobre as amea\u00e7as de morte\"}]},{\"@type\":\"WebSite\",\"@id\":\"https:\/\/www.oarcanjo.net\/site\/#website\",\"url\":\"https:\/\/www.oarcanjo.net\/site\/\",\"name\":\"O Arcanjo no ar\",\"description\":\"Site da Par\u00f3quia S\u00e3o Miguel Arcanjo (Arquidiocese de SP)\",\"publisher\":{\"@id\":\"https:\/\/www.oarcanjo.net\/site\/#organization\"},\"potentialAction\":[{\"@type\":\"SearchAction\",\"target\":{\"@type\":\"EntryPoint\",\"urlTemplate\":\"https:\/\/www.oarcanjo.net\/site\/?s={search_term_string}\"},\"query-input\":{\"@type\":\"PropertyValueSpecification\",\"valueRequired\":true,\"valueName\":\"search_term_string\"}}],\"inLanguage\":\"pt-BR\"},{\"@type\":\"Organization\",\"@id\":\"https:\/\/www.oarcanjo.net\/site\/#organization\",\"name\":\"Par\u00f3quia S\u00e3o Miguel Arcanjo\",\"url\":\"https:\/\/www.oarcanjo.net\/site\/\",\"logo\":{\"@type\":\"ImageObject\",\"inLanguage\":\"pt-BR\",\"@id\":\"https:\/\/www.oarcanjo.net\/site\/#\/schema\/logo\/image\/\",\"url\":\"https:\/\/www.oarcanjo.net\/site\/wp-content\/uploads\/LogoOArcanjo.png\",\"contentUrl\":\"https:\/\/www.oarcanjo.net\/site\/wp-content\/uploads\/LogoOArcanjo.png\",\"width\":319,\"height\":99,\"caption\":\"Par\u00f3quia S\u00e3o Miguel Arcanjo\"},\"image\":{\"@id\":\"https:\/\/www.oarcanjo.net\/site\/#\/schema\/logo\/image\/\"},\"sameAs\":[\"https:\/\/www.facebook.com\/OArcanjoNoAr\/\"]},{\"@type\":\"Person\",\"@id\":\"https:\/\/www.oarcanjo.net\/site\/#\/schema\/person\/ce0fba3450314a09c6442cfee983a3d8\",\"name\":\"miriam.meyer\"}]}<\/script>\n<!-- \/ Yoast SEO plugin. -->","yoast_head_json":{"title":"DCM - \u201cIsso est\u00e1 sendo articulado h\u00e1 muito tempo\u201d, diz o padre J\u00falio Lancelotti sobre as amea\u00e7as de morte - O Arcanjo no ar","robots":{"index":"index","follow":"follow","max-snippet":"max-snippet:-1","max-image-preview":"max-image-preview:large","max-video-preview":"max-video-preview:-1"},"canonical":"https:\/\/www.oarcanjo.net\/site\/dcm-isso-esta-sendo-articulado-ha-muito-tempo-diz-o-padre-julio-lancelotti-sobre-as-ameacas-de-morte\/","og_locale":"pt_BR","og_type":"article","og_title":"DCM - \u201cIsso est\u00e1 sendo articulado h\u00e1 muito tempo\u201d, diz o padre J\u00falio Lancelotti sobre as amea\u00e7as de morte - O Arcanjo no ar","og_description":"Fonte: DCM Por Mauro Donato 22 de mar\u00e7o de 2018 N\u00e3o \u00e9 de hoje, mas nas \u00faltimas semanas as costumeiras ofensas ao padre J\u00falio Lancellotti subiram alguns degraus e ganharam o patamar de amea\u00e7as graves. Ap\u00f3s mais uma a\u00e7\u00e3o truculenta de \u2018higieniza\u00e7\u00e3o\u2019 contra a popula\u00e7\u00e3o em situa\u00e7\u00e3o de rua, padre J\u00falio manifestou sua indigna\u00e7\u00e3o e [&hellip;]","og_url":"https:\/\/www.oarcanjo.net\/site\/dcm-isso-esta-sendo-articulado-ha-muito-tempo-diz-o-padre-julio-lancelotti-sobre-as-ameacas-de-morte\/","og_site_name":"O Arcanjo no ar","article_publisher":"https:\/\/www.facebook.com\/OArcanjoNoAr\/","article_published_time":"2018-03-24T21:17:30+00:00","article_modified_time":"2018-03-24T21:18:23+00:00","og_image":[{"width":600,"height":448,"url":"https:\/\/www.oarcanjo.net\/site\/wp-content\/uploads\/pe-julio-lancelloti-04.jpg","type":"image\/jpeg"}],"author":"miriam.meyer","twitter_card":"summary_large_image","twitter_misc":{"Escrito por":"miriam.meyer","Est. tempo de leitura":"5 minutos"},"schema":{"@context":"https:\/\/schema.org","@graph":[{"@type":"Article","@id":"https:\/\/www.oarcanjo.net\/site\/dcm-isso-esta-sendo-articulado-ha-muito-tempo-diz-o-padre-julio-lancelotti-sobre-as-ameacas-de-morte\/#article","isPartOf":{"@id":"https:\/\/www.oarcanjo.net\/site\/dcm-isso-esta-sendo-articulado-ha-muito-tempo-diz-o-padre-julio-lancelotti-sobre-as-ameacas-de-morte\/"},"author":{"name":"miriam.meyer","@id":"https:\/\/www.oarcanjo.net\/site\/#\/schema\/person\/ce0fba3450314a09c6442cfee983a3d8"},"headline":"DCM &#8211; \u201cIsso est\u00e1 sendo articulado h\u00e1 muito tempo\u201d, diz o padre J\u00falio Lancelotti sobre as amea\u00e7as de morte","datePublished":"2018-03-24T21:17:30+00:00","dateModified":"2018-03-24T21:18:23+00:00","mainEntityOfPage":{"@id":"https:\/\/www.oarcanjo.net\/site\/dcm-isso-esta-sendo-articulado-ha-muito-tempo-diz-o-padre-julio-lancelotti-sobre-as-ameacas-de-morte\/"},"wordCount":939,"commentCount":0,"publisher":{"@id":"https:\/\/www.oarcanjo.net\/site\/#organization"},"image":{"@id":"https:\/\/www.oarcanjo.net\/site\/dcm-isso-esta-sendo-articulado-ha-muito-tempo-diz-o-padre-julio-lancelotti-sobre-as-ameacas-de-morte\/#primaryimage"},"thumbnailUrl":"https:\/\/www.oarcanjo.net\/site\/wp-content\/uploads\/pe-julio-lancelloti-04.jpg","articleSection":["Not\u00edcias Pe. Julio"],"inLanguage":"pt-BR","potentialAction":[{"@type":"CommentAction","name":"Comment","target":["https:\/\/www.oarcanjo.net\/site\/dcm-isso-esta-sendo-articulado-ha-muito-tempo-diz-o-padre-julio-lancelotti-sobre-as-ameacas-de-morte\/#respond"]}]},{"@type":"WebPage","@id":"https:\/\/www.oarcanjo.net\/site\/dcm-isso-esta-sendo-articulado-ha-muito-tempo-diz-o-padre-julio-lancelotti-sobre-as-ameacas-de-morte\/","url":"https:\/\/www.oarcanjo.net\/site\/dcm-isso-esta-sendo-articulado-ha-muito-tempo-diz-o-padre-julio-lancelotti-sobre-as-ameacas-de-morte\/","name":"DCM - \u201cIsso est\u00e1 sendo articulado h\u00e1 muito tempo\u201d, diz o padre J\u00falio Lancelotti sobre as amea\u00e7as de morte - O Arcanjo no ar","isPartOf":{"@id":"https:\/\/www.oarcanjo.net\/site\/#website"},"primaryImageOfPage":{"@id":"https:\/\/www.oarcanjo.net\/site\/dcm-isso-esta-sendo-articulado-ha-muito-tempo-diz-o-padre-julio-lancelotti-sobre-as-ameacas-de-morte\/#primaryimage"},"image":{"@id":"https:\/\/www.oarcanjo.net\/site\/dcm-isso-esta-sendo-articulado-ha-muito-tempo-diz-o-padre-julio-lancelotti-sobre-as-ameacas-de-morte\/#primaryimage"},"thumbnailUrl":"https:\/\/www.oarcanjo.net\/site\/wp-content\/uploads\/pe-julio-lancelloti-04.jpg","datePublished":"2018-03-24T21:17:30+00:00","dateModified":"2018-03-24T21:18:23+00:00","breadcrumb":{"@id":"https:\/\/www.oarcanjo.net\/site\/dcm-isso-esta-sendo-articulado-ha-muito-tempo-diz-o-padre-julio-lancelotti-sobre-as-ameacas-de-morte\/#breadcrumb"},"inLanguage":"pt-BR","potentialAction":[{"@type":"ReadAction","target":["https:\/\/www.oarcanjo.net\/site\/dcm-isso-esta-sendo-articulado-ha-muito-tempo-diz-o-padre-julio-lancelotti-sobre-as-ameacas-de-morte\/"]}]},{"@type":"ImageObject","inLanguage":"pt-BR","@id":"https:\/\/www.oarcanjo.net\/site\/dcm-isso-esta-sendo-articulado-ha-muito-tempo-diz-o-padre-julio-lancelotti-sobre-as-ameacas-de-morte\/#primaryimage","url":"https:\/\/www.oarcanjo.net\/site\/wp-content\/uploads\/pe-julio-lancelloti-04.jpg","contentUrl":"https:\/\/www.oarcanjo.net\/site\/wp-content\/uploads\/pe-julio-lancelloti-04.jpg","width":600,"height":448,"caption":"Padre J\u00falio Lancelotti"},{"@type":"BreadcrumbList","@id":"https:\/\/www.oarcanjo.net\/site\/dcm-isso-esta-sendo-articulado-ha-muito-tempo-diz-o-padre-julio-lancelotti-sobre-as-ameacas-de-morte\/#breadcrumb","itemListElement":[{"@type":"ListItem","position":1,"name":"In\u00edcio","item":"https:\/\/www.oarcanjo.net\/site\/"},{"@type":"ListItem","position":2,"name":"DCM &#8211; \u201cIsso est\u00e1 sendo articulado h\u00e1 muito tempo\u201d, diz o padre J\u00falio Lancelotti sobre as amea\u00e7as de morte"}]},{"@type":"WebSite","@id":"https:\/\/www.oarcanjo.net\/site\/#website","url":"https:\/\/www.oarcanjo.net\/site\/","name":"O Arcanjo no ar","description":"Site da Par\u00f3quia S\u00e3o Miguel Arcanjo (Arquidiocese de SP)","publisher":{"@id":"https:\/\/www.oarcanjo.net\/site\/#organization"},"potentialAction":[{"@type":"SearchAction","target":{"@type":"EntryPoint","urlTemplate":"https:\/\/www.oarcanjo.net\/site\/?s={search_term_string}"},"query-input":{"@type":"PropertyValueSpecification","valueRequired":true,"valueName":"search_term_string"}}],"inLanguage":"pt-BR"},{"@type":"Organization","@id":"https:\/\/www.oarcanjo.net\/site\/#organization","name":"Par\u00f3quia S\u00e3o Miguel Arcanjo","url":"https:\/\/www.oarcanjo.net\/site\/","logo":{"@type":"ImageObject","inLanguage":"pt-BR","@id":"https:\/\/www.oarcanjo.net\/site\/#\/schema\/logo\/image\/","url":"https:\/\/www.oarcanjo.net\/site\/wp-content\/uploads\/LogoOArcanjo.png","contentUrl":"https:\/\/www.oarcanjo.net\/site\/wp-content\/uploads\/LogoOArcanjo.png","width":319,"height":99,"caption":"Par\u00f3quia S\u00e3o Miguel Arcanjo"},"image":{"@id":"https:\/\/www.oarcanjo.net\/site\/#\/schema\/logo\/image\/"},"sameAs":["https:\/\/www.facebook.com\/OArcanjoNoAr\/"]},{"@type":"Person","@id":"https:\/\/www.oarcanjo.net\/site\/#\/schema\/person\/ce0fba3450314a09c6442cfee983a3d8","name":"miriam.meyer"}]}},"publishpress_future_action":{"enabled":false,"date":"2026-05-08 14:00:59","action":"category","newStatus":"draft","terms":[],"taxonomy":"category"},"publishpress_future_workflow_manual_trigger":{"enabledWorkflows":[]},"_links":{"self":[{"href":"https:\/\/www.oarcanjo.net\/site\/wp-json\/wp\/v2\/posts\/87137"}],"collection":[{"href":"https:\/\/www.oarcanjo.net\/site\/wp-json\/wp\/v2\/posts"}],"about":[{"href":"https:\/\/www.oarcanjo.net\/site\/wp-json\/wp\/v2\/types\/post"}],"author":[{"embeddable":true,"href":"https:\/\/www.oarcanjo.net\/site\/wp-json\/wp\/v2\/users\/3"}],"replies":[{"embeddable":true,"href":"https:\/\/www.oarcanjo.net\/site\/wp-json\/wp\/v2\/comments?post=87137"}],"version-history":[{"count":0,"href":"https:\/\/www.oarcanjo.net\/site\/wp-json\/wp\/v2\/posts\/87137\/revisions"}],"wp:featuredmedia":[{"embeddable":true,"href":"https:\/\/www.oarcanjo.net\/site\/wp-json\/wp\/v2\/media\/87138"}],"wp:attachment":[{"href":"https:\/\/www.oarcanjo.net\/site\/wp-json\/wp\/v2\/media?parent=87137"}],"wp:term":[{"taxonomy":"category","embeddable":true,"href":"https:\/\/www.oarcanjo.net\/site\/wp-json\/wp\/v2\/categories?post=87137"},{"taxonomy":"post_tag","embeddable":true,"href":"https:\/\/www.oarcanjo.net\/site\/wp-json\/wp\/v2\/tags?post=87137"}],"curies":[{"name":"wp","href":"https:\/\/api.w.org\/{rel}","templated":true}]}}