
{"id":8722,"date":"2019-04-08T00:46:54","date_gmt":"2019-04-08T03:46:54","guid":{"rendered":"http:\/\/www.oarcanjo.net\/site\/?p=8722"},"modified":"2019-02-20T08:00:46","modified_gmt":"2019-02-20T11:00:46","slug":"santa-julia-billiart","status":"publish","type":"post","link":"https:\/\/www.oarcanjo.net\/site\/santa-julia-billiart\/","title":{"rendered":"Santa J\u00falia Billiart"},"content":{"rendered":"<p><img loading=\"lazy\" decoding=\"async\" class=\"alignnone size-full wp-image-70989\" src=\"http:\/\/www.oarcanjo.net\/site\/wp-content\/uploads\/Santa-Julia-Billiart.jpg\" alt=\"S\u00e3o Jo\u00e3o Batista de La Salle\" width=\"300\" height=\"393\" srcset=\"https:\/\/www.oarcanjo.net\/site\/wp-content\/uploads\/Santa-Julia-Billiart.jpg 300w, https:\/\/www.oarcanjo.net\/site\/wp-content\/uploads\/Santa-Julia-Billiart-229x300.jpg 229w\" sizes=\"(max-width: 300px) 100vw, 300px\" \/><\/p>\n<p>8 de Abril<\/p>\n<p>Fundou a Congrega\u00e7\u00e3o das Irm\u00e3s de Nossa Senhora de Namur<\/p>\n<p>Na cidade de Cuvilly, Fran\u00e7a, em 12 de julho de 1751, nasceu Maria Rosa J\u00falia Billiart, filha de Francisco e Maria Antonieta, pobres e muito religiosos, que a batizaram no mesmo dia. J\u00falia fez a primeira comunh\u00e3o aos sete anos. Desde ent\u00e3o, Jesus foi o \u00fanico alimento para sua vida. Aprendeu apenas a ler e a escrever, porque ajudava a sustentar a fam\u00edlia.<\/p>\n<p>Aos treze anos, J\u00falia sofreu s\u00e9rios problemas e, subnutrida, ficou, lentamente, parapl\u00e9gica, por vinte e dois anos. Durante esse tempo aprendeu os mist\u00e9rios da vida m\u00edstica, do calv\u00e1rio, da gl\u00f3ria e da luz. Sempre engajada na catequese da par\u00f3quia, preocupava-se com a educa\u00e7\u00e3o dos pobres. Cultivava amizades na fam\u00edlia, com os religiosos, com as carmelitas, com as damas da nobreza que lhe conseguiam os donativos.<\/p>\n<p>Nesta \u00e9poca, decidiu ingressar na vida religiosa, com uma meta estabelecida: fundar uma congrega\u00e7\u00e3o destinada a educar os pobres e a formar bons educadores. Mesmo n\u00e3o sendo letrada, possu\u00eda uma pedagogia nata, aprendida na escola dos vinte e dois anos de paralisia, nos contatos com as autoridades civis e eclesi\u00e1sticas e com os terrores da destrui\u00e7\u00e3o da Revolu\u00e7\u00e3o Francesa e de Napole\u00e3o Bonaparte. Assim, ainda paral\u00edtica, em 1804 fundou a Congrega\u00e7\u00e3o das Irm\u00e3s de Nossa Senhora.<\/p>\n<p>J\u00falia foi incapaz de amarrar sua institui\u00e7\u00e3o aos limites das exig\u00eancias das funda\u00e7\u00f5es de seu tempo. Sua devo\u00e7\u00e3o ao Sagrado Cora\u00e7\u00e3o de Jesus a curou. Depois de trinta anos, voltou a caminhar. A M\u00e3e de Deus era sua grande refer\u00eancia e modelo, e a eucaristia era o centro de sua vida de f\u00e9 inabal\u00e1vel. Mas viver com ela n\u00e3o era f\u00e1cil. Era um desafio constante, devido \u00e0 firmeza de metas foi considerada teimosa e temperamental. Principalmente por n\u00e3o aceitar que a congrega\u00e7\u00e3o fosse s\u00f3 diocesana, ou seja, sem superiora geral. Custou muito para que tivesse Tal direito, mas, por fim, foi eleita superiora geral.<\/p>\n<p>J\u00falia abriu, em Amiens, a primeira escola gratuita e depois n\u00e3o parou mais. Viajava pela Fran\u00e7a e pela B\u00e9lgica fundando pensionatos e escolas, pois naqueles tempos de mis\u00e9ria a necessidade era muito grande. N\u00e3o aceitava qualquer donativo que pudesse tirar a independ\u00eancia da congrega\u00e7\u00e3o. Para ter recursos, criava pensionatos e, ao lado deles, a escola para pobres. Perseguida e injusti\u00e7ada pelo bispo de Amiens, foi por ele afastada da congrega\u00e7\u00e3o. Todas as irm\u00e3s decidiram seguir com ela para a cidade de Namur, na B\u00e9lgica, onde se fixaram definitivamente.<\/p>\n<p>J\u00falia, incans\u00e1vel, continuou criando pensionatos, fundando escolas, formando crian\u00e7as e educadores, ficando conhecidas como as &#8220;Irm\u00e3s da Nossa Senhora de Namur&#8221;. Ali a fundadora consolidou a diretriz pedag\u00f3gica da congrega\u00e7\u00e3o: a educa\u00e7\u00e3o como o caminho da plenitude da vida. Morreu em paz no dia 8 de abril de 1816 na cidade de Namur.<\/p>\n<p>&#8220;Por meio do seu batismo, de sua consagra\u00e7\u00e3o religiosa e por sua vida inteira de f\u00e9 em Deus, que \u00e9 bom, J\u00falia foi colocada na trilha da op\u00e7\u00e3o divina pelos pobres.&#8221; Foram as palavras do papa Paulo VI para declarar santa, em 1969, Maria Rosa J\u00falia Billiart, que no dia 8 de abril deve receber as homenagens lit\u00fargicas.<\/p>\n<div id=\"themify_builder_content-8722\" data-postid=\"8722\" class=\"themify_builder_content themify_builder_content-8722 themify_builder themify_builder_front\">\n\t<\/div>\n<!-- \/themify_builder_content -->","protected":false},"excerpt":{"rendered":"<p>8 de Abril Fundou a Congrega\u00e7\u00e3o das Irm\u00e3s de Nossa Senhora de Namur Na cidade de Cuvilly, Fran\u00e7a, em 12 de julho de 1751, nasceu Maria Rosa J\u00falia Billiart, filha de Francisco e Maria Antonieta, pobres e muito religiosos, que a batizaram no mesmo dia. J\u00falia fez a primeira comunh\u00e3o aos sete anos. Desde ent\u00e3o, [&hellip;]<\/p>\n","protected":false},"author":14,"featured_media":0,"comment_status":"open","ping_status":"open","sticky":false,"template":"","format":"standard","meta":{"ngg_post_thumbnail":0,"footnotes":""},"categories":[186],"tags":[],"yoast_head":"<!-- This site is optimized with the Yoast SEO plugin v23.5 - https:\/\/yoast.com\/wordpress\/plugins\/seo\/ -->\n<title>Santa J\u00falia Billiart - O Arcanjo no ar<\/title>\n<meta name=\"robots\" content=\"index, follow, max-snippet:-1, max-image-preview:large, max-video-preview:-1\" \/>\n<link rel=\"canonical\" href=\"https:\/\/www.oarcanjo.net\/site\/santa-julia-billiart\/\" \/>\n<meta property=\"og:locale\" content=\"pt_BR\" \/>\n<meta property=\"og:type\" content=\"article\" \/>\n<meta property=\"og:title\" content=\"Santa J\u00falia Billiart - O Arcanjo no ar\" \/>\n<meta property=\"og:description\" content=\"8 de Abril Fundou a Congrega\u00e7\u00e3o das Irm\u00e3s de Nossa Senhora de Namur Na cidade de Cuvilly, Fran\u00e7a, em 12 de julho de 1751, nasceu Maria Rosa J\u00falia Billiart, filha de Francisco e Maria Antonieta, pobres e muito religiosos, que a batizaram no mesmo dia. J\u00falia fez a primeira comunh\u00e3o aos sete anos. Desde ent\u00e3o, [&hellip;]\" \/>\n<meta property=\"og:url\" content=\"https:\/\/www.oarcanjo.net\/site\/santa-julia-billiart\/\" \/>\n<meta property=\"og:site_name\" content=\"O Arcanjo no ar\" \/>\n<meta property=\"article:publisher\" content=\"https:\/\/www.facebook.com\/OArcanjoNoAr\/\" \/>\n<meta property=\"article:published_time\" content=\"2019-04-08T03:46:54+00:00\" \/>\n<meta property=\"article:modified_time\" content=\"2019-02-20T11:00:46+00:00\" \/>\n<meta property=\"og:image\" content=\"http:\/\/www.oarcanjo.net\/site\/wp-content\/uploads\/Santa-Julia-Billiart.jpg\" \/>\n<meta name=\"author\" content=\"danilo\" \/>\n<meta name=\"twitter:card\" content=\"summary_large_image\" \/>\n<meta name=\"twitter:label1\" content=\"Escrito por\" \/>\n\t<meta name=\"twitter:data1\" content=\"danilo\" \/>\n\t<meta name=\"twitter:label2\" content=\"Est. tempo de leitura\" \/>\n\t<meta name=\"twitter:data2\" content=\"3 minutos\" \/>\n<script type=\"application\/ld+json\" class=\"yoast-schema-graph\">{\"@context\":\"https:\/\/schema.org\",\"@graph\":[{\"@type\":\"Article\",\"@id\":\"https:\/\/www.oarcanjo.net\/site\/santa-julia-billiart\/#article\",\"isPartOf\":{\"@id\":\"https:\/\/www.oarcanjo.net\/site\/santa-julia-billiart\/\"},\"author\":{\"name\":\"danilo\",\"@id\":\"https:\/\/www.oarcanjo.net\/site\/#\/schema\/person\/5eb9480bedd2f3c97e430ce128c29c6c\"},\"headline\":\"Santa J\u00falia Billiart\",\"datePublished\":\"2019-04-08T03:46:54+00:00\",\"dateModified\":\"2019-02-20T11:00:46+00:00\",\"mainEntityOfPage\":{\"@id\":\"https:\/\/www.oarcanjo.net\/site\/santa-julia-billiart\/\"},\"wordCount\":579,\"commentCount\":0,\"publisher\":{\"@id\":\"https:\/\/www.oarcanjo.net\/site\/#organization\"},\"image\":{\"@id\":\"https:\/\/www.oarcanjo.net\/site\/santa-julia-billiart\/#primaryimage\"},\"thumbnailUrl\":\"http:\/\/www.oarcanjo.net\/site\/wp-content\/uploads\/Santa-Julia-Billiart.jpg\",\"articleSection\":[\"Testemunhos\"],\"inLanguage\":\"pt-BR\",\"potentialAction\":[{\"@type\":\"CommentAction\",\"name\":\"Comment\",\"target\":[\"https:\/\/www.oarcanjo.net\/site\/santa-julia-billiart\/#respond\"]}]},{\"@type\":\"WebPage\",\"@id\":\"https:\/\/www.oarcanjo.net\/site\/santa-julia-billiart\/\",\"url\":\"https:\/\/www.oarcanjo.net\/site\/santa-julia-billiart\/\",\"name\":\"Santa J\u00falia Billiart - O Arcanjo no ar\",\"isPartOf\":{\"@id\":\"https:\/\/www.oarcanjo.net\/site\/#website\"},\"primaryImageOfPage\":{\"@id\":\"https:\/\/www.oarcanjo.net\/site\/santa-julia-billiart\/#primaryimage\"},\"image\":{\"@id\":\"https:\/\/www.oarcanjo.net\/site\/santa-julia-billiart\/#primaryimage\"},\"thumbnailUrl\":\"http:\/\/www.oarcanjo.net\/site\/wp-content\/uploads\/Santa-Julia-Billiart.jpg\",\"datePublished\":\"2019-04-08T03:46:54+00:00\",\"dateModified\":\"2019-02-20T11:00:46+00:00\",\"breadcrumb\":{\"@id\":\"https:\/\/www.oarcanjo.net\/site\/santa-julia-billiart\/#breadcrumb\"},\"inLanguage\":\"pt-BR\",\"potentialAction\":[{\"@type\":\"ReadAction\",\"target\":[\"https:\/\/www.oarcanjo.net\/site\/santa-julia-billiart\/\"]}]},{\"@type\":\"ImageObject\",\"inLanguage\":\"pt-BR\",\"@id\":\"https:\/\/www.oarcanjo.net\/site\/santa-julia-billiart\/#primaryimage\",\"url\":\"https:\/\/www.oarcanjo.net\/site\/wp-content\/uploads\/Santa-Julia-Billiart.jpg\",\"contentUrl\":\"https:\/\/www.oarcanjo.net\/site\/wp-content\/uploads\/Santa-Julia-Billiart.jpg\",\"width\":300,\"height\":393,\"caption\":\"S\u00e3o Jo\u00e3o Batista de La Salle\"},{\"@type\":\"BreadcrumbList\",\"@id\":\"https:\/\/www.oarcanjo.net\/site\/santa-julia-billiart\/#breadcrumb\",\"itemListElement\":[{\"@type\":\"ListItem\",\"position\":1,\"name\":\"In\u00edcio\",\"item\":\"https:\/\/www.oarcanjo.net\/site\/\"},{\"@type\":\"ListItem\",\"position\":2,\"name\":\"Santa J\u00falia Billiart\"}]},{\"@type\":\"WebSite\",\"@id\":\"https:\/\/www.oarcanjo.net\/site\/#website\",\"url\":\"https:\/\/www.oarcanjo.net\/site\/\",\"name\":\"O Arcanjo no ar\",\"description\":\"Site da Par\u00f3quia S\u00e3o Miguel Arcanjo (Arquidiocese de SP)\",\"publisher\":{\"@id\":\"https:\/\/www.oarcanjo.net\/site\/#organization\"},\"potentialAction\":[{\"@type\":\"SearchAction\",\"target\":{\"@type\":\"EntryPoint\",\"urlTemplate\":\"https:\/\/www.oarcanjo.net\/site\/?s={search_term_string}\"},\"query-input\":{\"@type\":\"PropertyValueSpecification\",\"valueRequired\":true,\"valueName\":\"search_term_string\"}}],\"inLanguage\":\"pt-BR\"},{\"@type\":\"Organization\",\"@id\":\"https:\/\/www.oarcanjo.net\/site\/#organization\",\"name\":\"Par\u00f3quia S\u00e3o Miguel Arcanjo\",\"url\":\"https:\/\/www.oarcanjo.net\/site\/\",\"logo\":{\"@type\":\"ImageObject\",\"inLanguage\":\"pt-BR\",\"@id\":\"https:\/\/www.oarcanjo.net\/site\/#\/schema\/logo\/image\/\",\"url\":\"https:\/\/www.oarcanjo.net\/site\/wp-content\/uploads\/LogoOArcanjo.png\",\"contentUrl\":\"https:\/\/www.oarcanjo.net\/site\/wp-content\/uploads\/LogoOArcanjo.png\",\"width\":319,\"height\":99,\"caption\":\"Par\u00f3quia S\u00e3o Miguel Arcanjo\"},\"image\":{\"@id\":\"https:\/\/www.oarcanjo.net\/site\/#\/schema\/logo\/image\/\"},\"sameAs\":[\"https:\/\/www.facebook.com\/OArcanjoNoAr\/\"]},{\"@type\":\"Person\",\"@id\":\"https:\/\/www.oarcanjo.net\/site\/#\/schema\/person\/5eb9480bedd2f3c97e430ce128c29c6c\",\"name\":\"danilo\"}]}<\/script>\n<!-- \/ Yoast SEO plugin. -->","yoast_head_json":{"title":"Santa J\u00falia Billiart - O Arcanjo no ar","robots":{"index":"index","follow":"follow","max-snippet":"max-snippet:-1","max-image-preview":"max-image-preview:large","max-video-preview":"max-video-preview:-1"},"canonical":"https:\/\/www.oarcanjo.net\/site\/santa-julia-billiart\/","og_locale":"pt_BR","og_type":"article","og_title":"Santa J\u00falia Billiart - O Arcanjo no ar","og_description":"8 de Abril Fundou a Congrega\u00e7\u00e3o das Irm\u00e3s de Nossa Senhora de Namur Na cidade de Cuvilly, Fran\u00e7a, em 12 de julho de 1751, nasceu Maria Rosa J\u00falia Billiart, filha de Francisco e Maria Antonieta, pobres e muito religiosos, que a batizaram no mesmo dia. J\u00falia fez a primeira comunh\u00e3o aos sete anos. Desde ent\u00e3o, [&hellip;]","og_url":"https:\/\/www.oarcanjo.net\/site\/santa-julia-billiart\/","og_site_name":"O Arcanjo no ar","article_publisher":"https:\/\/www.facebook.com\/OArcanjoNoAr\/","article_published_time":"2019-04-08T03:46:54+00:00","article_modified_time":"2019-02-20T11:00:46+00:00","og_image":[{"url":"http:\/\/www.oarcanjo.net\/site\/wp-content\/uploads\/Santa-Julia-Billiart.jpg"}],"author":"danilo","twitter_card":"summary_large_image","twitter_misc":{"Escrito por":"danilo","Est. tempo de leitura":"3 minutos"},"schema":{"@context":"https:\/\/schema.org","@graph":[{"@type":"Article","@id":"https:\/\/www.oarcanjo.net\/site\/santa-julia-billiart\/#article","isPartOf":{"@id":"https:\/\/www.oarcanjo.net\/site\/santa-julia-billiart\/"},"author":{"name":"danilo","@id":"https:\/\/www.oarcanjo.net\/site\/#\/schema\/person\/5eb9480bedd2f3c97e430ce128c29c6c"},"headline":"Santa J\u00falia Billiart","datePublished":"2019-04-08T03:46:54+00:00","dateModified":"2019-02-20T11:00:46+00:00","mainEntityOfPage":{"@id":"https:\/\/www.oarcanjo.net\/site\/santa-julia-billiart\/"},"wordCount":579,"commentCount":0,"publisher":{"@id":"https:\/\/www.oarcanjo.net\/site\/#organization"},"image":{"@id":"https:\/\/www.oarcanjo.net\/site\/santa-julia-billiart\/#primaryimage"},"thumbnailUrl":"http:\/\/www.oarcanjo.net\/site\/wp-content\/uploads\/Santa-Julia-Billiart.jpg","articleSection":["Testemunhos"],"inLanguage":"pt-BR","potentialAction":[{"@type":"CommentAction","name":"Comment","target":["https:\/\/www.oarcanjo.net\/site\/santa-julia-billiart\/#respond"]}]},{"@type":"WebPage","@id":"https:\/\/www.oarcanjo.net\/site\/santa-julia-billiart\/","url":"https:\/\/www.oarcanjo.net\/site\/santa-julia-billiart\/","name":"Santa J\u00falia Billiart - O Arcanjo no ar","isPartOf":{"@id":"https:\/\/www.oarcanjo.net\/site\/#website"},"primaryImageOfPage":{"@id":"https:\/\/www.oarcanjo.net\/site\/santa-julia-billiart\/#primaryimage"},"image":{"@id":"https:\/\/www.oarcanjo.net\/site\/santa-julia-billiart\/#primaryimage"},"thumbnailUrl":"http:\/\/www.oarcanjo.net\/site\/wp-content\/uploads\/Santa-Julia-Billiart.jpg","datePublished":"2019-04-08T03:46:54+00:00","dateModified":"2019-02-20T11:00:46+00:00","breadcrumb":{"@id":"https:\/\/www.oarcanjo.net\/site\/santa-julia-billiart\/#breadcrumb"},"inLanguage":"pt-BR","potentialAction":[{"@type":"ReadAction","target":["https:\/\/www.oarcanjo.net\/site\/santa-julia-billiart\/"]}]},{"@type":"ImageObject","inLanguage":"pt-BR","@id":"https:\/\/www.oarcanjo.net\/site\/santa-julia-billiart\/#primaryimage","url":"https:\/\/www.oarcanjo.net\/site\/wp-content\/uploads\/Santa-Julia-Billiart.jpg","contentUrl":"https:\/\/www.oarcanjo.net\/site\/wp-content\/uploads\/Santa-Julia-Billiart.jpg","width":300,"height":393,"caption":"S\u00e3o Jo\u00e3o Batista de La Salle"},{"@type":"BreadcrumbList","@id":"https:\/\/www.oarcanjo.net\/site\/santa-julia-billiart\/#breadcrumb","itemListElement":[{"@type":"ListItem","position":1,"name":"In\u00edcio","item":"https:\/\/www.oarcanjo.net\/site\/"},{"@type":"ListItem","position":2,"name":"Santa J\u00falia Billiart"}]},{"@type":"WebSite","@id":"https:\/\/www.oarcanjo.net\/site\/#website","url":"https:\/\/www.oarcanjo.net\/site\/","name":"O Arcanjo no ar","description":"Site da Par\u00f3quia S\u00e3o Miguel Arcanjo (Arquidiocese de SP)","publisher":{"@id":"https:\/\/www.oarcanjo.net\/site\/#organization"},"potentialAction":[{"@type":"SearchAction","target":{"@type":"EntryPoint","urlTemplate":"https:\/\/www.oarcanjo.net\/site\/?s={search_term_string}"},"query-input":{"@type":"PropertyValueSpecification","valueRequired":true,"valueName":"search_term_string"}}],"inLanguage":"pt-BR"},{"@type":"Organization","@id":"https:\/\/www.oarcanjo.net\/site\/#organization","name":"Par\u00f3quia S\u00e3o Miguel Arcanjo","url":"https:\/\/www.oarcanjo.net\/site\/","logo":{"@type":"ImageObject","inLanguage":"pt-BR","@id":"https:\/\/www.oarcanjo.net\/site\/#\/schema\/logo\/image\/","url":"https:\/\/www.oarcanjo.net\/site\/wp-content\/uploads\/LogoOArcanjo.png","contentUrl":"https:\/\/www.oarcanjo.net\/site\/wp-content\/uploads\/LogoOArcanjo.png","width":319,"height":99,"caption":"Par\u00f3quia S\u00e3o Miguel Arcanjo"},"image":{"@id":"https:\/\/www.oarcanjo.net\/site\/#\/schema\/logo\/image\/"},"sameAs":["https:\/\/www.facebook.com\/OArcanjoNoAr\/"]},{"@type":"Person","@id":"https:\/\/www.oarcanjo.net\/site\/#\/schema\/person\/5eb9480bedd2f3c97e430ce128c29c6c","name":"danilo"}]}},"publishpress_future_action":{"enabled":false,"date":"2026-05-07 17:59:18","action":"category","newStatus":"draft","terms":[],"taxonomy":"category"},"publishpress_future_workflow_manual_trigger":{"enabledWorkflows":[]},"_links":{"self":[{"href":"https:\/\/www.oarcanjo.net\/site\/wp-json\/wp\/v2\/posts\/8722"}],"collection":[{"href":"https:\/\/www.oarcanjo.net\/site\/wp-json\/wp\/v2\/posts"}],"about":[{"href":"https:\/\/www.oarcanjo.net\/site\/wp-json\/wp\/v2\/types\/post"}],"author":[{"embeddable":true,"href":"https:\/\/www.oarcanjo.net\/site\/wp-json\/wp\/v2\/users\/14"}],"replies":[{"embeddable":true,"href":"https:\/\/www.oarcanjo.net\/site\/wp-json\/wp\/v2\/comments?post=8722"}],"version-history":[{"count":1,"href":"https:\/\/www.oarcanjo.net\/site\/wp-json\/wp\/v2\/posts\/8722\/revisions"}],"predecessor-version":[{"id":92931,"href":"https:\/\/www.oarcanjo.net\/site\/wp-json\/wp\/v2\/posts\/8722\/revisions\/92931"}],"wp:attachment":[{"href":"https:\/\/www.oarcanjo.net\/site\/wp-json\/wp\/v2\/media?parent=8722"}],"wp:term":[{"taxonomy":"category","embeddable":true,"href":"https:\/\/www.oarcanjo.net\/site\/wp-json\/wp\/v2\/categories?post=8722"},{"taxonomy":"post_tag","embeddable":true,"href":"https:\/\/www.oarcanjo.net\/site\/wp-json\/wp\/v2\/tags?post=8722"}],"curies":[{"name":"wp","href":"https:\/\/api.w.org\/{rel}","templated":true}]}}