
{"id":8726,"date":"2019-04-09T00:50:29","date_gmt":"2019-04-09T03:50:29","guid":{"rendered":"http:\/\/www.oarcanjo.net\/site\/?p=8726"},"modified":"2019-02-20T08:00:54","modified_gmt":"2019-02-20T11:00:54","slug":"santa-maria-de-cleofas","status":"publish","type":"post","link":"https:\/\/www.oarcanjo.net\/site\/santa-maria-de-cleofas\/","title":{"rendered":"Santa Maria de Cl\u00e9ofas"},"content":{"rendered":"<p><img loading=\"lazy\" decoding=\"async\" class=\"alignnone size-full wp-image-60345\" src=\"http:\/\/www.oarcanjo.net\/site\/wp-content\/uploads\/Santa-Maria-de-Cleofas.jpg\" alt=\"Santa Maria de Cl\u00e9ofas\" width=\"190\" height=\"249\" \/><\/p>\n<p>9 de Abril<\/p>\n<p>Nos grandiosos eventos da Reden\u00e7\u00e3o, durante o dram\u00e1tico ep\u00edlogo sobre o Calv\u00e1rio, um coro silencioso e doloroso de piedosas mulheres aguarda, n\u00e3o muito distante, que tudo seja consumado: \u201cPerto da cruz de Jesus, permaneciam de p\u00e9 sua m\u00e3e, a irm\u00e3 de sua m\u00e3e, Maria, mulher de Cl\u00e9ofas e Maria Madalena\u201d, diz o evangelista s\u00e3o Jo\u00e3o. Era o grupo daquelas \u201cque o seguiam desde quando estava na Galil\u00e9ia para servi-lo, e muitas outras que tinham vindo de Jerusal\u00e9m juntamente com ele.\u201d Entre as espectadoras estava, portanto, a santa de hoje, cuja presen\u00e7a cont\u00ednua e vigilante ao lado do Salvador mereceu-lhe um lugar especial na devo\u00e7\u00e3o dos crist\u00e3os, mais do que pelo seu parentesco com Nossa Senhora e S\u00e3o Jos\u00e9.<\/p>\n<p>Maria de Cl\u00e9ofas (ou Cl\u00e9opas) \u00e9 considerada a m\u00e3e dos \u201cirm\u00e3os de Jesus\u201d, termo sem\u00edtico para indicar tamb\u00e9m os primos, Tiago Menor, Ap\u00f3stolo e bispo de Jerusal\u00e9m e Jos\u00e9. O historiador palestino Heg\u00e9sipo, diz que Cl\u00e9opas era irm\u00e3o de s\u00e3o Jos\u00e9 e pai de Judas Tadeu e Sim\u00e3o. Este \u00faltimo sucedeu a seu irm\u00e3o Tiago Menor na sede episcopal de Jerusal\u00e9m.<\/p>\n<p>A identifica\u00e7\u00e3o de Alfeu com Cl\u00e9opas sustentada prevalentemente pelos antigos, traz como conseq\u00fc\u00eancia a identifica\u00e7\u00e3o de Maria de Cl\u00e9ofas como cunhada de Nossa Senhora e m\u00e3e de tr\u00eas ap\u00f3stolos. Cl\u00e9opas Alfeu \u00e9, al\u00e9m disso, um dos disc\u00edpulos que no dia da ressurrei\u00e7\u00e3o de Jesus, indo \u00e0 cidade natal Ema\u00fas, foram alcan\u00e7ados e acompanhados pelo pr\u00f3prio Jesus, havendo-o reconhecido \u201cna fra\u00e7\u00e3o do p\u00e3o\u201d.<\/p>\n<p>Enquanto o marido se afastava de Jerusal\u00e9m, com o cora\u00e7\u00e3o pesado de melancolia e desilus\u00e3o, a esposa Maria Cl\u00e9ofas, segundo o impulso do seu cora\u00e7\u00e3o, apressava-se ma ir ao t\u00famulo do Redentor para prestar-lhe a extrema homenagem da un\u00e7\u00e3o ritual com v\u00e1rias ungentos. Na sexta-feira \u00e0 tarde tinha se demorado em companhia de Madalena para ver \u201conde o haviam colocado.\u201d<\/p>\n<p>Passado o s\u00e1bado, de manh\u00e3 bem cedo, enquanto o marido voltava a casa, Maria de Cl\u00e9ofas e as outras companheiras \u201ccompraram perfumes e foram at\u00e9 o seu sepulcro para fazer-lhe un\u00e7\u00f5es.\u201d Mas: \u201cn\u00e3o est\u00e1 aqui, ressuscitou!\u201d, anunciou-lhes o mensageiro divino. Coube \u00e0s piedosas mulheres, que tinham ido ao sepulcro com seus ung\u00fcentos e sua dor, o privil\u00e9gio do testemunho mais empenhativo: \u201cPor que procuram o vivo entre os mortos?\u201d Se Cristo n\u00e3o ressuscitou a nossa f\u00e9 n\u00e3o vale nada e n\u00f3s seremos mentirosos, dir\u00e1 s\u00e3o Paulo. Mas Cristo ressuscitou dos mortos, prim\u00edcias dos que adormeceram e ressurgir\u00e3o. Essa \u00e9 a grande alegria que foi dada \u201caos onze e a todos os outros\u201d pelas mulheres que tinham ido ao sepulcro, e entre elas Maria de Cl\u00e9ofas.<\/p>\n<div id=\"themify_builder_content-8726\" data-postid=\"8726\" class=\"themify_builder_content themify_builder_content-8726 themify_builder themify_builder_front\">\n\t<\/div>\n<!-- \/themify_builder_content -->","protected":false},"excerpt":{"rendered":"<p>9 de Abril Nos grandiosos eventos da Reden\u00e7\u00e3o, durante o dram\u00e1tico ep\u00edlogo sobre o Calv\u00e1rio, um coro silencioso e doloroso de piedosas mulheres aguarda, n\u00e3o muito distante, que tudo seja consumado: \u201cPerto da cruz de Jesus, permaneciam de p\u00e9 sua m\u00e3e, a irm\u00e3 de sua m\u00e3e, Maria, mulher de Cl\u00e9ofas e Maria Madalena\u201d, diz o [&hellip;]<\/p>\n","protected":false},"author":14,"featured_media":0,"comment_status":"open","ping_status":"open","sticky":false,"template":"","format":"standard","meta":{"ngg_post_thumbnail":0,"footnotes":""},"categories":[186],"tags":[],"yoast_head":"<!-- This site is optimized with the Yoast SEO plugin v23.5 - https:\/\/yoast.com\/wordpress\/plugins\/seo\/ -->\n<title>Santa Maria de Cl\u00e9ofas - O Arcanjo no ar<\/title>\n<meta name=\"robots\" content=\"index, follow, max-snippet:-1, max-image-preview:large, max-video-preview:-1\" \/>\n<link rel=\"canonical\" href=\"https:\/\/www.oarcanjo.net\/site\/santa-maria-de-cleofas\/\" \/>\n<meta property=\"og:locale\" content=\"pt_BR\" \/>\n<meta property=\"og:type\" content=\"article\" \/>\n<meta property=\"og:title\" content=\"Santa Maria de Cl\u00e9ofas - O Arcanjo no ar\" \/>\n<meta property=\"og:description\" content=\"9 de Abril Nos grandiosos eventos da Reden\u00e7\u00e3o, durante o dram\u00e1tico ep\u00edlogo sobre o Calv\u00e1rio, um coro silencioso e doloroso de piedosas mulheres aguarda, n\u00e3o muito distante, que tudo seja consumado: \u201cPerto da cruz de Jesus, permaneciam de p\u00e9 sua m\u00e3e, a irm\u00e3 de sua m\u00e3e, Maria, mulher de Cl\u00e9ofas e Maria Madalena\u201d, diz o [&hellip;]\" \/>\n<meta property=\"og:url\" content=\"https:\/\/www.oarcanjo.net\/site\/santa-maria-de-cleofas\/\" \/>\n<meta property=\"og:site_name\" content=\"O Arcanjo no ar\" \/>\n<meta property=\"article:publisher\" content=\"https:\/\/www.facebook.com\/OArcanjoNoAr\/\" \/>\n<meta property=\"article:published_time\" content=\"2019-04-09T03:50:29+00:00\" \/>\n<meta property=\"article:modified_time\" content=\"2019-02-20T11:00:54+00:00\" \/>\n<meta property=\"og:image\" content=\"http:\/\/www.oarcanjo.net\/site\/wp-content\/uploads\/Santa-Maria-de-Cleofas.jpg\" \/>\n<meta name=\"author\" content=\"danilo\" \/>\n<meta name=\"twitter:card\" content=\"summary_large_image\" \/>\n<meta name=\"twitter:label1\" content=\"Escrito por\" \/>\n\t<meta name=\"twitter:data1\" content=\"danilo\" \/>\n\t<meta name=\"twitter:label2\" content=\"Est. tempo de leitura\" \/>\n\t<meta name=\"twitter:data2\" content=\"2 minutos\" \/>\n<script type=\"application\/ld+json\" class=\"yoast-schema-graph\">{\"@context\":\"https:\/\/schema.org\",\"@graph\":[{\"@type\":\"Article\",\"@id\":\"https:\/\/www.oarcanjo.net\/site\/santa-maria-de-cleofas\/#article\",\"isPartOf\":{\"@id\":\"https:\/\/www.oarcanjo.net\/site\/santa-maria-de-cleofas\/\"},\"author\":{\"name\":\"danilo\",\"@id\":\"https:\/\/www.oarcanjo.net\/site\/#\/schema\/person\/5eb9480bedd2f3c97e430ce128c29c6c\"},\"headline\":\"Santa Maria de Cl\u00e9ofas\",\"datePublished\":\"2019-04-09T03:50:29+00:00\",\"dateModified\":\"2019-02-20T11:00:54+00:00\",\"mainEntityOfPage\":{\"@id\":\"https:\/\/www.oarcanjo.net\/site\/santa-maria-de-cleofas\/\"},\"wordCount\":498,\"commentCount\":0,\"publisher\":{\"@id\":\"https:\/\/www.oarcanjo.net\/site\/#organization\"},\"image\":{\"@id\":\"https:\/\/www.oarcanjo.net\/site\/santa-maria-de-cleofas\/#primaryimage\"},\"thumbnailUrl\":\"http:\/\/www.oarcanjo.net\/site\/wp-content\/uploads\/Santa-Maria-de-Cleofas.jpg\",\"articleSection\":[\"Testemunhos\"],\"inLanguage\":\"pt-BR\",\"potentialAction\":[{\"@type\":\"CommentAction\",\"name\":\"Comment\",\"target\":[\"https:\/\/www.oarcanjo.net\/site\/santa-maria-de-cleofas\/#respond\"]}]},{\"@type\":\"WebPage\",\"@id\":\"https:\/\/www.oarcanjo.net\/site\/santa-maria-de-cleofas\/\",\"url\":\"https:\/\/www.oarcanjo.net\/site\/santa-maria-de-cleofas\/\",\"name\":\"Santa Maria de Cl\u00e9ofas - O Arcanjo no ar\",\"isPartOf\":{\"@id\":\"https:\/\/www.oarcanjo.net\/site\/#website\"},\"primaryImageOfPage\":{\"@id\":\"https:\/\/www.oarcanjo.net\/site\/santa-maria-de-cleofas\/#primaryimage\"},\"image\":{\"@id\":\"https:\/\/www.oarcanjo.net\/site\/santa-maria-de-cleofas\/#primaryimage\"},\"thumbnailUrl\":\"http:\/\/www.oarcanjo.net\/site\/wp-content\/uploads\/Santa-Maria-de-Cleofas.jpg\",\"datePublished\":\"2019-04-09T03:50:29+00:00\",\"dateModified\":\"2019-02-20T11:00:54+00:00\",\"breadcrumb\":{\"@id\":\"https:\/\/www.oarcanjo.net\/site\/santa-maria-de-cleofas\/#breadcrumb\"},\"inLanguage\":\"pt-BR\",\"potentialAction\":[{\"@type\":\"ReadAction\",\"target\":[\"https:\/\/www.oarcanjo.net\/site\/santa-maria-de-cleofas\/\"]}]},{\"@type\":\"ImageObject\",\"inLanguage\":\"pt-BR\",\"@id\":\"https:\/\/www.oarcanjo.net\/site\/santa-maria-de-cleofas\/#primaryimage\",\"url\":\"https:\/\/www.oarcanjo.net\/site\/wp-content\/uploads\/Santa-Maria-de-Cleofas.jpg\",\"contentUrl\":\"https:\/\/www.oarcanjo.net\/site\/wp-content\/uploads\/Santa-Maria-de-Cleofas.jpg\",\"width\":190,\"height\":249,\"caption\":\"Santa Maria de Cl\u00e9ofas\"},{\"@type\":\"BreadcrumbList\",\"@id\":\"https:\/\/www.oarcanjo.net\/site\/santa-maria-de-cleofas\/#breadcrumb\",\"itemListElement\":[{\"@type\":\"ListItem\",\"position\":1,\"name\":\"In\u00edcio\",\"item\":\"https:\/\/www.oarcanjo.net\/site\/\"},{\"@type\":\"ListItem\",\"position\":2,\"name\":\"Santa Maria de Cl\u00e9ofas\"}]},{\"@type\":\"WebSite\",\"@id\":\"https:\/\/www.oarcanjo.net\/site\/#website\",\"url\":\"https:\/\/www.oarcanjo.net\/site\/\",\"name\":\"O Arcanjo no ar\",\"description\":\"Site da Par\u00f3quia S\u00e3o Miguel Arcanjo (Arquidiocese de SP)\",\"publisher\":{\"@id\":\"https:\/\/www.oarcanjo.net\/site\/#organization\"},\"potentialAction\":[{\"@type\":\"SearchAction\",\"target\":{\"@type\":\"EntryPoint\",\"urlTemplate\":\"https:\/\/www.oarcanjo.net\/site\/?s={search_term_string}\"},\"query-input\":{\"@type\":\"PropertyValueSpecification\",\"valueRequired\":true,\"valueName\":\"search_term_string\"}}],\"inLanguage\":\"pt-BR\"},{\"@type\":\"Organization\",\"@id\":\"https:\/\/www.oarcanjo.net\/site\/#organization\",\"name\":\"Par\u00f3quia S\u00e3o Miguel Arcanjo\",\"url\":\"https:\/\/www.oarcanjo.net\/site\/\",\"logo\":{\"@type\":\"ImageObject\",\"inLanguage\":\"pt-BR\",\"@id\":\"https:\/\/www.oarcanjo.net\/site\/#\/schema\/logo\/image\/\",\"url\":\"https:\/\/www.oarcanjo.net\/site\/wp-content\/uploads\/LogoOArcanjo.png\",\"contentUrl\":\"https:\/\/www.oarcanjo.net\/site\/wp-content\/uploads\/LogoOArcanjo.png\",\"width\":319,\"height\":99,\"caption\":\"Par\u00f3quia S\u00e3o Miguel Arcanjo\"},\"image\":{\"@id\":\"https:\/\/www.oarcanjo.net\/site\/#\/schema\/logo\/image\/\"},\"sameAs\":[\"https:\/\/www.facebook.com\/OArcanjoNoAr\/\"]},{\"@type\":\"Person\",\"@id\":\"https:\/\/www.oarcanjo.net\/site\/#\/schema\/person\/5eb9480bedd2f3c97e430ce128c29c6c\",\"name\":\"danilo\"}]}<\/script>\n<!-- \/ Yoast SEO plugin. -->","yoast_head_json":{"title":"Santa Maria de Cl\u00e9ofas - O Arcanjo no ar","robots":{"index":"index","follow":"follow","max-snippet":"max-snippet:-1","max-image-preview":"max-image-preview:large","max-video-preview":"max-video-preview:-1"},"canonical":"https:\/\/www.oarcanjo.net\/site\/santa-maria-de-cleofas\/","og_locale":"pt_BR","og_type":"article","og_title":"Santa Maria de Cl\u00e9ofas - O Arcanjo no ar","og_description":"9 de Abril Nos grandiosos eventos da Reden\u00e7\u00e3o, durante o dram\u00e1tico ep\u00edlogo sobre o Calv\u00e1rio, um coro silencioso e doloroso de piedosas mulheres aguarda, n\u00e3o muito distante, que tudo seja consumado: \u201cPerto da cruz de Jesus, permaneciam de p\u00e9 sua m\u00e3e, a irm\u00e3 de sua m\u00e3e, Maria, mulher de Cl\u00e9ofas e Maria Madalena\u201d, diz o [&hellip;]","og_url":"https:\/\/www.oarcanjo.net\/site\/santa-maria-de-cleofas\/","og_site_name":"O Arcanjo no ar","article_publisher":"https:\/\/www.facebook.com\/OArcanjoNoAr\/","article_published_time":"2019-04-09T03:50:29+00:00","article_modified_time":"2019-02-20T11:00:54+00:00","og_image":[{"url":"http:\/\/www.oarcanjo.net\/site\/wp-content\/uploads\/Santa-Maria-de-Cleofas.jpg"}],"author":"danilo","twitter_card":"summary_large_image","twitter_misc":{"Escrito por":"danilo","Est. tempo de leitura":"2 minutos"},"schema":{"@context":"https:\/\/schema.org","@graph":[{"@type":"Article","@id":"https:\/\/www.oarcanjo.net\/site\/santa-maria-de-cleofas\/#article","isPartOf":{"@id":"https:\/\/www.oarcanjo.net\/site\/santa-maria-de-cleofas\/"},"author":{"name":"danilo","@id":"https:\/\/www.oarcanjo.net\/site\/#\/schema\/person\/5eb9480bedd2f3c97e430ce128c29c6c"},"headline":"Santa Maria de Cl\u00e9ofas","datePublished":"2019-04-09T03:50:29+00:00","dateModified":"2019-02-20T11:00:54+00:00","mainEntityOfPage":{"@id":"https:\/\/www.oarcanjo.net\/site\/santa-maria-de-cleofas\/"},"wordCount":498,"commentCount":0,"publisher":{"@id":"https:\/\/www.oarcanjo.net\/site\/#organization"},"image":{"@id":"https:\/\/www.oarcanjo.net\/site\/santa-maria-de-cleofas\/#primaryimage"},"thumbnailUrl":"http:\/\/www.oarcanjo.net\/site\/wp-content\/uploads\/Santa-Maria-de-Cleofas.jpg","articleSection":["Testemunhos"],"inLanguage":"pt-BR","potentialAction":[{"@type":"CommentAction","name":"Comment","target":["https:\/\/www.oarcanjo.net\/site\/santa-maria-de-cleofas\/#respond"]}]},{"@type":"WebPage","@id":"https:\/\/www.oarcanjo.net\/site\/santa-maria-de-cleofas\/","url":"https:\/\/www.oarcanjo.net\/site\/santa-maria-de-cleofas\/","name":"Santa Maria de Cl\u00e9ofas - O Arcanjo no ar","isPartOf":{"@id":"https:\/\/www.oarcanjo.net\/site\/#website"},"primaryImageOfPage":{"@id":"https:\/\/www.oarcanjo.net\/site\/santa-maria-de-cleofas\/#primaryimage"},"image":{"@id":"https:\/\/www.oarcanjo.net\/site\/santa-maria-de-cleofas\/#primaryimage"},"thumbnailUrl":"http:\/\/www.oarcanjo.net\/site\/wp-content\/uploads\/Santa-Maria-de-Cleofas.jpg","datePublished":"2019-04-09T03:50:29+00:00","dateModified":"2019-02-20T11:00:54+00:00","breadcrumb":{"@id":"https:\/\/www.oarcanjo.net\/site\/santa-maria-de-cleofas\/#breadcrumb"},"inLanguage":"pt-BR","potentialAction":[{"@type":"ReadAction","target":["https:\/\/www.oarcanjo.net\/site\/santa-maria-de-cleofas\/"]}]},{"@type":"ImageObject","inLanguage":"pt-BR","@id":"https:\/\/www.oarcanjo.net\/site\/santa-maria-de-cleofas\/#primaryimage","url":"https:\/\/www.oarcanjo.net\/site\/wp-content\/uploads\/Santa-Maria-de-Cleofas.jpg","contentUrl":"https:\/\/www.oarcanjo.net\/site\/wp-content\/uploads\/Santa-Maria-de-Cleofas.jpg","width":190,"height":249,"caption":"Santa Maria de Cl\u00e9ofas"},{"@type":"BreadcrumbList","@id":"https:\/\/www.oarcanjo.net\/site\/santa-maria-de-cleofas\/#breadcrumb","itemListElement":[{"@type":"ListItem","position":1,"name":"In\u00edcio","item":"https:\/\/www.oarcanjo.net\/site\/"},{"@type":"ListItem","position":2,"name":"Santa Maria de Cl\u00e9ofas"}]},{"@type":"WebSite","@id":"https:\/\/www.oarcanjo.net\/site\/#website","url":"https:\/\/www.oarcanjo.net\/site\/","name":"O Arcanjo no ar","description":"Site da Par\u00f3quia S\u00e3o Miguel Arcanjo (Arquidiocese de SP)","publisher":{"@id":"https:\/\/www.oarcanjo.net\/site\/#organization"},"potentialAction":[{"@type":"SearchAction","target":{"@type":"EntryPoint","urlTemplate":"https:\/\/www.oarcanjo.net\/site\/?s={search_term_string}"},"query-input":{"@type":"PropertyValueSpecification","valueRequired":true,"valueName":"search_term_string"}}],"inLanguage":"pt-BR"},{"@type":"Organization","@id":"https:\/\/www.oarcanjo.net\/site\/#organization","name":"Par\u00f3quia S\u00e3o Miguel Arcanjo","url":"https:\/\/www.oarcanjo.net\/site\/","logo":{"@type":"ImageObject","inLanguage":"pt-BR","@id":"https:\/\/www.oarcanjo.net\/site\/#\/schema\/logo\/image\/","url":"https:\/\/www.oarcanjo.net\/site\/wp-content\/uploads\/LogoOArcanjo.png","contentUrl":"https:\/\/www.oarcanjo.net\/site\/wp-content\/uploads\/LogoOArcanjo.png","width":319,"height":99,"caption":"Par\u00f3quia S\u00e3o Miguel Arcanjo"},"image":{"@id":"https:\/\/www.oarcanjo.net\/site\/#\/schema\/logo\/image\/"},"sameAs":["https:\/\/www.facebook.com\/OArcanjoNoAr\/"]},{"@type":"Person","@id":"https:\/\/www.oarcanjo.net\/site\/#\/schema\/person\/5eb9480bedd2f3c97e430ce128c29c6c","name":"danilo"}]}},"publishpress_future_action":{"enabled":false,"date":"2026-05-07 18:20:12","action":"category","newStatus":"draft","terms":[],"taxonomy":"category"},"publishpress_future_workflow_manual_trigger":{"enabledWorkflows":[]},"_links":{"self":[{"href":"https:\/\/www.oarcanjo.net\/site\/wp-json\/wp\/v2\/posts\/8726"}],"collection":[{"href":"https:\/\/www.oarcanjo.net\/site\/wp-json\/wp\/v2\/posts"}],"about":[{"href":"https:\/\/www.oarcanjo.net\/site\/wp-json\/wp\/v2\/types\/post"}],"author":[{"embeddable":true,"href":"https:\/\/www.oarcanjo.net\/site\/wp-json\/wp\/v2\/users\/14"}],"replies":[{"embeddable":true,"href":"https:\/\/www.oarcanjo.net\/site\/wp-json\/wp\/v2\/comments?post=8726"}],"version-history":[{"count":1,"href":"https:\/\/www.oarcanjo.net\/site\/wp-json\/wp\/v2\/posts\/8726\/revisions"}],"predecessor-version":[{"id":92932,"href":"https:\/\/www.oarcanjo.net\/site\/wp-json\/wp\/v2\/posts\/8726\/revisions\/92932"}],"wp:attachment":[{"href":"https:\/\/www.oarcanjo.net\/site\/wp-json\/wp\/v2\/media?parent=8726"}],"wp:term":[{"taxonomy":"category","embeddable":true,"href":"https:\/\/www.oarcanjo.net\/site\/wp-json\/wp\/v2\/categories?post=8726"},{"taxonomy":"post_tag","embeddable":true,"href":"https:\/\/www.oarcanjo.net\/site\/wp-json\/wp\/v2\/tags?post=8726"}],"curies":[{"name":"wp","href":"https:\/\/api.w.org\/{rel}","templated":true}]}}