
{"id":8738,"date":"2019-04-11T00:11:49","date_gmt":"2019-04-11T03:11:49","guid":{"rendered":"http:\/\/www.oarcanjo.net\/site\/?p=8738"},"modified":"2019-02-20T08:01:07","modified_gmt":"2019-02-20T11:01:07","slug":"santo-estanislau","status":"publish","type":"post","link":"https:\/\/www.oarcanjo.net\/site\/santo-estanislau\/","title":{"rendered":"Santo Estanislau"},"content":{"rendered":"<p><img decoding=\"async\" src=\"http:\/\/bp3.blogger.com\/_yq8gOPmv3gk\/R-5rTck2lSI\/AAAAAAAAA3M\/9kRr7elCUNE\/s320\/estanislau.JPG\" alt=\"\" \/><\/p>\n<p>11 de Abril<\/p>\n<p>Estanislau foi martirizado por um amigo, por n\u00e3o t\u00ea-lo apoiado contra os preceitos cat\u00f3licos, mesmo na condi\u00e7\u00e3o de rei. T\u00e3o disciplinado era o bispo que exigia essa mesma disciplina de seu rebanho, que nem o cargo soberano do infrator o fez calar-se, pagando por isso com a pr\u00f3pria vida.<\/p>\n<p>Estanislau era polon\u00eas, nasceu na Crac\u00f3via, em Szczepanowa, no ano 1030. Seus pais eram pobres, mas encontraram nos monges beneditinos uma forma de dar educa\u00e7\u00e3o moral e espiritual ao filho. Assim, quando terminou os estudos b\u00e1sicos, Estanislau conseguiu seguir e concluir o ensino superior na B\u00e9lgica, na c\u00e9lebre Escola de Li\u00e8ge.<\/p>\n<p>Voltando \u00e0 sua terra natal, sua atua\u00e7\u00e3o como sacerdote ficou marcada e registrada pelo zelo pastoral e pelas ben\u00e9ficas iniciativas realizadas com caridade e intelig\u00eancia. A conseq\u00fc\u00eancia natural foi sua designa\u00e7\u00e3o para o posto de bispo da Crac\u00f3via pelo papa Alexandre II. Decis\u00e3o que contou com o apoio n\u00e3o s\u00f3 do clero, como tamb\u00e9m de toda a popula\u00e7\u00e3o, inclusive do pr\u00f3prio rei Boleslau II.<\/p>\n<p>O rei admirava Estanislau e, nos primeiros anos, apoiou-o no trabalho incans\u00e1vel de evangeliza\u00e7\u00e3o em toda a regi\u00e3o, assim como na forma\u00e7\u00e3o do clero local, o qual preparou para substituir os monges beneditinos na administra\u00e7\u00e3o da Igreja polonesa. Mas Estanislau tamb\u00e9m apoiava o rei em suas melhores a\u00e7\u00f5es.<\/p>\n<p>Afinal, Boleslau tamb\u00e9m foi descrito, na hist\u00f3ria, como um soberano que alargou e consolidou as fronteiras do seu jovem pa\u00eds, al\u00e9m de ter valorizado grandemente as terras de sua p\u00e1tria, com a reforma fundi\u00e1ria que implantou, acompanhada de mudan\u00e7as pol\u00edticas e econ\u00f4micas muito favor\u00e1veis ao povo. Entretanto o rei apaixonou-se por uma bela matrona, Cristina, que era casada com Miecislau, outro nome polon\u00eas hist\u00f3rico.<\/p>\n<p>Apesar dos conselhos de Estanislau e de sua exig\u00eancia de que os preceitos cat\u00f3licos do casamento fossem respeitados, Boleslau n\u00e3o se conformou em ficar sem sua amada. Simplesmente, mandou rapt\u00e1-la. O bispo amea\u00e7ou excomung\u00e1-lo, mas o rei n\u00e3o recuou. Estanislau cumpriu a amea\u00e7a e Boleslau, enfurecido, ordenou a execu\u00e7\u00e3o do religioso, comandando em pessoa a invas\u00e3o da igreja de S\u00e3o Miguel, na Crac\u00f3via, onde Estanislau celebrava uma missa.<\/p>\n<p>Por\u00e9m os guardas, impedidos por uma for\u00e7a misteriosa, n\u00e3o conseguiram se aproximar do bispo, tendo o rei de assassin\u00e1-lo com as pr\u00f3prias m\u00e3os. Estanislau foi trucidado no dia 11 de abril de 1079. Imediatamente, passou a ver venerado pelo povo polon\u00eas, sendo canonizado em 1253. Seu culto, at\u00e9 hoje, \u00e9 muito difundido na Europa e na Am\u00e9rica.<\/p>\n<div id=\"themify_builder_content-8738\" data-postid=\"8738\" class=\"themify_builder_content themify_builder_content-8738 themify_builder themify_builder_front\">\n\t<\/div>\n<!-- \/themify_builder_content -->","protected":false},"excerpt":{"rendered":"<p>11 de Abril Estanislau foi martirizado por um amigo, por n\u00e3o t\u00ea-lo apoiado contra os preceitos cat\u00f3licos, mesmo na condi\u00e7\u00e3o de rei. T\u00e3o disciplinado era o bispo que exigia essa mesma disciplina de seu rebanho, que nem o cargo soberano do infrator o fez calar-se, pagando por isso com a pr\u00f3pria vida. Estanislau era polon\u00eas, [&hellip;]<\/p>\n","protected":false},"author":14,"featured_media":0,"comment_status":"open","ping_status":"open","sticky":false,"template":"","format":"standard","meta":{"ngg_post_thumbnail":0,"footnotes":""},"categories":[186],"tags":[],"yoast_head":"<!-- This site is optimized with the Yoast SEO plugin v23.5 - https:\/\/yoast.com\/wordpress\/plugins\/seo\/ -->\n<title>Santo Estanislau - O Arcanjo no ar<\/title>\n<meta name=\"robots\" content=\"index, follow, max-snippet:-1, max-image-preview:large, max-video-preview:-1\" \/>\n<link rel=\"canonical\" href=\"https:\/\/www.oarcanjo.net\/site\/santo-estanislau\/\" \/>\n<meta property=\"og:locale\" content=\"pt_BR\" \/>\n<meta property=\"og:type\" content=\"article\" \/>\n<meta property=\"og:title\" content=\"Santo Estanislau - O Arcanjo no ar\" \/>\n<meta property=\"og:description\" content=\"11 de Abril Estanislau foi martirizado por um amigo, por n\u00e3o t\u00ea-lo apoiado contra os preceitos cat\u00f3licos, mesmo na condi\u00e7\u00e3o de rei. T\u00e3o disciplinado era o bispo que exigia essa mesma disciplina de seu rebanho, que nem o cargo soberano do infrator o fez calar-se, pagando por isso com a pr\u00f3pria vida. Estanislau era polon\u00eas, [&hellip;]\" \/>\n<meta property=\"og:url\" content=\"https:\/\/www.oarcanjo.net\/site\/santo-estanislau\/\" \/>\n<meta property=\"og:site_name\" content=\"O Arcanjo no ar\" \/>\n<meta property=\"article:publisher\" content=\"https:\/\/www.facebook.com\/OArcanjoNoAr\/\" \/>\n<meta property=\"article:published_time\" content=\"2019-04-11T03:11:49+00:00\" \/>\n<meta property=\"article:modified_time\" content=\"2019-02-20T11:01:07+00:00\" \/>\n<meta property=\"og:image\" content=\"http:\/\/bp3.blogger.com\/_yq8gOPmv3gk\/R-5rTck2lSI\/AAAAAAAAA3M\/9kRr7elCUNE\/s320\/estanislau.JPG\" \/>\n<meta name=\"author\" content=\"danilo\" \/>\n<meta name=\"twitter:card\" content=\"summary_large_image\" \/>\n<meta name=\"twitter:label1\" content=\"Escrito por\" \/>\n\t<meta name=\"twitter:data1\" content=\"danilo\" \/>\n\t<meta name=\"twitter:label2\" content=\"Est. tempo de leitura\" \/>\n\t<meta name=\"twitter:data2\" content=\"2 minutos\" \/>\n<script type=\"application\/ld+json\" class=\"yoast-schema-graph\">{\"@context\":\"https:\/\/schema.org\",\"@graph\":[{\"@type\":\"Article\",\"@id\":\"https:\/\/www.oarcanjo.net\/site\/santo-estanislau\/#article\",\"isPartOf\":{\"@id\":\"https:\/\/www.oarcanjo.net\/site\/santo-estanislau\/\"},\"author\":{\"name\":\"danilo\",\"@id\":\"https:\/\/www.oarcanjo.net\/site\/#\/schema\/person\/5eb9480bedd2f3c97e430ce128c29c6c\"},\"headline\":\"Santo Estanislau\",\"datePublished\":\"2019-04-11T03:11:49+00:00\",\"dateModified\":\"2019-02-20T11:01:07+00:00\",\"mainEntityOfPage\":{\"@id\":\"https:\/\/www.oarcanjo.net\/site\/santo-estanislau\/\"},\"wordCount\":462,\"commentCount\":0,\"publisher\":{\"@id\":\"https:\/\/www.oarcanjo.net\/site\/#organization\"},\"image\":{\"@id\":\"https:\/\/www.oarcanjo.net\/site\/santo-estanislau\/#primaryimage\"},\"thumbnailUrl\":\"http:\/\/bp3.blogger.com\/_yq8gOPmv3gk\/R-5rTck2lSI\/AAAAAAAAA3M\/9kRr7elCUNE\/s320\/estanislau.JPG\",\"articleSection\":[\"Testemunhos\"],\"inLanguage\":\"pt-BR\",\"potentialAction\":[{\"@type\":\"CommentAction\",\"name\":\"Comment\",\"target\":[\"https:\/\/www.oarcanjo.net\/site\/santo-estanislau\/#respond\"]}]},{\"@type\":\"WebPage\",\"@id\":\"https:\/\/www.oarcanjo.net\/site\/santo-estanislau\/\",\"url\":\"https:\/\/www.oarcanjo.net\/site\/santo-estanislau\/\",\"name\":\"Santo Estanislau - O Arcanjo no ar\",\"isPartOf\":{\"@id\":\"https:\/\/www.oarcanjo.net\/site\/#website\"},\"primaryImageOfPage\":{\"@id\":\"https:\/\/www.oarcanjo.net\/site\/santo-estanislau\/#primaryimage\"},\"image\":{\"@id\":\"https:\/\/www.oarcanjo.net\/site\/santo-estanislau\/#primaryimage\"},\"thumbnailUrl\":\"http:\/\/bp3.blogger.com\/_yq8gOPmv3gk\/R-5rTck2lSI\/AAAAAAAAA3M\/9kRr7elCUNE\/s320\/estanislau.JPG\",\"datePublished\":\"2019-04-11T03:11:49+00:00\",\"dateModified\":\"2019-02-20T11:01:07+00:00\",\"breadcrumb\":{\"@id\":\"https:\/\/www.oarcanjo.net\/site\/santo-estanislau\/#breadcrumb\"},\"inLanguage\":\"pt-BR\",\"potentialAction\":[{\"@type\":\"ReadAction\",\"target\":[\"https:\/\/www.oarcanjo.net\/site\/santo-estanislau\/\"]}]},{\"@type\":\"ImageObject\",\"inLanguage\":\"pt-BR\",\"@id\":\"https:\/\/www.oarcanjo.net\/site\/santo-estanislau\/#primaryimage\",\"url\":\"http:\/\/bp3.blogger.com\/_yq8gOPmv3gk\/R-5rTck2lSI\/AAAAAAAAA3M\/9kRr7elCUNE\/s320\/estanislau.JPG\",\"contentUrl\":\"http:\/\/bp3.blogger.com\/_yq8gOPmv3gk\/R-5rTck2lSI\/AAAAAAAAA3M\/9kRr7elCUNE\/s320\/estanislau.JPG\"},{\"@type\":\"BreadcrumbList\",\"@id\":\"https:\/\/www.oarcanjo.net\/site\/santo-estanislau\/#breadcrumb\",\"itemListElement\":[{\"@type\":\"ListItem\",\"position\":1,\"name\":\"In\u00edcio\",\"item\":\"https:\/\/www.oarcanjo.net\/site\/\"},{\"@type\":\"ListItem\",\"position\":2,\"name\":\"Santo Estanislau\"}]},{\"@type\":\"WebSite\",\"@id\":\"https:\/\/www.oarcanjo.net\/site\/#website\",\"url\":\"https:\/\/www.oarcanjo.net\/site\/\",\"name\":\"O Arcanjo no ar\",\"description\":\"Site da Par\u00f3quia S\u00e3o Miguel Arcanjo (Arquidiocese de SP)\",\"publisher\":{\"@id\":\"https:\/\/www.oarcanjo.net\/site\/#organization\"},\"potentialAction\":[{\"@type\":\"SearchAction\",\"target\":{\"@type\":\"EntryPoint\",\"urlTemplate\":\"https:\/\/www.oarcanjo.net\/site\/?s={search_term_string}\"},\"query-input\":{\"@type\":\"PropertyValueSpecification\",\"valueRequired\":true,\"valueName\":\"search_term_string\"}}],\"inLanguage\":\"pt-BR\"},{\"@type\":\"Organization\",\"@id\":\"https:\/\/www.oarcanjo.net\/site\/#organization\",\"name\":\"Par\u00f3quia S\u00e3o Miguel Arcanjo\",\"url\":\"https:\/\/www.oarcanjo.net\/site\/\",\"logo\":{\"@type\":\"ImageObject\",\"inLanguage\":\"pt-BR\",\"@id\":\"https:\/\/www.oarcanjo.net\/site\/#\/schema\/logo\/image\/\",\"url\":\"https:\/\/www.oarcanjo.net\/site\/wp-content\/uploads\/LogoOArcanjo.png\",\"contentUrl\":\"https:\/\/www.oarcanjo.net\/site\/wp-content\/uploads\/LogoOArcanjo.png\",\"width\":319,\"height\":99,\"caption\":\"Par\u00f3quia S\u00e3o Miguel Arcanjo\"},\"image\":{\"@id\":\"https:\/\/www.oarcanjo.net\/site\/#\/schema\/logo\/image\/\"},\"sameAs\":[\"https:\/\/www.facebook.com\/OArcanjoNoAr\/\"]},{\"@type\":\"Person\",\"@id\":\"https:\/\/www.oarcanjo.net\/site\/#\/schema\/person\/5eb9480bedd2f3c97e430ce128c29c6c\",\"name\":\"danilo\"}]}<\/script>\n<!-- \/ Yoast SEO plugin. -->","yoast_head_json":{"title":"Santo Estanislau - O Arcanjo no ar","robots":{"index":"index","follow":"follow","max-snippet":"max-snippet:-1","max-image-preview":"max-image-preview:large","max-video-preview":"max-video-preview:-1"},"canonical":"https:\/\/www.oarcanjo.net\/site\/santo-estanislau\/","og_locale":"pt_BR","og_type":"article","og_title":"Santo Estanislau - O Arcanjo no ar","og_description":"11 de Abril Estanislau foi martirizado por um amigo, por n\u00e3o t\u00ea-lo apoiado contra os preceitos cat\u00f3licos, mesmo na condi\u00e7\u00e3o de rei. T\u00e3o disciplinado era o bispo que exigia essa mesma disciplina de seu rebanho, que nem o cargo soberano do infrator o fez calar-se, pagando por isso com a pr\u00f3pria vida. Estanislau era polon\u00eas, [&hellip;]","og_url":"https:\/\/www.oarcanjo.net\/site\/santo-estanislau\/","og_site_name":"O Arcanjo no ar","article_publisher":"https:\/\/www.facebook.com\/OArcanjoNoAr\/","article_published_time":"2019-04-11T03:11:49+00:00","article_modified_time":"2019-02-20T11:01:07+00:00","og_image":[{"url":"http:\/\/bp3.blogger.com\/_yq8gOPmv3gk\/R-5rTck2lSI\/AAAAAAAAA3M\/9kRr7elCUNE\/s320\/estanislau.JPG"}],"author":"danilo","twitter_card":"summary_large_image","twitter_misc":{"Escrito por":"danilo","Est. tempo de leitura":"2 minutos"},"schema":{"@context":"https:\/\/schema.org","@graph":[{"@type":"Article","@id":"https:\/\/www.oarcanjo.net\/site\/santo-estanislau\/#article","isPartOf":{"@id":"https:\/\/www.oarcanjo.net\/site\/santo-estanislau\/"},"author":{"name":"danilo","@id":"https:\/\/www.oarcanjo.net\/site\/#\/schema\/person\/5eb9480bedd2f3c97e430ce128c29c6c"},"headline":"Santo Estanislau","datePublished":"2019-04-11T03:11:49+00:00","dateModified":"2019-02-20T11:01:07+00:00","mainEntityOfPage":{"@id":"https:\/\/www.oarcanjo.net\/site\/santo-estanislau\/"},"wordCount":462,"commentCount":0,"publisher":{"@id":"https:\/\/www.oarcanjo.net\/site\/#organization"},"image":{"@id":"https:\/\/www.oarcanjo.net\/site\/santo-estanislau\/#primaryimage"},"thumbnailUrl":"http:\/\/bp3.blogger.com\/_yq8gOPmv3gk\/R-5rTck2lSI\/AAAAAAAAA3M\/9kRr7elCUNE\/s320\/estanislau.JPG","articleSection":["Testemunhos"],"inLanguage":"pt-BR","potentialAction":[{"@type":"CommentAction","name":"Comment","target":["https:\/\/www.oarcanjo.net\/site\/santo-estanislau\/#respond"]}]},{"@type":"WebPage","@id":"https:\/\/www.oarcanjo.net\/site\/santo-estanislau\/","url":"https:\/\/www.oarcanjo.net\/site\/santo-estanislau\/","name":"Santo Estanislau - O Arcanjo no ar","isPartOf":{"@id":"https:\/\/www.oarcanjo.net\/site\/#website"},"primaryImageOfPage":{"@id":"https:\/\/www.oarcanjo.net\/site\/santo-estanislau\/#primaryimage"},"image":{"@id":"https:\/\/www.oarcanjo.net\/site\/santo-estanislau\/#primaryimage"},"thumbnailUrl":"http:\/\/bp3.blogger.com\/_yq8gOPmv3gk\/R-5rTck2lSI\/AAAAAAAAA3M\/9kRr7elCUNE\/s320\/estanislau.JPG","datePublished":"2019-04-11T03:11:49+00:00","dateModified":"2019-02-20T11:01:07+00:00","breadcrumb":{"@id":"https:\/\/www.oarcanjo.net\/site\/santo-estanislau\/#breadcrumb"},"inLanguage":"pt-BR","potentialAction":[{"@type":"ReadAction","target":["https:\/\/www.oarcanjo.net\/site\/santo-estanislau\/"]}]},{"@type":"ImageObject","inLanguage":"pt-BR","@id":"https:\/\/www.oarcanjo.net\/site\/santo-estanislau\/#primaryimage","url":"http:\/\/bp3.blogger.com\/_yq8gOPmv3gk\/R-5rTck2lSI\/AAAAAAAAA3M\/9kRr7elCUNE\/s320\/estanislau.JPG","contentUrl":"http:\/\/bp3.blogger.com\/_yq8gOPmv3gk\/R-5rTck2lSI\/AAAAAAAAA3M\/9kRr7elCUNE\/s320\/estanislau.JPG"},{"@type":"BreadcrumbList","@id":"https:\/\/www.oarcanjo.net\/site\/santo-estanislau\/#breadcrumb","itemListElement":[{"@type":"ListItem","position":1,"name":"In\u00edcio","item":"https:\/\/www.oarcanjo.net\/site\/"},{"@type":"ListItem","position":2,"name":"Santo Estanislau"}]},{"@type":"WebSite","@id":"https:\/\/www.oarcanjo.net\/site\/#website","url":"https:\/\/www.oarcanjo.net\/site\/","name":"O Arcanjo no ar","description":"Site da Par\u00f3quia S\u00e3o Miguel Arcanjo (Arquidiocese de SP)","publisher":{"@id":"https:\/\/www.oarcanjo.net\/site\/#organization"},"potentialAction":[{"@type":"SearchAction","target":{"@type":"EntryPoint","urlTemplate":"https:\/\/www.oarcanjo.net\/site\/?s={search_term_string}"},"query-input":{"@type":"PropertyValueSpecification","valueRequired":true,"valueName":"search_term_string"}}],"inLanguage":"pt-BR"},{"@type":"Organization","@id":"https:\/\/www.oarcanjo.net\/site\/#organization","name":"Par\u00f3quia S\u00e3o Miguel Arcanjo","url":"https:\/\/www.oarcanjo.net\/site\/","logo":{"@type":"ImageObject","inLanguage":"pt-BR","@id":"https:\/\/www.oarcanjo.net\/site\/#\/schema\/logo\/image\/","url":"https:\/\/www.oarcanjo.net\/site\/wp-content\/uploads\/LogoOArcanjo.png","contentUrl":"https:\/\/www.oarcanjo.net\/site\/wp-content\/uploads\/LogoOArcanjo.png","width":319,"height":99,"caption":"Par\u00f3quia S\u00e3o Miguel Arcanjo"},"image":{"@id":"https:\/\/www.oarcanjo.net\/site\/#\/schema\/logo\/image\/"},"sameAs":["https:\/\/www.facebook.com\/OArcanjoNoAr\/"]},{"@type":"Person","@id":"https:\/\/www.oarcanjo.net\/site\/#\/schema\/person\/5eb9480bedd2f3c97e430ce128c29c6c","name":"danilo"}]}},"publishpress_future_action":{"enabled":false,"date":"2026-05-07 17:58:41","action":"category","newStatus":"draft","terms":[],"taxonomy":"category"},"publishpress_future_workflow_manual_trigger":{"enabledWorkflows":[]},"_links":{"self":[{"href":"https:\/\/www.oarcanjo.net\/site\/wp-json\/wp\/v2\/posts\/8738"}],"collection":[{"href":"https:\/\/www.oarcanjo.net\/site\/wp-json\/wp\/v2\/posts"}],"about":[{"href":"https:\/\/www.oarcanjo.net\/site\/wp-json\/wp\/v2\/types\/post"}],"author":[{"embeddable":true,"href":"https:\/\/www.oarcanjo.net\/site\/wp-json\/wp\/v2\/users\/14"}],"replies":[{"embeddable":true,"href":"https:\/\/www.oarcanjo.net\/site\/wp-json\/wp\/v2\/comments?post=8738"}],"version-history":[{"count":1,"href":"https:\/\/www.oarcanjo.net\/site\/wp-json\/wp\/v2\/posts\/8738\/revisions"}],"predecessor-version":[{"id":92935,"href":"https:\/\/www.oarcanjo.net\/site\/wp-json\/wp\/v2\/posts\/8738\/revisions\/92935"}],"wp:attachment":[{"href":"https:\/\/www.oarcanjo.net\/site\/wp-json\/wp\/v2\/media?parent=8738"}],"wp:term":[{"taxonomy":"category","embeddable":true,"href":"https:\/\/www.oarcanjo.net\/site\/wp-json\/wp\/v2\/categories?post=8738"},{"taxonomy":"post_tag","embeddable":true,"href":"https:\/\/www.oarcanjo.net\/site\/wp-json\/wp\/v2\/tags?post=8738"}],"curies":[{"name":"wp","href":"https:\/\/api.w.org\/{rel}","templated":true}]}}