
{"id":8748,"date":"2019-04-13T00:23:23","date_gmt":"2019-04-13T03:23:23","guid":{"rendered":"http:\/\/www.oarcanjo.net\/site\/?p=8748"},"modified":"2019-02-20T08:03:05","modified_gmt":"2019-02-20T11:03:05","slug":"santa-ida","status":"publish","type":"post","link":"https:\/\/www.oarcanjo.net\/site\/santa-ida\/","title":{"rendered":"Santa Ida"},"content":{"rendered":"<p><img decoding=\"async\" src=\"http:\/\/2.bp.blogspot.com\/_z-c0Sh5Zlrs\/SJJ-s-SKEdI\/AAAAAAAABLI\/jC01zXFGb88\/s400\/Santa+Ida.jpg\" alt=\"\" \/><\/p>\n<p>13 de Abril<\/p>\n<p>Ida nasceu em 1040, descendente do grande conquistador franc\u00eas Carlos Magno, filha de Godofredo, duque de Lorraine, e de Doda, tamb\u00e9m oriunda da nobreza cat\u00f3lica reinante. Assim sendo, recebeu educa\u00e7\u00e3o crist\u00e3, mas tamb\u00e9m teve de cumprir obriga\u00e7\u00f5es sociais da corte, e s\u00f3 por esse motivo n\u00e3o seguiu a vida inteiramente dedicada \u00e0 Deus, vestindo o h\u00e1bito de religiosa.<\/p>\n<p>Por vontade dos pais, teve de casar-se aos dezessete anos com Eust\u00e1quio II, conde de Bolonha, tamb\u00e9m cat\u00f3lico praticante. Juntos, tiveram muitos filhos: Eust\u00e1quio III, herdeiro do condado de Bolonha; Godofredo de Bulh\u00e3o, que conquistou e foi rei de Jerusal\u00e9m; e Baldu\u00edno, que sucedeu o irm\u00e3o no trono da Terra Santa. Tiveram tamb\u00e9m filhas, uma das quais tornou-se imperatriz ao casar-se com o imperador Henrique IV.<\/p>\n<p>Entretanto, al\u00e9m da forma\u00e7\u00e3o nas atividades pol\u00edticas e sociais, Ida e seu marido educaram todos os filhos dentro dos rigorosos preceitos crist\u00e3os. O que surtiu um bom efeito, pois, tornaram-se bons exemplos, promoveram dezenas de obras de caridade, \u00e0 altura das posses que tinham, socorrendo doentes, pobres abandonados, estrangeiros, vi\u00favas e \u00f3rf\u00e3os.<\/p>\n<p>O grande passatempo de Ida era fazer, com as pr\u00f3prias m\u00e3os, as toalhas e enfeites dos altares e ornamentos sacros para os sacerdotes. Enquanto Eust\u00e1quio era vivo, o casal restaurou quase todas as igrejas de seus estados e dom\u00ednios, inclusive o c\u00e9lebre santu\u00e1rio de Nossa Senhora de Bolonha. Seu diretor espiritual era o sacerdote Alberto, naquela \u00e9poca chamado, ainda, de monge de Bec, regi\u00e3o da Normandia, porque, mais tarde, tamb\u00e9m foi elevado aos altares da Igreja.<\/p>\n<p>Ao se tornar vi\u00fava, Ida diminuiu sua participa\u00e7\u00e3o nas atividades sociais, por\u00e9m na vida da Igreja s\u00f3 fez aument\u00e1-la. Ela vendeu parte de seus bens e fundou v\u00e1rios mosteiros com o dinheiro arrecadado, como o de Santo Wulner de Bolonha; o de Wast, a duas milhas da cidade; o de Nossa Senhora da Capela, perto de Calais; e o mosteiro de Samer, que se encontrava praticamente destru\u00eddo e arruinado, mas foi totalmente recuperado, voltando \u00e0 franca atividade nas m\u00e3os dos beneditinos.<\/p>\n<p>H\u00e1 relatos de muitas gra\u00e7as realizadas por ela ainda em vida. Sentindo aproximar-se o fim, santa Ida previu a data exata de sua morte: 13 de abril de 1113. Os milagres e gra\u00e7as por intercess\u00e3o de seu nome continuaram a acontecer com as crescentes romarias ao seu t\u00famulo. Seu culto foi autorizado para o dia do seu tr\u00e2nsito, em 1808, quando suas rel\u00edquias foram transferidas da catedral de Arras para a de Bayeux.<\/p>\n<div id=\"themify_builder_content-8748\" data-postid=\"8748\" class=\"themify_builder_content themify_builder_content-8748 themify_builder themify_builder_front\">\n\t<\/div>\n<!-- \/themify_builder_content -->","protected":false},"excerpt":{"rendered":"<p>13 de Abril Ida nasceu em 1040, descendente do grande conquistador franc\u00eas Carlos Magno, filha de Godofredo, duque de Lorraine, e de Doda, tamb\u00e9m oriunda da nobreza cat\u00f3lica reinante. Assim sendo, recebeu educa\u00e7\u00e3o crist\u00e3, mas tamb\u00e9m teve de cumprir obriga\u00e7\u00f5es sociais da corte, e s\u00f3 por esse motivo n\u00e3o seguiu a vida inteiramente dedicada \u00e0 [&hellip;]<\/p>\n","protected":false},"author":14,"featured_media":0,"comment_status":"open","ping_status":"open","sticky":false,"template":"","format":"standard","meta":{"ngg_post_thumbnail":0,"footnotes":""},"categories":[186],"tags":[],"yoast_head":"<!-- This site is optimized with the Yoast SEO plugin v23.5 - https:\/\/yoast.com\/wordpress\/plugins\/seo\/ -->\n<title>Santa Ida - O Arcanjo no ar<\/title>\n<meta name=\"robots\" content=\"index, follow, max-snippet:-1, max-image-preview:large, max-video-preview:-1\" \/>\n<link rel=\"canonical\" href=\"https:\/\/www.oarcanjo.net\/site\/santa-ida\/\" \/>\n<meta property=\"og:locale\" content=\"pt_BR\" \/>\n<meta property=\"og:type\" content=\"article\" \/>\n<meta property=\"og:title\" content=\"Santa Ida - O Arcanjo no ar\" \/>\n<meta property=\"og:description\" content=\"13 de Abril Ida nasceu em 1040, descendente do grande conquistador franc\u00eas Carlos Magno, filha de Godofredo, duque de Lorraine, e de Doda, tamb\u00e9m oriunda da nobreza cat\u00f3lica reinante. Assim sendo, recebeu educa\u00e7\u00e3o crist\u00e3, mas tamb\u00e9m teve de cumprir obriga\u00e7\u00f5es sociais da corte, e s\u00f3 por esse motivo n\u00e3o seguiu a vida inteiramente dedicada \u00e0 [&hellip;]\" \/>\n<meta property=\"og:url\" content=\"https:\/\/www.oarcanjo.net\/site\/santa-ida\/\" \/>\n<meta property=\"og:site_name\" content=\"O Arcanjo no ar\" \/>\n<meta property=\"article:publisher\" content=\"https:\/\/www.facebook.com\/OArcanjoNoAr\/\" \/>\n<meta property=\"article:published_time\" content=\"2019-04-13T03:23:23+00:00\" \/>\n<meta property=\"article:modified_time\" content=\"2019-02-20T11:03:05+00:00\" \/>\n<meta property=\"og:image\" content=\"http:\/\/2.bp.blogspot.com\/_z-c0Sh5Zlrs\/SJJ-s-SKEdI\/AAAAAAAABLI\/jC01zXFGb88\/s400\/Santa+Ida.jpg\" \/>\n<meta name=\"author\" content=\"danilo\" \/>\n<meta name=\"twitter:card\" content=\"summary_large_image\" \/>\n<meta name=\"twitter:label1\" content=\"Escrito por\" \/>\n\t<meta name=\"twitter:data1\" content=\"danilo\" \/>\n\t<meta name=\"twitter:label2\" content=\"Est. tempo de leitura\" \/>\n\t<meta name=\"twitter:data2\" content=\"2 minutos\" \/>\n<script type=\"application\/ld+json\" class=\"yoast-schema-graph\">{\"@context\":\"https:\/\/schema.org\",\"@graph\":[{\"@type\":\"Article\",\"@id\":\"https:\/\/www.oarcanjo.net\/site\/santa-ida\/#article\",\"isPartOf\":{\"@id\":\"https:\/\/www.oarcanjo.net\/site\/santa-ida\/\"},\"author\":{\"name\":\"danilo\",\"@id\":\"https:\/\/www.oarcanjo.net\/site\/#\/schema\/person\/5eb9480bedd2f3c97e430ce128c29c6c\"},\"headline\":\"Santa Ida\",\"datePublished\":\"2019-04-13T03:23:23+00:00\",\"dateModified\":\"2019-02-20T11:03:05+00:00\",\"mainEntityOfPage\":{\"@id\":\"https:\/\/www.oarcanjo.net\/site\/santa-ida\/\"},\"wordCount\":447,\"commentCount\":0,\"publisher\":{\"@id\":\"https:\/\/www.oarcanjo.net\/site\/#organization\"},\"image\":{\"@id\":\"https:\/\/www.oarcanjo.net\/site\/santa-ida\/#primaryimage\"},\"thumbnailUrl\":\"http:\/\/2.bp.blogspot.com\/_z-c0Sh5Zlrs\/SJJ-s-SKEdI\/AAAAAAAABLI\/jC01zXFGb88\/s400\/Santa+Ida.jpg\",\"articleSection\":[\"Testemunhos\"],\"inLanguage\":\"pt-BR\",\"potentialAction\":[{\"@type\":\"CommentAction\",\"name\":\"Comment\",\"target\":[\"https:\/\/www.oarcanjo.net\/site\/santa-ida\/#respond\"]}]},{\"@type\":\"WebPage\",\"@id\":\"https:\/\/www.oarcanjo.net\/site\/santa-ida\/\",\"url\":\"https:\/\/www.oarcanjo.net\/site\/santa-ida\/\",\"name\":\"Santa Ida - O Arcanjo no ar\",\"isPartOf\":{\"@id\":\"https:\/\/www.oarcanjo.net\/site\/#website\"},\"primaryImageOfPage\":{\"@id\":\"https:\/\/www.oarcanjo.net\/site\/santa-ida\/#primaryimage\"},\"image\":{\"@id\":\"https:\/\/www.oarcanjo.net\/site\/santa-ida\/#primaryimage\"},\"thumbnailUrl\":\"http:\/\/2.bp.blogspot.com\/_z-c0Sh5Zlrs\/SJJ-s-SKEdI\/AAAAAAAABLI\/jC01zXFGb88\/s400\/Santa+Ida.jpg\",\"datePublished\":\"2019-04-13T03:23:23+00:00\",\"dateModified\":\"2019-02-20T11:03:05+00:00\",\"breadcrumb\":{\"@id\":\"https:\/\/www.oarcanjo.net\/site\/santa-ida\/#breadcrumb\"},\"inLanguage\":\"pt-BR\",\"potentialAction\":[{\"@type\":\"ReadAction\",\"target\":[\"https:\/\/www.oarcanjo.net\/site\/santa-ida\/\"]}]},{\"@type\":\"ImageObject\",\"inLanguage\":\"pt-BR\",\"@id\":\"https:\/\/www.oarcanjo.net\/site\/santa-ida\/#primaryimage\",\"url\":\"http:\/\/2.bp.blogspot.com\/_z-c0Sh5Zlrs\/SJJ-s-SKEdI\/AAAAAAAABLI\/jC01zXFGb88\/s400\/Santa+Ida.jpg\",\"contentUrl\":\"http:\/\/2.bp.blogspot.com\/_z-c0Sh5Zlrs\/SJJ-s-SKEdI\/AAAAAAAABLI\/jC01zXFGb88\/s400\/Santa+Ida.jpg\"},{\"@type\":\"BreadcrumbList\",\"@id\":\"https:\/\/www.oarcanjo.net\/site\/santa-ida\/#breadcrumb\",\"itemListElement\":[{\"@type\":\"ListItem\",\"position\":1,\"name\":\"In\u00edcio\",\"item\":\"https:\/\/www.oarcanjo.net\/site\/\"},{\"@type\":\"ListItem\",\"position\":2,\"name\":\"Santa Ida\"}]},{\"@type\":\"WebSite\",\"@id\":\"https:\/\/www.oarcanjo.net\/site\/#website\",\"url\":\"https:\/\/www.oarcanjo.net\/site\/\",\"name\":\"O Arcanjo no ar\",\"description\":\"Site da Par\u00f3quia S\u00e3o Miguel Arcanjo (Arquidiocese de SP)\",\"publisher\":{\"@id\":\"https:\/\/www.oarcanjo.net\/site\/#organization\"},\"potentialAction\":[{\"@type\":\"SearchAction\",\"target\":{\"@type\":\"EntryPoint\",\"urlTemplate\":\"https:\/\/www.oarcanjo.net\/site\/?s={search_term_string}\"},\"query-input\":{\"@type\":\"PropertyValueSpecification\",\"valueRequired\":true,\"valueName\":\"search_term_string\"}}],\"inLanguage\":\"pt-BR\"},{\"@type\":\"Organization\",\"@id\":\"https:\/\/www.oarcanjo.net\/site\/#organization\",\"name\":\"Par\u00f3quia S\u00e3o Miguel Arcanjo\",\"url\":\"https:\/\/www.oarcanjo.net\/site\/\",\"logo\":{\"@type\":\"ImageObject\",\"inLanguage\":\"pt-BR\",\"@id\":\"https:\/\/www.oarcanjo.net\/site\/#\/schema\/logo\/image\/\",\"url\":\"https:\/\/www.oarcanjo.net\/site\/wp-content\/uploads\/LogoOArcanjo.png\",\"contentUrl\":\"https:\/\/www.oarcanjo.net\/site\/wp-content\/uploads\/LogoOArcanjo.png\",\"width\":319,\"height\":99,\"caption\":\"Par\u00f3quia S\u00e3o Miguel Arcanjo\"},\"image\":{\"@id\":\"https:\/\/www.oarcanjo.net\/site\/#\/schema\/logo\/image\/\"},\"sameAs\":[\"https:\/\/www.facebook.com\/OArcanjoNoAr\/\"]},{\"@type\":\"Person\",\"@id\":\"https:\/\/www.oarcanjo.net\/site\/#\/schema\/person\/5eb9480bedd2f3c97e430ce128c29c6c\",\"name\":\"danilo\"}]}<\/script>\n<!-- \/ Yoast SEO plugin. -->","yoast_head_json":{"title":"Santa Ida - O Arcanjo no ar","robots":{"index":"index","follow":"follow","max-snippet":"max-snippet:-1","max-image-preview":"max-image-preview:large","max-video-preview":"max-video-preview:-1"},"canonical":"https:\/\/www.oarcanjo.net\/site\/santa-ida\/","og_locale":"pt_BR","og_type":"article","og_title":"Santa Ida - O Arcanjo no ar","og_description":"13 de Abril Ida nasceu em 1040, descendente do grande conquistador franc\u00eas Carlos Magno, filha de Godofredo, duque de Lorraine, e de Doda, tamb\u00e9m oriunda da nobreza cat\u00f3lica reinante. Assim sendo, recebeu educa\u00e7\u00e3o crist\u00e3, mas tamb\u00e9m teve de cumprir obriga\u00e7\u00f5es sociais da corte, e s\u00f3 por esse motivo n\u00e3o seguiu a vida inteiramente dedicada \u00e0 [&hellip;]","og_url":"https:\/\/www.oarcanjo.net\/site\/santa-ida\/","og_site_name":"O Arcanjo no ar","article_publisher":"https:\/\/www.facebook.com\/OArcanjoNoAr\/","article_published_time":"2019-04-13T03:23:23+00:00","article_modified_time":"2019-02-20T11:03:05+00:00","og_image":[{"url":"http:\/\/2.bp.blogspot.com\/_z-c0Sh5Zlrs\/SJJ-s-SKEdI\/AAAAAAAABLI\/jC01zXFGb88\/s400\/Santa+Ida.jpg"}],"author":"danilo","twitter_card":"summary_large_image","twitter_misc":{"Escrito por":"danilo","Est. tempo de leitura":"2 minutos"},"schema":{"@context":"https:\/\/schema.org","@graph":[{"@type":"Article","@id":"https:\/\/www.oarcanjo.net\/site\/santa-ida\/#article","isPartOf":{"@id":"https:\/\/www.oarcanjo.net\/site\/santa-ida\/"},"author":{"name":"danilo","@id":"https:\/\/www.oarcanjo.net\/site\/#\/schema\/person\/5eb9480bedd2f3c97e430ce128c29c6c"},"headline":"Santa Ida","datePublished":"2019-04-13T03:23:23+00:00","dateModified":"2019-02-20T11:03:05+00:00","mainEntityOfPage":{"@id":"https:\/\/www.oarcanjo.net\/site\/santa-ida\/"},"wordCount":447,"commentCount":0,"publisher":{"@id":"https:\/\/www.oarcanjo.net\/site\/#organization"},"image":{"@id":"https:\/\/www.oarcanjo.net\/site\/santa-ida\/#primaryimage"},"thumbnailUrl":"http:\/\/2.bp.blogspot.com\/_z-c0Sh5Zlrs\/SJJ-s-SKEdI\/AAAAAAAABLI\/jC01zXFGb88\/s400\/Santa+Ida.jpg","articleSection":["Testemunhos"],"inLanguage":"pt-BR","potentialAction":[{"@type":"CommentAction","name":"Comment","target":["https:\/\/www.oarcanjo.net\/site\/santa-ida\/#respond"]}]},{"@type":"WebPage","@id":"https:\/\/www.oarcanjo.net\/site\/santa-ida\/","url":"https:\/\/www.oarcanjo.net\/site\/santa-ida\/","name":"Santa Ida - O Arcanjo no ar","isPartOf":{"@id":"https:\/\/www.oarcanjo.net\/site\/#website"},"primaryImageOfPage":{"@id":"https:\/\/www.oarcanjo.net\/site\/santa-ida\/#primaryimage"},"image":{"@id":"https:\/\/www.oarcanjo.net\/site\/santa-ida\/#primaryimage"},"thumbnailUrl":"http:\/\/2.bp.blogspot.com\/_z-c0Sh5Zlrs\/SJJ-s-SKEdI\/AAAAAAAABLI\/jC01zXFGb88\/s400\/Santa+Ida.jpg","datePublished":"2019-04-13T03:23:23+00:00","dateModified":"2019-02-20T11:03:05+00:00","breadcrumb":{"@id":"https:\/\/www.oarcanjo.net\/site\/santa-ida\/#breadcrumb"},"inLanguage":"pt-BR","potentialAction":[{"@type":"ReadAction","target":["https:\/\/www.oarcanjo.net\/site\/santa-ida\/"]}]},{"@type":"ImageObject","inLanguage":"pt-BR","@id":"https:\/\/www.oarcanjo.net\/site\/santa-ida\/#primaryimage","url":"http:\/\/2.bp.blogspot.com\/_z-c0Sh5Zlrs\/SJJ-s-SKEdI\/AAAAAAAABLI\/jC01zXFGb88\/s400\/Santa+Ida.jpg","contentUrl":"http:\/\/2.bp.blogspot.com\/_z-c0Sh5Zlrs\/SJJ-s-SKEdI\/AAAAAAAABLI\/jC01zXFGb88\/s400\/Santa+Ida.jpg"},{"@type":"BreadcrumbList","@id":"https:\/\/www.oarcanjo.net\/site\/santa-ida\/#breadcrumb","itemListElement":[{"@type":"ListItem","position":1,"name":"In\u00edcio","item":"https:\/\/www.oarcanjo.net\/site\/"},{"@type":"ListItem","position":2,"name":"Santa Ida"}]},{"@type":"WebSite","@id":"https:\/\/www.oarcanjo.net\/site\/#website","url":"https:\/\/www.oarcanjo.net\/site\/","name":"O Arcanjo no ar","description":"Site da Par\u00f3quia S\u00e3o Miguel Arcanjo (Arquidiocese de SP)","publisher":{"@id":"https:\/\/www.oarcanjo.net\/site\/#organization"},"potentialAction":[{"@type":"SearchAction","target":{"@type":"EntryPoint","urlTemplate":"https:\/\/www.oarcanjo.net\/site\/?s={search_term_string}"},"query-input":{"@type":"PropertyValueSpecification","valueRequired":true,"valueName":"search_term_string"}}],"inLanguage":"pt-BR"},{"@type":"Organization","@id":"https:\/\/www.oarcanjo.net\/site\/#organization","name":"Par\u00f3quia S\u00e3o Miguel Arcanjo","url":"https:\/\/www.oarcanjo.net\/site\/","logo":{"@type":"ImageObject","inLanguage":"pt-BR","@id":"https:\/\/www.oarcanjo.net\/site\/#\/schema\/logo\/image\/","url":"https:\/\/www.oarcanjo.net\/site\/wp-content\/uploads\/LogoOArcanjo.png","contentUrl":"https:\/\/www.oarcanjo.net\/site\/wp-content\/uploads\/LogoOArcanjo.png","width":319,"height":99,"caption":"Par\u00f3quia S\u00e3o Miguel Arcanjo"},"image":{"@id":"https:\/\/www.oarcanjo.net\/site\/#\/schema\/logo\/image\/"},"sameAs":["https:\/\/www.facebook.com\/OArcanjoNoAr\/"]},{"@type":"Person","@id":"https:\/\/www.oarcanjo.net\/site\/#\/schema\/person\/5eb9480bedd2f3c97e430ce128c29c6c","name":"danilo"}]}},"publishpress_future_action":{"enabled":false,"date":"2026-05-07 17:58:42","action":"category","newStatus":"draft","terms":[],"taxonomy":"category"},"publishpress_future_workflow_manual_trigger":{"enabledWorkflows":[]},"_links":{"self":[{"href":"https:\/\/www.oarcanjo.net\/site\/wp-json\/wp\/v2\/posts\/8748"}],"collection":[{"href":"https:\/\/www.oarcanjo.net\/site\/wp-json\/wp\/v2\/posts"}],"about":[{"href":"https:\/\/www.oarcanjo.net\/site\/wp-json\/wp\/v2\/types\/post"}],"author":[{"embeddable":true,"href":"https:\/\/www.oarcanjo.net\/site\/wp-json\/wp\/v2\/users\/14"}],"replies":[{"embeddable":true,"href":"https:\/\/www.oarcanjo.net\/site\/wp-json\/wp\/v2\/comments?post=8748"}],"version-history":[{"count":1,"href":"https:\/\/www.oarcanjo.net\/site\/wp-json\/wp\/v2\/posts\/8748\/revisions"}],"predecessor-version":[{"id":92941,"href":"https:\/\/www.oarcanjo.net\/site\/wp-json\/wp\/v2\/posts\/8748\/revisions\/92941"}],"wp:attachment":[{"href":"https:\/\/www.oarcanjo.net\/site\/wp-json\/wp\/v2\/media?parent=8748"}],"wp:term":[{"taxonomy":"category","embeddable":true,"href":"https:\/\/www.oarcanjo.net\/site\/wp-json\/wp\/v2\/categories?post=8748"},{"taxonomy":"post_tag","embeddable":true,"href":"https:\/\/www.oarcanjo.net\/site\/wp-json\/wp\/v2\/tags?post=8748"}],"curies":[{"name":"wp","href":"https:\/\/api.w.org\/{rel}","templated":true}]}}