
{"id":8750,"date":"2019-04-13T00:24:22","date_gmt":"2019-04-13T03:24:22","guid":{"rendered":"http:\/\/www.oarcanjo.net\/site\/?p=8750"},"modified":"2019-02-20T08:03:09","modified_gmt":"2019-02-20T11:03:09","slug":"sao-hermenegildo","status":"publish","type":"post","link":"https:\/\/www.oarcanjo.net\/site\/sao-hermenegildo\/","title":{"rendered":"S\u00e3o Hermenegildo"},"content":{"rendered":"<p><img decoding=\"async\" src=\"http:\/\/2.bp.blogspot.com\/_z-c0Sh5Zlrs\/SJJ_G2hepVI\/AAAAAAAABLQ\/HmEBJnqib2Q\/s400\/S%C3%A3o+Hermenegildo.jpg\" alt=\"\" \/><\/p>\n<p>13 de Abril<\/p>\n<p>Hermenegildo talvez seja a v\u00edtima mais conhecida da invas\u00e3o da Espanha cat\u00f3lica pelos visigodos, por volta do ano 459. Era filho do rei visigodo, mas despertou a ira do pai ao tornar-se cat\u00f3lico por causa de sua esposa, uma princesa francesa.<\/p>\n<p>Seu pai era Leovigildo, um impiedoso rei, conquistador de na\u00e7\u00f5es e exterminador de inimigos. Ap\u00f3s conquistar a terra, ele tratava de acabar com a cultura e a f\u00e9 locais, para dominar completamente os povos submetidos ao seu poder.<\/p>\n<p>Hermenegildo foi educado, junto com o irm\u00e3o Recaredo, para p\u00f4r em pr\u00e1tica esse plano do pai e, para isso, foram ambos nomeados pr\u00edncipes de Sevilha e Toledo, respectivamente. Mas Hermenegildo casou-se com Ingonda, uma princesa cat\u00f3lica de origem francesa, e esta mudou os planos tra\u00e7ados para ele.<\/p>\n<p>Ingonda era profundamente crist\u00e3. Suas ora\u00e7\u00f5es e explica\u00e7\u00f5es do Evangelho converteram Hermenegildo. Leovigildo, irado, amea\u00e7ou cassar seu cargo se n\u00e3o abandonasse a nova f\u00e9, por\u00e9m ele n\u00e3o se dobrou. Sua resposta est\u00e1 registrada para a posteridade: &#8220;Nada me custa renunciar \u00e0 coroa terrestre, se j\u00e1 tenho garantida a celeste&#8221;.<br \/>\nO pai dirigiu, pessoalmente, o cumprimento da amea\u00e7a, liderando enorme ex\u00e9rcito que marchou contra Sevilha.<\/p>\n<p>Prendeu o filho, esperando que os supl\u00edcios do c\u00e1rcere o fizessem abandonar o catolicismo, mas nada conseguiu. Mandou decepar a cabe\u00e7a de Hermenegildo, que pouco antes se recusara a receber a santa eucaristia das m\u00e3os de um bispo ariano, em 13 de abril de 585.<\/p>\n<p>Entretanto o crime contra o pr\u00f3prio filho acabou por encher Leovigildo de profundo remorso. Revendo suas posi\u00e7\u00f5es anos depois, converteu-se tamb\u00e9m, e a Igreja da Espanha alcan\u00e7ou, definitivamente, a paz.<\/p>\n<p>Em 1586, o papa Sixto V declarou a festa de s\u00e3o Hermenegildo para o dia do seu mart\u00edrio e o indicou como padroeiro da Espanha.<\/p>\n<div id=\"themify_builder_content-8750\" data-postid=\"8750\" class=\"themify_builder_content themify_builder_content-8750 themify_builder themify_builder_front\">\n\t<\/div>\n<!-- \/themify_builder_content -->","protected":false},"excerpt":{"rendered":"<p>13 de Abril Hermenegildo talvez seja a v\u00edtima mais conhecida da invas\u00e3o da Espanha cat\u00f3lica pelos visigodos, por volta do ano 459. Era filho do rei visigodo, mas despertou a ira do pai ao tornar-se cat\u00f3lico por causa de sua esposa, uma princesa francesa. Seu pai era Leovigildo, um impiedoso rei, conquistador de na\u00e7\u00f5es e [&hellip;]<\/p>\n","protected":false},"author":14,"featured_media":0,"comment_status":"open","ping_status":"open","sticky":false,"template":"","format":"standard","meta":{"ngg_post_thumbnail":0,"footnotes":""},"categories":[186],"tags":[],"yoast_head":"<!-- This site is optimized with the Yoast SEO plugin v23.5 - https:\/\/yoast.com\/wordpress\/plugins\/seo\/ -->\n<title>S\u00e3o Hermenegildo - O Arcanjo no ar<\/title>\n<meta name=\"robots\" content=\"index, follow, max-snippet:-1, max-image-preview:large, max-video-preview:-1\" \/>\n<link rel=\"canonical\" href=\"https:\/\/www.oarcanjo.net\/site\/sao-hermenegildo\/\" \/>\n<meta property=\"og:locale\" content=\"pt_BR\" \/>\n<meta property=\"og:type\" content=\"article\" \/>\n<meta property=\"og:title\" content=\"S\u00e3o Hermenegildo - O Arcanjo no ar\" \/>\n<meta property=\"og:description\" content=\"13 de Abril Hermenegildo talvez seja a v\u00edtima mais conhecida da invas\u00e3o da Espanha cat\u00f3lica pelos visigodos, por volta do ano 459. Era filho do rei visigodo, mas despertou a ira do pai ao tornar-se cat\u00f3lico por causa de sua esposa, uma princesa francesa. Seu pai era Leovigildo, um impiedoso rei, conquistador de na\u00e7\u00f5es e [&hellip;]\" \/>\n<meta property=\"og:url\" content=\"https:\/\/www.oarcanjo.net\/site\/sao-hermenegildo\/\" \/>\n<meta property=\"og:site_name\" content=\"O Arcanjo no ar\" \/>\n<meta property=\"article:publisher\" content=\"https:\/\/www.facebook.com\/OArcanjoNoAr\/\" \/>\n<meta property=\"article:published_time\" content=\"2019-04-13T03:24:22+00:00\" \/>\n<meta property=\"article:modified_time\" content=\"2019-02-20T11:03:09+00:00\" \/>\n<meta property=\"og:image\" content=\"http:\/\/2.bp.blogspot.com\/_z-c0Sh5Zlrs\/SJJ_G2hepVI\/AAAAAAAABLQ\/HmEBJnqib2Q\/s400\/S%C3%A3o+Hermenegildo.jpg\" \/>\n<meta name=\"author\" content=\"danilo\" \/>\n<meta name=\"twitter:card\" content=\"summary_large_image\" \/>\n<meta name=\"twitter:label1\" content=\"Escrito por\" \/>\n\t<meta name=\"twitter:data1\" content=\"danilo\" \/>\n\t<meta name=\"twitter:label2\" content=\"Est. tempo de leitura\" \/>\n\t<meta name=\"twitter:data2\" content=\"2 minutos\" \/>\n<script type=\"application\/ld+json\" class=\"yoast-schema-graph\">{\"@context\":\"https:\/\/schema.org\",\"@graph\":[{\"@type\":\"Article\",\"@id\":\"https:\/\/www.oarcanjo.net\/site\/sao-hermenegildo\/#article\",\"isPartOf\":{\"@id\":\"https:\/\/www.oarcanjo.net\/site\/sao-hermenegildo\/\"},\"author\":{\"name\":\"danilo\",\"@id\":\"https:\/\/www.oarcanjo.net\/site\/#\/schema\/person\/5eb9480bedd2f3c97e430ce128c29c6c\"},\"headline\":\"S\u00e3o Hermenegildo\",\"datePublished\":\"2019-04-13T03:24:22+00:00\",\"dateModified\":\"2019-02-20T11:03:09+00:00\",\"mainEntityOfPage\":{\"@id\":\"https:\/\/www.oarcanjo.net\/site\/sao-hermenegildo\/\"},\"wordCount\":320,\"commentCount\":0,\"publisher\":{\"@id\":\"https:\/\/www.oarcanjo.net\/site\/#organization\"},\"image\":{\"@id\":\"https:\/\/www.oarcanjo.net\/site\/sao-hermenegildo\/#primaryimage\"},\"thumbnailUrl\":\"http:\/\/2.bp.blogspot.com\/_z-c0Sh5Zlrs\/SJJ_G2hepVI\/AAAAAAAABLQ\/HmEBJnqib2Q\/s400\/S%C3%A3o+Hermenegildo.jpg\",\"articleSection\":[\"Testemunhos\"],\"inLanguage\":\"pt-BR\",\"potentialAction\":[{\"@type\":\"CommentAction\",\"name\":\"Comment\",\"target\":[\"https:\/\/www.oarcanjo.net\/site\/sao-hermenegildo\/#respond\"]}]},{\"@type\":\"WebPage\",\"@id\":\"https:\/\/www.oarcanjo.net\/site\/sao-hermenegildo\/\",\"url\":\"https:\/\/www.oarcanjo.net\/site\/sao-hermenegildo\/\",\"name\":\"S\u00e3o Hermenegildo - O Arcanjo no ar\",\"isPartOf\":{\"@id\":\"https:\/\/www.oarcanjo.net\/site\/#website\"},\"primaryImageOfPage\":{\"@id\":\"https:\/\/www.oarcanjo.net\/site\/sao-hermenegildo\/#primaryimage\"},\"image\":{\"@id\":\"https:\/\/www.oarcanjo.net\/site\/sao-hermenegildo\/#primaryimage\"},\"thumbnailUrl\":\"http:\/\/2.bp.blogspot.com\/_z-c0Sh5Zlrs\/SJJ_G2hepVI\/AAAAAAAABLQ\/HmEBJnqib2Q\/s400\/S%C3%A3o+Hermenegildo.jpg\",\"datePublished\":\"2019-04-13T03:24:22+00:00\",\"dateModified\":\"2019-02-20T11:03:09+00:00\",\"breadcrumb\":{\"@id\":\"https:\/\/www.oarcanjo.net\/site\/sao-hermenegildo\/#breadcrumb\"},\"inLanguage\":\"pt-BR\",\"potentialAction\":[{\"@type\":\"ReadAction\",\"target\":[\"https:\/\/www.oarcanjo.net\/site\/sao-hermenegildo\/\"]}]},{\"@type\":\"ImageObject\",\"inLanguage\":\"pt-BR\",\"@id\":\"https:\/\/www.oarcanjo.net\/site\/sao-hermenegildo\/#primaryimage\",\"url\":\"http:\/\/2.bp.blogspot.com\/_z-c0Sh5Zlrs\/SJJ_G2hepVI\/AAAAAAAABLQ\/HmEBJnqib2Q\/s400\/S%C3%A3o+Hermenegildo.jpg\",\"contentUrl\":\"http:\/\/2.bp.blogspot.com\/_z-c0Sh5Zlrs\/SJJ_G2hepVI\/AAAAAAAABLQ\/HmEBJnqib2Q\/s400\/S%C3%A3o+Hermenegildo.jpg\"},{\"@type\":\"BreadcrumbList\",\"@id\":\"https:\/\/www.oarcanjo.net\/site\/sao-hermenegildo\/#breadcrumb\",\"itemListElement\":[{\"@type\":\"ListItem\",\"position\":1,\"name\":\"In\u00edcio\",\"item\":\"https:\/\/www.oarcanjo.net\/site\/\"},{\"@type\":\"ListItem\",\"position\":2,\"name\":\"S\u00e3o Hermenegildo\"}]},{\"@type\":\"WebSite\",\"@id\":\"https:\/\/www.oarcanjo.net\/site\/#website\",\"url\":\"https:\/\/www.oarcanjo.net\/site\/\",\"name\":\"O Arcanjo no ar\",\"description\":\"Site da Par\u00f3quia S\u00e3o Miguel Arcanjo (Arquidiocese de SP)\",\"publisher\":{\"@id\":\"https:\/\/www.oarcanjo.net\/site\/#organization\"},\"potentialAction\":[{\"@type\":\"SearchAction\",\"target\":{\"@type\":\"EntryPoint\",\"urlTemplate\":\"https:\/\/www.oarcanjo.net\/site\/?s={search_term_string}\"},\"query-input\":{\"@type\":\"PropertyValueSpecification\",\"valueRequired\":true,\"valueName\":\"search_term_string\"}}],\"inLanguage\":\"pt-BR\"},{\"@type\":\"Organization\",\"@id\":\"https:\/\/www.oarcanjo.net\/site\/#organization\",\"name\":\"Par\u00f3quia S\u00e3o Miguel Arcanjo\",\"url\":\"https:\/\/www.oarcanjo.net\/site\/\",\"logo\":{\"@type\":\"ImageObject\",\"inLanguage\":\"pt-BR\",\"@id\":\"https:\/\/www.oarcanjo.net\/site\/#\/schema\/logo\/image\/\",\"url\":\"https:\/\/www.oarcanjo.net\/site\/wp-content\/uploads\/LogoOArcanjo.png\",\"contentUrl\":\"https:\/\/www.oarcanjo.net\/site\/wp-content\/uploads\/LogoOArcanjo.png\",\"width\":319,\"height\":99,\"caption\":\"Par\u00f3quia S\u00e3o Miguel Arcanjo\"},\"image\":{\"@id\":\"https:\/\/www.oarcanjo.net\/site\/#\/schema\/logo\/image\/\"},\"sameAs\":[\"https:\/\/www.facebook.com\/OArcanjoNoAr\/\"]},{\"@type\":\"Person\",\"@id\":\"https:\/\/www.oarcanjo.net\/site\/#\/schema\/person\/5eb9480bedd2f3c97e430ce128c29c6c\",\"name\":\"danilo\"}]}<\/script>\n<!-- \/ Yoast SEO plugin. -->","yoast_head_json":{"title":"S\u00e3o Hermenegildo - O Arcanjo no ar","robots":{"index":"index","follow":"follow","max-snippet":"max-snippet:-1","max-image-preview":"max-image-preview:large","max-video-preview":"max-video-preview:-1"},"canonical":"https:\/\/www.oarcanjo.net\/site\/sao-hermenegildo\/","og_locale":"pt_BR","og_type":"article","og_title":"S\u00e3o Hermenegildo - O Arcanjo no ar","og_description":"13 de Abril Hermenegildo talvez seja a v\u00edtima mais conhecida da invas\u00e3o da Espanha cat\u00f3lica pelos visigodos, por volta do ano 459. Era filho do rei visigodo, mas despertou a ira do pai ao tornar-se cat\u00f3lico por causa de sua esposa, uma princesa francesa. Seu pai era Leovigildo, um impiedoso rei, conquistador de na\u00e7\u00f5es e [&hellip;]","og_url":"https:\/\/www.oarcanjo.net\/site\/sao-hermenegildo\/","og_site_name":"O Arcanjo no ar","article_publisher":"https:\/\/www.facebook.com\/OArcanjoNoAr\/","article_published_time":"2019-04-13T03:24:22+00:00","article_modified_time":"2019-02-20T11:03:09+00:00","og_image":[{"url":"http:\/\/2.bp.blogspot.com\/_z-c0Sh5Zlrs\/SJJ_G2hepVI\/AAAAAAAABLQ\/HmEBJnqib2Q\/s400\/S%C3%A3o+Hermenegildo.jpg"}],"author":"danilo","twitter_card":"summary_large_image","twitter_misc":{"Escrito por":"danilo","Est. tempo de leitura":"2 minutos"},"schema":{"@context":"https:\/\/schema.org","@graph":[{"@type":"Article","@id":"https:\/\/www.oarcanjo.net\/site\/sao-hermenegildo\/#article","isPartOf":{"@id":"https:\/\/www.oarcanjo.net\/site\/sao-hermenegildo\/"},"author":{"name":"danilo","@id":"https:\/\/www.oarcanjo.net\/site\/#\/schema\/person\/5eb9480bedd2f3c97e430ce128c29c6c"},"headline":"S\u00e3o Hermenegildo","datePublished":"2019-04-13T03:24:22+00:00","dateModified":"2019-02-20T11:03:09+00:00","mainEntityOfPage":{"@id":"https:\/\/www.oarcanjo.net\/site\/sao-hermenegildo\/"},"wordCount":320,"commentCount":0,"publisher":{"@id":"https:\/\/www.oarcanjo.net\/site\/#organization"},"image":{"@id":"https:\/\/www.oarcanjo.net\/site\/sao-hermenegildo\/#primaryimage"},"thumbnailUrl":"http:\/\/2.bp.blogspot.com\/_z-c0Sh5Zlrs\/SJJ_G2hepVI\/AAAAAAAABLQ\/HmEBJnqib2Q\/s400\/S%C3%A3o+Hermenegildo.jpg","articleSection":["Testemunhos"],"inLanguage":"pt-BR","potentialAction":[{"@type":"CommentAction","name":"Comment","target":["https:\/\/www.oarcanjo.net\/site\/sao-hermenegildo\/#respond"]}]},{"@type":"WebPage","@id":"https:\/\/www.oarcanjo.net\/site\/sao-hermenegildo\/","url":"https:\/\/www.oarcanjo.net\/site\/sao-hermenegildo\/","name":"S\u00e3o Hermenegildo - O Arcanjo no ar","isPartOf":{"@id":"https:\/\/www.oarcanjo.net\/site\/#website"},"primaryImageOfPage":{"@id":"https:\/\/www.oarcanjo.net\/site\/sao-hermenegildo\/#primaryimage"},"image":{"@id":"https:\/\/www.oarcanjo.net\/site\/sao-hermenegildo\/#primaryimage"},"thumbnailUrl":"http:\/\/2.bp.blogspot.com\/_z-c0Sh5Zlrs\/SJJ_G2hepVI\/AAAAAAAABLQ\/HmEBJnqib2Q\/s400\/S%C3%A3o+Hermenegildo.jpg","datePublished":"2019-04-13T03:24:22+00:00","dateModified":"2019-02-20T11:03:09+00:00","breadcrumb":{"@id":"https:\/\/www.oarcanjo.net\/site\/sao-hermenegildo\/#breadcrumb"},"inLanguage":"pt-BR","potentialAction":[{"@type":"ReadAction","target":["https:\/\/www.oarcanjo.net\/site\/sao-hermenegildo\/"]}]},{"@type":"ImageObject","inLanguage":"pt-BR","@id":"https:\/\/www.oarcanjo.net\/site\/sao-hermenegildo\/#primaryimage","url":"http:\/\/2.bp.blogspot.com\/_z-c0Sh5Zlrs\/SJJ_G2hepVI\/AAAAAAAABLQ\/HmEBJnqib2Q\/s400\/S%C3%A3o+Hermenegildo.jpg","contentUrl":"http:\/\/2.bp.blogspot.com\/_z-c0Sh5Zlrs\/SJJ_G2hepVI\/AAAAAAAABLQ\/HmEBJnqib2Q\/s400\/S%C3%A3o+Hermenegildo.jpg"},{"@type":"BreadcrumbList","@id":"https:\/\/www.oarcanjo.net\/site\/sao-hermenegildo\/#breadcrumb","itemListElement":[{"@type":"ListItem","position":1,"name":"In\u00edcio","item":"https:\/\/www.oarcanjo.net\/site\/"},{"@type":"ListItem","position":2,"name":"S\u00e3o Hermenegildo"}]},{"@type":"WebSite","@id":"https:\/\/www.oarcanjo.net\/site\/#website","url":"https:\/\/www.oarcanjo.net\/site\/","name":"O Arcanjo no ar","description":"Site da Par\u00f3quia S\u00e3o Miguel Arcanjo (Arquidiocese de SP)","publisher":{"@id":"https:\/\/www.oarcanjo.net\/site\/#organization"},"potentialAction":[{"@type":"SearchAction","target":{"@type":"EntryPoint","urlTemplate":"https:\/\/www.oarcanjo.net\/site\/?s={search_term_string}"},"query-input":{"@type":"PropertyValueSpecification","valueRequired":true,"valueName":"search_term_string"}}],"inLanguage":"pt-BR"},{"@type":"Organization","@id":"https:\/\/www.oarcanjo.net\/site\/#organization","name":"Par\u00f3quia S\u00e3o Miguel Arcanjo","url":"https:\/\/www.oarcanjo.net\/site\/","logo":{"@type":"ImageObject","inLanguage":"pt-BR","@id":"https:\/\/www.oarcanjo.net\/site\/#\/schema\/logo\/image\/","url":"https:\/\/www.oarcanjo.net\/site\/wp-content\/uploads\/LogoOArcanjo.png","contentUrl":"https:\/\/www.oarcanjo.net\/site\/wp-content\/uploads\/LogoOArcanjo.png","width":319,"height":99,"caption":"Par\u00f3quia S\u00e3o Miguel Arcanjo"},"image":{"@id":"https:\/\/www.oarcanjo.net\/site\/#\/schema\/logo\/image\/"},"sameAs":["https:\/\/www.facebook.com\/OArcanjoNoAr\/"]},{"@type":"Person","@id":"https:\/\/www.oarcanjo.net\/site\/#\/schema\/person\/5eb9480bedd2f3c97e430ce128c29c6c","name":"danilo"}]}},"publishpress_future_action":{"enabled":false,"date":"2026-05-07 19:10:29","action":"category","newStatus":"draft","terms":[],"taxonomy":"category"},"publishpress_future_workflow_manual_trigger":{"enabledWorkflows":[]},"_links":{"self":[{"href":"https:\/\/www.oarcanjo.net\/site\/wp-json\/wp\/v2\/posts\/8750"}],"collection":[{"href":"https:\/\/www.oarcanjo.net\/site\/wp-json\/wp\/v2\/posts"}],"about":[{"href":"https:\/\/www.oarcanjo.net\/site\/wp-json\/wp\/v2\/types\/post"}],"author":[{"embeddable":true,"href":"https:\/\/www.oarcanjo.net\/site\/wp-json\/wp\/v2\/users\/14"}],"replies":[{"embeddable":true,"href":"https:\/\/www.oarcanjo.net\/site\/wp-json\/wp\/v2\/comments?post=8750"}],"version-history":[{"count":1,"href":"https:\/\/www.oarcanjo.net\/site\/wp-json\/wp\/v2\/posts\/8750\/revisions"}],"predecessor-version":[{"id":92942,"href":"https:\/\/www.oarcanjo.net\/site\/wp-json\/wp\/v2\/posts\/8750\/revisions\/92942"}],"wp:attachment":[{"href":"https:\/\/www.oarcanjo.net\/site\/wp-json\/wp\/v2\/media?parent=8750"}],"wp:term":[{"taxonomy":"category","embeddable":true,"href":"https:\/\/www.oarcanjo.net\/site\/wp-json\/wp\/v2\/categories?post=8750"},{"taxonomy":"post_tag","embeddable":true,"href":"https:\/\/www.oarcanjo.net\/site\/wp-json\/wp\/v2\/tags?post=8750"}],"curies":[{"name":"wp","href":"https:\/\/api.w.org\/{rel}","templated":true}]}}