
{"id":8752,"date":"2019-04-14T00:25:28","date_gmt":"2019-04-14T03:25:28","guid":{"rendered":"http:\/\/www.oarcanjo.net\/site\/?p=8752"},"modified":"2019-02-20T08:03:13","modified_gmt":"2019-02-20T11:03:13","slug":"santa-liduina-lidvina","status":"publish","type":"post","link":"https:\/\/www.oarcanjo.net\/site\/santa-liduina-lidvina\/","title":{"rendered":"Santa Lidu\u00edna (Lidvina)"},"content":{"rendered":"<p><img decoding=\"async\" src=\"http:\/\/www.derradeirasgracas.com\/images\/1.%20O%20Santo%20do%20Dia%20-%20Fotos\/Santos%20de%20Abril%20-%20Fotos\/Santa%20Lidu%C3%ADna%20-%20Lidvina.gif\" alt=\"\" \/><\/p>\n<p>14 de Abril<\/p>\n<p>Lidvina ou Lidu\u00edna, como costuma ser chamada por n\u00f3s, nasceu em Schiedan, Holanda, em 1380, numa fam\u00edlia humilde e caridosa. Ainda crian\u00e7a, recolhia alimentos e roupas para os pobres e doentes abandonados. At\u00e9 os quinze anos, Lidu\u00edna era uma menina como todas as demais. Por\u00e9m, no inverno daquele ano, sua vida mudou completamente. Com um grupo de amigos foi patinar no gelo e, em plena descida da montanha, um deles se chocou violentamente contra ela. Estava quase morta com a coluna vertebral partida e com les\u00f5es internas. Imediatamente, foi levada para casa e colocada sobre a cama, de onde nunca mais saiu, at\u00e9 morrer.<\/p>\n<p>Depois do tr\u00e1gico acidente, apareceram complica\u00e7\u00f5es e outras doen\u00e7as, numa seq\u00fc\u00eancia muito r\u00e1pida. Apesar dos esfor\u00e7os, os m\u00e9dicos declararam que sua enfermidade n\u00e3o tinha cura e que o tratamento seria in\u00fatil, s\u00f3 empobrecendo ainda mais a fam\u00edlia.<\/p>\n<p>Os anos se passavam e Lidu\u00edna n\u00e3o melhorava, nem morria. Ficou a um passo do desespero total, quando chegou em seu socorro o padre Jo\u00e3o Pot, p\u00e1roco da igreja. Com conversas serenas, o sacerdote recordou a ela que: &#8220;Deus s\u00f3 poda a \u00e1rvore que mais gosta, para que produza mais frutos; e aos filhos que mais ama, mais os deixa sofrer&#8221;. E pendurou na frente da sua cama um crucifixo. Pediu que olhasse para ele e refletisse: se Jesus sofreu tanto, foi porque o sofrimento leva \u00e0 gl\u00f3ria da vida eterna.<\/p>\n<p>Lidu\u00edna entendeu que sua situa\u00e7\u00e3o n\u00e3o foi uma fatalidade sem sentido, ao contr\u00e1rio, foi uma ben\u00e7\u00e3o dada pelo Senhor. Do seu leito, podia colaborar com a reden\u00e7\u00e3o, ofertando seu mart\u00edrio para a salva\u00e7\u00e3o das almas. E disse ao padre que gostaria de receber um sinal que confirmasse ser esse o seu caminho. E ela o obteve, naquela mesma hora. Na sua fronte apareceu uma resplandecente h\u00f3stia eucar\u00edstica, vista por todos, inclusive pelo padre Pot.<\/p>\n<p>A partir daquele momento, Lidu\u00edna nunca mais pediu que Deus lhe aliviasse os sofrimentos; pedia, sim, que lhe desse amor para sofrer pela convers\u00e3o dos pecadores e pela salva\u00e7\u00e3o das almas. Do seu leito de enferma ela recebeu de Deus o dom da profecia e da cura pela ora\u00e7\u00e3o aos enfermos. Ap\u00f3s doze anos de enfermidade, tamb\u00e9m come\u00e7ou a ter \u00eaxtases espirituais, recebendo mensagens de Deus e da Virgem Maria.<\/p>\n<p>Em 1421, as autoridades civis publicaram um documento atestando que nos \u00faltimos sete anos Lidu\u00edna s\u00f3 se alimentava da sagrada eucaristia e das ora\u00e7\u00f5es. Sua enfermidade a impossibilitava de comer e de beber, e nada podia explicar tal prod\u00edgio. Nos \u00faltimos sete meses de vida, seu sofrimento foi terr\u00edvel. Ficou reduzida a uma sombra e uma voz que rezava incessantemente. No dia 14 de abril de 1433, ap\u00f3s a P\u00e1scoa, Lidu\u00edna morreu serena e em paz. Ao padre e ao m\u00e9dico que a assistiam, pediu que fizessem de sua casa um hospital para os pobres com doen\u00e7as incur\u00e1veis. E assim foi feito.<\/p>\n<p>Em 1890, o papa Le\u00e3o XII elevou santa Lidu\u00edna ao altar e autorizou o seu culto para o dia da sua morte. A igreja de Schiedan, constru\u00edda em sua homenagem, tornou-se um santu\u00e1rio, muito procurado pelos devotos que a consideram padroeira dos doentes incur\u00e1veis.<\/p>\n<div id=\"themify_builder_content-8752\" data-postid=\"8752\" class=\"themify_builder_content themify_builder_content-8752 themify_builder themify_builder_front\">\n\t<\/div>\n<!-- \/themify_builder_content -->","protected":false},"excerpt":{"rendered":"<p>14 de Abril Lidvina ou Lidu\u00edna, como costuma ser chamada por n\u00f3s, nasceu em Schiedan, Holanda, em 1380, numa fam\u00edlia humilde e caridosa. Ainda crian\u00e7a, recolhia alimentos e roupas para os pobres e doentes abandonados. At\u00e9 os quinze anos, Lidu\u00edna era uma menina como todas as demais. Por\u00e9m, no inverno daquele ano, sua vida mudou [&hellip;]<\/p>\n","protected":false},"author":14,"featured_media":0,"comment_status":"open","ping_status":"open","sticky":false,"template":"","format":"standard","meta":{"ngg_post_thumbnail":0,"footnotes":""},"categories":[186],"tags":[],"yoast_head":"<!-- This site is optimized with the Yoast SEO plugin v23.5 - https:\/\/yoast.com\/wordpress\/plugins\/seo\/ -->\n<title>Santa Lidu\u00edna (Lidvina) - O Arcanjo no ar<\/title>\n<meta name=\"robots\" content=\"index, follow, max-snippet:-1, max-image-preview:large, max-video-preview:-1\" \/>\n<link rel=\"canonical\" href=\"https:\/\/www.oarcanjo.net\/site\/santa-liduina-lidvina\/\" \/>\n<meta property=\"og:locale\" content=\"pt_BR\" \/>\n<meta property=\"og:type\" content=\"article\" \/>\n<meta property=\"og:title\" content=\"Santa Lidu\u00edna (Lidvina) - O Arcanjo no ar\" \/>\n<meta property=\"og:description\" content=\"14 de Abril Lidvina ou Lidu\u00edna, como costuma ser chamada por n\u00f3s, nasceu em Schiedan, Holanda, em 1380, numa fam\u00edlia humilde e caridosa. Ainda crian\u00e7a, recolhia alimentos e roupas para os pobres e doentes abandonados. At\u00e9 os quinze anos, Lidu\u00edna era uma menina como todas as demais. Por\u00e9m, no inverno daquele ano, sua vida mudou [&hellip;]\" \/>\n<meta property=\"og:url\" content=\"https:\/\/www.oarcanjo.net\/site\/santa-liduina-lidvina\/\" \/>\n<meta property=\"og:site_name\" content=\"O Arcanjo no ar\" \/>\n<meta property=\"article:publisher\" content=\"https:\/\/www.facebook.com\/OArcanjoNoAr\/\" \/>\n<meta property=\"article:published_time\" content=\"2019-04-14T03:25:28+00:00\" \/>\n<meta property=\"article:modified_time\" content=\"2019-02-20T11:03:13+00:00\" \/>\n<meta property=\"og:image\" content=\"http:\/\/www.derradeirasgracas.com\/images\/1.%20O%20Santo%20do%20Dia%20-%20Fotos\/Santos%20de%20Abril%20-%20Fotos\/Santa%20Lidu%C3%ADna%20-%20Lidvina.gif\" \/>\n<meta name=\"author\" content=\"danilo\" \/>\n<meta name=\"twitter:card\" content=\"summary_large_image\" \/>\n<meta name=\"twitter:label1\" content=\"Escrito por\" \/>\n\t<meta name=\"twitter:data1\" content=\"danilo\" \/>\n\t<meta name=\"twitter:label2\" content=\"Est. tempo de leitura\" \/>\n\t<meta name=\"twitter:data2\" content=\"3 minutos\" \/>\n<script type=\"application\/ld+json\" class=\"yoast-schema-graph\">{\"@context\":\"https:\/\/schema.org\",\"@graph\":[{\"@type\":\"Article\",\"@id\":\"https:\/\/www.oarcanjo.net\/site\/santa-liduina-lidvina\/#article\",\"isPartOf\":{\"@id\":\"https:\/\/www.oarcanjo.net\/site\/santa-liduina-lidvina\/\"},\"author\":{\"name\":\"danilo\",\"@id\":\"https:\/\/www.oarcanjo.net\/site\/#\/schema\/person\/5eb9480bedd2f3c97e430ce128c29c6c\"},\"headline\":\"Santa Lidu\u00edna (Lidvina)\",\"datePublished\":\"2019-04-14T03:25:28+00:00\",\"dateModified\":\"2019-02-20T11:03:13+00:00\",\"mainEntityOfPage\":{\"@id\":\"https:\/\/www.oarcanjo.net\/site\/santa-liduina-lidvina\/\"},\"wordCount\":576,\"commentCount\":1,\"publisher\":{\"@id\":\"https:\/\/www.oarcanjo.net\/site\/#organization\"},\"image\":{\"@id\":\"https:\/\/www.oarcanjo.net\/site\/santa-liduina-lidvina\/#primaryimage\"},\"thumbnailUrl\":\"http:\/\/www.derradeirasgracas.com\/images\/1.%20O%20Santo%20do%20Dia%20-%20Fotos\/Santos%20de%20Abril%20-%20Fotos\/Santa%20Lidu%C3%ADna%20-%20Lidvina.gif\",\"articleSection\":[\"Testemunhos\"],\"inLanguage\":\"pt-BR\",\"potentialAction\":[{\"@type\":\"CommentAction\",\"name\":\"Comment\",\"target\":[\"https:\/\/www.oarcanjo.net\/site\/santa-liduina-lidvina\/#respond\"]}]},{\"@type\":\"WebPage\",\"@id\":\"https:\/\/www.oarcanjo.net\/site\/santa-liduina-lidvina\/\",\"url\":\"https:\/\/www.oarcanjo.net\/site\/santa-liduina-lidvina\/\",\"name\":\"Santa Lidu\u00edna (Lidvina) - O Arcanjo no ar\",\"isPartOf\":{\"@id\":\"https:\/\/www.oarcanjo.net\/site\/#website\"},\"primaryImageOfPage\":{\"@id\":\"https:\/\/www.oarcanjo.net\/site\/santa-liduina-lidvina\/#primaryimage\"},\"image\":{\"@id\":\"https:\/\/www.oarcanjo.net\/site\/santa-liduina-lidvina\/#primaryimage\"},\"thumbnailUrl\":\"http:\/\/www.derradeirasgracas.com\/images\/1.%20O%20Santo%20do%20Dia%20-%20Fotos\/Santos%20de%20Abril%20-%20Fotos\/Santa%20Lidu%C3%ADna%20-%20Lidvina.gif\",\"datePublished\":\"2019-04-14T03:25:28+00:00\",\"dateModified\":\"2019-02-20T11:03:13+00:00\",\"breadcrumb\":{\"@id\":\"https:\/\/www.oarcanjo.net\/site\/santa-liduina-lidvina\/#breadcrumb\"},\"inLanguage\":\"pt-BR\",\"potentialAction\":[{\"@type\":\"ReadAction\",\"target\":[\"https:\/\/www.oarcanjo.net\/site\/santa-liduina-lidvina\/\"]}]},{\"@type\":\"ImageObject\",\"inLanguage\":\"pt-BR\",\"@id\":\"https:\/\/www.oarcanjo.net\/site\/santa-liduina-lidvina\/#primaryimage\",\"url\":\"http:\/\/www.derradeirasgracas.com\/images\/1.%20O%20Santo%20do%20Dia%20-%20Fotos\/Santos%20de%20Abril%20-%20Fotos\/Santa%20Lidu%C3%ADna%20-%20Lidvina.gif\",\"contentUrl\":\"http:\/\/www.derradeirasgracas.com\/images\/1.%20O%20Santo%20do%20Dia%20-%20Fotos\/Santos%20de%20Abril%20-%20Fotos\/Santa%20Lidu%C3%ADna%20-%20Lidvina.gif\"},{\"@type\":\"BreadcrumbList\",\"@id\":\"https:\/\/www.oarcanjo.net\/site\/santa-liduina-lidvina\/#breadcrumb\",\"itemListElement\":[{\"@type\":\"ListItem\",\"position\":1,\"name\":\"In\u00edcio\",\"item\":\"https:\/\/www.oarcanjo.net\/site\/\"},{\"@type\":\"ListItem\",\"position\":2,\"name\":\"Santa Lidu\u00edna (Lidvina)\"}]},{\"@type\":\"WebSite\",\"@id\":\"https:\/\/www.oarcanjo.net\/site\/#website\",\"url\":\"https:\/\/www.oarcanjo.net\/site\/\",\"name\":\"O Arcanjo no ar\",\"description\":\"Site da Par\u00f3quia S\u00e3o Miguel Arcanjo (Arquidiocese de SP)\",\"publisher\":{\"@id\":\"https:\/\/www.oarcanjo.net\/site\/#organization\"},\"potentialAction\":[{\"@type\":\"SearchAction\",\"target\":{\"@type\":\"EntryPoint\",\"urlTemplate\":\"https:\/\/www.oarcanjo.net\/site\/?s={search_term_string}\"},\"query-input\":{\"@type\":\"PropertyValueSpecification\",\"valueRequired\":true,\"valueName\":\"search_term_string\"}}],\"inLanguage\":\"pt-BR\"},{\"@type\":\"Organization\",\"@id\":\"https:\/\/www.oarcanjo.net\/site\/#organization\",\"name\":\"Par\u00f3quia S\u00e3o Miguel Arcanjo\",\"url\":\"https:\/\/www.oarcanjo.net\/site\/\",\"logo\":{\"@type\":\"ImageObject\",\"inLanguage\":\"pt-BR\",\"@id\":\"https:\/\/www.oarcanjo.net\/site\/#\/schema\/logo\/image\/\",\"url\":\"https:\/\/www.oarcanjo.net\/site\/wp-content\/uploads\/LogoOArcanjo.png\",\"contentUrl\":\"https:\/\/www.oarcanjo.net\/site\/wp-content\/uploads\/LogoOArcanjo.png\",\"width\":319,\"height\":99,\"caption\":\"Par\u00f3quia S\u00e3o Miguel Arcanjo\"},\"image\":{\"@id\":\"https:\/\/www.oarcanjo.net\/site\/#\/schema\/logo\/image\/\"},\"sameAs\":[\"https:\/\/www.facebook.com\/OArcanjoNoAr\/\"]},{\"@type\":\"Person\",\"@id\":\"https:\/\/www.oarcanjo.net\/site\/#\/schema\/person\/5eb9480bedd2f3c97e430ce128c29c6c\",\"name\":\"danilo\"}]}<\/script>\n<!-- \/ Yoast SEO plugin. -->","yoast_head_json":{"title":"Santa Lidu\u00edna (Lidvina) - O Arcanjo no ar","robots":{"index":"index","follow":"follow","max-snippet":"max-snippet:-1","max-image-preview":"max-image-preview:large","max-video-preview":"max-video-preview:-1"},"canonical":"https:\/\/www.oarcanjo.net\/site\/santa-liduina-lidvina\/","og_locale":"pt_BR","og_type":"article","og_title":"Santa Lidu\u00edna (Lidvina) - O Arcanjo no ar","og_description":"14 de Abril Lidvina ou Lidu\u00edna, como costuma ser chamada por n\u00f3s, nasceu em Schiedan, Holanda, em 1380, numa fam\u00edlia humilde e caridosa. Ainda crian\u00e7a, recolhia alimentos e roupas para os pobres e doentes abandonados. At\u00e9 os quinze anos, Lidu\u00edna era uma menina como todas as demais. Por\u00e9m, no inverno daquele ano, sua vida mudou [&hellip;]","og_url":"https:\/\/www.oarcanjo.net\/site\/santa-liduina-lidvina\/","og_site_name":"O Arcanjo no ar","article_publisher":"https:\/\/www.facebook.com\/OArcanjoNoAr\/","article_published_time":"2019-04-14T03:25:28+00:00","article_modified_time":"2019-02-20T11:03:13+00:00","og_image":[{"url":"http:\/\/www.derradeirasgracas.com\/images\/1.%20O%20Santo%20do%20Dia%20-%20Fotos\/Santos%20de%20Abril%20-%20Fotos\/Santa%20Lidu%C3%ADna%20-%20Lidvina.gif"}],"author":"danilo","twitter_card":"summary_large_image","twitter_misc":{"Escrito por":"danilo","Est. tempo de leitura":"3 minutos"},"schema":{"@context":"https:\/\/schema.org","@graph":[{"@type":"Article","@id":"https:\/\/www.oarcanjo.net\/site\/santa-liduina-lidvina\/#article","isPartOf":{"@id":"https:\/\/www.oarcanjo.net\/site\/santa-liduina-lidvina\/"},"author":{"name":"danilo","@id":"https:\/\/www.oarcanjo.net\/site\/#\/schema\/person\/5eb9480bedd2f3c97e430ce128c29c6c"},"headline":"Santa Lidu\u00edna (Lidvina)","datePublished":"2019-04-14T03:25:28+00:00","dateModified":"2019-02-20T11:03:13+00:00","mainEntityOfPage":{"@id":"https:\/\/www.oarcanjo.net\/site\/santa-liduina-lidvina\/"},"wordCount":576,"commentCount":1,"publisher":{"@id":"https:\/\/www.oarcanjo.net\/site\/#organization"},"image":{"@id":"https:\/\/www.oarcanjo.net\/site\/santa-liduina-lidvina\/#primaryimage"},"thumbnailUrl":"http:\/\/www.derradeirasgracas.com\/images\/1.%20O%20Santo%20do%20Dia%20-%20Fotos\/Santos%20de%20Abril%20-%20Fotos\/Santa%20Lidu%C3%ADna%20-%20Lidvina.gif","articleSection":["Testemunhos"],"inLanguage":"pt-BR","potentialAction":[{"@type":"CommentAction","name":"Comment","target":["https:\/\/www.oarcanjo.net\/site\/santa-liduina-lidvina\/#respond"]}]},{"@type":"WebPage","@id":"https:\/\/www.oarcanjo.net\/site\/santa-liduina-lidvina\/","url":"https:\/\/www.oarcanjo.net\/site\/santa-liduina-lidvina\/","name":"Santa Lidu\u00edna (Lidvina) - O Arcanjo no ar","isPartOf":{"@id":"https:\/\/www.oarcanjo.net\/site\/#website"},"primaryImageOfPage":{"@id":"https:\/\/www.oarcanjo.net\/site\/santa-liduina-lidvina\/#primaryimage"},"image":{"@id":"https:\/\/www.oarcanjo.net\/site\/santa-liduina-lidvina\/#primaryimage"},"thumbnailUrl":"http:\/\/www.derradeirasgracas.com\/images\/1.%20O%20Santo%20do%20Dia%20-%20Fotos\/Santos%20de%20Abril%20-%20Fotos\/Santa%20Lidu%C3%ADna%20-%20Lidvina.gif","datePublished":"2019-04-14T03:25:28+00:00","dateModified":"2019-02-20T11:03:13+00:00","breadcrumb":{"@id":"https:\/\/www.oarcanjo.net\/site\/santa-liduina-lidvina\/#breadcrumb"},"inLanguage":"pt-BR","potentialAction":[{"@type":"ReadAction","target":["https:\/\/www.oarcanjo.net\/site\/santa-liduina-lidvina\/"]}]},{"@type":"ImageObject","inLanguage":"pt-BR","@id":"https:\/\/www.oarcanjo.net\/site\/santa-liduina-lidvina\/#primaryimage","url":"http:\/\/www.derradeirasgracas.com\/images\/1.%20O%20Santo%20do%20Dia%20-%20Fotos\/Santos%20de%20Abril%20-%20Fotos\/Santa%20Lidu%C3%ADna%20-%20Lidvina.gif","contentUrl":"http:\/\/www.derradeirasgracas.com\/images\/1.%20O%20Santo%20do%20Dia%20-%20Fotos\/Santos%20de%20Abril%20-%20Fotos\/Santa%20Lidu%C3%ADna%20-%20Lidvina.gif"},{"@type":"BreadcrumbList","@id":"https:\/\/www.oarcanjo.net\/site\/santa-liduina-lidvina\/#breadcrumb","itemListElement":[{"@type":"ListItem","position":1,"name":"In\u00edcio","item":"https:\/\/www.oarcanjo.net\/site\/"},{"@type":"ListItem","position":2,"name":"Santa Lidu\u00edna (Lidvina)"}]},{"@type":"WebSite","@id":"https:\/\/www.oarcanjo.net\/site\/#website","url":"https:\/\/www.oarcanjo.net\/site\/","name":"O Arcanjo no ar","description":"Site da Par\u00f3quia S\u00e3o Miguel Arcanjo (Arquidiocese de SP)","publisher":{"@id":"https:\/\/www.oarcanjo.net\/site\/#organization"},"potentialAction":[{"@type":"SearchAction","target":{"@type":"EntryPoint","urlTemplate":"https:\/\/www.oarcanjo.net\/site\/?s={search_term_string}"},"query-input":{"@type":"PropertyValueSpecification","valueRequired":true,"valueName":"search_term_string"}}],"inLanguage":"pt-BR"},{"@type":"Organization","@id":"https:\/\/www.oarcanjo.net\/site\/#organization","name":"Par\u00f3quia S\u00e3o Miguel Arcanjo","url":"https:\/\/www.oarcanjo.net\/site\/","logo":{"@type":"ImageObject","inLanguage":"pt-BR","@id":"https:\/\/www.oarcanjo.net\/site\/#\/schema\/logo\/image\/","url":"https:\/\/www.oarcanjo.net\/site\/wp-content\/uploads\/LogoOArcanjo.png","contentUrl":"https:\/\/www.oarcanjo.net\/site\/wp-content\/uploads\/LogoOArcanjo.png","width":319,"height":99,"caption":"Par\u00f3quia S\u00e3o Miguel Arcanjo"},"image":{"@id":"https:\/\/www.oarcanjo.net\/site\/#\/schema\/logo\/image\/"},"sameAs":["https:\/\/www.facebook.com\/OArcanjoNoAr\/"]},{"@type":"Person","@id":"https:\/\/www.oarcanjo.net\/site\/#\/schema\/person\/5eb9480bedd2f3c97e430ce128c29c6c","name":"danilo"}]}},"publishpress_future_action":{"enabled":false,"date":"2026-05-07 17:57:33","action":"category","newStatus":"draft","terms":[],"taxonomy":"category"},"publishpress_future_workflow_manual_trigger":{"enabledWorkflows":[]},"_links":{"self":[{"href":"https:\/\/www.oarcanjo.net\/site\/wp-json\/wp\/v2\/posts\/8752"}],"collection":[{"href":"https:\/\/www.oarcanjo.net\/site\/wp-json\/wp\/v2\/posts"}],"about":[{"href":"https:\/\/www.oarcanjo.net\/site\/wp-json\/wp\/v2\/types\/post"}],"author":[{"embeddable":true,"href":"https:\/\/www.oarcanjo.net\/site\/wp-json\/wp\/v2\/users\/14"}],"replies":[{"embeddable":true,"href":"https:\/\/www.oarcanjo.net\/site\/wp-json\/wp\/v2\/comments?post=8752"}],"version-history":[{"count":1,"href":"https:\/\/www.oarcanjo.net\/site\/wp-json\/wp\/v2\/posts\/8752\/revisions"}],"predecessor-version":[{"id":92943,"href":"https:\/\/www.oarcanjo.net\/site\/wp-json\/wp\/v2\/posts\/8752\/revisions\/92943"}],"wp:attachment":[{"href":"https:\/\/www.oarcanjo.net\/site\/wp-json\/wp\/v2\/media?parent=8752"}],"wp:term":[{"taxonomy":"category","embeddable":true,"href":"https:\/\/www.oarcanjo.net\/site\/wp-json\/wp\/v2\/categories?post=8752"},{"taxonomy":"post_tag","embeddable":true,"href":"https:\/\/www.oarcanjo.net\/site\/wp-json\/wp\/v2\/tags?post=8752"}],"curies":[{"name":"wp","href":"https:\/\/api.w.org\/{rel}","templated":true}]}}