
{"id":8755,"date":"2019-04-14T00:37:49","date_gmt":"2019-04-14T03:37:49","guid":{"rendered":"http:\/\/www.oarcanjo.net\/site\/?p=8755"},"modified":"2019-02-20T08:03:20","modified_gmt":"2019-02-20T11:03:20","slug":"sao-benezet-ou-pequeno-bento","status":"publish","type":"post","link":"https:\/\/www.oarcanjo.net\/site\/sao-benezet-ou-pequeno-bento\/","title":{"rendered":"S\u00e3o Benezet, ou pequeno Bento"},"content":{"rendered":"<p><img decoding=\"async\" src=\"http:\/\/www.derradeirasgracas.com\/images\/1.%20O%20Santo%20do%20Dia%20-%20Fotos\/Santos%20de%20Abril%20-%20Fotos\/S%C3%A3o%20Benezet%20ou%20pequeno%20Bento.gif\" alt=\"\" \/><\/p>\n<p>Ponte com a capela de S\u00e3o Benezet &#8211; Avignon &#8211; Fran\u00e7a<\/p>\n<p>14 de Abril<\/p>\n<p>Benezet, nascido em 1163 na regi\u00e3o da Sav\u00f3ia, na Fran\u00e7a, era um humilde, mas alegre, pastor de ovelhas de doze anos. Diz a tradi\u00e7\u00e3o que ele ouviu, de repente, uma voz conversando com ele e dizendo ser Jesus. Como n\u00e3o enxergasse nada \u00e0 sua volta, de imediato ficou apreensivo, mas depois permaneceu confiante. Vejamos como tudo isso aconteceu, no in\u00edcio do segundo mil\u00eanio, cheio de supersti\u00e7\u00f5es e persegui\u00e7\u00f5es aos crist\u00e3os.<\/p>\n<p>Para Benezet, ou pequeno Bento, como era chamado, ter ouvido aquela voz n\u00e3o seria nada se n\u00e3o fosse a natureza da ordem que veio com ela. Deveria erguer uma ponte sobre o rio R\u00f3dano, do qual nunca tinha ouvido falar, al\u00e9m de ter de abandonar a profiss\u00e3o que tanto amava. Por\u00e9m o chamado tinha sido t\u00e3o real que Benezet n\u00e3o pensou duas vezes e se p\u00f4s a caminho. Ele tamb\u00e9m n\u00e3o estranhou quando, centenas de metros adiante, um jovem veio a seu encontro e simplesmente lhe comunicou que o acompanharia em sua empreitada na constru\u00e7\u00e3o da ponte.<\/p>\n<p>Ao chegar, finalmente, \u00e0s margens do rio determinado, na cidade de Avignon, Benezet assustou-se com o seu volume d&#8217;\u00e1gua. Orientado pelo novo amigo, que na verdade era um anjo que depois desapareceria, procurou o bispo, contando-lhe a miss\u00e3o que recebera. Foi ignorado. Procurou, ent\u00e3o, o prefeito, e este, julgando tratar-se de um louco, disse que o ajudaria se removesse uma pedra que atrapalhava a cidade e a usasse como alicerce para a gigantesca obra a ser erguida.<\/p>\n<p>Dizem os devotos que tudo mudou a partir desse momento. Benezet apenas fez o sinal da cruz sobre a pedra e, depois de levant\u00e1-la com facilidade, levou-a nos ombros at\u00e9 onde deveria ficar. Enquanto fazia isso, dezoito doentes teriam tocado a sua t\u00fanica e se curado imediatamente. Diante desse prod\u00edgio e gra\u00e7as, tanto o prefeito quanto o bispo assumiram a constru\u00e7\u00e3o da obra que ajudou o desenvolvimento de toda a regi\u00e3o. O pequeno Bento acabou falecendo antes da conclus\u00e3o da ponte, que levou onze anos para terminar.<\/p>\n<p>A ponte resistiu quinhentos anos antes de ruir. Foi reconstru\u00edda e trata-se do marco da cidade de Avignon, que tem, como seu padroeiro, s\u00e3o Benezet, ou o pequeno Bento, como querem os devotos, que nunca mais deixaram de pedir por sua intercess\u00e3o e de festej\u00e1-lo no dia 14 de abril.<\/p>\n<p><img decoding=\"async\" src=\"http:\/\/farm4.static.flickr.com\/3158\/2368746905_ae7b5832ab.jpg\" alt=\"\" \/><\/p>\n<div id=\"themify_builder_content-8755\" data-postid=\"8755\" class=\"themify_builder_content themify_builder_content-8755 themify_builder themify_builder_front\">\n\t<\/div>\n<!-- \/themify_builder_content -->","protected":false},"excerpt":{"rendered":"<p>Ponte com a capela de S\u00e3o Benezet &#8211; Avignon &#8211; Fran\u00e7a 14 de Abril Benezet, nascido em 1163 na regi\u00e3o da Sav\u00f3ia, na Fran\u00e7a, era um humilde, mas alegre, pastor de ovelhas de doze anos. Diz a tradi\u00e7\u00e3o que ele ouviu, de repente, uma voz conversando com ele e dizendo ser Jesus. Como n\u00e3o enxergasse [&hellip;]<\/p>\n","protected":false},"author":14,"featured_media":0,"comment_status":"open","ping_status":"open","sticky":false,"template":"","format":"standard","meta":{"ngg_post_thumbnail":0,"footnotes":""},"categories":[186],"tags":[],"yoast_head":"<!-- This site is optimized with the Yoast SEO plugin v23.5 - https:\/\/yoast.com\/wordpress\/plugins\/seo\/ -->\n<title>S\u00e3o Benezet, ou pequeno Bento - O Arcanjo no ar<\/title>\n<meta name=\"robots\" content=\"index, follow, max-snippet:-1, max-image-preview:large, max-video-preview:-1\" \/>\n<link rel=\"canonical\" href=\"https:\/\/www.oarcanjo.net\/site\/sao-benezet-ou-pequeno-bento\/\" \/>\n<meta property=\"og:locale\" content=\"pt_BR\" \/>\n<meta property=\"og:type\" content=\"article\" \/>\n<meta property=\"og:title\" content=\"S\u00e3o Benezet, ou pequeno Bento - O Arcanjo no ar\" \/>\n<meta property=\"og:description\" content=\"Ponte com a capela de S\u00e3o Benezet &#8211; Avignon &#8211; Fran\u00e7a 14 de Abril Benezet, nascido em 1163 na regi\u00e3o da Sav\u00f3ia, na Fran\u00e7a, era um humilde, mas alegre, pastor de ovelhas de doze anos. Diz a tradi\u00e7\u00e3o que ele ouviu, de repente, uma voz conversando com ele e dizendo ser Jesus. Como n\u00e3o enxergasse [&hellip;]\" \/>\n<meta property=\"og:url\" content=\"https:\/\/www.oarcanjo.net\/site\/sao-benezet-ou-pequeno-bento\/\" \/>\n<meta property=\"og:site_name\" content=\"O Arcanjo no ar\" \/>\n<meta property=\"article:publisher\" content=\"https:\/\/www.facebook.com\/OArcanjoNoAr\/\" \/>\n<meta property=\"article:published_time\" content=\"2019-04-14T03:37:49+00:00\" \/>\n<meta property=\"article:modified_time\" content=\"2019-02-20T11:03:20+00:00\" \/>\n<meta property=\"og:image\" content=\"http:\/\/www.derradeirasgracas.com\/images\/1.%20O%20Santo%20do%20Dia%20-%20Fotos\/Santos%20de%20Abril%20-%20Fotos\/S%C3%A3o%20Benezet%20ou%20pequeno%20Bento.gif\" \/>\n<meta name=\"author\" content=\"danilo\" \/>\n<meta name=\"twitter:card\" content=\"summary_large_image\" \/>\n<meta name=\"twitter:label1\" content=\"Escrito por\" \/>\n\t<meta name=\"twitter:data1\" content=\"danilo\" \/>\n\t<meta name=\"twitter:label2\" content=\"Est. tempo de leitura\" \/>\n\t<meta name=\"twitter:data2\" content=\"2 minutos\" \/>\n<script type=\"application\/ld+json\" class=\"yoast-schema-graph\">{\"@context\":\"https:\/\/schema.org\",\"@graph\":[{\"@type\":\"Article\",\"@id\":\"https:\/\/www.oarcanjo.net\/site\/sao-benezet-ou-pequeno-bento\/#article\",\"isPartOf\":{\"@id\":\"https:\/\/www.oarcanjo.net\/site\/sao-benezet-ou-pequeno-bento\/\"},\"author\":{\"name\":\"danilo\",\"@id\":\"https:\/\/www.oarcanjo.net\/site\/#\/schema\/person\/5eb9480bedd2f3c97e430ce128c29c6c\"},\"headline\":\"S\u00e3o Benezet, ou pequeno Bento\",\"datePublished\":\"2019-04-14T03:37:49+00:00\",\"dateModified\":\"2019-02-20T11:03:20+00:00\",\"mainEntityOfPage\":{\"@id\":\"https:\/\/www.oarcanjo.net\/site\/sao-benezet-ou-pequeno-bento\/\"},\"wordCount\":435,\"commentCount\":0,\"publisher\":{\"@id\":\"https:\/\/www.oarcanjo.net\/site\/#organization\"},\"image\":{\"@id\":\"https:\/\/www.oarcanjo.net\/site\/sao-benezet-ou-pequeno-bento\/#primaryimage\"},\"thumbnailUrl\":\"http:\/\/www.derradeirasgracas.com\/images\/1.%20O%20Santo%20do%20Dia%20-%20Fotos\/Santos%20de%20Abril%20-%20Fotos\/S%C3%A3o%20Benezet%20ou%20pequeno%20Bento.gif\",\"articleSection\":[\"Testemunhos\"],\"inLanguage\":\"pt-BR\",\"potentialAction\":[{\"@type\":\"CommentAction\",\"name\":\"Comment\",\"target\":[\"https:\/\/www.oarcanjo.net\/site\/sao-benezet-ou-pequeno-bento\/#respond\"]}]},{\"@type\":\"WebPage\",\"@id\":\"https:\/\/www.oarcanjo.net\/site\/sao-benezet-ou-pequeno-bento\/\",\"url\":\"https:\/\/www.oarcanjo.net\/site\/sao-benezet-ou-pequeno-bento\/\",\"name\":\"S\u00e3o Benezet, ou pequeno Bento - O Arcanjo no ar\",\"isPartOf\":{\"@id\":\"https:\/\/www.oarcanjo.net\/site\/#website\"},\"primaryImageOfPage\":{\"@id\":\"https:\/\/www.oarcanjo.net\/site\/sao-benezet-ou-pequeno-bento\/#primaryimage\"},\"image\":{\"@id\":\"https:\/\/www.oarcanjo.net\/site\/sao-benezet-ou-pequeno-bento\/#primaryimage\"},\"thumbnailUrl\":\"http:\/\/www.derradeirasgracas.com\/images\/1.%20O%20Santo%20do%20Dia%20-%20Fotos\/Santos%20de%20Abril%20-%20Fotos\/S%C3%A3o%20Benezet%20ou%20pequeno%20Bento.gif\",\"datePublished\":\"2019-04-14T03:37:49+00:00\",\"dateModified\":\"2019-02-20T11:03:20+00:00\",\"breadcrumb\":{\"@id\":\"https:\/\/www.oarcanjo.net\/site\/sao-benezet-ou-pequeno-bento\/#breadcrumb\"},\"inLanguage\":\"pt-BR\",\"potentialAction\":[{\"@type\":\"ReadAction\",\"target\":[\"https:\/\/www.oarcanjo.net\/site\/sao-benezet-ou-pequeno-bento\/\"]}]},{\"@type\":\"ImageObject\",\"inLanguage\":\"pt-BR\",\"@id\":\"https:\/\/www.oarcanjo.net\/site\/sao-benezet-ou-pequeno-bento\/#primaryimage\",\"url\":\"http:\/\/www.derradeirasgracas.com\/images\/1.%20O%20Santo%20do%20Dia%20-%20Fotos\/Santos%20de%20Abril%20-%20Fotos\/S%C3%A3o%20Benezet%20ou%20pequeno%20Bento.gif\",\"contentUrl\":\"http:\/\/www.derradeirasgracas.com\/images\/1.%20O%20Santo%20do%20Dia%20-%20Fotos\/Santos%20de%20Abril%20-%20Fotos\/S%C3%A3o%20Benezet%20ou%20pequeno%20Bento.gif\"},{\"@type\":\"BreadcrumbList\",\"@id\":\"https:\/\/www.oarcanjo.net\/site\/sao-benezet-ou-pequeno-bento\/#breadcrumb\",\"itemListElement\":[{\"@type\":\"ListItem\",\"position\":1,\"name\":\"In\u00edcio\",\"item\":\"https:\/\/www.oarcanjo.net\/site\/\"},{\"@type\":\"ListItem\",\"position\":2,\"name\":\"S\u00e3o Benezet, ou pequeno Bento\"}]},{\"@type\":\"WebSite\",\"@id\":\"https:\/\/www.oarcanjo.net\/site\/#website\",\"url\":\"https:\/\/www.oarcanjo.net\/site\/\",\"name\":\"O Arcanjo no ar\",\"description\":\"Site da Par\u00f3quia S\u00e3o Miguel Arcanjo (Arquidiocese de SP)\",\"publisher\":{\"@id\":\"https:\/\/www.oarcanjo.net\/site\/#organization\"},\"potentialAction\":[{\"@type\":\"SearchAction\",\"target\":{\"@type\":\"EntryPoint\",\"urlTemplate\":\"https:\/\/www.oarcanjo.net\/site\/?s={search_term_string}\"},\"query-input\":{\"@type\":\"PropertyValueSpecification\",\"valueRequired\":true,\"valueName\":\"search_term_string\"}}],\"inLanguage\":\"pt-BR\"},{\"@type\":\"Organization\",\"@id\":\"https:\/\/www.oarcanjo.net\/site\/#organization\",\"name\":\"Par\u00f3quia S\u00e3o Miguel Arcanjo\",\"url\":\"https:\/\/www.oarcanjo.net\/site\/\",\"logo\":{\"@type\":\"ImageObject\",\"inLanguage\":\"pt-BR\",\"@id\":\"https:\/\/www.oarcanjo.net\/site\/#\/schema\/logo\/image\/\",\"url\":\"https:\/\/www.oarcanjo.net\/site\/wp-content\/uploads\/LogoOArcanjo.png\",\"contentUrl\":\"https:\/\/www.oarcanjo.net\/site\/wp-content\/uploads\/LogoOArcanjo.png\",\"width\":319,\"height\":99,\"caption\":\"Par\u00f3quia S\u00e3o Miguel Arcanjo\"},\"image\":{\"@id\":\"https:\/\/www.oarcanjo.net\/site\/#\/schema\/logo\/image\/\"},\"sameAs\":[\"https:\/\/www.facebook.com\/OArcanjoNoAr\/\"]},{\"@type\":\"Person\",\"@id\":\"https:\/\/www.oarcanjo.net\/site\/#\/schema\/person\/5eb9480bedd2f3c97e430ce128c29c6c\",\"name\":\"danilo\"}]}<\/script>\n<!-- \/ Yoast SEO plugin. -->","yoast_head_json":{"title":"S\u00e3o Benezet, ou pequeno Bento - O Arcanjo no ar","robots":{"index":"index","follow":"follow","max-snippet":"max-snippet:-1","max-image-preview":"max-image-preview:large","max-video-preview":"max-video-preview:-1"},"canonical":"https:\/\/www.oarcanjo.net\/site\/sao-benezet-ou-pequeno-bento\/","og_locale":"pt_BR","og_type":"article","og_title":"S\u00e3o Benezet, ou pequeno Bento - O Arcanjo no ar","og_description":"Ponte com a capela de S\u00e3o Benezet &#8211; Avignon &#8211; Fran\u00e7a 14 de Abril Benezet, nascido em 1163 na regi\u00e3o da Sav\u00f3ia, na Fran\u00e7a, era um humilde, mas alegre, pastor de ovelhas de doze anos. Diz a tradi\u00e7\u00e3o que ele ouviu, de repente, uma voz conversando com ele e dizendo ser Jesus. Como n\u00e3o enxergasse [&hellip;]","og_url":"https:\/\/www.oarcanjo.net\/site\/sao-benezet-ou-pequeno-bento\/","og_site_name":"O Arcanjo no ar","article_publisher":"https:\/\/www.facebook.com\/OArcanjoNoAr\/","article_published_time":"2019-04-14T03:37:49+00:00","article_modified_time":"2019-02-20T11:03:20+00:00","og_image":[{"url":"http:\/\/www.derradeirasgracas.com\/images\/1.%20O%20Santo%20do%20Dia%20-%20Fotos\/Santos%20de%20Abril%20-%20Fotos\/S%C3%A3o%20Benezet%20ou%20pequeno%20Bento.gif"}],"author":"danilo","twitter_card":"summary_large_image","twitter_misc":{"Escrito por":"danilo","Est. tempo de leitura":"2 minutos"},"schema":{"@context":"https:\/\/schema.org","@graph":[{"@type":"Article","@id":"https:\/\/www.oarcanjo.net\/site\/sao-benezet-ou-pequeno-bento\/#article","isPartOf":{"@id":"https:\/\/www.oarcanjo.net\/site\/sao-benezet-ou-pequeno-bento\/"},"author":{"name":"danilo","@id":"https:\/\/www.oarcanjo.net\/site\/#\/schema\/person\/5eb9480bedd2f3c97e430ce128c29c6c"},"headline":"S\u00e3o Benezet, ou pequeno Bento","datePublished":"2019-04-14T03:37:49+00:00","dateModified":"2019-02-20T11:03:20+00:00","mainEntityOfPage":{"@id":"https:\/\/www.oarcanjo.net\/site\/sao-benezet-ou-pequeno-bento\/"},"wordCount":435,"commentCount":0,"publisher":{"@id":"https:\/\/www.oarcanjo.net\/site\/#organization"},"image":{"@id":"https:\/\/www.oarcanjo.net\/site\/sao-benezet-ou-pequeno-bento\/#primaryimage"},"thumbnailUrl":"http:\/\/www.derradeirasgracas.com\/images\/1.%20O%20Santo%20do%20Dia%20-%20Fotos\/Santos%20de%20Abril%20-%20Fotos\/S%C3%A3o%20Benezet%20ou%20pequeno%20Bento.gif","articleSection":["Testemunhos"],"inLanguage":"pt-BR","potentialAction":[{"@type":"CommentAction","name":"Comment","target":["https:\/\/www.oarcanjo.net\/site\/sao-benezet-ou-pequeno-bento\/#respond"]}]},{"@type":"WebPage","@id":"https:\/\/www.oarcanjo.net\/site\/sao-benezet-ou-pequeno-bento\/","url":"https:\/\/www.oarcanjo.net\/site\/sao-benezet-ou-pequeno-bento\/","name":"S\u00e3o Benezet, ou pequeno Bento - O Arcanjo no ar","isPartOf":{"@id":"https:\/\/www.oarcanjo.net\/site\/#website"},"primaryImageOfPage":{"@id":"https:\/\/www.oarcanjo.net\/site\/sao-benezet-ou-pequeno-bento\/#primaryimage"},"image":{"@id":"https:\/\/www.oarcanjo.net\/site\/sao-benezet-ou-pequeno-bento\/#primaryimage"},"thumbnailUrl":"http:\/\/www.derradeirasgracas.com\/images\/1.%20O%20Santo%20do%20Dia%20-%20Fotos\/Santos%20de%20Abril%20-%20Fotos\/S%C3%A3o%20Benezet%20ou%20pequeno%20Bento.gif","datePublished":"2019-04-14T03:37:49+00:00","dateModified":"2019-02-20T11:03:20+00:00","breadcrumb":{"@id":"https:\/\/www.oarcanjo.net\/site\/sao-benezet-ou-pequeno-bento\/#breadcrumb"},"inLanguage":"pt-BR","potentialAction":[{"@type":"ReadAction","target":["https:\/\/www.oarcanjo.net\/site\/sao-benezet-ou-pequeno-bento\/"]}]},{"@type":"ImageObject","inLanguage":"pt-BR","@id":"https:\/\/www.oarcanjo.net\/site\/sao-benezet-ou-pequeno-bento\/#primaryimage","url":"http:\/\/www.derradeirasgracas.com\/images\/1.%20O%20Santo%20do%20Dia%20-%20Fotos\/Santos%20de%20Abril%20-%20Fotos\/S%C3%A3o%20Benezet%20ou%20pequeno%20Bento.gif","contentUrl":"http:\/\/www.derradeirasgracas.com\/images\/1.%20O%20Santo%20do%20Dia%20-%20Fotos\/Santos%20de%20Abril%20-%20Fotos\/S%C3%A3o%20Benezet%20ou%20pequeno%20Bento.gif"},{"@type":"BreadcrumbList","@id":"https:\/\/www.oarcanjo.net\/site\/sao-benezet-ou-pequeno-bento\/#breadcrumb","itemListElement":[{"@type":"ListItem","position":1,"name":"In\u00edcio","item":"https:\/\/www.oarcanjo.net\/site\/"},{"@type":"ListItem","position":2,"name":"S\u00e3o Benezet, ou pequeno Bento"}]},{"@type":"WebSite","@id":"https:\/\/www.oarcanjo.net\/site\/#website","url":"https:\/\/www.oarcanjo.net\/site\/","name":"O Arcanjo no ar","description":"Site da Par\u00f3quia S\u00e3o Miguel Arcanjo (Arquidiocese de SP)","publisher":{"@id":"https:\/\/www.oarcanjo.net\/site\/#organization"},"potentialAction":[{"@type":"SearchAction","target":{"@type":"EntryPoint","urlTemplate":"https:\/\/www.oarcanjo.net\/site\/?s={search_term_string}"},"query-input":{"@type":"PropertyValueSpecification","valueRequired":true,"valueName":"search_term_string"}}],"inLanguage":"pt-BR"},{"@type":"Organization","@id":"https:\/\/www.oarcanjo.net\/site\/#organization","name":"Par\u00f3quia S\u00e3o Miguel Arcanjo","url":"https:\/\/www.oarcanjo.net\/site\/","logo":{"@type":"ImageObject","inLanguage":"pt-BR","@id":"https:\/\/www.oarcanjo.net\/site\/#\/schema\/logo\/image\/","url":"https:\/\/www.oarcanjo.net\/site\/wp-content\/uploads\/LogoOArcanjo.png","contentUrl":"https:\/\/www.oarcanjo.net\/site\/wp-content\/uploads\/LogoOArcanjo.png","width":319,"height":99,"caption":"Par\u00f3quia S\u00e3o Miguel Arcanjo"},"image":{"@id":"https:\/\/www.oarcanjo.net\/site\/#\/schema\/logo\/image\/"},"sameAs":["https:\/\/www.facebook.com\/OArcanjoNoAr\/"]},{"@type":"Person","@id":"https:\/\/www.oarcanjo.net\/site\/#\/schema\/person\/5eb9480bedd2f3c97e430ce128c29c6c","name":"danilo"}]}},"publishpress_future_action":{"enabled":false,"date":"2026-05-07 18:14:12","action":"category","newStatus":"draft","terms":[],"taxonomy":"category"},"publishpress_future_workflow_manual_trigger":{"enabledWorkflows":[]},"_links":{"self":[{"href":"https:\/\/www.oarcanjo.net\/site\/wp-json\/wp\/v2\/posts\/8755"}],"collection":[{"href":"https:\/\/www.oarcanjo.net\/site\/wp-json\/wp\/v2\/posts"}],"about":[{"href":"https:\/\/www.oarcanjo.net\/site\/wp-json\/wp\/v2\/types\/post"}],"author":[{"embeddable":true,"href":"https:\/\/www.oarcanjo.net\/site\/wp-json\/wp\/v2\/users\/14"}],"replies":[{"embeddable":true,"href":"https:\/\/www.oarcanjo.net\/site\/wp-json\/wp\/v2\/comments?post=8755"}],"version-history":[{"count":1,"href":"https:\/\/www.oarcanjo.net\/site\/wp-json\/wp\/v2\/posts\/8755\/revisions"}],"predecessor-version":[{"id":92944,"href":"https:\/\/www.oarcanjo.net\/site\/wp-json\/wp\/v2\/posts\/8755\/revisions\/92944"}],"wp:attachment":[{"href":"https:\/\/www.oarcanjo.net\/site\/wp-json\/wp\/v2\/media?parent=8755"}],"wp:term":[{"taxonomy":"category","embeddable":true,"href":"https:\/\/www.oarcanjo.net\/site\/wp-json\/wp\/v2\/categories?post=8755"},{"taxonomy":"post_tag","embeddable":true,"href":"https:\/\/www.oarcanjo.net\/site\/wp-json\/wp\/v2\/tags?post=8755"}],"curies":[{"name":"wp","href":"https:\/\/api.w.org\/{rel}","templated":true}]}}