
{"id":87577,"date":"2018-04-15T18:35:14","date_gmt":"2018-04-15T21:35:14","guid":{"rendered":"https:\/\/www.oarcanjo.net\/site\/?p=87577"},"modified":"2018-04-15T15:17:11","modified_gmt":"2018-04-15T18:17:11","slug":"homilia-do-pe-julio-no-3o-domingo-da-pascoa-15042018","status":"publish","type":"post","link":"https:\/\/www.oarcanjo.net\/site\/homilia-do-pe-julio-no-3o-domingo-da-pascoa-15042018\/","title":{"rendered":"Homilia do Pe. Julio no 3\u00ba Domingo da P\u00e1scoa &#8211; 15\/04\/2018"},"content":{"rendered":"<p>Eu n\u00e3o posso ser seguidor de Jesus e continuar pensando do mesmo jeito, discriminando, tendo preconceito, alimentando o \u00f3dio, incitando a viol\u00eancia. N\u00f3s temos que romper com isso! Jesus caminha conosco como um morador de rua, como um venezuelano, como um s\u00edrio. Ele caminha conosco negro, pobre, abandonado, sujo. E pede para sermos suas testemunhas. Acompanhe a reflex\u00e3o do Pe. Julio Lancellotti no 3\u00ba Domingo da P\u00e1scoa, celebrado em 15\/04\/2018.<\/p>\n<p><iframe loading=\"lazy\" width=\"700\" height=\"394\" src=\"https:\/\/www.youtube.com\/embed\/8PxOWU2RTyE?rel=0\" frameborder=\"0\" allow=\"autoplay; encrypted-media\" allowfullscreen><\/iframe><\/p>\n<p>Grava\u00e7\u00e3o realizada na missa das 10h na capela da Universidade S\u00e3o Judas Tadeu, em S\u00e3o Paulo.<\/p>\n<div id=\"themify_builder_content-87577\" data-postid=\"87577\" class=\"themify_builder_content themify_builder_content-87577 themify_builder themify_builder_front\">\n\t<\/div>\n<!-- \/themify_builder_content -->","protected":false},"excerpt":{"rendered":"<p>Eu n\u00e3o posso ser seguidor de Jesus e continuar pensando do mesmo jeito, discriminando, tendo preconceito, alimentando o \u00f3dio, incitando a viol\u00eancia. N\u00f3s temos que romper com isso!<\/p>\n","protected":false},"author":5,"featured_media":87580,"comment_status":"open","ping_status":"open","sticky":false,"template":"","format":"standard","meta":{"ngg_post_thumbnail":0,"footnotes":""},"categories":[4,3,475],"tags":[],"yoast_head":"<!-- This site is optimized with the Yoast SEO plugin v23.5 - https:\/\/yoast.com\/wordpress\/plugins\/seo\/ -->\n<title>Homilia do Pe. Julio no 3\u00ba Domingo da P\u00e1scoa - 15\/04\/2018 - O Arcanjo no ar<\/title>\n<meta name=\"robots\" content=\"index, follow, max-snippet:-1, max-image-preview:large, max-video-preview:-1\" \/>\n<link rel=\"canonical\" href=\"https:\/\/www.oarcanjo.net\/site\/homilia-do-pe-julio-no-3o-domingo-da-pascoa-15042018\/\" \/>\n<meta property=\"og:locale\" content=\"pt_BR\" \/>\n<meta property=\"og:type\" content=\"article\" \/>\n<meta property=\"og:title\" content=\"Homilia do Pe. Julio no 3\u00ba Domingo da P\u00e1scoa - 15\/04\/2018 - O Arcanjo no ar\" \/>\n<meta property=\"og:description\" content=\"Eu n\u00e3o posso ser seguidor de Jesus e continuar pensando do mesmo jeito, discriminando, tendo preconceito, alimentando o \u00f3dio, incitando a viol\u00eancia. N\u00f3s temos que romper com isso!\" \/>\n<meta property=\"og:url\" content=\"https:\/\/www.oarcanjo.net\/site\/homilia-do-pe-julio-no-3o-domingo-da-pascoa-15042018\/\" \/>\n<meta property=\"og:site_name\" content=\"O Arcanjo no ar\" \/>\n<meta property=\"article:publisher\" content=\"https:\/\/www.facebook.com\/OArcanjoNoAr\/\" \/>\n<meta property=\"article:published_time\" content=\"2018-04-15T21:35:14+00:00\" \/>\n<meta property=\"article:modified_time\" content=\"2018-04-15T18:17:11+00:00\" \/>\n<meta property=\"og:image\" content=\"https:\/\/www.oarcanjo.net\/site\/wp-content\/uploads\/20180415Homilia02.png\" \/>\n\t<meta property=\"og:image:width\" content=\"935\" \/>\n\t<meta property=\"og:image:height\" content=\"524\" \/>\n\t<meta property=\"og:image:type\" content=\"image\/png\" \/>\n<meta name=\"author\" content=\"editor\" \/>\n<meta name=\"twitter:card\" content=\"summary_large_image\" \/>\n<meta name=\"twitter:label1\" content=\"Escrito por\" \/>\n\t<meta name=\"twitter:data1\" content=\"editor\" \/>\n<script type=\"application\/ld+json\" class=\"yoast-schema-graph\">{\"@context\":\"https:\/\/schema.org\",\"@graph\":[{\"@type\":\"Article\",\"@id\":\"https:\/\/www.oarcanjo.net\/site\/homilia-do-pe-julio-no-3o-domingo-da-pascoa-15042018\/#article\",\"isPartOf\":{\"@id\":\"https:\/\/www.oarcanjo.net\/site\/homilia-do-pe-julio-no-3o-domingo-da-pascoa-15042018\/\"},\"author\":{\"name\":\"editor\",\"@id\":\"https:\/\/www.oarcanjo.net\/site\/#\/schema\/person\/f7024d007863202483a31326673a0838\"},\"headline\":\"Homilia do Pe. Julio no 3\u00ba Domingo da P\u00e1scoa &#8211; 15\/04\/2018\",\"datePublished\":\"2018-04-15T21:35:14+00:00\",\"dateModified\":\"2018-04-15T18:17:11+00:00\",\"mainEntityOfPage\":{\"@id\":\"https:\/\/www.oarcanjo.net\/site\/homilia-do-pe-julio-no-3o-domingo-da-pascoa-15042018\/\"},\"wordCount\":103,\"commentCount\":0,\"publisher\":{\"@id\":\"https:\/\/www.oarcanjo.net\/site\/#organization\"},\"image\":{\"@id\":\"https:\/\/www.oarcanjo.net\/site\/homilia-do-pe-julio-no-3o-domingo-da-pascoa-15042018\/#primaryimage\"},\"thumbnailUrl\":\"https:\/\/www.oarcanjo.net\/site\/wp-content\/uploads\/20180415Homilia02.png\",\"articleSection\":[\"Blog\",\"Destaques\",\"Homilias\"],\"inLanguage\":\"pt-BR\",\"potentialAction\":[{\"@type\":\"CommentAction\",\"name\":\"Comment\",\"target\":[\"https:\/\/www.oarcanjo.net\/site\/homilia-do-pe-julio-no-3o-domingo-da-pascoa-15042018\/#respond\"]}]},{\"@type\":\"WebPage\",\"@id\":\"https:\/\/www.oarcanjo.net\/site\/homilia-do-pe-julio-no-3o-domingo-da-pascoa-15042018\/\",\"url\":\"https:\/\/www.oarcanjo.net\/site\/homilia-do-pe-julio-no-3o-domingo-da-pascoa-15042018\/\",\"name\":\"Homilia do Pe. Julio no 3\u00ba Domingo da P\u00e1scoa - 15\/04\/2018 - O Arcanjo no ar\",\"isPartOf\":{\"@id\":\"https:\/\/www.oarcanjo.net\/site\/#website\"},\"primaryImageOfPage\":{\"@id\":\"https:\/\/www.oarcanjo.net\/site\/homilia-do-pe-julio-no-3o-domingo-da-pascoa-15042018\/#primaryimage\"},\"image\":{\"@id\":\"https:\/\/www.oarcanjo.net\/site\/homilia-do-pe-julio-no-3o-domingo-da-pascoa-15042018\/#primaryimage\"},\"thumbnailUrl\":\"https:\/\/www.oarcanjo.net\/site\/wp-content\/uploads\/20180415Homilia02.png\",\"datePublished\":\"2018-04-15T21:35:14+00:00\",\"dateModified\":\"2018-04-15T18:17:11+00:00\",\"breadcrumb\":{\"@id\":\"https:\/\/www.oarcanjo.net\/site\/homilia-do-pe-julio-no-3o-domingo-da-pascoa-15042018\/#breadcrumb\"},\"inLanguage\":\"pt-BR\",\"potentialAction\":[{\"@type\":\"ReadAction\",\"target\":[\"https:\/\/www.oarcanjo.net\/site\/homilia-do-pe-julio-no-3o-domingo-da-pascoa-15042018\/\"]}]},{\"@type\":\"ImageObject\",\"inLanguage\":\"pt-BR\",\"@id\":\"https:\/\/www.oarcanjo.net\/site\/homilia-do-pe-julio-no-3o-domingo-da-pascoa-15042018\/#primaryimage\",\"url\":\"https:\/\/www.oarcanjo.net\/site\/wp-content\/uploads\/20180415Homilia02.png\",\"contentUrl\":\"https:\/\/www.oarcanjo.net\/site\/wp-content\/uploads\/20180415Homilia02.png\",\"width\":935,\"height\":524},{\"@type\":\"BreadcrumbList\",\"@id\":\"https:\/\/www.oarcanjo.net\/site\/homilia-do-pe-julio-no-3o-domingo-da-pascoa-15042018\/#breadcrumb\",\"itemListElement\":[{\"@type\":\"ListItem\",\"position\":1,\"name\":\"In\u00edcio\",\"item\":\"https:\/\/www.oarcanjo.net\/site\/\"},{\"@type\":\"ListItem\",\"position\":2,\"name\":\"Homilia do Pe. Julio no 3\u00ba Domingo da P\u00e1scoa &#8211; 15\/04\/2018\"}]},{\"@type\":\"WebSite\",\"@id\":\"https:\/\/www.oarcanjo.net\/site\/#website\",\"url\":\"https:\/\/www.oarcanjo.net\/site\/\",\"name\":\"O Arcanjo no ar\",\"description\":\"Site da Par\u00f3quia S\u00e3o Miguel Arcanjo (Arquidiocese de SP)\",\"publisher\":{\"@id\":\"https:\/\/www.oarcanjo.net\/site\/#organization\"},\"potentialAction\":[{\"@type\":\"SearchAction\",\"target\":{\"@type\":\"EntryPoint\",\"urlTemplate\":\"https:\/\/www.oarcanjo.net\/site\/?s={search_term_string}\"},\"query-input\":{\"@type\":\"PropertyValueSpecification\",\"valueRequired\":true,\"valueName\":\"search_term_string\"}}],\"inLanguage\":\"pt-BR\"},{\"@type\":\"Organization\",\"@id\":\"https:\/\/www.oarcanjo.net\/site\/#organization\",\"name\":\"Par\u00f3quia S\u00e3o Miguel Arcanjo\",\"url\":\"https:\/\/www.oarcanjo.net\/site\/\",\"logo\":{\"@type\":\"ImageObject\",\"inLanguage\":\"pt-BR\",\"@id\":\"https:\/\/www.oarcanjo.net\/site\/#\/schema\/logo\/image\/\",\"url\":\"https:\/\/www.oarcanjo.net\/site\/wp-content\/uploads\/LogoOArcanjo.png\",\"contentUrl\":\"https:\/\/www.oarcanjo.net\/site\/wp-content\/uploads\/LogoOArcanjo.png\",\"width\":319,\"height\":99,\"caption\":\"Par\u00f3quia S\u00e3o Miguel Arcanjo\"},\"image\":{\"@id\":\"https:\/\/www.oarcanjo.net\/site\/#\/schema\/logo\/image\/\"},\"sameAs\":[\"https:\/\/www.facebook.com\/OArcanjoNoAr\/\"]},{\"@type\":\"Person\",\"@id\":\"https:\/\/www.oarcanjo.net\/site\/#\/schema\/person\/f7024d007863202483a31326673a0838\",\"name\":\"editor\",\"sameAs\":[\"http:\/\/www.oarcanjo.net\"]}]}<\/script>\n<!-- \/ Yoast SEO plugin. -->","yoast_head_json":{"title":"Homilia do Pe. Julio no 3\u00ba Domingo da P\u00e1scoa - 15\/04\/2018 - O Arcanjo no ar","robots":{"index":"index","follow":"follow","max-snippet":"max-snippet:-1","max-image-preview":"max-image-preview:large","max-video-preview":"max-video-preview:-1"},"canonical":"https:\/\/www.oarcanjo.net\/site\/homilia-do-pe-julio-no-3o-domingo-da-pascoa-15042018\/","og_locale":"pt_BR","og_type":"article","og_title":"Homilia do Pe. Julio no 3\u00ba Domingo da P\u00e1scoa - 15\/04\/2018 - O Arcanjo no ar","og_description":"Eu n\u00e3o posso ser seguidor de Jesus e continuar pensando do mesmo jeito, discriminando, tendo preconceito, alimentando o \u00f3dio, incitando a viol\u00eancia. N\u00f3s temos que romper com isso!","og_url":"https:\/\/www.oarcanjo.net\/site\/homilia-do-pe-julio-no-3o-domingo-da-pascoa-15042018\/","og_site_name":"O Arcanjo no ar","article_publisher":"https:\/\/www.facebook.com\/OArcanjoNoAr\/","article_published_time":"2018-04-15T21:35:14+00:00","article_modified_time":"2018-04-15T18:17:11+00:00","og_image":[{"width":935,"height":524,"url":"https:\/\/www.oarcanjo.net\/site\/wp-content\/uploads\/20180415Homilia02.png","type":"image\/png"}],"author":"editor","twitter_card":"summary_large_image","twitter_misc":{"Escrito por":"editor"},"schema":{"@context":"https:\/\/schema.org","@graph":[{"@type":"Article","@id":"https:\/\/www.oarcanjo.net\/site\/homilia-do-pe-julio-no-3o-domingo-da-pascoa-15042018\/#article","isPartOf":{"@id":"https:\/\/www.oarcanjo.net\/site\/homilia-do-pe-julio-no-3o-domingo-da-pascoa-15042018\/"},"author":{"name":"editor","@id":"https:\/\/www.oarcanjo.net\/site\/#\/schema\/person\/f7024d007863202483a31326673a0838"},"headline":"Homilia do Pe. Julio no 3\u00ba Domingo da P\u00e1scoa &#8211; 15\/04\/2018","datePublished":"2018-04-15T21:35:14+00:00","dateModified":"2018-04-15T18:17:11+00:00","mainEntityOfPage":{"@id":"https:\/\/www.oarcanjo.net\/site\/homilia-do-pe-julio-no-3o-domingo-da-pascoa-15042018\/"},"wordCount":103,"commentCount":0,"publisher":{"@id":"https:\/\/www.oarcanjo.net\/site\/#organization"},"image":{"@id":"https:\/\/www.oarcanjo.net\/site\/homilia-do-pe-julio-no-3o-domingo-da-pascoa-15042018\/#primaryimage"},"thumbnailUrl":"https:\/\/www.oarcanjo.net\/site\/wp-content\/uploads\/20180415Homilia02.png","articleSection":["Blog","Destaques","Homilias"],"inLanguage":"pt-BR","potentialAction":[{"@type":"CommentAction","name":"Comment","target":["https:\/\/www.oarcanjo.net\/site\/homilia-do-pe-julio-no-3o-domingo-da-pascoa-15042018\/#respond"]}]},{"@type":"WebPage","@id":"https:\/\/www.oarcanjo.net\/site\/homilia-do-pe-julio-no-3o-domingo-da-pascoa-15042018\/","url":"https:\/\/www.oarcanjo.net\/site\/homilia-do-pe-julio-no-3o-domingo-da-pascoa-15042018\/","name":"Homilia do Pe. Julio no 3\u00ba Domingo da P\u00e1scoa - 15\/04\/2018 - O Arcanjo no ar","isPartOf":{"@id":"https:\/\/www.oarcanjo.net\/site\/#website"},"primaryImageOfPage":{"@id":"https:\/\/www.oarcanjo.net\/site\/homilia-do-pe-julio-no-3o-domingo-da-pascoa-15042018\/#primaryimage"},"image":{"@id":"https:\/\/www.oarcanjo.net\/site\/homilia-do-pe-julio-no-3o-domingo-da-pascoa-15042018\/#primaryimage"},"thumbnailUrl":"https:\/\/www.oarcanjo.net\/site\/wp-content\/uploads\/20180415Homilia02.png","datePublished":"2018-04-15T21:35:14+00:00","dateModified":"2018-04-15T18:17:11+00:00","breadcrumb":{"@id":"https:\/\/www.oarcanjo.net\/site\/homilia-do-pe-julio-no-3o-domingo-da-pascoa-15042018\/#breadcrumb"},"inLanguage":"pt-BR","potentialAction":[{"@type":"ReadAction","target":["https:\/\/www.oarcanjo.net\/site\/homilia-do-pe-julio-no-3o-domingo-da-pascoa-15042018\/"]}]},{"@type":"ImageObject","inLanguage":"pt-BR","@id":"https:\/\/www.oarcanjo.net\/site\/homilia-do-pe-julio-no-3o-domingo-da-pascoa-15042018\/#primaryimage","url":"https:\/\/www.oarcanjo.net\/site\/wp-content\/uploads\/20180415Homilia02.png","contentUrl":"https:\/\/www.oarcanjo.net\/site\/wp-content\/uploads\/20180415Homilia02.png","width":935,"height":524},{"@type":"BreadcrumbList","@id":"https:\/\/www.oarcanjo.net\/site\/homilia-do-pe-julio-no-3o-domingo-da-pascoa-15042018\/#breadcrumb","itemListElement":[{"@type":"ListItem","position":1,"name":"In\u00edcio","item":"https:\/\/www.oarcanjo.net\/site\/"},{"@type":"ListItem","position":2,"name":"Homilia do Pe. Julio no 3\u00ba Domingo da P\u00e1scoa &#8211; 15\/04\/2018"}]},{"@type":"WebSite","@id":"https:\/\/www.oarcanjo.net\/site\/#website","url":"https:\/\/www.oarcanjo.net\/site\/","name":"O Arcanjo no ar","description":"Site da Par\u00f3quia S\u00e3o Miguel Arcanjo (Arquidiocese de SP)","publisher":{"@id":"https:\/\/www.oarcanjo.net\/site\/#organization"},"potentialAction":[{"@type":"SearchAction","target":{"@type":"EntryPoint","urlTemplate":"https:\/\/www.oarcanjo.net\/site\/?s={search_term_string}"},"query-input":{"@type":"PropertyValueSpecification","valueRequired":true,"valueName":"search_term_string"}}],"inLanguage":"pt-BR"},{"@type":"Organization","@id":"https:\/\/www.oarcanjo.net\/site\/#organization","name":"Par\u00f3quia S\u00e3o Miguel Arcanjo","url":"https:\/\/www.oarcanjo.net\/site\/","logo":{"@type":"ImageObject","inLanguage":"pt-BR","@id":"https:\/\/www.oarcanjo.net\/site\/#\/schema\/logo\/image\/","url":"https:\/\/www.oarcanjo.net\/site\/wp-content\/uploads\/LogoOArcanjo.png","contentUrl":"https:\/\/www.oarcanjo.net\/site\/wp-content\/uploads\/LogoOArcanjo.png","width":319,"height":99,"caption":"Par\u00f3quia S\u00e3o Miguel Arcanjo"},"image":{"@id":"https:\/\/www.oarcanjo.net\/site\/#\/schema\/logo\/image\/"},"sameAs":["https:\/\/www.facebook.com\/OArcanjoNoAr\/"]},{"@type":"Person","@id":"https:\/\/www.oarcanjo.net\/site\/#\/schema\/person\/f7024d007863202483a31326673a0838","name":"editor","sameAs":["http:\/\/www.oarcanjo.net"]}]}},"publishpress_future_action":{"enabled":false,"date":"2026-05-06 15:04:35","action":"category","newStatus":"draft","terms":[],"taxonomy":"category"},"publishpress_future_workflow_manual_trigger":{"enabledWorkflows":[]},"_links":{"self":[{"href":"https:\/\/www.oarcanjo.net\/site\/wp-json\/wp\/v2\/posts\/87577"}],"collection":[{"href":"https:\/\/www.oarcanjo.net\/site\/wp-json\/wp\/v2\/posts"}],"about":[{"href":"https:\/\/www.oarcanjo.net\/site\/wp-json\/wp\/v2\/types\/post"}],"author":[{"embeddable":true,"href":"https:\/\/www.oarcanjo.net\/site\/wp-json\/wp\/v2\/users\/5"}],"replies":[{"embeddable":true,"href":"https:\/\/www.oarcanjo.net\/site\/wp-json\/wp\/v2\/comments?post=87577"}],"version-history":[{"count":0,"href":"https:\/\/www.oarcanjo.net\/site\/wp-json\/wp\/v2\/posts\/87577\/revisions"}],"wp:featuredmedia":[{"embeddable":true,"href":"https:\/\/www.oarcanjo.net\/site\/wp-json\/wp\/v2\/media\/87580"}],"wp:attachment":[{"href":"https:\/\/www.oarcanjo.net\/site\/wp-json\/wp\/v2\/media?parent=87577"}],"wp:term":[{"taxonomy":"category","embeddable":true,"href":"https:\/\/www.oarcanjo.net\/site\/wp-json\/wp\/v2\/categories?post=87577"},{"taxonomy":"post_tag","embeddable":true,"href":"https:\/\/www.oarcanjo.net\/site\/wp-json\/wp\/v2\/tags?post=87577"}],"curies":[{"name":"wp","href":"https:\/\/api.w.org\/{rel}","templated":true}]}}