
{"id":8761,"date":"2019-04-15T00:43:40","date_gmt":"2019-04-15T03:43:40","guid":{"rendered":"http:\/\/www.oarcanjo.net\/site\/?p=8761"},"modified":"2019-02-20T07:54:11","modified_gmt":"2019-02-20T10:54:11","slug":"bem-aventurado-cesar-de-bus","status":"publish","type":"post","link":"https:\/\/www.oarcanjo.net\/site\/bem-aventurado-cesar-de-bus\/","title":{"rendered":"Bem Aventurado Cesar de Bus"},"content":{"rendered":"<p><img decoding=\"async\" src=\"http:\/\/www.dottry.com.br\/inc\/imgResize.php?nW=180&amp;img=..\/img\/6.jpg\" alt=\"\" \/><\/p>\n<p>15 de Abril<\/p>\n<p>Fundou a Congrega\u00e7\u00e3o dos Padres da Doutrina Crist\u00e3 ou Doutrin\u00e1rios<\/p>\n<p>C\u00e9sar de Bus, personagem marcante da segunda metade do s\u00e9culo XVI, foi sem d\u00favida um homem especialmente escolhido por Deus. Ao ser solenemente proclamado Bem-aventurado pelo Papa Paulo VI no dia 27 de abril do Ano Santo de 1975, toda a Igreja passou a ter esse servidor de Deus como exemplo, guia e patrono dos catequistas.<\/p>\n<p>\u00a0\u00a0\u00a0\u00a0\u00a0\u00a0\u00a0\u00a0Sua hist\u00f3ria tem in\u00edcio no dia 03 de fevereiro de 1544, um domingo, quando, logo ap\u00f3s ter nascido, foi batizado na Catedral de sua cidade, Cavaillon, no sul da Fran\u00e7a. Filho de Jean Baptiste e de Anne de Marc, era o s\u00e9timo de uma fam\u00edlia com treze filhos. Cresceu em uma fam\u00edlia crist\u00e3 e praticante. Bem cedo aprendeu a conhecer e a amar a Deus e sua \u00edndole jovial e d\u00f3cil deixava entrever uma propens\u00e3o quase natural ao religioso.<\/p>\n<p>\u00a0\u00a0\u00a0\u00a0\u00a0\u00a0\u00a0\u00a0Apaixonado pela literatura, gostava de escrever pe\u00e7as teatrais e de encen\u00e1-las com os amigos. Seduzido pelos encantos da corte de Paris, teve tamb\u00e9m seus per\u00edodos de crise religiosa. Mas apesar de tudo, nunca teve um comportamento maldoso.<\/p>\n<p><strong>Convers\u00e3o e Miss\u00e3o<\/strong><\/p>\n<p>\u00a0\u00a0\u00a0\u00a0\u00a0\u00a0\u00a0\u00a0A convers\u00e3o de C\u00e9sar foi marcada por um progressivo e amadurecido caminho que o levou de uma vida sem gra\u00e7a e mundana para uma vida de santidade e compromisso apost\u00f3lico.<\/p>\n<p>\u00a0\u00a0\u00a0\u00a0\u00a0\u00a0\u00a0\u00a0O Ano Santo de 1575 foi o \u00e1pice desse caminho de convers\u00e3o, que contou com a dedica\u00e7\u00e3o de pessoas simples, humildes e de grande f\u00e9: a analfabeta e dama de companhia de sua m\u00e3e, Antonieta Reveillarde e o sacrist\u00e3o da Catedral de Cavaillon, Lu\u00eds Guyot.<\/p>\n<p>\u00a0\u00a0\u00a0\u00a0\u00a0\u00a0\u00a0\u00a0Ap\u00f3s viver alguns anos em austera penit\u00eancia, peregrina\u00e7\u00f5es, fervorosas ora\u00e7\u00f5es, estudo e reflex\u00f5es sobre a Palavra de Deus, C\u00e9sar foi incentivado pelo seu diretor espiritual, Pe. P\u00e9quet, a retomar seus estudos e se encaminhou decididamente para a vida sacerdotal.<\/p>\n<p>\u00a0\u00a0\u00a0\u00a0\u00a0\u00a0\u00a0\u00a0Num domingo de agosto de 1581, C\u00e9sar de Bus foi ordenado padre pelo bispo de Cavaillon e se consagrou principalmente ao an\u00fancio da Palavra de Deus. Seu jeito de se expressar atraiu em pouco tempo toda a popula\u00e7\u00e3o, de modo que \u00e0s vezes era obrigado a fazer sua prega\u00e7\u00e3o na pra\u00e7a. Usando um ensino simples, ele queria que cada vez mais pessoas pudessem se converter ao Deus que ama e perdoa. Al\u00e9m das prega\u00e7\u00f5es dominicais feitas na Catedral, por iniciativa pr\u00f3pria, come\u00e7ou tamb\u00e9m a dar o catecismo \u00e0s crian\u00e7as.<\/p>\n<div>\n<div><a title=\"Eremit\u00e9rio de S\u00e3o Tiago em Cavaillon -\u00a0Fran\u00e7a\" rel=\"lightbox[gal]\" href=\"http:\/\/www.dottry.com.br\/inc\/imgResize.php?oR=1&amp;nW=600&amp;img=..\/img\/3.jpg\"><img loading=\"lazy\" decoding=\"async\" src=\"http:\/\/www.dottry.com.br\/inc\/imgResize.php?nW=207&amp;img=..\/img\/3.jpg\" border=\"0\" alt=\"\" width=\"207\" height=\"155\" \/><\/a><\/div>\n<div>\u00a0\u00a0Eremit\u00e9rio de S\u00e3o Tiago<br \/>\nem Cavaillon &#8211;\u00a0Fran\u00e7a<\/div>\n<\/div>\n<p><strong>Retiro frutuoso<\/strong><\/p>\n<p>\u00a0\u00a0\u00a0\u00a0\u00a0\u00a0\u00a0\u00a0Entre 1586 e 1588 C\u00e9sar retirou-se para uma pequena capela, dedicada a S\u00e3o Tiago Ap\u00f3stolo, localizada em cima da colina que margeia a cidade de Cavaillon. Ali ele se dedicou \u00e0 ora\u00e7\u00e3o e ao seu apostolado preferido, o an\u00fancio e explica\u00e7\u00e3o da Palavra de Deus, percorrendo os s\u00edtios e vilarejos para ensinar a doutrina crist\u00e3 (o catecismo).<br \/>\n\u00a0\u00a0\u00a0\u00a0\u00a0\u00a0\u00a0\u00a0Aproveitando a paz deste heremit\u00e9rio, p\u00f4de se dedicar mais intensamente ao conhecimento e aprofundamento do \u201cCatecismo Romano\u201d. Este estudo marcou n\u00e3o s\u00f3 a sua a\u00e7\u00e3o catequ\u00edstica, como tamb\u00e9m a composi\u00e7\u00e3o da sua obra de catequese iniciada nesse per\u00edodo, isto \u00e9, a \u201c<em>Instructions famili\u00e8res<\/em>\u201d (\u201cInstru\u00e7\u00f5es familiares\u201d).<\/p>\n<p>\u00a0\u00a0\u00a0\u00a0\u00a0\u00a0\u00a0\u00a0O compromisso catequ\u00e9tico de C\u00e9sar de Bus em favor das crian\u00e7as e dos pobres, marcado por um seu novo m\u00e9todo pedag\u00f3gico, foi, aos poucos, atraindo e sendo partilhado por admiradores tanto padres, quanto leigos. Foi-se amadurecendo, ent\u00e3o, a id\u00e9ia de dar vida a uma Congrega\u00e7\u00e3o de padres e leigos, reunidos em vida comum, que trabalhassem em unidade de m\u00e9todo e de esp\u00edrito.<\/p>\n<p>\u00a0\u00a0\u00a0\u00a0\u00a0\u00a0\u00a0\u00a0E assim aconteceu que no dia 29 de setembro de 1592, festa de S\u00e3o Miguel Arcanjo, em Isle-sur-Sorgue, cidadezinha a uns 10 Km de Cavaillon, C\u00e9sar de Bus reuniu alguns padres e com eles deu in\u00edcio \u00e0 Congrega\u00e7\u00e3o dos Padres da Doutrina Crist\u00e3. Nascia uma Fam\u00edlia Religiosa que pretendia unir a perfei\u00e7\u00e3o de vida ao exerc\u00edcio de ensinar a doutrina crist\u00e3 e a todos os outros \u00e1rduos trabalhos necess\u00e1rios para a salva\u00e7\u00e3o do pr\u00f3ximo.<\/p>\n<p><strong>Duas vezes P\u00e1scoa<br \/>\n<\/strong><br \/>\n\u00a0\u00a0\u00a0\u00a0\u00a0\u00a0\u00a0\u00a0A partir de 1594, C\u00e9sar vivenciou a experi\u00eancia da cegueira. Apesar da perda crescente da vis\u00e3o, que muito o limitou, ele n\u00e3o cessou suas atividades: rezava com os que se aproximavam dele, fazia suas obriga\u00e7\u00f5es, continuou a pregar e a acolher os pecadores no confession\u00e1rio.<\/p>\n<p>\u00a0\u00a0\u00a0\u00a0\u00a0\u00a0\u00a0\u00a0Ao final de sua longa doen\u00e7a, C\u00e9sar falava com freq\u00fc\u00eancia da sua \u201cP\u00e1scoa\u201d, isto \u00e9, da sua morte que se aproximava. Ele tinha previsto o dia: \u201cCoragem! Eis que est\u00e1 chegando a P\u00e1scoa: \u00e9 o dia da grande passagem. \u00c9 preciso partir com alegria&#8230; Est\u00e1 sendo preparada para mim uma grande festa, pois hoje \u00e9 a vig\u00edlia e amanha \u00e9 P\u00e1scoa. Para mim ser\u00e1 duas vezes P\u00e1scoa, isto \u00e9, a passagem do Senhor e a minha para junto dele\u201d.<\/p>\n<p>\u00a0\u00a0\u00a0\u00a0\u00a0\u00a0\u00a0\u00a0No alvorecer da manh\u00e3 de P\u00e1scoa, 15 de abril de 1607, terminou sua miss\u00e3o na terra para entrar no Reino \u00e0 espera da Ressurrei\u00e7\u00e3o.<\/p>\n<p><strong>Novidade atual<\/strong><\/p>\n<p>\u00a0\u00a0\u00a0\u00a0\u00a0\u00a0\u00a0\u00a0A atraente e eficaz novidade que C\u00e9sar de Bus vivia como catequista e pastor, era o seu compromisso de falar, sempre, de modo simples e familiar, usando abundantemente a Palavra de Deus, al\u00e9m de conceitos e situa\u00e7\u00f5es concretas para exemplific\u00e1-las. O que ele mais queria atrav\u00e9s de sua catequese era ensinar a ser bom crist\u00e3o, n\u00e3o s\u00f3 intelectualmente, mas atrav\u00e9s da convers\u00e3o e do seguimento convicto de Jesus Cristo.<\/p>\n<p>\u00a0\u00a0\u00a0\u00a0\u00a0\u00a0\u00a0\u00a0Sendo ainda hoje atual na sua pedagogia, e tamb\u00e9m modelo e protetor dos catequistas, o Bem-aventurado C\u00e9sar de Bus permanece pelos s\u00e9culos uma testemunha, um precursor e um profeta.<\/p>\n<div id=\"themify_builder_content-8761\" data-postid=\"8761\" class=\"themify_builder_content themify_builder_content-8761 themify_builder themify_builder_front\">\n\t<\/div>\n<!-- \/themify_builder_content -->","protected":false},"excerpt":{"rendered":"<p>15 de Abril Fundou a Congrega\u00e7\u00e3o dos Padres da Doutrina Crist\u00e3 ou Doutrin\u00e1rios C\u00e9sar de Bus, personagem marcante da segunda metade do s\u00e9culo XVI, foi sem d\u00favida um homem especialmente escolhido por Deus. Ao ser solenemente proclamado Bem-aventurado pelo Papa Paulo VI no dia 27 de abril do Ano Santo de 1975, toda a Igreja [&hellip;]<\/p>\n","protected":false},"author":14,"featured_media":0,"comment_status":"open","ping_status":"open","sticky":false,"template":"","format":"standard","meta":{"ngg_post_thumbnail":0,"footnotes":""},"categories":[186],"tags":[],"yoast_head":"<!-- This site is optimized with the Yoast SEO plugin v23.5 - https:\/\/yoast.com\/wordpress\/plugins\/seo\/ -->\n<title>Bem Aventurado Cesar de Bus - O Arcanjo no ar<\/title>\n<meta name=\"robots\" content=\"index, follow, max-snippet:-1, max-image-preview:large, max-video-preview:-1\" \/>\n<link rel=\"canonical\" href=\"https:\/\/www.oarcanjo.net\/site\/bem-aventurado-cesar-de-bus\/\" \/>\n<meta property=\"og:locale\" content=\"pt_BR\" \/>\n<meta property=\"og:type\" content=\"article\" \/>\n<meta property=\"og:title\" content=\"Bem Aventurado Cesar de Bus - O Arcanjo no ar\" \/>\n<meta property=\"og:description\" content=\"15 de Abril Fundou a Congrega\u00e7\u00e3o dos Padres da Doutrina Crist\u00e3 ou Doutrin\u00e1rios C\u00e9sar de Bus, personagem marcante da segunda metade do s\u00e9culo XVI, foi sem d\u00favida um homem especialmente escolhido por Deus. Ao ser solenemente proclamado Bem-aventurado pelo Papa Paulo VI no dia 27 de abril do Ano Santo de 1975, toda a Igreja [&hellip;]\" \/>\n<meta property=\"og:url\" content=\"https:\/\/www.oarcanjo.net\/site\/bem-aventurado-cesar-de-bus\/\" \/>\n<meta property=\"og:site_name\" content=\"O Arcanjo no ar\" \/>\n<meta property=\"article:publisher\" content=\"https:\/\/www.facebook.com\/OArcanjoNoAr\/\" \/>\n<meta property=\"article:published_time\" content=\"2019-04-15T03:43:40+00:00\" \/>\n<meta property=\"article:modified_time\" content=\"2019-02-20T10:54:11+00:00\" \/>\n<meta property=\"og:image\" content=\"http:\/\/www.dottry.com.br\/inc\/imgResize.php?nW=180&amp;img=..\/img\/6.jpg\" \/>\n<meta name=\"author\" content=\"danilo\" \/>\n<meta name=\"twitter:card\" content=\"summary_large_image\" \/>\n<meta name=\"twitter:label1\" content=\"Escrito por\" \/>\n\t<meta name=\"twitter:data1\" content=\"danilo\" \/>\n\t<meta name=\"twitter:label2\" content=\"Est. tempo de leitura\" \/>\n\t<meta name=\"twitter:data2\" content=\"5 minutos\" \/>\n<script type=\"application\/ld+json\" class=\"yoast-schema-graph\">{\"@context\":\"https:\/\/schema.org\",\"@graph\":[{\"@type\":\"Article\",\"@id\":\"https:\/\/www.oarcanjo.net\/site\/bem-aventurado-cesar-de-bus\/#article\",\"isPartOf\":{\"@id\":\"https:\/\/www.oarcanjo.net\/site\/bem-aventurado-cesar-de-bus\/\"},\"author\":{\"name\":\"danilo\",\"@id\":\"https:\/\/www.oarcanjo.net\/site\/#\/schema\/person\/5eb9480bedd2f3c97e430ce128c29c6c\"},\"headline\":\"Bem Aventurado Cesar de Bus\",\"datePublished\":\"2019-04-15T03:43:40+00:00\",\"dateModified\":\"2019-02-20T10:54:11+00:00\",\"mainEntityOfPage\":{\"@id\":\"https:\/\/www.oarcanjo.net\/site\/bem-aventurado-cesar-de-bus\/\"},\"wordCount\":987,\"commentCount\":0,\"publisher\":{\"@id\":\"https:\/\/www.oarcanjo.net\/site\/#organization\"},\"image\":{\"@id\":\"https:\/\/www.oarcanjo.net\/site\/bem-aventurado-cesar-de-bus\/#primaryimage\"},\"thumbnailUrl\":\"http:\/\/www.dottry.com.br\/inc\/imgResize.php?nW=180&amp;img=..\/img\/6.jpg\",\"articleSection\":[\"Testemunhos\"],\"inLanguage\":\"pt-BR\",\"potentialAction\":[{\"@type\":\"CommentAction\",\"name\":\"Comment\",\"target\":[\"https:\/\/www.oarcanjo.net\/site\/bem-aventurado-cesar-de-bus\/#respond\"]}]},{\"@type\":\"WebPage\",\"@id\":\"https:\/\/www.oarcanjo.net\/site\/bem-aventurado-cesar-de-bus\/\",\"url\":\"https:\/\/www.oarcanjo.net\/site\/bem-aventurado-cesar-de-bus\/\",\"name\":\"Bem Aventurado Cesar de Bus - O Arcanjo no ar\",\"isPartOf\":{\"@id\":\"https:\/\/www.oarcanjo.net\/site\/#website\"},\"primaryImageOfPage\":{\"@id\":\"https:\/\/www.oarcanjo.net\/site\/bem-aventurado-cesar-de-bus\/#primaryimage\"},\"image\":{\"@id\":\"https:\/\/www.oarcanjo.net\/site\/bem-aventurado-cesar-de-bus\/#primaryimage\"},\"thumbnailUrl\":\"http:\/\/www.dottry.com.br\/inc\/imgResize.php?nW=180&amp;img=..\/img\/6.jpg\",\"datePublished\":\"2019-04-15T03:43:40+00:00\",\"dateModified\":\"2019-02-20T10:54:11+00:00\",\"breadcrumb\":{\"@id\":\"https:\/\/www.oarcanjo.net\/site\/bem-aventurado-cesar-de-bus\/#breadcrumb\"},\"inLanguage\":\"pt-BR\",\"potentialAction\":[{\"@type\":\"ReadAction\",\"target\":[\"https:\/\/www.oarcanjo.net\/site\/bem-aventurado-cesar-de-bus\/\"]}]},{\"@type\":\"ImageObject\",\"inLanguage\":\"pt-BR\",\"@id\":\"https:\/\/www.oarcanjo.net\/site\/bem-aventurado-cesar-de-bus\/#primaryimage\",\"url\":\"http:\/\/www.dottry.com.br\/inc\/imgResize.php?nW=180&amp;img=..\/img\/6.jpg\",\"contentUrl\":\"http:\/\/www.dottry.com.br\/inc\/imgResize.php?nW=180&amp;img=..\/img\/6.jpg\"},{\"@type\":\"BreadcrumbList\",\"@id\":\"https:\/\/www.oarcanjo.net\/site\/bem-aventurado-cesar-de-bus\/#breadcrumb\",\"itemListElement\":[{\"@type\":\"ListItem\",\"position\":1,\"name\":\"In\u00edcio\",\"item\":\"https:\/\/www.oarcanjo.net\/site\/\"},{\"@type\":\"ListItem\",\"position\":2,\"name\":\"Bem Aventurado Cesar de Bus\"}]},{\"@type\":\"WebSite\",\"@id\":\"https:\/\/www.oarcanjo.net\/site\/#website\",\"url\":\"https:\/\/www.oarcanjo.net\/site\/\",\"name\":\"O Arcanjo no ar\",\"description\":\"Site da Par\u00f3quia S\u00e3o Miguel Arcanjo (Arquidiocese de SP)\",\"publisher\":{\"@id\":\"https:\/\/www.oarcanjo.net\/site\/#organization\"},\"potentialAction\":[{\"@type\":\"SearchAction\",\"target\":{\"@type\":\"EntryPoint\",\"urlTemplate\":\"https:\/\/www.oarcanjo.net\/site\/?s={search_term_string}\"},\"query-input\":{\"@type\":\"PropertyValueSpecification\",\"valueRequired\":true,\"valueName\":\"search_term_string\"}}],\"inLanguage\":\"pt-BR\"},{\"@type\":\"Organization\",\"@id\":\"https:\/\/www.oarcanjo.net\/site\/#organization\",\"name\":\"Par\u00f3quia S\u00e3o Miguel Arcanjo\",\"url\":\"https:\/\/www.oarcanjo.net\/site\/\",\"logo\":{\"@type\":\"ImageObject\",\"inLanguage\":\"pt-BR\",\"@id\":\"https:\/\/www.oarcanjo.net\/site\/#\/schema\/logo\/image\/\",\"url\":\"https:\/\/www.oarcanjo.net\/site\/wp-content\/uploads\/LogoOArcanjo.png\",\"contentUrl\":\"https:\/\/www.oarcanjo.net\/site\/wp-content\/uploads\/LogoOArcanjo.png\",\"width\":319,\"height\":99,\"caption\":\"Par\u00f3quia S\u00e3o Miguel Arcanjo\"},\"image\":{\"@id\":\"https:\/\/www.oarcanjo.net\/site\/#\/schema\/logo\/image\/\"},\"sameAs\":[\"https:\/\/www.facebook.com\/OArcanjoNoAr\/\"]},{\"@type\":\"Person\",\"@id\":\"https:\/\/www.oarcanjo.net\/site\/#\/schema\/person\/5eb9480bedd2f3c97e430ce128c29c6c\",\"name\":\"danilo\"}]}<\/script>\n<!-- \/ Yoast SEO plugin. -->","yoast_head_json":{"title":"Bem Aventurado Cesar de Bus - O Arcanjo no ar","robots":{"index":"index","follow":"follow","max-snippet":"max-snippet:-1","max-image-preview":"max-image-preview:large","max-video-preview":"max-video-preview:-1"},"canonical":"https:\/\/www.oarcanjo.net\/site\/bem-aventurado-cesar-de-bus\/","og_locale":"pt_BR","og_type":"article","og_title":"Bem Aventurado Cesar de Bus - O Arcanjo no ar","og_description":"15 de Abril Fundou a Congrega\u00e7\u00e3o dos Padres da Doutrina Crist\u00e3 ou Doutrin\u00e1rios C\u00e9sar de Bus, personagem marcante da segunda metade do s\u00e9culo XVI, foi sem d\u00favida um homem especialmente escolhido por Deus. Ao ser solenemente proclamado Bem-aventurado pelo Papa Paulo VI no dia 27 de abril do Ano Santo de 1975, toda a Igreja [&hellip;]","og_url":"https:\/\/www.oarcanjo.net\/site\/bem-aventurado-cesar-de-bus\/","og_site_name":"O Arcanjo no ar","article_publisher":"https:\/\/www.facebook.com\/OArcanjoNoAr\/","article_published_time":"2019-04-15T03:43:40+00:00","article_modified_time":"2019-02-20T10:54:11+00:00","og_image":[{"url":"http:\/\/www.dottry.com.br\/inc\/imgResize.php?nW=180&amp;img=..\/img\/6.jpg"}],"author":"danilo","twitter_card":"summary_large_image","twitter_misc":{"Escrito por":"danilo","Est. tempo de leitura":"5 minutos"},"schema":{"@context":"https:\/\/schema.org","@graph":[{"@type":"Article","@id":"https:\/\/www.oarcanjo.net\/site\/bem-aventurado-cesar-de-bus\/#article","isPartOf":{"@id":"https:\/\/www.oarcanjo.net\/site\/bem-aventurado-cesar-de-bus\/"},"author":{"name":"danilo","@id":"https:\/\/www.oarcanjo.net\/site\/#\/schema\/person\/5eb9480bedd2f3c97e430ce128c29c6c"},"headline":"Bem Aventurado Cesar de Bus","datePublished":"2019-04-15T03:43:40+00:00","dateModified":"2019-02-20T10:54:11+00:00","mainEntityOfPage":{"@id":"https:\/\/www.oarcanjo.net\/site\/bem-aventurado-cesar-de-bus\/"},"wordCount":987,"commentCount":0,"publisher":{"@id":"https:\/\/www.oarcanjo.net\/site\/#organization"},"image":{"@id":"https:\/\/www.oarcanjo.net\/site\/bem-aventurado-cesar-de-bus\/#primaryimage"},"thumbnailUrl":"http:\/\/www.dottry.com.br\/inc\/imgResize.php?nW=180&amp;img=..\/img\/6.jpg","articleSection":["Testemunhos"],"inLanguage":"pt-BR","potentialAction":[{"@type":"CommentAction","name":"Comment","target":["https:\/\/www.oarcanjo.net\/site\/bem-aventurado-cesar-de-bus\/#respond"]}]},{"@type":"WebPage","@id":"https:\/\/www.oarcanjo.net\/site\/bem-aventurado-cesar-de-bus\/","url":"https:\/\/www.oarcanjo.net\/site\/bem-aventurado-cesar-de-bus\/","name":"Bem Aventurado Cesar de Bus - O Arcanjo no ar","isPartOf":{"@id":"https:\/\/www.oarcanjo.net\/site\/#website"},"primaryImageOfPage":{"@id":"https:\/\/www.oarcanjo.net\/site\/bem-aventurado-cesar-de-bus\/#primaryimage"},"image":{"@id":"https:\/\/www.oarcanjo.net\/site\/bem-aventurado-cesar-de-bus\/#primaryimage"},"thumbnailUrl":"http:\/\/www.dottry.com.br\/inc\/imgResize.php?nW=180&amp;img=..\/img\/6.jpg","datePublished":"2019-04-15T03:43:40+00:00","dateModified":"2019-02-20T10:54:11+00:00","breadcrumb":{"@id":"https:\/\/www.oarcanjo.net\/site\/bem-aventurado-cesar-de-bus\/#breadcrumb"},"inLanguage":"pt-BR","potentialAction":[{"@type":"ReadAction","target":["https:\/\/www.oarcanjo.net\/site\/bem-aventurado-cesar-de-bus\/"]}]},{"@type":"ImageObject","inLanguage":"pt-BR","@id":"https:\/\/www.oarcanjo.net\/site\/bem-aventurado-cesar-de-bus\/#primaryimage","url":"http:\/\/www.dottry.com.br\/inc\/imgResize.php?nW=180&amp;img=..\/img\/6.jpg","contentUrl":"http:\/\/www.dottry.com.br\/inc\/imgResize.php?nW=180&amp;img=..\/img\/6.jpg"},{"@type":"BreadcrumbList","@id":"https:\/\/www.oarcanjo.net\/site\/bem-aventurado-cesar-de-bus\/#breadcrumb","itemListElement":[{"@type":"ListItem","position":1,"name":"In\u00edcio","item":"https:\/\/www.oarcanjo.net\/site\/"},{"@type":"ListItem","position":2,"name":"Bem Aventurado Cesar de Bus"}]},{"@type":"WebSite","@id":"https:\/\/www.oarcanjo.net\/site\/#website","url":"https:\/\/www.oarcanjo.net\/site\/","name":"O Arcanjo no ar","description":"Site da Par\u00f3quia S\u00e3o Miguel Arcanjo (Arquidiocese de SP)","publisher":{"@id":"https:\/\/www.oarcanjo.net\/site\/#organization"},"potentialAction":[{"@type":"SearchAction","target":{"@type":"EntryPoint","urlTemplate":"https:\/\/www.oarcanjo.net\/site\/?s={search_term_string}"},"query-input":{"@type":"PropertyValueSpecification","valueRequired":true,"valueName":"search_term_string"}}],"inLanguage":"pt-BR"},{"@type":"Organization","@id":"https:\/\/www.oarcanjo.net\/site\/#organization","name":"Par\u00f3quia S\u00e3o Miguel Arcanjo","url":"https:\/\/www.oarcanjo.net\/site\/","logo":{"@type":"ImageObject","inLanguage":"pt-BR","@id":"https:\/\/www.oarcanjo.net\/site\/#\/schema\/logo\/image\/","url":"https:\/\/www.oarcanjo.net\/site\/wp-content\/uploads\/LogoOArcanjo.png","contentUrl":"https:\/\/www.oarcanjo.net\/site\/wp-content\/uploads\/LogoOArcanjo.png","width":319,"height":99,"caption":"Par\u00f3quia S\u00e3o Miguel Arcanjo"},"image":{"@id":"https:\/\/www.oarcanjo.net\/site\/#\/schema\/logo\/image\/"},"sameAs":["https:\/\/www.facebook.com\/OArcanjoNoAr\/"]},{"@type":"Person","@id":"https:\/\/www.oarcanjo.net\/site\/#\/schema\/person\/5eb9480bedd2f3c97e430ce128c29c6c","name":"danilo"}]}},"publishpress_future_action":{"enabled":false,"date":"2026-05-07 17:59:36","action":"category","newStatus":"draft","terms":[],"taxonomy":"category"},"publishpress_future_workflow_manual_trigger":{"enabledWorkflows":[]},"_links":{"self":[{"href":"https:\/\/www.oarcanjo.net\/site\/wp-json\/wp\/v2\/posts\/8761"}],"collection":[{"href":"https:\/\/www.oarcanjo.net\/site\/wp-json\/wp\/v2\/posts"}],"about":[{"href":"https:\/\/www.oarcanjo.net\/site\/wp-json\/wp\/v2\/types\/post"}],"author":[{"embeddable":true,"href":"https:\/\/www.oarcanjo.net\/site\/wp-json\/wp\/v2\/users\/14"}],"replies":[{"embeddable":true,"href":"https:\/\/www.oarcanjo.net\/site\/wp-json\/wp\/v2\/comments?post=8761"}],"version-history":[{"count":1,"href":"https:\/\/www.oarcanjo.net\/site\/wp-json\/wp\/v2\/posts\/8761\/revisions"}],"predecessor-version":[{"id":92871,"href":"https:\/\/www.oarcanjo.net\/site\/wp-json\/wp\/v2\/posts\/8761\/revisions\/92871"}],"wp:attachment":[{"href":"https:\/\/www.oarcanjo.net\/site\/wp-json\/wp\/v2\/media?parent=8761"}],"wp:term":[{"taxonomy":"category","embeddable":true,"href":"https:\/\/www.oarcanjo.net\/site\/wp-json\/wp\/v2\/categories?post=8761"},{"taxonomy":"post_tag","embeddable":true,"href":"https:\/\/www.oarcanjo.net\/site\/wp-json\/wp\/v2\/tags?post=8761"}],"curies":[{"name":"wp","href":"https:\/\/api.w.org\/{rel}","templated":true}]}}