
{"id":8769,"date":"2019-04-15T09:50:02","date_gmt":"2019-04-15T12:50:02","guid":{"rendered":"http:\/\/www.oarcanjo.net\/site\/?p=8769"},"modified":"2019-02-20T07:54:19","modified_gmt":"2019-02-20T10:54:19","slug":"sao-bento-jose-labre","status":"publish","type":"post","link":"https:\/\/www.oarcanjo.net\/site\/sao-bento-jose-labre\/","title":{"rendered":"S\u00e3o Bento Jos\u00e9 Labre"},"content":{"rendered":"<p><a id=\"irc_mil\" href=\"&amp;ved=&amp;url=http%3A%2F%2Fsantos-de-cada-dia.blogspot.com%2F2011%2F04%2Fbento-jose-labre.html&amp;ei=ilZtUfyjCIf30gH054Fw&amp;bvm=bv.45175338,d.dmQ&amp;psig=AFQjCNEWA4nBvMrJHicoO7Ju7pGeAaAKFQ&amp;ust=1366206474525585\"><img loading=\"lazy\" decoding=\"async\" src=\"http:\/\/4.bp.blogspot.com\/-W3LVmXH6lCE\/TajEYP3x4hI\/AAAAAAAABgw\/4Zn7OCH_biA\/s1600\/benoit_labre_45_01.jpg\" alt=\"\" width=\"295\" height=\"393\" \/><\/a><\/p>\n<p>16 de Abril<\/p>\n<p>&#8220;O cigano de Cristo&#8221;, este tamb\u00e9m \u00e9 seu apelido, que demonstra claramente o que foram os trinta e cinco anos de vida de Bento Jos\u00e9 Labre, treze deles caminhando e evangelizando pelas famosas e seculares estradas de Roma. Ali\u00e1s, o antigo ditado popular que diz que &#8220;todos os caminhos levam a Roma&#8221; continua sendo assim para todos os crist\u00e3os. Entretanto, principalmente no s\u00e9culo XVII, em qualquer um deles era poss\u00edvel cruzar com o peregrino Bento Jos\u00e9 e nele encontrar o caminho que levava a Deus.<\/p>\n<p><strong>Em pleno s\u00e9culo XVIII, quando a sociedade ocidental alcan\u00e7ava um auge de refinamento nas maneiras, na culin\u00e1ria, na cultura e nos costumes, um mendigo vinha lembrar aos homens as verdades eternas.<\/strong><\/p>\n<p>As in\u00fameras igrejas de Roma exercem uma irresist\u00edvel atra\u00e7\u00e3o sobre quem passa diante de suas portas. Ainda quando est\u00e1 tomado pelos afazeres do dia-a-dia, o transeunte acaba por interromper brevemente seu percurso e entrar em uma ou outra delas, para um instante de ora\u00e7\u00e3o, reflex\u00e3o ou contempla\u00e7\u00e3o.<\/p>\n<p>A esse movimento de devo\u00e7\u00e3o se acresce \u00e0s vezes a curiosidade, mesmo para quem j\u00e1 vive h\u00e1 bastante tempo na Cidade Eterna. Com efeito, caminhando pelas ruas ou becos do intrincado centro romano, ele pode deparar-se com uma igreja que nunca tinha visto, ou jamais havia visitado, e cuja apar\u00eancia exterior \u00e9 at\u00e9 dif\u00edcil de distinguir de um edif\u00edcio profano.<\/p>\n<p>Foi o que se deu recentemente comigo, ao afastar-me do Foro Romano e percorrer uma pequena rua na qual divisei uma grande fachada com a inscri\u00e7\u00e3o Santa Maria dei Monti. Sem d\u00favida, tratava-se de uma igreja. Cedendo ao desejo de conhec\u00ea-la, transpus seus umbrais.<\/p>\n<p>Um bel\u00edssimo afresco preside o altar-mor. Trata-se da Madonna dei Monti, \u00e0 qual s\u00e3o atribu\u00eddos in\u00fameros milagres. Muitos grandes santos tinham especial devo\u00e7\u00e3o a essa imagem, e diante dela rezaram por sua funda\u00e7\u00e3o, como S\u00e3o Paulo da Cruz, S\u00e3o Jos\u00e9 de Calazans e Santo Afonso Maria de Lig\u00f3rio.<\/p>\n<p>Um altar lateral, por\u00e9m, o \u00faltimo da esquerda, chamou-me especialmente a aten\u00e7\u00e3o.<\/p>\n<p>Ali, pude ler num pequeno cartaz: &#8220;Aqui repousa S\u00e3o Bento Jos\u00e9 Labre, peregrino franc\u00eas que viveu durante muitos anos diante desta igreja pedindo esmolas, como \u2018vagabundo de Cristo'&#8221;.<\/p>\n<p>&#8220;Vagabundo de Cristo&#8221;? Como seria isso?<\/p>\n<p><strong>Deus o chamava, mas n\u00e3o o queria em nenhum mosteiro<\/strong><\/p>\n<p>Bento Jos\u00e9 Labre nasceu em Amettes,regi\u00e3o de Artois (Fran\u00e7a), no dia 23 de mar\u00e7o de 1748. Desde sua inf\u00e2ncia deu sinais de terna devo\u00e7\u00e3o e esquecimento de si mesmo. Atra\u00eddo pela gra\u00e7a j\u00e1 nos estudos preparat\u00f3rios para a Primeira Comunh\u00e3o, passou a levar uma vida de piedade e austeridade muito superior \u00e0 sua idade.<\/p>\n<p>Aos dezesseis anos decidiu ser trapista, mas a fam\u00edlia empenhou-se em dissuadi-lo. Diante dessa atitude, uma crise dolorosa lhe tirou a paz de alma, que reencontrou come\u00e7ando a seguir a regra da Trapa dentro de sua pr\u00f3pria casa. Ap\u00f3s um certo tempo, por conselho de seu tio materno, que era sacerdote, os pais lhe deram permiss\u00e3o para entrar na Ordem dos Cartuxos, considerada menos austera.<\/p>\n<p>Para Bento iniciou-se ent\u00e3o uma fase de grandes humilha\u00e7\u00f5es. A Cartuxa de Val-Sainte recusou-se a acolh\u00ea- lo. Admitido na de Neuville, uma violenta crise de ang\u00fastia e de v\u00f4mitos o impediu de ali continuar. \u00c0 procura de outro mosteiro, viajou a p\u00e9 at\u00e9 a Normandia e bateu \u00e0s portas da Grande Trapa de Mortagne, onde o abade lhe negou a admiss\u00e3o, por ele ter apenas vinte anos.<\/p>\n<p>Por fim, conseguiu ser admitido novamente na Cartuxa de Neuville, mas foi tomado pelas mesmas crises anteriores. Com muito discernimento, ao despedir-se dele, o prior deulhe uma orienta\u00e7\u00e3o: &#8220;A Provid\u00eancia n\u00e3o o chama ao nosso regime de vida. Siga a inspira\u00e7\u00e3o divina!&#8221;<\/p>\n<p>Bento fez ent\u00e3o uma viagem de quatro semanas, a p\u00e9 e pedindo esmolas, at\u00e9 a Trapa de Sept-Fonts, onde foi admitido como novi\u00e7o. Ap\u00f3s alguns meses, por\u00e9m, viu-se presa de uma grande crise de escr\u00fapulos, com acessos de v\u00f4mitos, o<\/p>\n<table border=\"0\" align=\"left\">\n<tbody>\n<tr>\n<td><img loading=\"lazy\" decoding=\"async\" src=\"http:\/\/www.arautos.org.br\/resource\/view?image=11455&amp;size=2\" alt=\"sao bento jose labre - rae 52.JPG\" width=\"439\" height=\"363\" \/><\/td>\n<\/tr>\n<tr>\n<td>Em um pequeno altar da Igreja de Santa Maria dei Monti repousam os restos de<\/td>\n<\/tr>\n<tr>\n<td>S\u00e3o Bento Jos\u00e9 Labre, o &#8220;vagabundo de Cristo&#8221;\u00a0\u00a0\u00a0\u00a0\u00a0\u00a0 Fotos: Victor Toniolo<\/td>\n<\/tr>\n<\/tbody>\n<\/table>\n<p>que levou o abade a lhe dizer:<\/p>\n<p>&#8211; N\u00e3o nasceste para nosso mosteiro, Deus te quer em outro lugar.<\/p>\n<p>&#8211; Seja feita a vontade do Senhor! &#8211; respondeu Bento, cheio de tristeza.<\/p>\n<p><strong>Como mendigo, peregrinava de santu\u00e1rio a santu\u00e1rio<\/strong><\/p>\n<p>Fazer a vontade de Deus, sim, Bento n\u00e3o queria outra coisa. Mas, como faz\u00ea-la? Por um lado, sentiase chamado \u00e0 vida recolhida e austera do claustro, mas, por outro, parecia que o pr\u00f3prio Deus lhe interditava essa vida. Sem saber ainda qual a vontade do Senhor a seu respeito, come\u00e7ou a peregrinar de um santu\u00e1rio a outro da Fran\u00e7a. Ap\u00f3s algum tempo foi para a Espanha, depois para a Alemanha, sempre de santu\u00e1rio em santu\u00e1rio. Vivia como mendigo, tendo apenas uma cruz ao peito, um ros\u00e1rio no pesco\u00e7o, e o Brevi\u00e1rio e alguns livros religiosos num saco.<\/p>\n<p>Em 1770 decidiu tomar o caminho de Roma, pois tinha ouvido dizer que na It\u00e1lia havia v\u00e1rios mosteiros de vida muito regular e austera. Esperava ser admitido em algum deles.<\/p>\n<p>Depois de uma longa viagem, chegou por fim \u00e0 Cidade Eterna. Escolheu como lugar para viver o Coliseu. Muitos transeuntes, ao verem aquela estranha figura, lhe perguntavam o que fazia ali, ao que ele respondia: &#8211; Fa\u00e7o a vontade de Deus!<\/p>\n<p><strong>&#8220;Se esse homem tivesse sido sacerdote!&#8230;&#8221;<\/strong><\/p>\n<p>O pobre do Coliseu, como passaram a cham\u00e1-lo, ia rezar em v\u00e1rias igrejas. Com freq\u00fc\u00eancia, em vista do seu aspecto repulsivo, negavam-lhe a Comunh\u00e3o. E quando o celebrante, movido pela compaix\u00e3o, concedialhe o Sacramento, via cair na patena duas l\u00e1grimas de seus olhos.<\/p>\n<p>Era um grande devoto da Eucaristia e participava de todas as devo\u00e7\u00f5es das Quarenta Horas que se organizavam na cidade. Desde a aurora l\u00e1 estava ele diante do Sant\u00edssimo Sacramento, com as m\u00e3os cruzadas sobre o peito e os l\u00e1bios em movimento. Nessas ocasi\u00f5es, muitos viam irradiar dele uma luz dourada.<\/p>\n<p>Um p\u00e1roco, o Pe. Gaetano Rogger, que observou ter ele passado seis horas diante do Sant\u00edssimo Sacramento, quis deixar seu testemunho para o processo de canoniza\u00e7\u00e3o: &#8220;Se esse homem tivesse sido sacerdote, sozinho faria todos os turnos de adora\u00e7\u00e3o! Que vergonha para n\u00f3s, sacerdotes, que sofremos tanto ao passar uma hora diante do Sant\u00edssimo! E para rezar precisamos de c\u00f4modas almofadas. Eis um pobre que nos ensina a rezar!&#8221;<\/p>\n<p>Com freq\u00fc\u00eancia pedia ao sacrist\u00e3o o privil\u00e9gio de passar a noite na igreja. Muitas vezes isso lhe foi negado, por\u00e9m, na manh\u00e3 seguinte era encontrado dentro do templo, sem ningu\u00e9m saber explicar como lhe tinha sido poss\u00edvel entrar.<\/p>\n<p><strong>Seguindo a inspira\u00e7\u00e3o divina, descobriu sua via de santidade<\/strong><\/p>\n<p>Sua igreja preferida era Santa Maria dei Monti. Costumava chegar cedo, quando ela ainda estava fechada. Ajoelhava-se ent\u00e3o nos degraus, com o chap\u00e9u nas m\u00e3os, e ficava olhando para o C\u00e9u.<\/p>\n<p>Certa vez, um passante lhe perguntou por que vivia desse modo, e se n\u00e3o seria melhor se tivesse entrado numa Ordem mendicante. Bento respondeu suspirando: &#8220;Se fosse do desejo de Deus, Ele teria disposto as coisas de um outro modo&#8221;.<\/p>\n<p>Mendigava as refei\u00e7\u00f5es em algum dos numerosos conventos da cidade pontif\u00edcia. Muitas vezes, dava para outros mais pobres do que ele as esmolas que recebia.<\/p>\n<p>De Roma, fez muitas peregrina\u00e7\u00f5es a Loreto, a S\u00e3o Nicolau de Bari, a Camaldoli, at\u00e9 mesmo a Einsiedeln,na Su\u00ed\u00e7a, sempre a p\u00e9. Tantas vezes passava pelos mesmos caminhos, que alguns conventos nos quais se abrigava pediam-lhe para levar o correio de um lugar para outro. Nunca procurava vaga nas hospedarias, para n\u00e3o ouvir blasf\u00eamias nem freq\u00fcentar um ambiente n\u00e3o-religioso.<\/p>\n<p>Numa ocasi\u00e3o, um sacerdote de Loreto ofereceu-se para conseguir-lhe um lugar na Cam\u00e1ldula de Monte Conaro. Ap\u00f3s meditar longamente, Bento respondeu: &#8220;Deus n\u00e3o quer para mim a via que o senhor me prop\u00f5e&#8221;. Esta resposta demonstra claramente como, seguindo a inspira\u00e7\u00e3o divina, ele tinha acabado por descobrir qual era o seu caminho de santifica\u00e7\u00e3o.<\/p>\n<p>Outro sacerdote fez-lhe id\u00eantica proposta, e sugeriu que pelo menos ele procurasse algum trabalho, pois muitos julgavam ser ele um mendigo por mera vagabundagem. Bento respondeu: &#8220;Senhor padre, \u00e9 desejo de Deus que eu viva mendigando. Levante a cortina do confession\u00e1rio e olhe&#8221;. O padre assim fez e viu que uma luz sobrenatural sa\u00eda do rosto do mendigo e iluminava toda a capela.<\/p>\n<p><strong>&#8220;Ilustre pelo desprezo de si mesmo e pela pobreza volunt\u00e1ria&#8221;<\/strong><\/p>\n<p>Desse modo, Bento viveu dedicado \u00e0 ora\u00e7\u00e3o e vida interior, completamente despreocupado dos bens materiais; n\u00e3o <img loading=\"lazy\" decoding=\"async\" src=\"http:\/\/www.arautos.org.br\/resource\/view?image=11454&amp;size=2\" alt=\"sao bento jose labre_2 - rae 52.JPG\" width=\"500\" height=\"246\" \/>porque n\u00e3o os poderia ter, se quisesse, mas porque tinha renunciado a possu\u00ed-los. Esse desprendimento o fez progredir de tal modo nas vias da santidade, que Deus quis cham\u00e1-lo cedo para junto de Si.<\/p>\n<p>Na quarta-feira da Semana Santa de 1783, sentiu-se mal ao sair da Igreja de Madonna dei Monti. Levado a uma casa pr\u00f3xima, ali entregou sua alma a Deus. Seus funerais fizeram recordar os de S\u00e3o Felipe N\u00e9ri: uma incont\u00e1vel multid\u00e3o encheu as ruas da Cidade Eterna, e considerava- se feliz quem conseguia tocar em seu f\u00e9retro.<\/p>\n<p>O pr\u00f3prio Deus parecia empenhado em patentear aos olhos de todos quanto Lhe tinha sido agrad\u00e1vel a santa vida desse seu servo: no curto per\u00edodo de 70 dias ap\u00f3s sua morte, realizaram-se 36 curas milagrosas em seu t\u00famulo. Desta forma, em menos de quatro meses teve in\u00edcio o processo can\u00f4nico que levou o &#8220;vagabundo de Cristo&#8221; a ser beatificado por Pio IX em 1859 e canonizado em 1881 por Le\u00e3o XIII, que o proclamou &#8220;ilustre pelo desprezo de si mesmo e pelo valor de uma extrema pobreza volunt\u00e1ria&#8221;.<\/p>\n<p><strong>Uma via especial de santidade<\/strong><\/p>\n<p>&#8220;A santidade \u00e9 a voca\u00e7\u00e3o de cada um&#8221;, ensina-nos o Comp\u00eandio do Catecismo da Igreja Cat\u00f3lica (n\u00ba 165). Mas as vias para atingi-la s\u00e3o muito variadas, e alguns santos s\u00e3o chamados por Deus a trilharem caminhos muito especiais. \u00c9 o caso, por exemplo, de S\u00e3o Sime\u00e3o Estilita, que viveu durante anos numa pequena plataforma sustentada por uma coluna de mais de 15 metros de altura, jejuando continuamente e passando a maior parte do tempo em p\u00e9.<\/p>\n<p>Com freq\u00fc\u00eancia, um santo recebe a voca\u00e7\u00e3o especial de combater algum desvio de sua \u00e9poca. No s\u00e9culo XVIII, o alto refinamento da civiliza\u00e7\u00e3o ocidental, de si excelente, estava sendo desviado por influ\u00eancias mundanas e relativistas que levavam in\u00fameras pessoas a perderem a f\u00e9. Nessas circunst\u00e2ncias, S\u00e3o Bento Jos\u00e9 Labre, dando o exemplo do extremo desapego aos bens terrenos, servia para mostrar \u00e0quela sociedade brilhante, mas fr\u00edvola, o vazio de uma vida que n\u00e3o tem por objetivo a gl\u00f3ria de Deus, o bem do pr\u00f3ximo e o servi\u00e7o da Igreja.<\/p>\n<p><em>por:Victor Hugo Toniolo<\/em><\/p>\n<div id=\"themify_builder_content-8769\" data-postid=\"8769\" class=\"themify_builder_content themify_builder_content-8769 themify_builder themify_builder_front\">\n\t<\/div>\n<!-- \/themify_builder_content -->","protected":false},"excerpt":{"rendered":"<p>16 de Abril &#8220;O cigano de Cristo&#8221;, este tamb\u00e9m \u00e9 seu apelido, que demonstra claramente o que foram os trinta e cinco anos de vida de Bento Jos\u00e9 Labre, treze deles caminhando e evangelizando pelas famosas e seculares estradas de Roma. Ali\u00e1s, o antigo ditado popular que diz que &#8220;todos os caminhos levam a Roma&#8221; [&hellip;]<\/p>\n","protected":false},"author":14,"featured_media":0,"comment_status":"open","ping_status":"open","sticky":false,"template":"","format":"standard","meta":{"ngg_post_thumbnail":0,"footnotes":""},"categories":[186],"tags":[],"yoast_head":"<!-- This site is optimized with the Yoast SEO plugin v23.5 - https:\/\/yoast.com\/wordpress\/plugins\/seo\/ -->\n<title>S\u00e3o Bento Jos\u00e9 Labre - O Arcanjo no ar<\/title>\n<meta name=\"robots\" content=\"index, follow, max-snippet:-1, max-image-preview:large, max-video-preview:-1\" \/>\n<link rel=\"canonical\" href=\"https:\/\/www.oarcanjo.net\/site\/sao-bento-jose-labre\/\" \/>\n<meta property=\"og:locale\" content=\"pt_BR\" \/>\n<meta property=\"og:type\" content=\"article\" \/>\n<meta property=\"og:title\" content=\"S\u00e3o Bento Jos\u00e9 Labre - O Arcanjo no ar\" \/>\n<meta property=\"og:description\" content=\"16 de Abril &#8220;O cigano de Cristo&#8221;, este tamb\u00e9m \u00e9 seu apelido, que demonstra claramente o que foram os trinta e cinco anos de vida de Bento Jos\u00e9 Labre, treze deles caminhando e evangelizando pelas famosas e seculares estradas de Roma. Ali\u00e1s, o antigo ditado popular que diz que &#8220;todos os caminhos levam a Roma&#8221; [&hellip;]\" \/>\n<meta property=\"og:url\" content=\"https:\/\/www.oarcanjo.net\/site\/sao-bento-jose-labre\/\" \/>\n<meta property=\"og:site_name\" content=\"O Arcanjo no ar\" \/>\n<meta property=\"article:publisher\" content=\"https:\/\/www.facebook.com\/OArcanjoNoAr\/\" \/>\n<meta property=\"article:published_time\" content=\"2019-04-15T12:50:02+00:00\" \/>\n<meta property=\"article:modified_time\" content=\"2019-02-20T10:54:19+00:00\" \/>\n<meta property=\"og:image\" content=\"http:\/\/4.bp.blogspot.com\/-W3LVmXH6lCE\/TajEYP3x4hI\/AAAAAAAABgw\/4Zn7OCH_biA\/s1600\/benoit_labre_45_01.jpg\" \/>\n<meta name=\"author\" content=\"danilo\" \/>\n<meta name=\"twitter:card\" content=\"summary_large_image\" \/>\n<meta name=\"twitter:label1\" content=\"Escrito por\" \/>\n\t<meta name=\"twitter:data1\" content=\"danilo\" \/>\n\t<meta name=\"twitter:label2\" content=\"Est. tempo de leitura\" \/>\n\t<meta name=\"twitter:data2\" content=\"9 minutos\" \/>\n<script type=\"application\/ld+json\" class=\"yoast-schema-graph\">{\"@context\":\"https:\/\/schema.org\",\"@graph\":[{\"@type\":\"Article\",\"@id\":\"https:\/\/www.oarcanjo.net\/site\/sao-bento-jose-labre\/#article\",\"isPartOf\":{\"@id\":\"https:\/\/www.oarcanjo.net\/site\/sao-bento-jose-labre\/\"},\"author\":{\"name\":\"danilo\",\"@id\":\"https:\/\/www.oarcanjo.net\/site\/#\/schema\/person\/5eb9480bedd2f3c97e430ce128c29c6c\"},\"headline\":\"S\u00e3o Bento Jos\u00e9 Labre\",\"datePublished\":\"2019-04-15T12:50:02+00:00\",\"dateModified\":\"2019-02-20T10:54:19+00:00\",\"mainEntityOfPage\":{\"@id\":\"https:\/\/www.oarcanjo.net\/site\/sao-bento-jose-labre\/\"},\"wordCount\":1900,\"commentCount\":0,\"publisher\":{\"@id\":\"https:\/\/www.oarcanjo.net\/site\/#organization\"},\"image\":{\"@id\":\"https:\/\/www.oarcanjo.net\/site\/sao-bento-jose-labre\/#primaryimage\"},\"thumbnailUrl\":\"http:\/\/4.bp.blogspot.com\/-W3LVmXH6lCE\/TajEYP3x4hI\/AAAAAAAABgw\/4Zn7OCH_biA\/s1600\/benoit_labre_45_01.jpg\",\"articleSection\":[\"Testemunhos\"],\"inLanguage\":\"pt-BR\",\"potentialAction\":[{\"@type\":\"CommentAction\",\"name\":\"Comment\",\"target\":[\"https:\/\/www.oarcanjo.net\/site\/sao-bento-jose-labre\/#respond\"]}]},{\"@type\":\"WebPage\",\"@id\":\"https:\/\/www.oarcanjo.net\/site\/sao-bento-jose-labre\/\",\"url\":\"https:\/\/www.oarcanjo.net\/site\/sao-bento-jose-labre\/\",\"name\":\"S\u00e3o Bento Jos\u00e9 Labre - O Arcanjo no ar\",\"isPartOf\":{\"@id\":\"https:\/\/www.oarcanjo.net\/site\/#website\"},\"primaryImageOfPage\":{\"@id\":\"https:\/\/www.oarcanjo.net\/site\/sao-bento-jose-labre\/#primaryimage\"},\"image\":{\"@id\":\"https:\/\/www.oarcanjo.net\/site\/sao-bento-jose-labre\/#primaryimage\"},\"thumbnailUrl\":\"http:\/\/4.bp.blogspot.com\/-W3LVmXH6lCE\/TajEYP3x4hI\/AAAAAAAABgw\/4Zn7OCH_biA\/s1600\/benoit_labre_45_01.jpg\",\"datePublished\":\"2019-04-15T12:50:02+00:00\",\"dateModified\":\"2019-02-20T10:54:19+00:00\",\"breadcrumb\":{\"@id\":\"https:\/\/www.oarcanjo.net\/site\/sao-bento-jose-labre\/#breadcrumb\"},\"inLanguage\":\"pt-BR\",\"potentialAction\":[{\"@type\":\"ReadAction\",\"target\":[\"https:\/\/www.oarcanjo.net\/site\/sao-bento-jose-labre\/\"]}]},{\"@type\":\"ImageObject\",\"inLanguage\":\"pt-BR\",\"@id\":\"https:\/\/www.oarcanjo.net\/site\/sao-bento-jose-labre\/#primaryimage\",\"url\":\"http:\/\/4.bp.blogspot.com\/-W3LVmXH6lCE\/TajEYP3x4hI\/AAAAAAAABgw\/4Zn7OCH_biA\/s1600\/benoit_labre_45_01.jpg\",\"contentUrl\":\"http:\/\/4.bp.blogspot.com\/-W3LVmXH6lCE\/TajEYP3x4hI\/AAAAAAAABgw\/4Zn7OCH_biA\/s1600\/benoit_labre_45_01.jpg\"},{\"@type\":\"BreadcrumbList\",\"@id\":\"https:\/\/www.oarcanjo.net\/site\/sao-bento-jose-labre\/#breadcrumb\",\"itemListElement\":[{\"@type\":\"ListItem\",\"position\":1,\"name\":\"In\u00edcio\",\"item\":\"https:\/\/www.oarcanjo.net\/site\/\"},{\"@type\":\"ListItem\",\"position\":2,\"name\":\"S\u00e3o Bento Jos\u00e9 Labre\"}]},{\"@type\":\"WebSite\",\"@id\":\"https:\/\/www.oarcanjo.net\/site\/#website\",\"url\":\"https:\/\/www.oarcanjo.net\/site\/\",\"name\":\"O Arcanjo no ar\",\"description\":\"Site da Par\u00f3quia S\u00e3o Miguel Arcanjo (Arquidiocese de SP)\",\"publisher\":{\"@id\":\"https:\/\/www.oarcanjo.net\/site\/#organization\"},\"potentialAction\":[{\"@type\":\"SearchAction\",\"target\":{\"@type\":\"EntryPoint\",\"urlTemplate\":\"https:\/\/www.oarcanjo.net\/site\/?s={search_term_string}\"},\"query-input\":{\"@type\":\"PropertyValueSpecification\",\"valueRequired\":true,\"valueName\":\"search_term_string\"}}],\"inLanguage\":\"pt-BR\"},{\"@type\":\"Organization\",\"@id\":\"https:\/\/www.oarcanjo.net\/site\/#organization\",\"name\":\"Par\u00f3quia S\u00e3o Miguel Arcanjo\",\"url\":\"https:\/\/www.oarcanjo.net\/site\/\",\"logo\":{\"@type\":\"ImageObject\",\"inLanguage\":\"pt-BR\",\"@id\":\"https:\/\/www.oarcanjo.net\/site\/#\/schema\/logo\/image\/\",\"url\":\"https:\/\/www.oarcanjo.net\/site\/wp-content\/uploads\/LogoOArcanjo.png\",\"contentUrl\":\"https:\/\/www.oarcanjo.net\/site\/wp-content\/uploads\/LogoOArcanjo.png\",\"width\":319,\"height\":99,\"caption\":\"Par\u00f3quia S\u00e3o Miguel Arcanjo\"},\"image\":{\"@id\":\"https:\/\/www.oarcanjo.net\/site\/#\/schema\/logo\/image\/\"},\"sameAs\":[\"https:\/\/www.facebook.com\/OArcanjoNoAr\/\"]},{\"@type\":\"Person\",\"@id\":\"https:\/\/www.oarcanjo.net\/site\/#\/schema\/person\/5eb9480bedd2f3c97e430ce128c29c6c\",\"name\":\"danilo\"}]}<\/script>\n<!-- \/ Yoast SEO plugin. -->","yoast_head_json":{"title":"S\u00e3o Bento Jos\u00e9 Labre - O Arcanjo no ar","robots":{"index":"index","follow":"follow","max-snippet":"max-snippet:-1","max-image-preview":"max-image-preview:large","max-video-preview":"max-video-preview:-1"},"canonical":"https:\/\/www.oarcanjo.net\/site\/sao-bento-jose-labre\/","og_locale":"pt_BR","og_type":"article","og_title":"S\u00e3o Bento Jos\u00e9 Labre - O Arcanjo no ar","og_description":"16 de Abril &#8220;O cigano de Cristo&#8221;, este tamb\u00e9m \u00e9 seu apelido, que demonstra claramente o que foram os trinta e cinco anos de vida de Bento Jos\u00e9 Labre, treze deles caminhando e evangelizando pelas famosas e seculares estradas de Roma. Ali\u00e1s, o antigo ditado popular que diz que &#8220;todos os caminhos levam a Roma&#8221; [&hellip;]","og_url":"https:\/\/www.oarcanjo.net\/site\/sao-bento-jose-labre\/","og_site_name":"O Arcanjo no ar","article_publisher":"https:\/\/www.facebook.com\/OArcanjoNoAr\/","article_published_time":"2019-04-15T12:50:02+00:00","article_modified_time":"2019-02-20T10:54:19+00:00","og_image":[{"url":"http:\/\/4.bp.blogspot.com\/-W3LVmXH6lCE\/TajEYP3x4hI\/AAAAAAAABgw\/4Zn7OCH_biA\/s1600\/benoit_labre_45_01.jpg"}],"author":"danilo","twitter_card":"summary_large_image","twitter_misc":{"Escrito por":"danilo","Est. tempo de leitura":"9 minutos"},"schema":{"@context":"https:\/\/schema.org","@graph":[{"@type":"Article","@id":"https:\/\/www.oarcanjo.net\/site\/sao-bento-jose-labre\/#article","isPartOf":{"@id":"https:\/\/www.oarcanjo.net\/site\/sao-bento-jose-labre\/"},"author":{"name":"danilo","@id":"https:\/\/www.oarcanjo.net\/site\/#\/schema\/person\/5eb9480bedd2f3c97e430ce128c29c6c"},"headline":"S\u00e3o Bento Jos\u00e9 Labre","datePublished":"2019-04-15T12:50:02+00:00","dateModified":"2019-02-20T10:54:19+00:00","mainEntityOfPage":{"@id":"https:\/\/www.oarcanjo.net\/site\/sao-bento-jose-labre\/"},"wordCount":1900,"commentCount":0,"publisher":{"@id":"https:\/\/www.oarcanjo.net\/site\/#organization"},"image":{"@id":"https:\/\/www.oarcanjo.net\/site\/sao-bento-jose-labre\/#primaryimage"},"thumbnailUrl":"http:\/\/4.bp.blogspot.com\/-W3LVmXH6lCE\/TajEYP3x4hI\/AAAAAAAABgw\/4Zn7OCH_biA\/s1600\/benoit_labre_45_01.jpg","articleSection":["Testemunhos"],"inLanguage":"pt-BR","potentialAction":[{"@type":"CommentAction","name":"Comment","target":["https:\/\/www.oarcanjo.net\/site\/sao-bento-jose-labre\/#respond"]}]},{"@type":"WebPage","@id":"https:\/\/www.oarcanjo.net\/site\/sao-bento-jose-labre\/","url":"https:\/\/www.oarcanjo.net\/site\/sao-bento-jose-labre\/","name":"S\u00e3o Bento Jos\u00e9 Labre - O Arcanjo no ar","isPartOf":{"@id":"https:\/\/www.oarcanjo.net\/site\/#website"},"primaryImageOfPage":{"@id":"https:\/\/www.oarcanjo.net\/site\/sao-bento-jose-labre\/#primaryimage"},"image":{"@id":"https:\/\/www.oarcanjo.net\/site\/sao-bento-jose-labre\/#primaryimage"},"thumbnailUrl":"http:\/\/4.bp.blogspot.com\/-W3LVmXH6lCE\/TajEYP3x4hI\/AAAAAAAABgw\/4Zn7OCH_biA\/s1600\/benoit_labre_45_01.jpg","datePublished":"2019-04-15T12:50:02+00:00","dateModified":"2019-02-20T10:54:19+00:00","breadcrumb":{"@id":"https:\/\/www.oarcanjo.net\/site\/sao-bento-jose-labre\/#breadcrumb"},"inLanguage":"pt-BR","potentialAction":[{"@type":"ReadAction","target":["https:\/\/www.oarcanjo.net\/site\/sao-bento-jose-labre\/"]}]},{"@type":"ImageObject","inLanguage":"pt-BR","@id":"https:\/\/www.oarcanjo.net\/site\/sao-bento-jose-labre\/#primaryimage","url":"http:\/\/4.bp.blogspot.com\/-W3LVmXH6lCE\/TajEYP3x4hI\/AAAAAAAABgw\/4Zn7OCH_biA\/s1600\/benoit_labre_45_01.jpg","contentUrl":"http:\/\/4.bp.blogspot.com\/-W3LVmXH6lCE\/TajEYP3x4hI\/AAAAAAAABgw\/4Zn7OCH_biA\/s1600\/benoit_labre_45_01.jpg"},{"@type":"BreadcrumbList","@id":"https:\/\/www.oarcanjo.net\/site\/sao-bento-jose-labre\/#breadcrumb","itemListElement":[{"@type":"ListItem","position":1,"name":"In\u00edcio","item":"https:\/\/www.oarcanjo.net\/site\/"},{"@type":"ListItem","position":2,"name":"S\u00e3o Bento Jos\u00e9 Labre"}]},{"@type":"WebSite","@id":"https:\/\/www.oarcanjo.net\/site\/#website","url":"https:\/\/www.oarcanjo.net\/site\/","name":"O Arcanjo no ar","description":"Site da Par\u00f3quia S\u00e3o Miguel Arcanjo (Arquidiocese de SP)","publisher":{"@id":"https:\/\/www.oarcanjo.net\/site\/#organization"},"potentialAction":[{"@type":"SearchAction","target":{"@type":"EntryPoint","urlTemplate":"https:\/\/www.oarcanjo.net\/site\/?s={search_term_string}"},"query-input":{"@type":"PropertyValueSpecification","valueRequired":true,"valueName":"search_term_string"}}],"inLanguage":"pt-BR"},{"@type":"Organization","@id":"https:\/\/www.oarcanjo.net\/site\/#organization","name":"Par\u00f3quia S\u00e3o Miguel Arcanjo","url":"https:\/\/www.oarcanjo.net\/site\/","logo":{"@type":"ImageObject","inLanguage":"pt-BR","@id":"https:\/\/www.oarcanjo.net\/site\/#\/schema\/logo\/image\/","url":"https:\/\/www.oarcanjo.net\/site\/wp-content\/uploads\/LogoOArcanjo.png","contentUrl":"https:\/\/www.oarcanjo.net\/site\/wp-content\/uploads\/LogoOArcanjo.png","width":319,"height":99,"caption":"Par\u00f3quia S\u00e3o Miguel Arcanjo"},"image":{"@id":"https:\/\/www.oarcanjo.net\/site\/#\/schema\/logo\/image\/"},"sameAs":["https:\/\/www.facebook.com\/OArcanjoNoAr\/"]},{"@type":"Person","@id":"https:\/\/www.oarcanjo.net\/site\/#\/schema\/person\/5eb9480bedd2f3c97e430ce128c29c6c","name":"danilo"}]}},"publishpress_future_action":{"enabled":false,"date":"2026-05-07 17:58:55","action":"category","newStatus":"draft","terms":[],"taxonomy":"category"},"publishpress_future_workflow_manual_trigger":{"enabledWorkflows":[]},"_links":{"self":[{"href":"https:\/\/www.oarcanjo.net\/site\/wp-json\/wp\/v2\/posts\/8769"}],"collection":[{"href":"https:\/\/www.oarcanjo.net\/site\/wp-json\/wp\/v2\/posts"}],"about":[{"href":"https:\/\/www.oarcanjo.net\/site\/wp-json\/wp\/v2\/types\/post"}],"author":[{"embeddable":true,"href":"https:\/\/www.oarcanjo.net\/site\/wp-json\/wp\/v2\/users\/14"}],"replies":[{"embeddable":true,"href":"https:\/\/www.oarcanjo.net\/site\/wp-json\/wp\/v2\/comments?post=8769"}],"version-history":[{"count":1,"href":"https:\/\/www.oarcanjo.net\/site\/wp-json\/wp\/v2\/posts\/8769\/revisions"}],"predecessor-version":[{"id":92872,"href":"https:\/\/www.oarcanjo.net\/site\/wp-json\/wp\/v2\/posts\/8769\/revisions\/92872"}],"wp:attachment":[{"href":"https:\/\/www.oarcanjo.net\/site\/wp-json\/wp\/v2\/media?parent=8769"}],"wp:term":[{"taxonomy":"category","embeddable":true,"href":"https:\/\/www.oarcanjo.net\/site\/wp-json\/wp\/v2\/categories?post=8769"},{"taxonomy":"post_tag","embeddable":true,"href":"https:\/\/www.oarcanjo.net\/site\/wp-json\/wp\/v2\/tags?post=8769"}],"curies":[{"name":"wp","href":"https:\/\/api.w.org\/{rel}","templated":true}]}}