
{"id":8773,"date":"2019-04-17T00:10:48","date_gmt":"2019-04-17T03:10:48","guid":{"rendered":"http:\/\/www.oarcanjo.net\/site\/?p=8773"},"modified":"2019-02-20T07:54:27","modified_gmt":"2019-02-20T10:54:27","slug":"santo-aniceto","status":"publish","type":"post","link":"https:\/\/www.oarcanjo.net\/site\/santo-aniceto\/","title":{"rendered":"Santo Aniceto"},"content":{"rendered":"<p><img loading=\"lazy\" decoding=\"async\" class=\"alignnone size-full wp-image-60475\" src=\"http:\/\/www.oarcanjo.net\/site\/wp-content\/uploads\/Santo-Aniceto.jpg\" alt=\"Santo Aniceto\" width=\"200\" height=\"348\" srcset=\"https:\/\/www.oarcanjo.net\/site\/wp-content\/uploads\/Santo-Aniceto.jpg 200w, https:\/\/www.oarcanjo.net\/site\/wp-content\/uploads\/Santo-Aniceto-172x300.jpg 172w\" sizes=\"(max-width: 200px) 100vw, 200px\" \/><\/p>\n<p>17 de Abril<\/p>\n<p>Aniceto nasceu na S\u00edria e foi sucessor do papa s\u00e3o Pio I, em 155, no tempo em que Antonio era o imperador romano. Entretanto, al\u00e9m da persegui\u00e7\u00e3o sistem\u00e1tica por parte do Imp\u00e9rio, o papa Aniceto teve de enfrentar, tamb\u00e9m, cismas internos que abalaram o cristianismo.<\/p>\n<p>A come\u00e7ar por Valentim, passando por Marcelina, que fundou a seita dos carpocratitas, considerada muito imoral pela Igreja, e chegando a Marcion, um propagador, com dotes de publicit\u00e1rio, que arregimentou muita gente, e muitos outros.<\/p>\n<p>Sem contar a quest\u00e3o da celebra\u00e7\u00e3o da P\u00e1scoa. Todos eles formaram seitas paralelas dentro do catolicismo, dividindo e confundindo os fi\u00e9is e at\u00e9 colocando-os contra a autoridade do papa, desrespeitando a Igreja de Roma. Contudo o papa Aniceto tinha um auxiliar excepcional, Policarpo, que depois tamb\u00e9m se tornou um santo pelo testemunho da f\u00e9, e o ajudou a enfrentar todas essas dificuldades. Policarpo exerceu, tamb\u00e9m, um papel fundamental para que pag\u00e3os se convertessem, por testemunhar que a Igreja de Roma era igual \u00e0 de Jerusal\u00e9m.<\/p>\n<p>Outro de seus auxiliares foi Hegesipo, que escreveu um livro defendendo o papa Aniceto e provando que ele, sim, seguia a doutrina crist\u00e3 correta, e n\u00e3o os integrantes das seitas paralelas. Mesmo com t\u00e3o excelente ajuda, o papa Aniceto teve uma \u00e1rdua miss\u00e3o durante os quase onze anos de seu pontificado, morrendo no ano 166, quase aniquilado pela luta di\u00e1ria em favor da Igreja.<\/p>\n<p>Embora tenha morrido num per\u00edodo de persegui\u00e7\u00e3o aos crist\u00e3os, a Igreja n\u00e3o cita a sua morte como a de um m\u00e1rtir. Mas pelo sofrimento que teve ao enfrentar, durante todo o seu governo, os inimigos do cristianismo e da Igreja de Roma, por si s\u00f3 se explica o porqu\u00ea da rever\u00eancia a seu nome.<\/p>\n<p>O seu corpo &#8211; ali\u00e1s, foi a primeira vez que ocorreu com um bispo de Roma -, foi sepultado nas escava\u00e7\u00f5es que depois se transformaram nas catacumbas de S\u00e3o Calisto, na It\u00e1lia.<\/p>\n<div id=\"themify_builder_content-8773\" data-postid=\"8773\" class=\"themify_builder_content themify_builder_content-8773 themify_builder themify_builder_front\">\n\t<\/div>\n<!-- \/themify_builder_content -->","protected":false},"excerpt":{"rendered":"<p>17 de Abril Aniceto nasceu na S\u00edria e foi sucessor do papa s\u00e3o Pio I, em 155, no tempo em que Antonio era o imperador romano. Entretanto, al\u00e9m da persegui\u00e7\u00e3o sistem\u00e1tica por parte do Imp\u00e9rio, o papa Aniceto teve de enfrentar, tamb\u00e9m, cismas internos que abalaram o cristianismo. A come\u00e7ar por Valentim, passando por Marcelina, [&hellip;]<\/p>\n","protected":false},"author":14,"featured_media":0,"comment_status":"open","ping_status":"open","sticky":false,"template":"","format":"standard","meta":{"ngg_post_thumbnail":0,"footnotes":""},"categories":[186],"tags":[],"yoast_head":"<!-- This site is optimized with the Yoast SEO plugin v23.5 - https:\/\/yoast.com\/wordpress\/plugins\/seo\/ -->\n<title>Santo Aniceto - O Arcanjo no ar<\/title>\n<meta name=\"robots\" content=\"index, follow, max-snippet:-1, max-image-preview:large, max-video-preview:-1\" \/>\n<link rel=\"canonical\" href=\"https:\/\/www.oarcanjo.net\/site\/santo-aniceto\/\" \/>\n<meta property=\"og:locale\" content=\"pt_BR\" \/>\n<meta property=\"og:type\" content=\"article\" \/>\n<meta property=\"og:title\" content=\"Santo Aniceto - O Arcanjo no ar\" \/>\n<meta property=\"og:description\" content=\"17 de Abril Aniceto nasceu na S\u00edria e foi sucessor do papa s\u00e3o Pio I, em 155, no tempo em que Antonio era o imperador romano. Entretanto, al\u00e9m da persegui\u00e7\u00e3o sistem\u00e1tica por parte do Imp\u00e9rio, o papa Aniceto teve de enfrentar, tamb\u00e9m, cismas internos que abalaram o cristianismo. A come\u00e7ar por Valentim, passando por Marcelina, [&hellip;]\" \/>\n<meta property=\"og:url\" content=\"https:\/\/www.oarcanjo.net\/site\/santo-aniceto\/\" \/>\n<meta property=\"og:site_name\" content=\"O Arcanjo no ar\" \/>\n<meta property=\"article:publisher\" content=\"https:\/\/www.facebook.com\/OArcanjoNoAr\/\" \/>\n<meta property=\"article:published_time\" content=\"2019-04-17T03:10:48+00:00\" \/>\n<meta property=\"article:modified_time\" content=\"2019-02-20T10:54:27+00:00\" \/>\n<meta property=\"og:image\" content=\"http:\/\/www.oarcanjo.net\/site\/wp-content\/uploads\/Santo-Aniceto.jpg\" \/>\n<meta name=\"author\" content=\"danilo\" \/>\n<meta name=\"twitter:card\" content=\"summary_large_image\" \/>\n<meta name=\"twitter:label1\" content=\"Escrito por\" \/>\n\t<meta name=\"twitter:data1\" content=\"danilo\" \/>\n\t<meta name=\"twitter:label2\" content=\"Est. tempo de leitura\" \/>\n\t<meta name=\"twitter:data2\" content=\"2 minutos\" \/>\n<script type=\"application\/ld+json\" class=\"yoast-schema-graph\">{\"@context\":\"https:\/\/schema.org\",\"@graph\":[{\"@type\":\"Article\",\"@id\":\"https:\/\/www.oarcanjo.net\/site\/santo-aniceto\/#article\",\"isPartOf\":{\"@id\":\"https:\/\/www.oarcanjo.net\/site\/santo-aniceto\/\"},\"author\":{\"name\":\"danilo\",\"@id\":\"https:\/\/www.oarcanjo.net\/site\/#\/schema\/person\/5eb9480bedd2f3c97e430ce128c29c6c\"},\"headline\":\"Santo Aniceto\",\"datePublished\":\"2019-04-17T03:10:48+00:00\",\"dateModified\":\"2019-02-20T10:54:27+00:00\",\"mainEntityOfPage\":{\"@id\":\"https:\/\/www.oarcanjo.net\/site\/santo-aniceto\/\"},\"wordCount\":347,\"commentCount\":0,\"publisher\":{\"@id\":\"https:\/\/www.oarcanjo.net\/site\/#organization\"},\"image\":{\"@id\":\"https:\/\/www.oarcanjo.net\/site\/santo-aniceto\/#primaryimage\"},\"thumbnailUrl\":\"http:\/\/www.oarcanjo.net\/site\/wp-content\/uploads\/Santo-Aniceto.jpg\",\"articleSection\":[\"Testemunhos\"],\"inLanguage\":\"pt-BR\",\"potentialAction\":[{\"@type\":\"CommentAction\",\"name\":\"Comment\",\"target\":[\"https:\/\/www.oarcanjo.net\/site\/santo-aniceto\/#respond\"]}]},{\"@type\":\"WebPage\",\"@id\":\"https:\/\/www.oarcanjo.net\/site\/santo-aniceto\/\",\"url\":\"https:\/\/www.oarcanjo.net\/site\/santo-aniceto\/\",\"name\":\"Santo Aniceto - O Arcanjo no ar\",\"isPartOf\":{\"@id\":\"https:\/\/www.oarcanjo.net\/site\/#website\"},\"primaryImageOfPage\":{\"@id\":\"https:\/\/www.oarcanjo.net\/site\/santo-aniceto\/#primaryimage\"},\"image\":{\"@id\":\"https:\/\/www.oarcanjo.net\/site\/santo-aniceto\/#primaryimage\"},\"thumbnailUrl\":\"http:\/\/www.oarcanjo.net\/site\/wp-content\/uploads\/Santo-Aniceto.jpg\",\"datePublished\":\"2019-04-17T03:10:48+00:00\",\"dateModified\":\"2019-02-20T10:54:27+00:00\",\"breadcrumb\":{\"@id\":\"https:\/\/www.oarcanjo.net\/site\/santo-aniceto\/#breadcrumb\"},\"inLanguage\":\"pt-BR\",\"potentialAction\":[{\"@type\":\"ReadAction\",\"target\":[\"https:\/\/www.oarcanjo.net\/site\/santo-aniceto\/\"]}]},{\"@type\":\"ImageObject\",\"inLanguage\":\"pt-BR\",\"@id\":\"https:\/\/www.oarcanjo.net\/site\/santo-aniceto\/#primaryimage\",\"url\":\"https:\/\/www.oarcanjo.net\/site\/wp-content\/uploads\/Santo-Aniceto.jpg\",\"contentUrl\":\"https:\/\/www.oarcanjo.net\/site\/wp-content\/uploads\/Santo-Aniceto.jpg\",\"width\":200,\"height\":348,\"caption\":\"Santo Aniceto\"},{\"@type\":\"BreadcrumbList\",\"@id\":\"https:\/\/www.oarcanjo.net\/site\/santo-aniceto\/#breadcrumb\",\"itemListElement\":[{\"@type\":\"ListItem\",\"position\":1,\"name\":\"In\u00edcio\",\"item\":\"https:\/\/www.oarcanjo.net\/site\/\"},{\"@type\":\"ListItem\",\"position\":2,\"name\":\"Santo Aniceto\"}]},{\"@type\":\"WebSite\",\"@id\":\"https:\/\/www.oarcanjo.net\/site\/#website\",\"url\":\"https:\/\/www.oarcanjo.net\/site\/\",\"name\":\"O Arcanjo no ar\",\"description\":\"Site da Par\u00f3quia S\u00e3o Miguel Arcanjo (Arquidiocese de SP)\",\"publisher\":{\"@id\":\"https:\/\/www.oarcanjo.net\/site\/#organization\"},\"potentialAction\":[{\"@type\":\"SearchAction\",\"target\":{\"@type\":\"EntryPoint\",\"urlTemplate\":\"https:\/\/www.oarcanjo.net\/site\/?s={search_term_string}\"},\"query-input\":{\"@type\":\"PropertyValueSpecification\",\"valueRequired\":true,\"valueName\":\"search_term_string\"}}],\"inLanguage\":\"pt-BR\"},{\"@type\":\"Organization\",\"@id\":\"https:\/\/www.oarcanjo.net\/site\/#organization\",\"name\":\"Par\u00f3quia S\u00e3o Miguel Arcanjo\",\"url\":\"https:\/\/www.oarcanjo.net\/site\/\",\"logo\":{\"@type\":\"ImageObject\",\"inLanguage\":\"pt-BR\",\"@id\":\"https:\/\/www.oarcanjo.net\/site\/#\/schema\/logo\/image\/\",\"url\":\"https:\/\/www.oarcanjo.net\/site\/wp-content\/uploads\/LogoOArcanjo.png\",\"contentUrl\":\"https:\/\/www.oarcanjo.net\/site\/wp-content\/uploads\/LogoOArcanjo.png\",\"width\":319,\"height\":99,\"caption\":\"Par\u00f3quia S\u00e3o Miguel Arcanjo\"},\"image\":{\"@id\":\"https:\/\/www.oarcanjo.net\/site\/#\/schema\/logo\/image\/\"},\"sameAs\":[\"https:\/\/www.facebook.com\/OArcanjoNoAr\/\"]},{\"@type\":\"Person\",\"@id\":\"https:\/\/www.oarcanjo.net\/site\/#\/schema\/person\/5eb9480bedd2f3c97e430ce128c29c6c\",\"name\":\"danilo\"}]}<\/script>\n<!-- \/ Yoast SEO plugin. -->","yoast_head_json":{"title":"Santo Aniceto - O Arcanjo no ar","robots":{"index":"index","follow":"follow","max-snippet":"max-snippet:-1","max-image-preview":"max-image-preview:large","max-video-preview":"max-video-preview:-1"},"canonical":"https:\/\/www.oarcanjo.net\/site\/santo-aniceto\/","og_locale":"pt_BR","og_type":"article","og_title":"Santo Aniceto - O Arcanjo no ar","og_description":"17 de Abril Aniceto nasceu na S\u00edria e foi sucessor do papa s\u00e3o Pio I, em 155, no tempo em que Antonio era o imperador romano. Entretanto, al\u00e9m da persegui\u00e7\u00e3o sistem\u00e1tica por parte do Imp\u00e9rio, o papa Aniceto teve de enfrentar, tamb\u00e9m, cismas internos que abalaram o cristianismo. A come\u00e7ar por Valentim, passando por Marcelina, [&hellip;]","og_url":"https:\/\/www.oarcanjo.net\/site\/santo-aniceto\/","og_site_name":"O Arcanjo no ar","article_publisher":"https:\/\/www.facebook.com\/OArcanjoNoAr\/","article_published_time":"2019-04-17T03:10:48+00:00","article_modified_time":"2019-02-20T10:54:27+00:00","og_image":[{"url":"http:\/\/www.oarcanjo.net\/site\/wp-content\/uploads\/Santo-Aniceto.jpg"}],"author":"danilo","twitter_card":"summary_large_image","twitter_misc":{"Escrito por":"danilo","Est. tempo de leitura":"2 minutos"},"schema":{"@context":"https:\/\/schema.org","@graph":[{"@type":"Article","@id":"https:\/\/www.oarcanjo.net\/site\/santo-aniceto\/#article","isPartOf":{"@id":"https:\/\/www.oarcanjo.net\/site\/santo-aniceto\/"},"author":{"name":"danilo","@id":"https:\/\/www.oarcanjo.net\/site\/#\/schema\/person\/5eb9480bedd2f3c97e430ce128c29c6c"},"headline":"Santo Aniceto","datePublished":"2019-04-17T03:10:48+00:00","dateModified":"2019-02-20T10:54:27+00:00","mainEntityOfPage":{"@id":"https:\/\/www.oarcanjo.net\/site\/santo-aniceto\/"},"wordCount":347,"commentCount":0,"publisher":{"@id":"https:\/\/www.oarcanjo.net\/site\/#organization"},"image":{"@id":"https:\/\/www.oarcanjo.net\/site\/santo-aniceto\/#primaryimage"},"thumbnailUrl":"http:\/\/www.oarcanjo.net\/site\/wp-content\/uploads\/Santo-Aniceto.jpg","articleSection":["Testemunhos"],"inLanguage":"pt-BR","potentialAction":[{"@type":"CommentAction","name":"Comment","target":["https:\/\/www.oarcanjo.net\/site\/santo-aniceto\/#respond"]}]},{"@type":"WebPage","@id":"https:\/\/www.oarcanjo.net\/site\/santo-aniceto\/","url":"https:\/\/www.oarcanjo.net\/site\/santo-aniceto\/","name":"Santo Aniceto - O Arcanjo no ar","isPartOf":{"@id":"https:\/\/www.oarcanjo.net\/site\/#website"},"primaryImageOfPage":{"@id":"https:\/\/www.oarcanjo.net\/site\/santo-aniceto\/#primaryimage"},"image":{"@id":"https:\/\/www.oarcanjo.net\/site\/santo-aniceto\/#primaryimage"},"thumbnailUrl":"http:\/\/www.oarcanjo.net\/site\/wp-content\/uploads\/Santo-Aniceto.jpg","datePublished":"2019-04-17T03:10:48+00:00","dateModified":"2019-02-20T10:54:27+00:00","breadcrumb":{"@id":"https:\/\/www.oarcanjo.net\/site\/santo-aniceto\/#breadcrumb"},"inLanguage":"pt-BR","potentialAction":[{"@type":"ReadAction","target":["https:\/\/www.oarcanjo.net\/site\/santo-aniceto\/"]}]},{"@type":"ImageObject","inLanguage":"pt-BR","@id":"https:\/\/www.oarcanjo.net\/site\/santo-aniceto\/#primaryimage","url":"https:\/\/www.oarcanjo.net\/site\/wp-content\/uploads\/Santo-Aniceto.jpg","contentUrl":"https:\/\/www.oarcanjo.net\/site\/wp-content\/uploads\/Santo-Aniceto.jpg","width":200,"height":348,"caption":"Santo Aniceto"},{"@type":"BreadcrumbList","@id":"https:\/\/www.oarcanjo.net\/site\/santo-aniceto\/#breadcrumb","itemListElement":[{"@type":"ListItem","position":1,"name":"In\u00edcio","item":"https:\/\/www.oarcanjo.net\/site\/"},{"@type":"ListItem","position":2,"name":"Santo Aniceto"}]},{"@type":"WebSite","@id":"https:\/\/www.oarcanjo.net\/site\/#website","url":"https:\/\/www.oarcanjo.net\/site\/","name":"O Arcanjo no ar","description":"Site da Par\u00f3quia S\u00e3o Miguel Arcanjo (Arquidiocese de SP)","publisher":{"@id":"https:\/\/www.oarcanjo.net\/site\/#organization"},"potentialAction":[{"@type":"SearchAction","target":{"@type":"EntryPoint","urlTemplate":"https:\/\/www.oarcanjo.net\/site\/?s={search_term_string}"},"query-input":{"@type":"PropertyValueSpecification","valueRequired":true,"valueName":"search_term_string"}}],"inLanguage":"pt-BR"},{"@type":"Organization","@id":"https:\/\/www.oarcanjo.net\/site\/#organization","name":"Par\u00f3quia S\u00e3o Miguel Arcanjo","url":"https:\/\/www.oarcanjo.net\/site\/","logo":{"@type":"ImageObject","inLanguage":"pt-BR","@id":"https:\/\/www.oarcanjo.net\/site\/#\/schema\/logo\/image\/","url":"https:\/\/www.oarcanjo.net\/site\/wp-content\/uploads\/LogoOArcanjo.png","contentUrl":"https:\/\/www.oarcanjo.net\/site\/wp-content\/uploads\/LogoOArcanjo.png","width":319,"height":99,"caption":"Par\u00f3quia S\u00e3o Miguel Arcanjo"},"image":{"@id":"https:\/\/www.oarcanjo.net\/site\/#\/schema\/logo\/image\/"},"sameAs":["https:\/\/www.facebook.com\/OArcanjoNoAr\/"]},{"@type":"Person","@id":"https:\/\/www.oarcanjo.net\/site\/#\/schema\/person\/5eb9480bedd2f3c97e430ce128c29c6c","name":"danilo"}]}},"publishpress_future_action":{"enabled":false,"date":"2026-05-07 16:45:13","action":"category","newStatus":"draft","terms":[],"taxonomy":"category"},"publishpress_future_workflow_manual_trigger":{"enabledWorkflows":[]},"_links":{"self":[{"href":"https:\/\/www.oarcanjo.net\/site\/wp-json\/wp\/v2\/posts\/8773"}],"collection":[{"href":"https:\/\/www.oarcanjo.net\/site\/wp-json\/wp\/v2\/posts"}],"about":[{"href":"https:\/\/www.oarcanjo.net\/site\/wp-json\/wp\/v2\/types\/post"}],"author":[{"embeddable":true,"href":"https:\/\/www.oarcanjo.net\/site\/wp-json\/wp\/v2\/users\/14"}],"replies":[{"embeddable":true,"href":"https:\/\/www.oarcanjo.net\/site\/wp-json\/wp\/v2\/comments?post=8773"}],"version-history":[{"count":1,"href":"https:\/\/www.oarcanjo.net\/site\/wp-json\/wp\/v2\/posts\/8773\/revisions"}],"predecessor-version":[{"id":92874,"href":"https:\/\/www.oarcanjo.net\/site\/wp-json\/wp\/v2\/posts\/8773\/revisions\/92874"}],"wp:attachment":[{"href":"https:\/\/www.oarcanjo.net\/site\/wp-json\/wp\/v2\/media?parent=8773"}],"wp:term":[{"taxonomy":"category","embeddable":true,"href":"https:\/\/www.oarcanjo.net\/site\/wp-json\/wp\/v2\/categories?post=8773"},{"taxonomy":"post_tag","embeddable":true,"href":"https:\/\/www.oarcanjo.net\/site\/wp-json\/wp\/v2\/tags?post=8773"}],"curies":[{"name":"wp","href":"https:\/\/api.w.org\/{rel}","templated":true}]}}