
{"id":8775,"date":"2019-04-17T00:11:49","date_gmt":"2019-04-17T03:11:49","guid":{"rendered":"http:\/\/www.oarcanjo.net\/site\/?p=8775"},"modified":"2019-02-20T07:54:30","modified_gmt":"2019-02-20T10:54:30","slug":"sao-roberto-de-turlande","status":"publish","type":"post","link":"https:\/\/www.oarcanjo.net\/site\/sao-roberto-de-turlande\/","title":{"rendered":"S\u00e3o Roberto de Turlande"},"content":{"rendered":"<p><img loading=\"lazy\" decoding=\"async\" class=\"alignnone size-full wp-image-60472\" src=\"http:\/\/www.oarcanjo.net\/site\/wp-content\/uploads\/Sao-Roberto-de-Turlande.gif\" alt=\"S\u00e3o Roberto de Turlande\" width=\"118\" height=\"158\" \/><\/p>\n<p>17 de Abril<\/p>\n<p>Abandonar uma posi\u00e7\u00e3o de destaque na sociedade, riquezas e poderes temporais, ou mesmo deixar posi\u00e7\u00f5es importantes na pr\u00f3pria Igreja para procurar a contempla\u00e7\u00e3o e a ora\u00e7\u00e3o solit\u00e1ria, foram muitos os que assim agiram e entre eles encontramos Roberto de Turlande, tamb\u00e9m conhecido como Roberto de la Chaise-Dieu, &#8221; a Cadeira de Deus&#8221;, como se denominava a ordem criada por ele.<\/p>\n<p>Roberto nasceu na Alv\u00e9rnia, de uma rica fam\u00edlia senhorial francesa, no ano de 1001. Ainda muito jovem, foi confiado aos c\u00f4negos de Brioude, onde terminou os estudos e tornou-se padre e c\u00f4nego. Embora j\u00e1 houvesse constru\u00eddo, \u00e0s pr\u00f3prias custas, um hospital para os pobres e peregrinos, ele continuava a aspirar a um testemunho de vida mais contemplativa, totalmente dedicada a Deus. Por isso se disp\u00f4s a entrar para o mosteiro de Cluny, ent\u00e3o em pleno vigor, mas muitos companheiros se opuseram. N\u00e3o compreendiam a sua repentina falta de entusiasmo pela vida comunit\u00e1ria, nem mesmo ele.<\/p>\n<p>Decidiu, ent\u00e3o, fazer uma peregrina\u00e7\u00e3o a Roma a fim de buscar e pedir orienta\u00e7\u00e3o junto ao Senhor. Foi tamb\u00e9m ao convento de Montecassino, onde teve a confirma\u00e7\u00e3o de sua voca\u00e7\u00e3o para a vida mon\u00e1stica. Voltou a Brioude sem nenhuma d\u00favida e, juntamente com dois leigos, retirou-se, em 1043, para um lugar solit\u00e1rio chamado bosque do Livradois, onde, em 1050, pela aprova\u00e7\u00e3o do papa Le\u00e3o IX, fundou o mosteiro principal, com o nome de La Chaise-Dieu, &#8220;a Cadeira de Deus&#8221;, que seguia a regra dos beneditinos. Pobreza e inser\u00e7\u00e3o na Igreja local eram as caracter\u00edsticas desse grupo de monges e de mosteiros que brotaram, fundando uma nova ordem religiosa chamada &#8220;a Cadeira de Deus&#8221;.<\/p>\n<p>Roberto morreu, sendo venerado ainda em vida, no dia 17 de abril de 1067, e foi, apenas tr\u00eas anos depois, canonizado pelo papa Alexandre II, tendo em vista as muitas gra\u00e7as ocorridas por intercess\u00e3o de s\u00e3o Roberto de Turlande, ou, como os devotos preferem, s\u00e3o Roberto da Cadeira de Deus.<\/p>\n<p>O papa Clemente VI, em 1351, ordenou o traslado de suas rel\u00edquias para baixo do altar principal da igreja na chamada &#8220;Cadeira de Deus&#8221;. Sua festa, que \u00e9 comemorada neste dia, foi mantida na reforma, de 1969, do calend\u00e1rio lit\u00fargico da Igreja.<\/p>\n<div id=\"themify_builder_content-8775\" data-postid=\"8775\" class=\"themify_builder_content themify_builder_content-8775 themify_builder themify_builder_front\">\n\t<\/div>\n<!-- \/themify_builder_content -->","protected":false},"excerpt":{"rendered":"<p>17 de Abril Abandonar uma posi\u00e7\u00e3o de destaque na sociedade, riquezas e poderes temporais, ou mesmo deixar posi\u00e7\u00f5es importantes na pr\u00f3pria Igreja para procurar a contempla\u00e7\u00e3o e a ora\u00e7\u00e3o solit\u00e1ria, foram muitos os que assim agiram e entre eles encontramos Roberto de Turlande, tamb\u00e9m conhecido como Roberto de la Chaise-Dieu, &#8221; a Cadeira de Deus&#8221;, [&hellip;]<\/p>\n","protected":false},"author":14,"featured_media":0,"comment_status":"open","ping_status":"open","sticky":false,"template":"","format":"standard","meta":{"ngg_post_thumbnail":0,"footnotes":""},"categories":[186],"tags":[],"yoast_head":"<!-- This site is optimized with the Yoast SEO plugin v23.5 - https:\/\/yoast.com\/wordpress\/plugins\/seo\/ -->\n<title>S\u00e3o Roberto de Turlande - O Arcanjo no ar<\/title>\n<meta name=\"robots\" content=\"index, follow, max-snippet:-1, max-image-preview:large, max-video-preview:-1\" \/>\n<link rel=\"canonical\" href=\"https:\/\/www.oarcanjo.net\/site\/sao-roberto-de-turlande\/\" \/>\n<meta property=\"og:locale\" content=\"pt_BR\" \/>\n<meta property=\"og:type\" content=\"article\" \/>\n<meta property=\"og:title\" content=\"S\u00e3o Roberto de Turlande - O Arcanjo no ar\" \/>\n<meta property=\"og:description\" content=\"17 de Abril Abandonar uma posi\u00e7\u00e3o de destaque na sociedade, riquezas e poderes temporais, ou mesmo deixar posi\u00e7\u00f5es importantes na pr\u00f3pria Igreja para procurar a contempla\u00e7\u00e3o e a ora\u00e7\u00e3o solit\u00e1ria, foram muitos os que assim agiram e entre eles encontramos Roberto de Turlande, tamb\u00e9m conhecido como Roberto de la Chaise-Dieu, &#8221; a Cadeira de Deus&#8221;, [&hellip;]\" \/>\n<meta property=\"og:url\" content=\"https:\/\/www.oarcanjo.net\/site\/sao-roberto-de-turlande\/\" \/>\n<meta property=\"og:site_name\" content=\"O Arcanjo no ar\" \/>\n<meta property=\"article:publisher\" content=\"https:\/\/www.facebook.com\/OArcanjoNoAr\/\" \/>\n<meta property=\"article:published_time\" content=\"2019-04-17T03:11:49+00:00\" \/>\n<meta property=\"article:modified_time\" content=\"2019-02-20T10:54:30+00:00\" \/>\n<meta property=\"og:image\" content=\"http:\/\/www.oarcanjo.net\/site\/wp-content\/uploads\/Sao-Roberto-de-Turlande.gif\" \/>\n<meta name=\"author\" content=\"danilo\" \/>\n<meta name=\"twitter:card\" content=\"summary_large_image\" \/>\n<meta name=\"twitter:label1\" content=\"Escrito por\" \/>\n\t<meta name=\"twitter:data1\" content=\"danilo\" \/>\n\t<meta name=\"twitter:label2\" content=\"Est. tempo de leitura\" \/>\n\t<meta name=\"twitter:data2\" content=\"2 minutos\" \/>\n<script type=\"application\/ld+json\" class=\"yoast-schema-graph\">{\"@context\":\"https:\/\/schema.org\",\"@graph\":[{\"@type\":\"Article\",\"@id\":\"https:\/\/www.oarcanjo.net\/site\/sao-roberto-de-turlande\/#article\",\"isPartOf\":{\"@id\":\"https:\/\/www.oarcanjo.net\/site\/sao-roberto-de-turlande\/\"},\"author\":{\"name\":\"danilo\",\"@id\":\"https:\/\/www.oarcanjo.net\/site\/#\/schema\/person\/5eb9480bedd2f3c97e430ce128c29c6c\"},\"headline\":\"S\u00e3o Roberto de Turlande\",\"datePublished\":\"2019-04-17T03:11:49+00:00\",\"dateModified\":\"2019-02-20T10:54:30+00:00\",\"mainEntityOfPage\":{\"@id\":\"https:\/\/www.oarcanjo.net\/site\/sao-roberto-de-turlande\/\"},\"wordCount\":396,\"commentCount\":0,\"publisher\":{\"@id\":\"https:\/\/www.oarcanjo.net\/site\/#organization\"},\"image\":{\"@id\":\"https:\/\/www.oarcanjo.net\/site\/sao-roberto-de-turlande\/#primaryimage\"},\"thumbnailUrl\":\"http:\/\/www.oarcanjo.net\/site\/wp-content\/uploads\/Sao-Roberto-de-Turlande.gif\",\"articleSection\":[\"Testemunhos\"],\"inLanguage\":\"pt-BR\",\"potentialAction\":[{\"@type\":\"CommentAction\",\"name\":\"Comment\",\"target\":[\"https:\/\/www.oarcanjo.net\/site\/sao-roberto-de-turlande\/#respond\"]}]},{\"@type\":\"WebPage\",\"@id\":\"https:\/\/www.oarcanjo.net\/site\/sao-roberto-de-turlande\/\",\"url\":\"https:\/\/www.oarcanjo.net\/site\/sao-roberto-de-turlande\/\",\"name\":\"S\u00e3o Roberto de Turlande - O Arcanjo no ar\",\"isPartOf\":{\"@id\":\"https:\/\/www.oarcanjo.net\/site\/#website\"},\"primaryImageOfPage\":{\"@id\":\"https:\/\/www.oarcanjo.net\/site\/sao-roberto-de-turlande\/#primaryimage\"},\"image\":{\"@id\":\"https:\/\/www.oarcanjo.net\/site\/sao-roberto-de-turlande\/#primaryimage\"},\"thumbnailUrl\":\"http:\/\/www.oarcanjo.net\/site\/wp-content\/uploads\/Sao-Roberto-de-Turlande.gif\",\"datePublished\":\"2019-04-17T03:11:49+00:00\",\"dateModified\":\"2019-02-20T10:54:30+00:00\",\"breadcrumb\":{\"@id\":\"https:\/\/www.oarcanjo.net\/site\/sao-roberto-de-turlande\/#breadcrumb\"},\"inLanguage\":\"pt-BR\",\"potentialAction\":[{\"@type\":\"ReadAction\",\"target\":[\"https:\/\/www.oarcanjo.net\/site\/sao-roberto-de-turlande\/\"]}]},{\"@type\":\"ImageObject\",\"inLanguage\":\"pt-BR\",\"@id\":\"https:\/\/www.oarcanjo.net\/site\/sao-roberto-de-turlande\/#primaryimage\",\"url\":\"https:\/\/www.oarcanjo.net\/site\/wp-content\/uploads\/Sao-Roberto-de-Turlande.gif\",\"contentUrl\":\"https:\/\/www.oarcanjo.net\/site\/wp-content\/uploads\/Sao-Roberto-de-Turlande.gif\",\"width\":118,\"height\":158,\"caption\":\"S\u00e3o Roberto de Turlande\"},{\"@type\":\"BreadcrumbList\",\"@id\":\"https:\/\/www.oarcanjo.net\/site\/sao-roberto-de-turlande\/#breadcrumb\",\"itemListElement\":[{\"@type\":\"ListItem\",\"position\":1,\"name\":\"In\u00edcio\",\"item\":\"https:\/\/www.oarcanjo.net\/site\/\"},{\"@type\":\"ListItem\",\"position\":2,\"name\":\"S\u00e3o Roberto de Turlande\"}]},{\"@type\":\"WebSite\",\"@id\":\"https:\/\/www.oarcanjo.net\/site\/#website\",\"url\":\"https:\/\/www.oarcanjo.net\/site\/\",\"name\":\"O Arcanjo no ar\",\"description\":\"Site da Par\u00f3quia S\u00e3o Miguel Arcanjo (Arquidiocese de SP)\",\"publisher\":{\"@id\":\"https:\/\/www.oarcanjo.net\/site\/#organization\"},\"potentialAction\":[{\"@type\":\"SearchAction\",\"target\":{\"@type\":\"EntryPoint\",\"urlTemplate\":\"https:\/\/www.oarcanjo.net\/site\/?s={search_term_string}\"},\"query-input\":{\"@type\":\"PropertyValueSpecification\",\"valueRequired\":true,\"valueName\":\"search_term_string\"}}],\"inLanguage\":\"pt-BR\"},{\"@type\":\"Organization\",\"@id\":\"https:\/\/www.oarcanjo.net\/site\/#organization\",\"name\":\"Par\u00f3quia S\u00e3o Miguel Arcanjo\",\"url\":\"https:\/\/www.oarcanjo.net\/site\/\",\"logo\":{\"@type\":\"ImageObject\",\"inLanguage\":\"pt-BR\",\"@id\":\"https:\/\/www.oarcanjo.net\/site\/#\/schema\/logo\/image\/\",\"url\":\"https:\/\/www.oarcanjo.net\/site\/wp-content\/uploads\/LogoOArcanjo.png\",\"contentUrl\":\"https:\/\/www.oarcanjo.net\/site\/wp-content\/uploads\/LogoOArcanjo.png\",\"width\":319,\"height\":99,\"caption\":\"Par\u00f3quia S\u00e3o Miguel Arcanjo\"},\"image\":{\"@id\":\"https:\/\/www.oarcanjo.net\/site\/#\/schema\/logo\/image\/\"},\"sameAs\":[\"https:\/\/www.facebook.com\/OArcanjoNoAr\/\"]},{\"@type\":\"Person\",\"@id\":\"https:\/\/www.oarcanjo.net\/site\/#\/schema\/person\/5eb9480bedd2f3c97e430ce128c29c6c\",\"name\":\"danilo\"}]}<\/script>\n<!-- \/ Yoast SEO plugin. -->","yoast_head_json":{"title":"S\u00e3o Roberto de Turlande - O Arcanjo no ar","robots":{"index":"index","follow":"follow","max-snippet":"max-snippet:-1","max-image-preview":"max-image-preview:large","max-video-preview":"max-video-preview:-1"},"canonical":"https:\/\/www.oarcanjo.net\/site\/sao-roberto-de-turlande\/","og_locale":"pt_BR","og_type":"article","og_title":"S\u00e3o Roberto de Turlande - O Arcanjo no ar","og_description":"17 de Abril Abandonar uma posi\u00e7\u00e3o de destaque na sociedade, riquezas e poderes temporais, ou mesmo deixar posi\u00e7\u00f5es importantes na pr\u00f3pria Igreja para procurar a contempla\u00e7\u00e3o e a ora\u00e7\u00e3o solit\u00e1ria, foram muitos os que assim agiram e entre eles encontramos Roberto de Turlande, tamb\u00e9m conhecido como Roberto de la Chaise-Dieu, &#8221; a Cadeira de Deus&#8221;, [&hellip;]","og_url":"https:\/\/www.oarcanjo.net\/site\/sao-roberto-de-turlande\/","og_site_name":"O Arcanjo no ar","article_publisher":"https:\/\/www.facebook.com\/OArcanjoNoAr\/","article_published_time":"2019-04-17T03:11:49+00:00","article_modified_time":"2019-02-20T10:54:30+00:00","og_image":[{"url":"http:\/\/www.oarcanjo.net\/site\/wp-content\/uploads\/Sao-Roberto-de-Turlande.gif"}],"author":"danilo","twitter_card":"summary_large_image","twitter_misc":{"Escrito por":"danilo","Est. tempo de leitura":"2 minutos"},"schema":{"@context":"https:\/\/schema.org","@graph":[{"@type":"Article","@id":"https:\/\/www.oarcanjo.net\/site\/sao-roberto-de-turlande\/#article","isPartOf":{"@id":"https:\/\/www.oarcanjo.net\/site\/sao-roberto-de-turlande\/"},"author":{"name":"danilo","@id":"https:\/\/www.oarcanjo.net\/site\/#\/schema\/person\/5eb9480bedd2f3c97e430ce128c29c6c"},"headline":"S\u00e3o Roberto de Turlande","datePublished":"2019-04-17T03:11:49+00:00","dateModified":"2019-02-20T10:54:30+00:00","mainEntityOfPage":{"@id":"https:\/\/www.oarcanjo.net\/site\/sao-roberto-de-turlande\/"},"wordCount":396,"commentCount":0,"publisher":{"@id":"https:\/\/www.oarcanjo.net\/site\/#organization"},"image":{"@id":"https:\/\/www.oarcanjo.net\/site\/sao-roberto-de-turlande\/#primaryimage"},"thumbnailUrl":"http:\/\/www.oarcanjo.net\/site\/wp-content\/uploads\/Sao-Roberto-de-Turlande.gif","articleSection":["Testemunhos"],"inLanguage":"pt-BR","potentialAction":[{"@type":"CommentAction","name":"Comment","target":["https:\/\/www.oarcanjo.net\/site\/sao-roberto-de-turlande\/#respond"]}]},{"@type":"WebPage","@id":"https:\/\/www.oarcanjo.net\/site\/sao-roberto-de-turlande\/","url":"https:\/\/www.oarcanjo.net\/site\/sao-roberto-de-turlande\/","name":"S\u00e3o Roberto de Turlande - O Arcanjo no ar","isPartOf":{"@id":"https:\/\/www.oarcanjo.net\/site\/#website"},"primaryImageOfPage":{"@id":"https:\/\/www.oarcanjo.net\/site\/sao-roberto-de-turlande\/#primaryimage"},"image":{"@id":"https:\/\/www.oarcanjo.net\/site\/sao-roberto-de-turlande\/#primaryimage"},"thumbnailUrl":"http:\/\/www.oarcanjo.net\/site\/wp-content\/uploads\/Sao-Roberto-de-Turlande.gif","datePublished":"2019-04-17T03:11:49+00:00","dateModified":"2019-02-20T10:54:30+00:00","breadcrumb":{"@id":"https:\/\/www.oarcanjo.net\/site\/sao-roberto-de-turlande\/#breadcrumb"},"inLanguage":"pt-BR","potentialAction":[{"@type":"ReadAction","target":["https:\/\/www.oarcanjo.net\/site\/sao-roberto-de-turlande\/"]}]},{"@type":"ImageObject","inLanguage":"pt-BR","@id":"https:\/\/www.oarcanjo.net\/site\/sao-roberto-de-turlande\/#primaryimage","url":"https:\/\/www.oarcanjo.net\/site\/wp-content\/uploads\/Sao-Roberto-de-Turlande.gif","contentUrl":"https:\/\/www.oarcanjo.net\/site\/wp-content\/uploads\/Sao-Roberto-de-Turlande.gif","width":118,"height":158,"caption":"S\u00e3o Roberto de Turlande"},{"@type":"BreadcrumbList","@id":"https:\/\/www.oarcanjo.net\/site\/sao-roberto-de-turlande\/#breadcrumb","itemListElement":[{"@type":"ListItem","position":1,"name":"In\u00edcio","item":"https:\/\/www.oarcanjo.net\/site\/"},{"@type":"ListItem","position":2,"name":"S\u00e3o Roberto de Turlande"}]},{"@type":"WebSite","@id":"https:\/\/www.oarcanjo.net\/site\/#website","url":"https:\/\/www.oarcanjo.net\/site\/","name":"O Arcanjo no ar","description":"Site da Par\u00f3quia S\u00e3o Miguel Arcanjo (Arquidiocese de SP)","publisher":{"@id":"https:\/\/www.oarcanjo.net\/site\/#organization"},"potentialAction":[{"@type":"SearchAction","target":{"@type":"EntryPoint","urlTemplate":"https:\/\/www.oarcanjo.net\/site\/?s={search_term_string}"},"query-input":{"@type":"PropertyValueSpecification","valueRequired":true,"valueName":"search_term_string"}}],"inLanguage":"pt-BR"},{"@type":"Organization","@id":"https:\/\/www.oarcanjo.net\/site\/#organization","name":"Par\u00f3quia S\u00e3o Miguel Arcanjo","url":"https:\/\/www.oarcanjo.net\/site\/","logo":{"@type":"ImageObject","inLanguage":"pt-BR","@id":"https:\/\/www.oarcanjo.net\/site\/#\/schema\/logo\/image\/","url":"https:\/\/www.oarcanjo.net\/site\/wp-content\/uploads\/LogoOArcanjo.png","contentUrl":"https:\/\/www.oarcanjo.net\/site\/wp-content\/uploads\/LogoOArcanjo.png","width":319,"height":99,"caption":"Par\u00f3quia S\u00e3o Miguel Arcanjo"},"image":{"@id":"https:\/\/www.oarcanjo.net\/site\/#\/schema\/logo\/image\/"},"sameAs":["https:\/\/www.facebook.com\/OArcanjoNoAr\/"]},{"@type":"Person","@id":"https:\/\/www.oarcanjo.net\/site\/#\/schema\/person\/5eb9480bedd2f3c97e430ce128c29c6c","name":"danilo"}]}},"publishpress_future_action":{"enabled":false,"date":"2026-05-07 16:45:01","action":"category","newStatus":"draft","terms":[],"taxonomy":"category"},"publishpress_future_workflow_manual_trigger":{"enabledWorkflows":[]},"_links":{"self":[{"href":"https:\/\/www.oarcanjo.net\/site\/wp-json\/wp\/v2\/posts\/8775"}],"collection":[{"href":"https:\/\/www.oarcanjo.net\/site\/wp-json\/wp\/v2\/posts"}],"about":[{"href":"https:\/\/www.oarcanjo.net\/site\/wp-json\/wp\/v2\/types\/post"}],"author":[{"embeddable":true,"href":"https:\/\/www.oarcanjo.net\/site\/wp-json\/wp\/v2\/users\/14"}],"replies":[{"embeddable":true,"href":"https:\/\/www.oarcanjo.net\/site\/wp-json\/wp\/v2\/comments?post=8775"}],"version-history":[{"count":1,"href":"https:\/\/www.oarcanjo.net\/site\/wp-json\/wp\/v2\/posts\/8775\/revisions"}],"predecessor-version":[{"id":92875,"href":"https:\/\/www.oarcanjo.net\/site\/wp-json\/wp\/v2\/posts\/8775\/revisions\/92875"}],"wp:attachment":[{"href":"https:\/\/www.oarcanjo.net\/site\/wp-json\/wp\/v2\/media?parent=8775"}],"wp:term":[{"taxonomy":"category","embeddable":true,"href":"https:\/\/www.oarcanjo.net\/site\/wp-json\/wp\/v2\/categories?post=8775"},{"taxonomy":"post_tag","embeddable":true,"href":"https:\/\/www.oarcanjo.net\/site\/wp-json\/wp\/v2\/tags?post=8775"}],"curies":[{"name":"wp","href":"https:\/\/api.w.org\/{rel}","templated":true}]}}