
{"id":8779,"date":"2019-04-18T00:13:33","date_gmt":"2019-04-18T03:13:33","guid":{"rendered":"http:\/\/www.oarcanjo.net\/site\/?p=8779"},"modified":"2019-02-20T07:56:15","modified_gmt":"2019-02-20T10:56:15","slug":"sao-galdino","status":"publish","type":"post","link":"https:\/\/www.oarcanjo.net\/site\/sao-galdino\/","title":{"rendered":"S\u00e3o Galdino"},"content":{"rendered":"<p><img loading=\"lazy\" decoding=\"async\" class=\"alignnone size-full wp-image-60466\" src=\"http:\/\/www.oarcanjo.net\/site\/wp-content\/uploads\/Sao-Galdino.jpg\" alt=\"S\u00e3o Galdino\" width=\"250\" height=\"313\" srcset=\"https:\/\/www.oarcanjo.net\/site\/wp-content\/uploads\/Sao-Galdino.jpg 250w, https:\/\/www.oarcanjo.net\/site\/wp-content\/uploads\/Sao-Galdino-240x300.jpg 240w\" sizes=\"(max-width: 250px) 100vw, 250px\" \/><\/p>\n<p>18 de Abril<\/p>\n<p>Galdino nasceu em 1096 e cresceu em Mil\u00e3o, na Porta Oriental, no in\u00edcio do s\u00e9culo XII, e ali tamb\u00e9m se tornou religioso, passando logo a auxiliar diretamente o arcebispo Oberto de Pirovano. Juntos enfrentaram um inimigo pesado, o antipapa Vitor IV, que, apoiado pelo imperador Frederico, o Barbaroxa, oprimia violentamente para dominar o mundo.<\/p>\n<p>Como Mil\u00e3o fazia oposi\u00e7\u00e3o, a cidade foi simplesmente arrasada em 1162. O arcebispo e Galdino s\u00f3 n\u00e3o morreram porque procuraram abrigo junto ao papa oficial, Alexandre III.<br \/>\nMas logo depois Oberto morreu, e o arcebispado precisava de algu\u00e9m que continuasse sua luta. O papa n\u00e3o teve nenhuma d\u00favida em nomear o pr\u00f3prio Galdino e consagrou-o bispo, pessoalmente, em 1166.<\/p>\n<p>Galdino n\u00e3o decepcionou sua diocese cat\u00f3lica. Praticava a caridade e instigava todos a faz\u00ea-lo igualmente. Pregava contra os hereges, convertia multid\u00f5es e socorria tamb\u00e9m os pobres que se encontravam presos por causa de d\u00edvidas, geralmente v\u00edtimas de agiotagem.<\/p>\n<p>A esses serviu tanto que suas visitas de apoio receberam at\u00e9 um apelido: &#8220;o p\u00e3o de s\u00e3o Galdino&#8221;. Uma esp\u00e9cie de &#8220;cesta b\u00e1sica&#8221; material e espiritual, pois dava p\u00e3o para o corpo e ora\u00e7\u00f5es, que eram o p\u00e3o para o esp\u00edrito. Foi uma fonte de for\u00e7a e f\u00e9 para lutar contra os opressores.<\/p>\n<p>Mas tudo isso era feito paralelamente ao trabalho pol\u00edtico, pois no plano da diplomacia defendia seu povo e sua terra em tudo o que fosse preciso. Morreu no dia 18 de abril de 1176, justamente no instante em que fazia, no p\u00falpito, um serm\u00e3o inflamado contra os pecadores, os hereges, inimigos da Igreja, e os pol\u00edticos, inimigos da cidade. Quando terminou o serm\u00e3o emocionado, diante de um grande n\u00famero de fi\u00e9is e religiosos, caiu morto de repente.<\/p>\n<div id=\"themify_builder_content-8779\" data-postid=\"8779\" class=\"themify_builder_content themify_builder_content-8779 themify_builder themify_builder_front\">\n\t<\/div>\n<!-- \/themify_builder_content -->","protected":false},"excerpt":{"rendered":"<p>18 de Abril Galdino nasceu em 1096 e cresceu em Mil\u00e3o, na Porta Oriental, no in\u00edcio do s\u00e9culo XII, e ali tamb\u00e9m se tornou religioso, passando logo a auxiliar diretamente o arcebispo Oberto de Pirovano. Juntos enfrentaram um inimigo pesado, o antipapa Vitor IV, que, apoiado pelo imperador Frederico, o Barbaroxa, oprimia violentamente para dominar [&hellip;]<\/p>\n","protected":false},"author":14,"featured_media":0,"comment_status":"open","ping_status":"open","sticky":false,"template":"","format":"standard","meta":{"ngg_post_thumbnail":0,"footnotes":""},"categories":[186],"tags":[],"yoast_head":"<!-- This site is optimized with the Yoast SEO plugin v23.5 - https:\/\/yoast.com\/wordpress\/plugins\/seo\/ -->\n<title>S\u00e3o Galdino - O Arcanjo no ar<\/title>\n<meta name=\"robots\" content=\"index, follow, max-snippet:-1, max-image-preview:large, max-video-preview:-1\" \/>\n<link rel=\"canonical\" href=\"https:\/\/www.oarcanjo.net\/site\/sao-galdino\/\" \/>\n<meta property=\"og:locale\" content=\"pt_BR\" \/>\n<meta property=\"og:type\" content=\"article\" \/>\n<meta property=\"og:title\" content=\"S\u00e3o Galdino - O Arcanjo no ar\" \/>\n<meta property=\"og:description\" content=\"18 de Abril Galdino nasceu em 1096 e cresceu em Mil\u00e3o, na Porta Oriental, no in\u00edcio do s\u00e9culo XII, e ali tamb\u00e9m se tornou religioso, passando logo a auxiliar diretamente o arcebispo Oberto de Pirovano. Juntos enfrentaram um inimigo pesado, o antipapa Vitor IV, que, apoiado pelo imperador Frederico, o Barbaroxa, oprimia violentamente para dominar [&hellip;]\" \/>\n<meta property=\"og:url\" content=\"https:\/\/www.oarcanjo.net\/site\/sao-galdino\/\" \/>\n<meta property=\"og:site_name\" content=\"O Arcanjo no ar\" \/>\n<meta property=\"article:publisher\" content=\"https:\/\/www.facebook.com\/OArcanjoNoAr\/\" \/>\n<meta property=\"article:published_time\" content=\"2019-04-18T03:13:33+00:00\" \/>\n<meta property=\"article:modified_time\" content=\"2019-02-20T10:56:15+00:00\" \/>\n<meta property=\"og:image\" content=\"http:\/\/www.oarcanjo.net\/site\/wp-content\/uploads\/Sao-Galdino.jpg\" \/>\n<meta name=\"author\" content=\"danilo\" \/>\n<meta name=\"twitter:card\" content=\"summary_large_image\" \/>\n<meta name=\"twitter:label1\" content=\"Escrito por\" \/>\n\t<meta name=\"twitter:data1\" content=\"danilo\" \/>\n\t<meta name=\"twitter:label2\" content=\"Est. tempo de leitura\" \/>\n\t<meta name=\"twitter:data2\" content=\"2 minutos\" \/>\n<script type=\"application\/ld+json\" class=\"yoast-schema-graph\">{\"@context\":\"https:\/\/schema.org\",\"@graph\":[{\"@type\":\"Article\",\"@id\":\"https:\/\/www.oarcanjo.net\/site\/sao-galdino\/#article\",\"isPartOf\":{\"@id\":\"https:\/\/www.oarcanjo.net\/site\/sao-galdino\/\"},\"author\":{\"name\":\"danilo\",\"@id\":\"https:\/\/www.oarcanjo.net\/site\/#\/schema\/person\/5eb9480bedd2f3c97e430ce128c29c6c\"},\"headline\":\"S\u00e3o Galdino\",\"datePublished\":\"2019-04-18T03:13:33+00:00\",\"dateModified\":\"2019-02-20T10:56:15+00:00\",\"mainEntityOfPage\":{\"@id\":\"https:\/\/www.oarcanjo.net\/site\/sao-galdino\/\"},\"wordCount\":315,\"commentCount\":0,\"publisher\":{\"@id\":\"https:\/\/www.oarcanjo.net\/site\/#organization\"},\"image\":{\"@id\":\"https:\/\/www.oarcanjo.net\/site\/sao-galdino\/#primaryimage\"},\"thumbnailUrl\":\"http:\/\/www.oarcanjo.net\/site\/wp-content\/uploads\/Sao-Galdino.jpg\",\"articleSection\":[\"Testemunhos\"],\"inLanguage\":\"pt-BR\",\"potentialAction\":[{\"@type\":\"CommentAction\",\"name\":\"Comment\",\"target\":[\"https:\/\/www.oarcanjo.net\/site\/sao-galdino\/#respond\"]}]},{\"@type\":\"WebPage\",\"@id\":\"https:\/\/www.oarcanjo.net\/site\/sao-galdino\/\",\"url\":\"https:\/\/www.oarcanjo.net\/site\/sao-galdino\/\",\"name\":\"S\u00e3o Galdino - O Arcanjo no ar\",\"isPartOf\":{\"@id\":\"https:\/\/www.oarcanjo.net\/site\/#website\"},\"primaryImageOfPage\":{\"@id\":\"https:\/\/www.oarcanjo.net\/site\/sao-galdino\/#primaryimage\"},\"image\":{\"@id\":\"https:\/\/www.oarcanjo.net\/site\/sao-galdino\/#primaryimage\"},\"thumbnailUrl\":\"http:\/\/www.oarcanjo.net\/site\/wp-content\/uploads\/Sao-Galdino.jpg\",\"datePublished\":\"2019-04-18T03:13:33+00:00\",\"dateModified\":\"2019-02-20T10:56:15+00:00\",\"breadcrumb\":{\"@id\":\"https:\/\/www.oarcanjo.net\/site\/sao-galdino\/#breadcrumb\"},\"inLanguage\":\"pt-BR\",\"potentialAction\":[{\"@type\":\"ReadAction\",\"target\":[\"https:\/\/www.oarcanjo.net\/site\/sao-galdino\/\"]}]},{\"@type\":\"ImageObject\",\"inLanguage\":\"pt-BR\",\"@id\":\"https:\/\/www.oarcanjo.net\/site\/sao-galdino\/#primaryimage\",\"url\":\"https:\/\/www.oarcanjo.net\/site\/wp-content\/uploads\/Sao-Galdino.jpg\",\"contentUrl\":\"https:\/\/www.oarcanjo.net\/site\/wp-content\/uploads\/Sao-Galdino.jpg\",\"width\":250,\"height\":313,\"caption\":\"S\u00e3o Galdino\"},{\"@type\":\"BreadcrumbList\",\"@id\":\"https:\/\/www.oarcanjo.net\/site\/sao-galdino\/#breadcrumb\",\"itemListElement\":[{\"@type\":\"ListItem\",\"position\":1,\"name\":\"In\u00edcio\",\"item\":\"https:\/\/www.oarcanjo.net\/site\/\"},{\"@type\":\"ListItem\",\"position\":2,\"name\":\"S\u00e3o Galdino\"}]},{\"@type\":\"WebSite\",\"@id\":\"https:\/\/www.oarcanjo.net\/site\/#website\",\"url\":\"https:\/\/www.oarcanjo.net\/site\/\",\"name\":\"O Arcanjo no ar\",\"description\":\"Site da Par\u00f3quia S\u00e3o Miguel Arcanjo (Arquidiocese de SP)\",\"publisher\":{\"@id\":\"https:\/\/www.oarcanjo.net\/site\/#organization\"},\"potentialAction\":[{\"@type\":\"SearchAction\",\"target\":{\"@type\":\"EntryPoint\",\"urlTemplate\":\"https:\/\/www.oarcanjo.net\/site\/?s={search_term_string}\"},\"query-input\":{\"@type\":\"PropertyValueSpecification\",\"valueRequired\":true,\"valueName\":\"search_term_string\"}}],\"inLanguage\":\"pt-BR\"},{\"@type\":\"Organization\",\"@id\":\"https:\/\/www.oarcanjo.net\/site\/#organization\",\"name\":\"Par\u00f3quia S\u00e3o Miguel Arcanjo\",\"url\":\"https:\/\/www.oarcanjo.net\/site\/\",\"logo\":{\"@type\":\"ImageObject\",\"inLanguage\":\"pt-BR\",\"@id\":\"https:\/\/www.oarcanjo.net\/site\/#\/schema\/logo\/image\/\",\"url\":\"https:\/\/www.oarcanjo.net\/site\/wp-content\/uploads\/LogoOArcanjo.png\",\"contentUrl\":\"https:\/\/www.oarcanjo.net\/site\/wp-content\/uploads\/LogoOArcanjo.png\",\"width\":319,\"height\":99,\"caption\":\"Par\u00f3quia S\u00e3o Miguel Arcanjo\"},\"image\":{\"@id\":\"https:\/\/www.oarcanjo.net\/site\/#\/schema\/logo\/image\/\"},\"sameAs\":[\"https:\/\/www.facebook.com\/OArcanjoNoAr\/\"]},{\"@type\":\"Person\",\"@id\":\"https:\/\/www.oarcanjo.net\/site\/#\/schema\/person\/5eb9480bedd2f3c97e430ce128c29c6c\",\"name\":\"danilo\"}]}<\/script>\n<!-- \/ Yoast SEO plugin. -->","yoast_head_json":{"title":"S\u00e3o Galdino - O Arcanjo no ar","robots":{"index":"index","follow":"follow","max-snippet":"max-snippet:-1","max-image-preview":"max-image-preview:large","max-video-preview":"max-video-preview:-1"},"canonical":"https:\/\/www.oarcanjo.net\/site\/sao-galdino\/","og_locale":"pt_BR","og_type":"article","og_title":"S\u00e3o Galdino - O Arcanjo no ar","og_description":"18 de Abril Galdino nasceu em 1096 e cresceu em Mil\u00e3o, na Porta Oriental, no in\u00edcio do s\u00e9culo XII, e ali tamb\u00e9m se tornou religioso, passando logo a auxiliar diretamente o arcebispo Oberto de Pirovano. Juntos enfrentaram um inimigo pesado, o antipapa Vitor IV, que, apoiado pelo imperador Frederico, o Barbaroxa, oprimia violentamente para dominar [&hellip;]","og_url":"https:\/\/www.oarcanjo.net\/site\/sao-galdino\/","og_site_name":"O Arcanjo no ar","article_publisher":"https:\/\/www.facebook.com\/OArcanjoNoAr\/","article_published_time":"2019-04-18T03:13:33+00:00","article_modified_time":"2019-02-20T10:56:15+00:00","og_image":[{"url":"http:\/\/www.oarcanjo.net\/site\/wp-content\/uploads\/Sao-Galdino.jpg"}],"author":"danilo","twitter_card":"summary_large_image","twitter_misc":{"Escrito por":"danilo","Est. tempo de leitura":"2 minutos"},"schema":{"@context":"https:\/\/schema.org","@graph":[{"@type":"Article","@id":"https:\/\/www.oarcanjo.net\/site\/sao-galdino\/#article","isPartOf":{"@id":"https:\/\/www.oarcanjo.net\/site\/sao-galdino\/"},"author":{"name":"danilo","@id":"https:\/\/www.oarcanjo.net\/site\/#\/schema\/person\/5eb9480bedd2f3c97e430ce128c29c6c"},"headline":"S\u00e3o Galdino","datePublished":"2019-04-18T03:13:33+00:00","dateModified":"2019-02-20T10:56:15+00:00","mainEntityOfPage":{"@id":"https:\/\/www.oarcanjo.net\/site\/sao-galdino\/"},"wordCount":315,"commentCount":0,"publisher":{"@id":"https:\/\/www.oarcanjo.net\/site\/#organization"},"image":{"@id":"https:\/\/www.oarcanjo.net\/site\/sao-galdino\/#primaryimage"},"thumbnailUrl":"http:\/\/www.oarcanjo.net\/site\/wp-content\/uploads\/Sao-Galdino.jpg","articleSection":["Testemunhos"],"inLanguage":"pt-BR","potentialAction":[{"@type":"CommentAction","name":"Comment","target":["https:\/\/www.oarcanjo.net\/site\/sao-galdino\/#respond"]}]},{"@type":"WebPage","@id":"https:\/\/www.oarcanjo.net\/site\/sao-galdino\/","url":"https:\/\/www.oarcanjo.net\/site\/sao-galdino\/","name":"S\u00e3o Galdino - O Arcanjo no ar","isPartOf":{"@id":"https:\/\/www.oarcanjo.net\/site\/#website"},"primaryImageOfPage":{"@id":"https:\/\/www.oarcanjo.net\/site\/sao-galdino\/#primaryimage"},"image":{"@id":"https:\/\/www.oarcanjo.net\/site\/sao-galdino\/#primaryimage"},"thumbnailUrl":"http:\/\/www.oarcanjo.net\/site\/wp-content\/uploads\/Sao-Galdino.jpg","datePublished":"2019-04-18T03:13:33+00:00","dateModified":"2019-02-20T10:56:15+00:00","breadcrumb":{"@id":"https:\/\/www.oarcanjo.net\/site\/sao-galdino\/#breadcrumb"},"inLanguage":"pt-BR","potentialAction":[{"@type":"ReadAction","target":["https:\/\/www.oarcanjo.net\/site\/sao-galdino\/"]}]},{"@type":"ImageObject","inLanguage":"pt-BR","@id":"https:\/\/www.oarcanjo.net\/site\/sao-galdino\/#primaryimage","url":"https:\/\/www.oarcanjo.net\/site\/wp-content\/uploads\/Sao-Galdino.jpg","contentUrl":"https:\/\/www.oarcanjo.net\/site\/wp-content\/uploads\/Sao-Galdino.jpg","width":250,"height":313,"caption":"S\u00e3o Galdino"},{"@type":"BreadcrumbList","@id":"https:\/\/www.oarcanjo.net\/site\/sao-galdino\/#breadcrumb","itemListElement":[{"@type":"ListItem","position":1,"name":"In\u00edcio","item":"https:\/\/www.oarcanjo.net\/site\/"},{"@type":"ListItem","position":2,"name":"S\u00e3o Galdino"}]},{"@type":"WebSite","@id":"https:\/\/www.oarcanjo.net\/site\/#website","url":"https:\/\/www.oarcanjo.net\/site\/","name":"O Arcanjo no ar","description":"Site da Par\u00f3quia S\u00e3o Miguel Arcanjo (Arquidiocese de SP)","publisher":{"@id":"https:\/\/www.oarcanjo.net\/site\/#organization"},"potentialAction":[{"@type":"SearchAction","target":{"@type":"EntryPoint","urlTemplate":"https:\/\/www.oarcanjo.net\/site\/?s={search_term_string}"},"query-input":{"@type":"PropertyValueSpecification","valueRequired":true,"valueName":"search_term_string"}}],"inLanguage":"pt-BR"},{"@type":"Organization","@id":"https:\/\/www.oarcanjo.net\/site\/#organization","name":"Par\u00f3quia S\u00e3o Miguel Arcanjo","url":"https:\/\/www.oarcanjo.net\/site\/","logo":{"@type":"ImageObject","inLanguage":"pt-BR","@id":"https:\/\/www.oarcanjo.net\/site\/#\/schema\/logo\/image\/","url":"https:\/\/www.oarcanjo.net\/site\/wp-content\/uploads\/LogoOArcanjo.png","contentUrl":"https:\/\/www.oarcanjo.net\/site\/wp-content\/uploads\/LogoOArcanjo.png","width":319,"height":99,"caption":"Par\u00f3quia S\u00e3o Miguel Arcanjo"},"image":{"@id":"https:\/\/www.oarcanjo.net\/site\/#\/schema\/logo\/image\/"},"sameAs":["https:\/\/www.facebook.com\/OArcanjoNoAr\/"]},{"@type":"Person","@id":"https:\/\/www.oarcanjo.net\/site\/#\/schema\/person\/5eb9480bedd2f3c97e430ce128c29c6c","name":"danilo"}]}},"publishpress_future_action":{"enabled":false,"date":"2026-05-07 16:46:33","action":"category","newStatus":"draft","terms":[],"taxonomy":"category"},"publishpress_future_workflow_manual_trigger":{"enabledWorkflows":[]},"_links":{"self":[{"href":"https:\/\/www.oarcanjo.net\/site\/wp-json\/wp\/v2\/posts\/8779"}],"collection":[{"href":"https:\/\/www.oarcanjo.net\/site\/wp-json\/wp\/v2\/posts"}],"about":[{"href":"https:\/\/www.oarcanjo.net\/site\/wp-json\/wp\/v2\/types\/post"}],"author":[{"embeddable":true,"href":"https:\/\/www.oarcanjo.net\/site\/wp-json\/wp\/v2\/users\/14"}],"replies":[{"embeddable":true,"href":"https:\/\/www.oarcanjo.net\/site\/wp-json\/wp\/v2\/comments?post=8779"}],"version-history":[{"count":1,"href":"https:\/\/www.oarcanjo.net\/site\/wp-json\/wp\/v2\/posts\/8779\/revisions"}],"predecessor-version":[{"id":92894,"href":"https:\/\/www.oarcanjo.net\/site\/wp-json\/wp\/v2\/posts\/8779\/revisions\/92894"}],"wp:attachment":[{"href":"https:\/\/www.oarcanjo.net\/site\/wp-json\/wp\/v2\/media?parent=8779"}],"wp:term":[{"taxonomy":"category","embeddable":true,"href":"https:\/\/www.oarcanjo.net\/site\/wp-json\/wp\/v2\/categories?post=8779"},{"taxonomy":"post_tag","embeddable":true,"href":"https:\/\/www.oarcanjo.net\/site\/wp-json\/wp\/v2\/tags?post=8779"}],"curies":[{"name":"wp","href":"https:\/\/api.w.org\/{rel}","templated":true}]}}