
{"id":8781,"date":"2019-04-18T00:14:51","date_gmt":"2019-04-18T03:14:51","guid":{"rendered":"http:\/\/www.oarcanjo.net\/site\/?p=8781"},"modified":"2019-02-20T07:56:21","modified_gmt":"2019-02-20T10:56:21","slug":"bem-aventurada-maria-da-encarnacao-barbara-avrillot","status":"publish","type":"post","link":"https:\/\/www.oarcanjo.net\/site\/bem-aventurada-maria-da-encarnacao-barbara-avrillot\/","title":{"rendered":"Bem Aventurada Maria da Encarna\u00e7\u00e3o (B\u00e1rbara Avrillot)"},"content":{"rendered":"<p><img decoding=\"async\" src=\"http:\/\/4.bp.blogspot.com\/_z-c0Sh5Zlrs\/SJKA9gndSpI\/AAAAAAAABMY\/jQIu0DscQIk\/s400\/Maria+da+Encarna%C3%A7%C3%A3o+(B%C3%A1rbara+Avrillot).jpg\" alt=\"\" \/><\/p>\n<p>18 de Abril<\/p>\n<p>Ela nasceu em Paris, no dia 1o de fevereiro de 1566, e se chamava B\u00e1rbara Avrillot, filha do senhor de Champstreaux, riqu\u00edssimo, influente na corte francesa e na vida religiosa por ser um homem muito devoto, assim como sua descend\u00eancia.<\/p>\n<p>Como era costume na \u00e9poca, apenas adolescente B\u00e1rbara foi enviada \u00e0s Irm\u00e3s Menores da Humildade de Nossa Senhora, que habitavam nas proximidades. Regressou \u00e0 fam\u00edlia aos catorze anos e n\u00e3o p\u00f4de optar pela vida religiosa, pois aos dezesseis anos foi entregue como esposa ao visconde de Villemor, Pedro Ac\u00e1rio, senhor de muitas terras, muito atuante na pol\u00edtica da corte e cuja influ\u00eancia era t\u00e3o forte quanto \u00e0 de sua fam\u00edlia, possuidor de costumes s\u00e9rios e seguidor dos preceitos crist\u00e3os. Tiveram seis filhos.<\/p>\n<p>O rei Henrique IV, ap\u00f3s desfazer a Liga pol\u00edtica \u00e0 qual seu marido pertencia, mandou-o para o ex\u00edlio e confiscou-lhe todos os bens. Foram quatro anos de v\u00e1rias atribula\u00e7\u00f5es financeiras e afli\u00e7\u00e3o de esp\u00edrito. Por\u00e9m B\u00e1rbara n\u00e3o se abateu, tomou a defesa do marido, n\u00e3o se detendo at\u00e9 provar a inoc\u00eancia dele e reaver todos os bens. Foi com essa fibra que educou os filhos com generosidade, no respeito e no servi\u00e7o aos mais pobres, doentes e mais desamparados. Ensinou-os a viver de maneira simples, s\u00f3bria, modesta, e no amor \u00e0 verdade, pois a verdade \u00e9 Cristo. Ensinou-lhes, tamb\u00e9m, o esp\u00edrito de sacrif\u00edcio e a for\u00e7a de vontade perante as dificuldades.<\/p>\n<p>Nesse per\u00edodo, conheceu o religioso Francisco de Salles, depois tamb\u00e9m fundador e santo pela Igreja, o qual aprovava sua atitude e comportamento, vindo a tornar-se o seu diretor espiritual. Em 1601, ela leu os escritos de Teresa d&#8217;\u00c1vila e desejou, ela mesma, uma leiga, fazer todo o poss\u00edvel para introduzir na Fran\u00e7a a reforma carmelita. Um ano depois, acolheu as primeiras voca\u00e7\u00f5es e obteve a autoriza\u00e7\u00e3o do rei, o qual lhe dispensava uma grande considera\u00e7\u00e3o, e, em 1603, o papa Clemente VIII enviou-lhe sua autoriza\u00e7\u00e3o para a funda\u00e7\u00e3o, portanto ela p\u00f4de construir o primeiro mosteiro carmelita na Fran\u00e7a. Depois, com os outros, que vieram em seguida, houve uma forte influ\u00eancia na espiritualidade cat\u00f3lica de seu tempo. Tr\u00eas de suas filhas entraram no Carmelo de Amiens.<\/p>\n<p>Em 1613, morreu seu marido e s\u00f3 ent\u00e3o ela tomou o nome de Maria da Encarna\u00e7\u00e3o, tomando o h\u00e1bito e jurando os votos a uma de suas filhas, que se tornara a abadessa do mosteiro de Amiens, onde ela permaneceu durante algum tempo, para depois estabelecer-se no de Pontoise. Manteve-se sempre ativa e preparada para discuss\u00f5es sobre o tema da f\u00e9 com personagens pr\u00f3prios e auto-reveladores e sempre humilde e afetuosa como simples carmelita de sua comunidade.<\/p>\n<p>Maria da Encarna\u00e7\u00e3o, madame Ac\u00e1rio, \u00e9 considerada a &#8220;madre fundadora do Carmelo na Fran\u00e7a&#8221; porque contribuiu para a difus\u00e3o da reforma carmelita de Santa Teresa d&#8217;\u00c1vila, mais do que todos, em solo franc\u00eas. Ela terminou os seus dias num leito de dor em Pontoise. E ao morrer, no dia 18 de abril de 1618, recitou v\u00e1rias vezes os salmos 21 e 101. Esse dia era Quinta-Feira Santa.<\/p>\n<div id=\"themify_builder_content-8781\" data-postid=\"8781\" class=\"themify_builder_content themify_builder_content-8781 themify_builder themify_builder_front\">\n\t<\/div>\n<!-- \/themify_builder_content -->","protected":false},"excerpt":{"rendered":"<p>18 de Abril Ela nasceu em Paris, no dia 1o de fevereiro de 1566, e se chamava B\u00e1rbara Avrillot, filha do senhor de Champstreaux, riqu\u00edssimo, influente na corte francesa e na vida religiosa por ser um homem muito devoto, assim como sua descend\u00eancia. Como era costume na \u00e9poca, apenas adolescente B\u00e1rbara foi enviada \u00e0s Irm\u00e3s [&hellip;]<\/p>\n","protected":false},"author":14,"featured_media":0,"comment_status":"open","ping_status":"open","sticky":false,"template":"","format":"standard","meta":{"ngg_post_thumbnail":0,"footnotes":""},"categories":[186],"tags":[],"yoast_head":"<!-- This site is optimized with the Yoast SEO plugin v23.5 - https:\/\/yoast.com\/wordpress\/plugins\/seo\/ -->\n<title>Bem Aventurada Maria da Encarna\u00e7\u00e3o (B\u00e1rbara Avrillot) - O Arcanjo no ar<\/title>\n<meta name=\"robots\" content=\"index, follow, max-snippet:-1, max-image-preview:large, max-video-preview:-1\" \/>\n<link rel=\"canonical\" href=\"https:\/\/www.oarcanjo.net\/site\/bem-aventurada-maria-da-encarnacao-barbara-avrillot\/\" \/>\n<meta property=\"og:locale\" content=\"pt_BR\" \/>\n<meta property=\"og:type\" content=\"article\" \/>\n<meta property=\"og:title\" content=\"Bem Aventurada Maria da Encarna\u00e7\u00e3o (B\u00e1rbara Avrillot) - O Arcanjo no ar\" \/>\n<meta property=\"og:description\" content=\"18 de Abril Ela nasceu em Paris, no dia 1o de fevereiro de 1566, e se chamava B\u00e1rbara Avrillot, filha do senhor de Champstreaux, riqu\u00edssimo, influente na corte francesa e na vida religiosa por ser um homem muito devoto, assim como sua descend\u00eancia. Como era costume na \u00e9poca, apenas adolescente B\u00e1rbara foi enviada \u00e0s Irm\u00e3s [&hellip;]\" \/>\n<meta property=\"og:url\" content=\"https:\/\/www.oarcanjo.net\/site\/bem-aventurada-maria-da-encarnacao-barbara-avrillot\/\" \/>\n<meta property=\"og:site_name\" content=\"O Arcanjo no ar\" \/>\n<meta property=\"article:publisher\" content=\"https:\/\/www.facebook.com\/OArcanjoNoAr\/\" \/>\n<meta property=\"article:published_time\" content=\"2019-04-18T03:14:51+00:00\" \/>\n<meta property=\"article:modified_time\" content=\"2019-02-20T10:56:21+00:00\" \/>\n<meta property=\"og:image\" content=\"http:\/\/4.bp.blogspot.com\/_z-c0Sh5Zlrs\/SJKA9gndSpI\/AAAAAAAABMY\/jQIu0DscQIk\/s400\/Maria+da+Encarna%C3%A7%C3%A3o+(B%C3%A1rbara+Avrillot).jpg\" \/>\n<meta name=\"author\" content=\"danilo\" \/>\n<meta name=\"twitter:card\" content=\"summary_large_image\" \/>\n<meta name=\"twitter:label1\" content=\"Escrito por\" \/>\n\t<meta name=\"twitter:data1\" content=\"danilo\" \/>\n\t<meta name=\"twitter:label2\" content=\"Est. tempo de leitura\" \/>\n\t<meta name=\"twitter:data2\" content=\"3 minutos\" \/>\n<script type=\"application\/ld+json\" class=\"yoast-schema-graph\">{\"@context\":\"https:\/\/schema.org\",\"@graph\":[{\"@type\":\"Article\",\"@id\":\"https:\/\/www.oarcanjo.net\/site\/bem-aventurada-maria-da-encarnacao-barbara-avrillot\/#article\",\"isPartOf\":{\"@id\":\"https:\/\/www.oarcanjo.net\/site\/bem-aventurada-maria-da-encarnacao-barbara-avrillot\/\"},\"author\":{\"name\":\"danilo\",\"@id\":\"https:\/\/www.oarcanjo.net\/site\/#\/schema\/person\/5eb9480bedd2f3c97e430ce128c29c6c\"},\"headline\":\"Bem Aventurada Maria da Encarna\u00e7\u00e3o (B\u00e1rbara Avrillot)\",\"datePublished\":\"2019-04-18T03:14:51+00:00\",\"dateModified\":\"2019-02-20T10:56:21+00:00\",\"mainEntityOfPage\":{\"@id\":\"https:\/\/www.oarcanjo.net\/site\/bem-aventurada-maria-da-encarnacao-barbara-avrillot\/\"},\"wordCount\":559,\"commentCount\":0,\"publisher\":{\"@id\":\"https:\/\/www.oarcanjo.net\/site\/#organization\"},\"image\":{\"@id\":\"https:\/\/www.oarcanjo.net\/site\/bem-aventurada-maria-da-encarnacao-barbara-avrillot\/#primaryimage\"},\"thumbnailUrl\":\"http:\/\/4.bp.blogspot.com\/_z-c0Sh5Zlrs\/SJKA9gndSpI\/AAAAAAAABMY\/jQIu0DscQIk\/s400\/Maria+da+Encarna%C3%A7%C3%A3o+(B%C3%A1rbara+Avrillot).jpg\",\"articleSection\":[\"Testemunhos\"],\"inLanguage\":\"pt-BR\",\"potentialAction\":[{\"@type\":\"CommentAction\",\"name\":\"Comment\",\"target\":[\"https:\/\/www.oarcanjo.net\/site\/bem-aventurada-maria-da-encarnacao-barbara-avrillot\/#respond\"]}]},{\"@type\":\"WebPage\",\"@id\":\"https:\/\/www.oarcanjo.net\/site\/bem-aventurada-maria-da-encarnacao-barbara-avrillot\/\",\"url\":\"https:\/\/www.oarcanjo.net\/site\/bem-aventurada-maria-da-encarnacao-barbara-avrillot\/\",\"name\":\"Bem Aventurada Maria da Encarna\u00e7\u00e3o (B\u00e1rbara Avrillot) - O Arcanjo no ar\",\"isPartOf\":{\"@id\":\"https:\/\/www.oarcanjo.net\/site\/#website\"},\"primaryImageOfPage\":{\"@id\":\"https:\/\/www.oarcanjo.net\/site\/bem-aventurada-maria-da-encarnacao-barbara-avrillot\/#primaryimage\"},\"image\":{\"@id\":\"https:\/\/www.oarcanjo.net\/site\/bem-aventurada-maria-da-encarnacao-barbara-avrillot\/#primaryimage\"},\"thumbnailUrl\":\"http:\/\/4.bp.blogspot.com\/_z-c0Sh5Zlrs\/SJKA9gndSpI\/AAAAAAAABMY\/jQIu0DscQIk\/s400\/Maria+da+Encarna%C3%A7%C3%A3o+(B%C3%A1rbara+Avrillot).jpg\",\"datePublished\":\"2019-04-18T03:14:51+00:00\",\"dateModified\":\"2019-02-20T10:56:21+00:00\",\"breadcrumb\":{\"@id\":\"https:\/\/www.oarcanjo.net\/site\/bem-aventurada-maria-da-encarnacao-barbara-avrillot\/#breadcrumb\"},\"inLanguage\":\"pt-BR\",\"potentialAction\":[{\"@type\":\"ReadAction\",\"target\":[\"https:\/\/www.oarcanjo.net\/site\/bem-aventurada-maria-da-encarnacao-barbara-avrillot\/\"]}]},{\"@type\":\"ImageObject\",\"inLanguage\":\"pt-BR\",\"@id\":\"https:\/\/www.oarcanjo.net\/site\/bem-aventurada-maria-da-encarnacao-barbara-avrillot\/#primaryimage\",\"url\":\"http:\/\/4.bp.blogspot.com\/_z-c0Sh5Zlrs\/SJKA9gndSpI\/AAAAAAAABMY\/jQIu0DscQIk\/s400\/Maria+da+Encarna%C3%A7%C3%A3o+(B%C3%A1rbara+Avrillot).jpg\",\"contentUrl\":\"http:\/\/4.bp.blogspot.com\/_z-c0Sh5Zlrs\/SJKA9gndSpI\/AAAAAAAABMY\/jQIu0DscQIk\/s400\/Maria+da+Encarna%C3%A7%C3%A3o+(B%C3%A1rbara+Avrillot).jpg\"},{\"@type\":\"BreadcrumbList\",\"@id\":\"https:\/\/www.oarcanjo.net\/site\/bem-aventurada-maria-da-encarnacao-barbara-avrillot\/#breadcrumb\",\"itemListElement\":[{\"@type\":\"ListItem\",\"position\":1,\"name\":\"In\u00edcio\",\"item\":\"https:\/\/www.oarcanjo.net\/site\/\"},{\"@type\":\"ListItem\",\"position\":2,\"name\":\"Bem Aventurada Maria da Encarna\u00e7\u00e3o (B\u00e1rbara Avrillot)\"}]},{\"@type\":\"WebSite\",\"@id\":\"https:\/\/www.oarcanjo.net\/site\/#website\",\"url\":\"https:\/\/www.oarcanjo.net\/site\/\",\"name\":\"O Arcanjo no ar\",\"description\":\"Site da Par\u00f3quia S\u00e3o Miguel Arcanjo (Arquidiocese de SP)\",\"publisher\":{\"@id\":\"https:\/\/www.oarcanjo.net\/site\/#organization\"},\"potentialAction\":[{\"@type\":\"SearchAction\",\"target\":{\"@type\":\"EntryPoint\",\"urlTemplate\":\"https:\/\/www.oarcanjo.net\/site\/?s={search_term_string}\"},\"query-input\":{\"@type\":\"PropertyValueSpecification\",\"valueRequired\":true,\"valueName\":\"search_term_string\"}}],\"inLanguage\":\"pt-BR\"},{\"@type\":\"Organization\",\"@id\":\"https:\/\/www.oarcanjo.net\/site\/#organization\",\"name\":\"Par\u00f3quia S\u00e3o Miguel Arcanjo\",\"url\":\"https:\/\/www.oarcanjo.net\/site\/\",\"logo\":{\"@type\":\"ImageObject\",\"inLanguage\":\"pt-BR\",\"@id\":\"https:\/\/www.oarcanjo.net\/site\/#\/schema\/logo\/image\/\",\"url\":\"https:\/\/www.oarcanjo.net\/site\/wp-content\/uploads\/LogoOArcanjo.png\",\"contentUrl\":\"https:\/\/www.oarcanjo.net\/site\/wp-content\/uploads\/LogoOArcanjo.png\",\"width\":319,\"height\":99,\"caption\":\"Par\u00f3quia S\u00e3o Miguel Arcanjo\"},\"image\":{\"@id\":\"https:\/\/www.oarcanjo.net\/site\/#\/schema\/logo\/image\/\"},\"sameAs\":[\"https:\/\/www.facebook.com\/OArcanjoNoAr\/\"]},{\"@type\":\"Person\",\"@id\":\"https:\/\/www.oarcanjo.net\/site\/#\/schema\/person\/5eb9480bedd2f3c97e430ce128c29c6c\",\"name\":\"danilo\"}]}<\/script>\n<!-- \/ Yoast SEO plugin. -->","yoast_head_json":{"title":"Bem Aventurada Maria da Encarna\u00e7\u00e3o (B\u00e1rbara Avrillot) - O Arcanjo no ar","robots":{"index":"index","follow":"follow","max-snippet":"max-snippet:-1","max-image-preview":"max-image-preview:large","max-video-preview":"max-video-preview:-1"},"canonical":"https:\/\/www.oarcanjo.net\/site\/bem-aventurada-maria-da-encarnacao-barbara-avrillot\/","og_locale":"pt_BR","og_type":"article","og_title":"Bem Aventurada Maria da Encarna\u00e7\u00e3o (B\u00e1rbara Avrillot) - O Arcanjo no ar","og_description":"18 de Abril Ela nasceu em Paris, no dia 1o de fevereiro de 1566, e se chamava B\u00e1rbara Avrillot, filha do senhor de Champstreaux, riqu\u00edssimo, influente na corte francesa e na vida religiosa por ser um homem muito devoto, assim como sua descend\u00eancia. Como era costume na \u00e9poca, apenas adolescente B\u00e1rbara foi enviada \u00e0s Irm\u00e3s [&hellip;]","og_url":"https:\/\/www.oarcanjo.net\/site\/bem-aventurada-maria-da-encarnacao-barbara-avrillot\/","og_site_name":"O Arcanjo no ar","article_publisher":"https:\/\/www.facebook.com\/OArcanjoNoAr\/","article_published_time":"2019-04-18T03:14:51+00:00","article_modified_time":"2019-02-20T10:56:21+00:00","og_image":[{"url":"http:\/\/4.bp.blogspot.com\/_z-c0Sh5Zlrs\/SJKA9gndSpI\/AAAAAAAABMY\/jQIu0DscQIk\/s400\/Maria+da+Encarna%C3%A7%C3%A3o+(B%C3%A1rbara+Avrillot).jpg"}],"author":"danilo","twitter_card":"summary_large_image","twitter_misc":{"Escrito por":"danilo","Est. tempo de leitura":"3 minutos"},"schema":{"@context":"https:\/\/schema.org","@graph":[{"@type":"Article","@id":"https:\/\/www.oarcanjo.net\/site\/bem-aventurada-maria-da-encarnacao-barbara-avrillot\/#article","isPartOf":{"@id":"https:\/\/www.oarcanjo.net\/site\/bem-aventurada-maria-da-encarnacao-barbara-avrillot\/"},"author":{"name":"danilo","@id":"https:\/\/www.oarcanjo.net\/site\/#\/schema\/person\/5eb9480bedd2f3c97e430ce128c29c6c"},"headline":"Bem Aventurada Maria da Encarna\u00e7\u00e3o (B\u00e1rbara Avrillot)","datePublished":"2019-04-18T03:14:51+00:00","dateModified":"2019-02-20T10:56:21+00:00","mainEntityOfPage":{"@id":"https:\/\/www.oarcanjo.net\/site\/bem-aventurada-maria-da-encarnacao-barbara-avrillot\/"},"wordCount":559,"commentCount":0,"publisher":{"@id":"https:\/\/www.oarcanjo.net\/site\/#organization"},"image":{"@id":"https:\/\/www.oarcanjo.net\/site\/bem-aventurada-maria-da-encarnacao-barbara-avrillot\/#primaryimage"},"thumbnailUrl":"http:\/\/4.bp.blogspot.com\/_z-c0Sh5Zlrs\/SJKA9gndSpI\/AAAAAAAABMY\/jQIu0DscQIk\/s400\/Maria+da+Encarna%C3%A7%C3%A3o+(B%C3%A1rbara+Avrillot).jpg","articleSection":["Testemunhos"],"inLanguage":"pt-BR","potentialAction":[{"@type":"CommentAction","name":"Comment","target":["https:\/\/www.oarcanjo.net\/site\/bem-aventurada-maria-da-encarnacao-barbara-avrillot\/#respond"]}]},{"@type":"WebPage","@id":"https:\/\/www.oarcanjo.net\/site\/bem-aventurada-maria-da-encarnacao-barbara-avrillot\/","url":"https:\/\/www.oarcanjo.net\/site\/bem-aventurada-maria-da-encarnacao-barbara-avrillot\/","name":"Bem Aventurada Maria da Encarna\u00e7\u00e3o (B\u00e1rbara Avrillot) - O Arcanjo no ar","isPartOf":{"@id":"https:\/\/www.oarcanjo.net\/site\/#website"},"primaryImageOfPage":{"@id":"https:\/\/www.oarcanjo.net\/site\/bem-aventurada-maria-da-encarnacao-barbara-avrillot\/#primaryimage"},"image":{"@id":"https:\/\/www.oarcanjo.net\/site\/bem-aventurada-maria-da-encarnacao-barbara-avrillot\/#primaryimage"},"thumbnailUrl":"http:\/\/4.bp.blogspot.com\/_z-c0Sh5Zlrs\/SJKA9gndSpI\/AAAAAAAABMY\/jQIu0DscQIk\/s400\/Maria+da+Encarna%C3%A7%C3%A3o+(B%C3%A1rbara+Avrillot).jpg","datePublished":"2019-04-18T03:14:51+00:00","dateModified":"2019-02-20T10:56:21+00:00","breadcrumb":{"@id":"https:\/\/www.oarcanjo.net\/site\/bem-aventurada-maria-da-encarnacao-barbara-avrillot\/#breadcrumb"},"inLanguage":"pt-BR","potentialAction":[{"@type":"ReadAction","target":["https:\/\/www.oarcanjo.net\/site\/bem-aventurada-maria-da-encarnacao-barbara-avrillot\/"]}]},{"@type":"ImageObject","inLanguage":"pt-BR","@id":"https:\/\/www.oarcanjo.net\/site\/bem-aventurada-maria-da-encarnacao-barbara-avrillot\/#primaryimage","url":"http:\/\/4.bp.blogspot.com\/_z-c0Sh5Zlrs\/SJKA9gndSpI\/AAAAAAAABMY\/jQIu0DscQIk\/s400\/Maria+da+Encarna%C3%A7%C3%A3o+(B%C3%A1rbara+Avrillot).jpg","contentUrl":"http:\/\/4.bp.blogspot.com\/_z-c0Sh5Zlrs\/SJKA9gndSpI\/AAAAAAAABMY\/jQIu0DscQIk\/s400\/Maria+da+Encarna%C3%A7%C3%A3o+(B%C3%A1rbara+Avrillot).jpg"},{"@type":"BreadcrumbList","@id":"https:\/\/www.oarcanjo.net\/site\/bem-aventurada-maria-da-encarnacao-barbara-avrillot\/#breadcrumb","itemListElement":[{"@type":"ListItem","position":1,"name":"In\u00edcio","item":"https:\/\/www.oarcanjo.net\/site\/"},{"@type":"ListItem","position":2,"name":"Bem Aventurada Maria da Encarna\u00e7\u00e3o (B\u00e1rbara Avrillot)"}]},{"@type":"WebSite","@id":"https:\/\/www.oarcanjo.net\/site\/#website","url":"https:\/\/www.oarcanjo.net\/site\/","name":"O Arcanjo no ar","description":"Site da Par\u00f3quia S\u00e3o Miguel Arcanjo (Arquidiocese de SP)","publisher":{"@id":"https:\/\/www.oarcanjo.net\/site\/#organization"},"potentialAction":[{"@type":"SearchAction","target":{"@type":"EntryPoint","urlTemplate":"https:\/\/www.oarcanjo.net\/site\/?s={search_term_string}"},"query-input":{"@type":"PropertyValueSpecification","valueRequired":true,"valueName":"search_term_string"}}],"inLanguage":"pt-BR"},{"@type":"Organization","@id":"https:\/\/www.oarcanjo.net\/site\/#organization","name":"Par\u00f3quia S\u00e3o Miguel Arcanjo","url":"https:\/\/www.oarcanjo.net\/site\/","logo":{"@type":"ImageObject","inLanguage":"pt-BR","@id":"https:\/\/www.oarcanjo.net\/site\/#\/schema\/logo\/image\/","url":"https:\/\/www.oarcanjo.net\/site\/wp-content\/uploads\/LogoOArcanjo.png","contentUrl":"https:\/\/www.oarcanjo.net\/site\/wp-content\/uploads\/LogoOArcanjo.png","width":319,"height":99,"caption":"Par\u00f3quia S\u00e3o Miguel Arcanjo"},"image":{"@id":"https:\/\/www.oarcanjo.net\/site\/#\/schema\/logo\/image\/"},"sameAs":["https:\/\/www.facebook.com\/OArcanjoNoAr\/"]},{"@type":"Person","@id":"https:\/\/www.oarcanjo.net\/site\/#\/schema\/person\/5eb9480bedd2f3c97e430ce128c29c6c","name":"danilo"}]}},"publishpress_future_action":{"enabled":false,"date":"2026-05-07 16:58:02","action":"category","newStatus":"draft","terms":[],"taxonomy":"category"},"publishpress_future_workflow_manual_trigger":{"enabledWorkflows":[]},"_links":{"self":[{"href":"https:\/\/www.oarcanjo.net\/site\/wp-json\/wp\/v2\/posts\/8781"}],"collection":[{"href":"https:\/\/www.oarcanjo.net\/site\/wp-json\/wp\/v2\/posts"}],"about":[{"href":"https:\/\/www.oarcanjo.net\/site\/wp-json\/wp\/v2\/types\/post"}],"author":[{"embeddable":true,"href":"https:\/\/www.oarcanjo.net\/site\/wp-json\/wp\/v2\/users\/14"}],"replies":[{"embeddable":true,"href":"https:\/\/www.oarcanjo.net\/site\/wp-json\/wp\/v2\/comments?post=8781"}],"version-history":[{"count":1,"href":"https:\/\/www.oarcanjo.net\/site\/wp-json\/wp\/v2\/posts\/8781\/revisions"}],"predecessor-version":[{"id":92895,"href":"https:\/\/www.oarcanjo.net\/site\/wp-json\/wp\/v2\/posts\/8781\/revisions\/92895"}],"wp:attachment":[{"href":"https:\/\/www.oarcanjo.net\/site\/wp-json\/wp\/v2\/media?parent=8781"}],"wp:term":[{"taxonomy":"category","embeddable":true,"href":"https:\/\/www.oarcanjo.net\/site\/wp-json\/wp\/v2\/categories?post=8781"},{"taxonomy":"post_tag","embeddable":true,"href":"https:\/\/www.oarcanjo.net\/site\/wp-json\/wp\/v2\/tags?post=8781"}],"curies":[{"name":"wp","href":"https:\/\/api.w.org\/{rel}","templated":true}]}}