
{"id":8806,"date":"2010-04-04T12:02:01","date_gmt":"2010-04-04T15:02:01","guid":{"rendered":"http:\/\/www.oarcanjo.net\/site\/?p=8806"},"modified":"2010-08-09T09:12:56","modified_gmt":"2010-08-09T12:12:56","slug":"missa-de-pascoa-sera-presidida-por-d-odilo-as-18h","status":"publish","type":"post","link":"https:\/\/www.oarcanjo.net\/site\/missa-de-pascoa-sera-presidida-por-d-odilo-as-18h\/","title":{"rendered":"D. Odilo preside missa de P\u00e1scoa"},"content":{"rendered":"<p>O cardeal arcebispo de S\u00e3o Paulo, D. Odilo Pedro Scherer, presidiu a missa de P\u00e1scoa das 18h na igreja S\u00e3o Miguel Arcanjo. Veja o in\u00edcio da homilia:<\/p>\n<p><object id=\"qikPlayer\" classid=\"clsid:d27cdb6e-ae6d-11cf-96b8-444553540000\" width=\"425\" height=\"319\" codebase=\"http:\/\/download.macromedia.com\/pub\/shockwave\/cabs\/flash\/swflash.cab#version=6,0,40,0\"><param name=\"align\" value=\"middle\" \/><param name=\"allowScriptAccess\" value=\"sameDomain\" \/><param name=\"allowFullScreen\" value=\"true\" \/><param name=\"quality\" value=\"high\" \/><param name=\"bgcolor\" value=\"#333333\" \/><param name=\"FlashVars\" value=\"streamID=9eb5d8cb6f924ccf8b184f3bfa37232d&amp;autoplay=false\" \/><param name=\"src\" value=\"http:\/\/qik.com\/swfs\/qikPlayer5.swf\" \/><param name=\"name\" value=\"qikPlayer\" \/><param name=\"flashvars\" value=\"streamID=9eb5d8cb6f924ccf8b184f3bfa37232d&amp;autoplay=false\" \/><param name=\"allowfullscreen\" value=\"true\" \/><embed id=\"qikPlayer\" type=\"application\/x-shockwave-flash\" width=\"425\" height=\"319\" src=\"http:\/\/qik.com\/swfs\/qikPlayer5.swf\" name=\"qikPlayer\" flashvars=\"streamID=9eb5d8cb6f924ccf8b184f3bfa37232d&amp;autoplay=false\" bgcolor=\"#333333\" quality=\"high\" allowfullscreen=\"true\" allowscriptaccess=\"sameDomain\" align=\"middle\"><\/embed><\/object><br \/>\n(a grava\u00e7\u00e3o foi interrompida devido a problemas t\u00e9cnicos)<\/p>\n<p>No final da missa, a comunidade homenageou D. Odilo:<\/p>\n<p><object id=\"qikPlayer\" classid=\"clsid:d27cdb6e-ae6d-11cf-96b8-444553540000\" width=\"425\" height=\"319\" codebase=\"http:\/\/download.macromedia.com\/pub\/shockwave\/cabs\/flash\/swflash.cab#version=6,0,40,0\"><param name=\"align\" value=\"middle\" \/><param name=\"allowScriptAccess\" value=\"sameDomain\" \/><param name=\"allowFullScreen\" value=\"true\" \/><param name=\"quality\" value=\"high\" \/><param name=\"bgcolor\" value=\"#333333\" \/><param name=\"FlashVars\" value=\"streamID=b09012b449e744ccb78d0665fdae7c22&amp;autoplay=false\" \/><param name=\"src\" value=\"http:\/\/qik.com\/swfs\/qikPlayer5.swf\" \/><param name=\"name\" value=\"qikPlayer\" \/><param name=\"flashvars\" value=\"streamID=b09012b449e744ccb78d0665fdae7c22&amp;autoplay=false\" \/><param name=\"allowfullscreen\" value=\"true\" \/><embed id=\"qikPlayer\" type=\"application\/x-shockwave-flash\" width=\"425\" height=\"319\" src=\"http:\/\/qik.com\/swfs\/qikPlayer5.swf\" name=\"qikPlayer\" flashvars=\"streamID=b09012b449e744ccb78d0665fdae7c22&amp;autoplay=false\" bgcolor=\"#333333\" quality=\"high\" allowfullscreen=\"true\" allowscriptaccess=\"sameDomain\" align=\"middle\"><\/embed><\/object><\/p>\n<p>D. Odilo enviou a mensagem abaixo a todos os integrantes da comunidade:<\/p>\n<p><strong>A P\u00e1scoa de Jesus<\/strong><\/p>\n<p><em>Estimado Povo de Deus em S\u00e3o Paulo,<\/em><\/p>\n<p><em>Sauda\u00e7\u00e3o de feliz e santa P\u00e1scoa a todos! Celebramos o Mist\u00e9rio da paix\u00e3o e morte do Senhor e, agora, anunciamos com f\u00e9 sua ressurei\u00e7\u00e3o gloriosa dentre os mortos. Ele vive e est\u00e1 no meio de n\u00f3s! Que a alegria do encontro com o Cristo encha seus cora\u00e7\u00f5es e ilumine suas vidas!<\/em><\/p>\n<p><em>Queremos vida com dignidade para todos. Foi para isso que Jesus Cristo entregou sua vida sobre a cruz e ressuscitou: para que todos tenham vida nova.<\/em><\/p>\n<p><em>A ressurei\u00e7\u00e3o de Cristo \u00e9 an\u00fancio de vida tamb\u00e9m para a natureza, dom de Deus para suas criaturas; ela tamb\u00e9m precisa ser libertada &#8220;da escravid\u00e3o do pecado&#8221;. E isso \u00e9 tarefa nossa.<\/em><\/p>\n<p><em>A Igreja, que sofre a dor do mundo, exulta com a ressurei\u00e7\u00e3o de Cristo, porque acredita que a morte de Jesus abriu caminho para o amor e a paz reinarem no mundo. Por isso, vamos viver com intensa alegria os 50 dias do Tempo Pascal, como um \u00fanico grande dia de P\u00e1scoa, at\u00e9 chegarmos a Pentecostes.<\/em><\/p>\n<p><em>O Senhor Ressuscitado nos faz seus disc\u00edpulos e mission\u00e1rios e nos envia, com a for\u00e7a do Esp\u00edrito Santo, para o meio da cidade de S\u00e3o Paulo. Que cada crist\u00e3o, al\u00e9m de cuidar da vida de f\u00e9 e da nossa Igreja, como bom cidad\u00e3o cuide tamb\u00e9m da vida da cidade e do nosso pa\u00eds! A alegria do Senhor Ressuscitado seja a nossa for\u00e7a! Que ele confirme nossos cora\u00e7\u00f5es na f\u00e9, esperan\u00e7a e caridade. Feliz P\u00e1scoa a todos!<\/em><\/p>\n<p><em>D. Odilo Pedro Scherer<\/em><\/p>\n<p>Veja abaixo as fotos da presen\u00e7a de D. Odilo na missa de P\u00e1scoa:<\/p>\nngg_shortcode_0_placeholder\n<p><em>Imagens da Carlos Alberto Beatriz e Wanderley Oliveira<\/em><\/p>\n<div id=\"themify_builder_content-8806\" data-postid=\"8806\" class=\"themify_builder_content themify_builder_content-8806 themify_builder themify_builder_front\">\n\t<\/div>\n<!-- \/themify_builder_content -->","protected":false},"excerpt":{"rendered":"<p>O cardeal arcebispo de S\u00e3o Paulo, D. Odilo Pedro Scherer, presidiu a missa de P\u00e1scoa das 18h na igreja S\u00e3o Miguel Arcanjo. Veja o in\u00edcio da homilia: (a grava\u00e7\u00e3o foi interrompida devido a problemas t\u00e9cnicos) No final da missa, a comunidade homenageou D. Odilo: D. Odilo enviou a mensagem abaixo a todos os integrantes da [&hellip;]<\/p>\n","protected":false},"author":5,"featured_media":0,"comment_status":"open","ping_status":"open","sticky":false,"template":"","format":"standard","meta":{"ngg_post_thumbnail":0,"footnotes":""},"categories":[475,8,7],"tags":[1544,242],"yoast_head":"<!-- This site is optimized with the Yoast SEO plugin v23.5 - https:\/\/yoast.com\/wordpress\/plugins\/seo\/ -->\n<title>D. Odilo preside missa de P\u00e1scoa - O Arcanjo no ar<\/title>\n<meta name=\"robots\" content=\"index, follow, max-snippet:-1, max-image-preview:large, max-video-preview:-1\" \/>\n<link rel=\"canonical\" href=\"https:\/\/www.oarcanjo.net\/site\/missa-de-pascoa-sera-presidida-por-d-odilo-as-18h\/\" \/>\n<meta property=\"og:locale\" content=\"pt_BR\" \/>\n<meta property=\"og:type\" content=\"article\" \/>\n<meta property=\"og:title\" content=\"D. Odilo preside missa de P\u00e1scoa - O Arcanjo no ar\" \/>\n<meta property=\"og:description\" content=\"O cardeal arcebispo de S\u00e3o Paulo, D. Odilo Pedro Scherer, presidiu a missa de P\u00e1scoa das 18h na igreja S\u00e3o Miguel Arcanjo. Veja o in\u00edcio da homilia: (a grava\u00e7\u00e3o foi interrompida devido a problemas t\u00e9cnicos) No final da missa, a comunidade homenageou D. Odilo: D. Odilo enviou a mensagem abaixo a todos os integrantes da [&hellip;]\" \/>\n<meta property=\"og:url\" content=\"https:\/\/www.oarcanjo.net\/site\/missa-de-pascoa-sera-presidida-por-d-odilo-as-18h\/\" \/>\n<meta property=\"og:site_name\" content=\"O Arcanjo no ar\" \/>\n<meta property=\"article:publisher\" content=\"https:\/\/www.facebook.com\/OArcanjoNoAr\/\" \/>\n<meta property=\"article:published_time\" content=\"2010-04-04T15:02:01+00:00\" \/>\n<meta property=\"article:modified_time\" content=\"2010-08-09T12:12:56+00:00\" \/>\n<meta property=\"og:image\" content=\"https:\/\/www.oarcanjo.net\/site\/wp-content\/uploads\/logo-o-arcanjo-no-ar-facebook.png\" \/>\n\t<meta property=\"og:image:width\" content=\"300\" \/>\n\t<meta property=\"og:image:height\" content=\"300\" \/>\n\t<meta property=\"og:image:type\" content=\"image\/png\" \/>\n<meta name=\"author\" content=\"editor\" \/>\n<meta name=\"twitter:card\" content=\"summary_large_image\" \/>\n<meta name=\"twitter:label1\" content=\"Escrito por\" \/>\n\t<meta name=\"twitter:data1\" content=\"editor\" \/>\n\t<meta name=\"twitter:label2\" content=\"Est. tempo de leitura\" \/>\n\t<meta name=\"twitter:data2\" content=\"2 minutos\" \/>\n<script type=\"application\/ld+json\" class=\"yoast-schema-graph\">{\"@context\":\"https:\/\/schema.org\",\"@graph\":[{\"@type\":\"Article\",\"@id\":\"https:\/\/www.oarcanjo.net\/site\/missa-de-pascoa-sera-presidida-por-d-odilo-as-18h\/#article\",\"isPartOf\":{\"@id\":\"https:\/\/www.oarcanjo.net\/site\/missa-de-pascoa-sera-presidida-por-d-odilo-as-18h\/\"},\"author\":{\"name\":\"editor\",\"@id\":\"https:\/\/www.oarcanjo.net\/site\/#\/schema\/person\/f7024d007863202483a31326673a0838\"},\"headline\":\"D. Odilo preside missa de P\u00e1scoa\",\"datePublished\":\"2010-04-04T15:02:01+00:00\",\"dateModified\":\"2010-08-09T12:12:56+00:00\",\"mainEntityOfPage\":{\"@id\":\"https:\/\/www.oarcanjo.net\/site\/missa-de-pascoa-sera-presidida-por-d-odilo-as-18h\/\"},\"wordCount\":377,\"commentCount\":13,\"publisher\":{\"@id\":\"https:\/\/www.oarcanjo.net\/site\/#organization\"},\"keywords\":[\"Dom Odilo Scherer\",\"P\u00e1scoa\"],\"articleSection\":[\"Homilias\",\"Not\u00edcias\",\"Rosto da comunidade\"],\"inLanguage\":\"pt-BR\",\"potentialAction\":[{\"@type\":\"CommentAction\",\"name\":\"Comment\",\"target\":[\"https:\/\/www.oarcanjo.net\/site\/missa-de-pascoa-sera-presidida-por-d-odilo-as-18h\/#respond\"]}]},{\"@type\":\"WebPage\",\"@id\":\"https:\/\/www.oarcanjo.net\/site\/missa-de-pascoa-sera-presidida-por-d-odilo-as-18h\/\",\"url\":\"https:\/\/www.oarcanjo.net\/site\/missa-de-pascoa-sera-presidida-por-d-odilo-as-18h\/\",\"name\":\"D. Odilo preside missa de P\u00e1scoa - O Arcanjo no ar\",\"isPartOf\":{\"@id\":\"https:\/\/www.oarcanjo.net\/site\/#website\"},\"datePublished\":\"2010-04-04T15:02:01+00:00\",\"dateModified\":\"2010-08-09T12:12:56+00:00\",\"breadcrumb\":{\"@id\":\"https:\/\/www.oarcanjo.net\/site\/missa-de-pascoa-sera-presidida-por-d-odilo-as-18h\/#breadcrumb\"},\"inLanguage\":\"pt-BR\",\"potentialAction\":[{\"@type\":\"ReadAction\",\"target\":[\"https:\/\/www.oarcanjo.net\/site\/missa-de-pascoa-sera-presidida-por-d-odilo-as-18h\/\"]}]},{\"@type\":\"BreadcrumbList\",\"@id\":\"https:\/\/www.oarcanjo.net\/site\/missa-de-pascoa-sera-presidida-por-d-odilo-as-18h\/#breadcrumb\",\"itemListElement\":[{\"@type\":\"ListItem\",\"position\":1,\"name\":\"In\u00edcio\",\"item\":\"https:\/\/www.oarcanjo.net\/site\/\"},{\"@type\":\"ListItem\",\"position\":2,\"name\":\"D. Odilo preside missa de P\u00e1scoa\"}]},{\"@type\":\"WebSite\",\"@id\":\"https:\/\/www.oarcanjo.net\/site\/#website\",\"url\":\"https:\/\/www.oarcanjo.net\/site\/\",\"name\":\"O Arcanjo no ar\",\"description\":\"Site da Par\u00f3quia S\u00e3o Miguel Arcanjo (Arquidiocese de SP)\",\"publisher\":{\"@id\":\"https:\/\/www.oarcanjo.net\/site\/#organization\"},\"potentialAction\":[{\"@type\":\"SearchAction\",\"target\":{\"@type\":\"EntryPoint\",\"urlTemplate\":\"https:\/\/www.oarcanjo.net\/site\/?s={search_term_string}\"},\"query-input\":{\"@type\":\"PropertyValueSpecification\",\"valueRequired\":true,\"valueName\":\"search_term_string\"}}],\"inLanguage\":\"pt-BR\"},{\"@type\":\"Organization\",\"@id\":\"https:\/\/www.oarcanjo.net\/site\/#organization\",\"name\":\"Par\u00f3quia S\u00e3o Miguel Arcanjo\",\"url\":\"https:\/\/www.oarcanjo.net\/site\/\",\"logo\":{\"@type\":\"ImageObject\",\"inLanguage\":\"pt-BR\",\"@id\":\"https:\/\/www.oarcanjo.net\/site\/#\/schema\/logo\/image\/\",\"url\":\"https:\/\/www.oarcanjo.net\/site\/wp-content\/uploads\/LogoOArcanjo.png\",\"contentUrl\":\"https:\/\/www.oarcanjo.net\/site\/wp-content\/uploads\/LogoOArcanjo.png\",\"width\":319,\"height\":99,\"caption\":\"Par\u00f3quia S\u00e3o Miguel Arcanjo\"},\"image\":{\"@id\":\"https:\/\/www.oarcanjo.net\/site\/#\/schema\/logo\/image\/\"},\"sameAs\":[\"https:\/\/www.facebook.com\/OArcanjoNoAr\/\"]},{\"@type\":\"Person\",\"@id\":\"https:\/\/www.oarcanjo.net\/site\/#\/schema\/person\/f7024d007863202483a31326673a0838\",\"name\":\"editor\",\"sameAs\":[\"http:\/\/www.oarcanjo.net\"]}]}<\/script>\n<!-- \/ Yoast SEO plugin. -->","yoast_head_json":{"title":"D. Odilo preside missa de P\u00e1scoa - O Arcanjo no ar","robots":{"index":"index","follow":"follow","max-snippet":"max-snippet:-1","max-image-preview":"max-image-preview:large","max-video-preview":"max-video-preview:-1"},"canonical":"https:\/\/www.oarcanjo.net\/site\/missa-de-pascoa-sera-presidida-por-d-odilo-as-18h\/","og_locale":"pt_BR","og_type":"article","og_title":"D. Odilo preside missa de P\u00e1scoa - O Arcanjo no ar","og_description":"O cardeal arcebispo de S\u00e3o Paulo, D. Odilo Pedro Scherer, presidiu a missa de P\u00e1scoa das 18h na igreja S\u00e3o Miguel Arcanjo. Veja o in\u00edcio da homilia: (a grava\u00e7\u00e3o foi interrompida devido a problemas t\u00e9cnicos) No final da missa, a comunidade homenageou D. Odilo: D. Odilo enviou a mensagem abaixo a todos os integrantes da [&hellip;]","og_url":"https:\/\/www.oarcanjo.net\/site\/missa-de-pascoa-sera-presidida-por-d-odilo-as-18h\/","og_site_name":"O Arcanjo no ar","article_publisher":"https:\/\/www.facebook.com\/OArcanjoNoAr\/","article_published_time":"2010-04-04T15:02:01+00:00","article_modified_time":"2010-08-09T12:12:56+00:00","og_image":[{"width":300,"height":300,"url":"https:\/\/www.oarcanjo.net\/site\/wp-content\/uploads\/logo-o-arcanjo-no-ar-facebook.png","type":"image\/png"}],"author":"editor","twitter_card":"summary_large_image","twitter_misc":{"Escrito por":"editor","Est. tempo de leitura":"2 minutos"},"schema":{"@context":"https:\/\/schema.org","@graph":[{"@type":"Article","@id":"https:\/\/www.oarcanjo.net\/site\/missa-de-pascoa-sera-presidida-por-d-odilo-as-18h\/#article","isPartOf":{"@id":"https:\/\/www.oarcanjo.net\/site\/missa-de-pascoa-sera-presidida-por-d-odilo-as-18h\/"},"author":{"name":"editor","@id":"https:\/\/www.oarcanjo.net\/site\/#\/schema\/person\/f7024d007863202483a31326673a0838"},"headline":"D. Odilo preside missa de P\u00e1scoa","datePublished":"2010-04-04T15:02:01+00:00","dateModified":"2010-08-09T12:12:56+00:00","mainEntityOfPage":{"@id":"https:\/\/www.oarcanjo.net\/site\/missa-de-pascoa-sera-presidida-por-d-odilo-as-18h\/"},"wordCount":377,"commentCount":13,"publisher":{"@id":"https:\/\/www.oarcanjo.net\/site\/#organization"},"keywords":["Dom Odilo Scherer","P\u00e1scoa"],"articleSection":["Homilias","Not\u00edcias","Rosto da comunidade"],"inLanguage":"pt-BR","potentialAction":[{"@type":"CommentAction","name":"Comment","target":["https:\/\/www.oarcanjo.net\/site\/missa-de-pascoa-sera-presidida-por-d-odilo-as-18h\/#respond"]}]},{"@type":"WebPage","@id":"https:\/\/www.oarcanjo.net\/site\/missa-de-pascoa-sera-presidida-por-d-odilo-as-18h\/","url":"https:\/\/www.oarcanjo.net\/site\/missa-de-pascoa-sera-presidida-por-d-odilo-as-18h\/","name":"D. Odilo preside missa de P\u00e1scoa - O Arcanjo no ar","isPartOf":{"@id":"https:\/\/www.oarcanjo.net\/site\/#website"},"datePublished":"2010-04-04T15:02:01+00:00","dateModified":"2010-08-09T12:12:56+00:00","breadcrumb":{"@id":"https:\/\/www.oarcanjo.net\/site\/missa-de-pascoa-sera-presidida-por-d-odilo-as-18h\/#breadcrumb"},"inLanguage":"pt-BR","potentialAction":[{"@type":"ReadAction","target":["https:\/\/www.oarcanjo.net\/site\/missa-de-pascoa-sera-presidida-por-d-odilo-as-18h\/"]}]},{"@type":"BreadcrumbList","@id":"https:\/\/www.oarcanjo.net\/site\/missa-de-pascoa-sera-presidida-por-d-odilo-as-18h\/#breadcrumb","itemListElement":[{"@type":"ListItem","position":1,"name":"In\u00edcio","item":"https:\/\/www.oarcanjo.net\/site\/"},{"@type":"ListItem","position":2,"name":"D. Odilo preside missa de P\u00e1scoa"}]},{"@type":"WebSite","@id":"https:\/\/www.oarcanjo.net\/site\/#website","url":"https:\/\/www.oarcanjo.net\/site\/","name":"O Arcanjo no ar","description":"Site da Par\u00f3quia S\u00e3o Miguel Arcanjo (Arquidiocese de SP)","publisher":{"@id":"https:\/\/www.oarcanjo.net\/site\/#organization"},"potentialAction":[{"@type":"SearchAction","target":{"@type":"EntryPoint","urlTemplate":"https:\/\/www.oarcanjo.net\/site\/?s={search_term_string}"},"query-input":{"@type":"PropertyValueSpecification","valueRequired":true,"valueName":"search_term_string"}}],"inLanguage":"pt-BR"},{"@type":"Organization","@id":"https:\/\/www.oarcanjo.net\/site\/#organization","name":"Par\u00f3quia S\u00e3o Miguel Arcanjo","url":"https:\/\/www.oarcanjo.net\/site\/","logo":{"@type":"ImageObject","inLanguage":"pt-BR","@id":"https:\/\/www.oarcanjo.net\/site\/#\/schema\/logo\/image\/","url":"https:\/\/www.oarcanjo.net\/site\/wp-content\/uploads\/LogoOArcanjo.png","contentUrl":"https:\/\/www.oarcanjo.net\/site\/wp-content\/uploads\/LogoOArcanjo.png","width":319,"height":99,"caption":"Par\u00f3quia S\u00e3o Miguel Arcanjo"},"image":{"@id":"https:\/\/www.oarcanjo.net\/site\/#\/schema\/logo\/image\/"},"sameAs":["https:\/\/www.facebook.com\/OArcanjoNoAr\/"]},{"@type":"Person","@id":"https:\/\/www.oarcanjo.net\/site\/#\/schema\/person\/f7024d007863202483a31326673a0838","name":"editor","sameAs":["http:\/\/www.oarcanjo.net"]}]}},"publishpress_future_action":{"enabled":false,"date":"2026-05-06 07:35:38","action":"category","newStatus":"draft","terms":[],"taxonomy":"category"},"publishpress_future_workflow_manual_trigger":{"enabledWorkflows":[]},"_links":{"self":[{"href":"https:\/\/www.oarcanjo.net\/site\/wp-json\/wp\/v2\/posts\/8806"}],"collection":[{"href":"https:\/\/www.oarcanjo.net\/site\/wp-json\/wp\/v2\/posts"}],"about":[{"href":"https:\/\/www.oarcanjo.net\/site\/wp-json\/wp\/v2\/types\/post"}],"author":[{"embeddable":true,"href":"https:\/\/www.oarcanjo.net\/site\/wp-json\/wp\/v2\/users\/5"}],"replies":[{"embeddable":true,"href":"https:\/\/www.oarcanjo.net\/site\/wp-json\/wp\/v2\/comments?post=8806"}],"version-history":[{"count":0,"href":"https:\/\/www.oarcanjo.net\/site\/wp-json\/wp\/v2\/posts\/8806\/revisions"}],"wp:attachment":[{"href":"https:\/\/www.oarcanjo.net\/site\/wp-json\/wp\/v2\/media?parent=8806"}],"wp:term":[{"taxonomy":"category","embeddable":true,"href":"https:\/\/www.oarcanjo.net\/site\/wp-json\/wp\/v2\/categories?post=8806"},{"taxonomy":"post_tag","embeddable":true,"href":"https:\/\/www.oarcanjo.net\/site\/wp-json\/wp\/v2\/tags?post=8806"}],"curies":[{"name":"wp","href":"https:\/\/api.w.org\/{rel}","templated":true}]}}