
{"id":8845,"date":"2010-04-06T05:49:02","date_gmt":"2010-04-06T08:49:02","guid":{"rendered":"http:\/\/www.oarcanjo.net\/site\/?p=8845"},"modified":"2010-07-03T07:15:13","modified_gmt":"2010-07-03T10:15:13","slug":"batizado-na-pascoa-%e2%80%93-040410","status":"publish","type":"post","link":"https:\/\/www.oarcanjo.net\/site\/batizado-na-pascoa-%e2%80%93-040410\/","title":{"rendered":"Batizado na P\u00e1scoa \u2013 4 de abril de 2010"},"content":{"rendered":"<p><em>Carlos Alberto Beatriz<\/em><\/p>\n<p><em>\u201cA alegria do Senhor Ressuscitado seja a nossa for\u00e7a!\u201d<\/em><\/p>\n<p>A Capela S\u00e3o Judas Tadeu estava lotada, para o batizado de mais 14 crian\u00e7as.<\/p>\n<p>Assim foram batizados neste domingo de P\u00e1scoa a Beatriz, Camila e sua irm\u00e3 Larissa, David, Felipe, Gabriel, Gustavo, Henzo, Henry, Lucas, Manuella, Marcelo, Matheus e Yago.<\/p>\n<p>Tamb\u00e9m os casamentos da Tatiana e do Henrique, pais do Henry, bem como da Rosana e do Leonardo, papais do Yago.<\/p>\n<p>No folheto o Povo de Deus: \u201cComo diz o salmo 117, este \u00e9 o dia que o Senhor fez para n\u00f3s; alegremo-nos, pois, e nele exultemos. A vida venceu! O Cristo ressuscitou! Celebremos, ent\u00e3o, o Domingo da P\u00e1scoa como a Eucaristia mais jubilosa da liturgia crist\u00e3\u201d.<\/p>\n<p>Dom Odilo Pedro Scherer em sua mensagem de P\u00e1scoa 2010 nos diz: \u201cO Senhor Ressuscitado nos faz seus disc\u00edpulos e mission\u00e1rios e nos envia, com a for\u00e7a do Esp\u00edrito Santo, para o meio da cidade de S\u00e3o Paulo. Que cada crist\u00e3o, al\u00e9m de cuidar da vida de f\u00e9 e da nossa Igreja, como bom cidad\u00e3o, cuide tamb\u00e9m da vida da cidade e do nosso Pa\u00eds! A alegria do Senhor Ressuscitado seja a nossa for\u00e7a! Que ele confirme nossos cora\u00e7\u00f5es na f\u00e9, esperan\u00e7a e caridade. Feliz P\u00e1scoa a todos!\u201d<\/p>\n<p>Vejam as fotos dessa celebra\u00e7\u00e3o:<\/p>\nngg_shortcode_0_placeholder\n<p><em>Imagens de Carlos Alberto Beatriz<\/em><\/p>\n<div id=\"themify_builder_content-8845\" data-postid=\"8845\" class=\"themify_builder_content themify_builder_content-8845 themify_builder themify_builder_front\">\n\t<\/div>\n<!-- \/themify_builder_content -->","protected":false},"excerpt":{"rendered":"<p>Carlos Alberto Beatriz \u201cA alegria do Senhor Ressuscitado seja a nossa for\u00e7a!\u201d A Capela S\u00e3o Judas Tadeu estava lotada, para o batizado de mais 14 crian\u00e7as. Assim foram batizados neste domingo de P\u00e1scoa a Beatriz, Camila e sua irm\u00e3 Larissa, David, Felipe, Gabriel, Gustavo, Henzo, Henry, Lucas, Manuella, Marcelo, Matheus e Yago. Tamb\u00e9m os casamentos [&hellip;]<\/p>\n","protected":false},"author":5,"featured_media":0,"comment_status":"open","ping_status":"open","sticky":false,"template":"","format":"standard","meta":{"ngg_post_thumbnail":0,"footnotes":""},"categories":[8,7],"tags":[154,1549,242],"yoast_head":"<!-- This site is optimized with the Yoast SEO plugin v23.5 - https:\/\/yoast.com\/wordpress\/plugins\/seo\/ -->\n<title>Batizado na P\u00e1scoa \u2013 4 de abril de 2010 - O Arcanjo no ar<\/title>\n<meta name=\"robots\" content=\"index, follow, max-snippet:-1, max-image-preview:large, max-video-preview:-1\" \/>\n<link rel=\"canonical\" href=\"https:\/\/www.oarcanjo.net\/site\/batizado-na-pascoa-\u2013-040410\/\" \/>\n<meta property=\"og:locale\" content=\"pt_BR\" \/>\n<meta property=\"og:type\" content=\"article\" \/>\n<meta property=\"og:title\" content=\"Batizado na P\u00e1scoa \u2013 4 de abril de 2010 - O Arcanjo no ar\" \/>\n<meta property=\"og:description\" content=\"Carlos Alberto Beatriz \u201cA alegria do Senhor Ressuscitado seja a nossa for\u00e7a!\u201d A Capela S\u00e3o Judas Tadeu estava lotada, para o batizado de mais 14 crian\u00e7as. Assim foram batizados neste domingo de P\u00e1scoa a Beatriz, Camila e sua irm\u00e3 Larissa, David, Felipe, Gabriel, Gustavo, Henzo, Henry, Lucas, Manuella, Marcelo, Matheus e Yago. Tamb\u00e9m os casamentos [&hellip;]\" \/>\n<meta property=\"og:url\" content=\"https:\/\/www.oarcanjo.net\/site\/batizado-na-pascoa-\u2013-040410\/\" \/>\n<meta property=\"og:site_name\" content=\"O Arcanjo no ar\" \/>\n<meta property=\"article:publisher\" content=\"https:\/\/www.facebook.com\/OArcanjoNoAr\/\" \/>\n<meta property=\"article:published_time\" content=\"2010-04-06T08:49:02+00:00\" \/>\n<meta property=\"article:modified_time\" content=\"2010-07-03T10:15:13+00:00\" \/>\n<meta property=\"og:image\" content=\"https:\/\/www.oarcanjo.net\/site\/wp-content\/uploads\/logo-o-arcanjo-no-ar-facebook.png\" \/>\n\t<meta property=\"og:image:width\" content=\"300\" \/>\n\t<meta property=\"og:image:height\" content=\"300\" \/>\n\t<meta property=\"og:image:type\" content=\"image\/png\" \/>\n<meta name=\"author\" content=\"editor\" \/>\n<meta name=\"twitter:card\" content=\"summary_large_image\" \/>\n<meta name=\"twitter:label1\" content=\"Escrito por\" \/>\n\t<meta name=\"twitter:data1\" content=\"editor\" \/>\n\t<meta name=\"twitter:label2\" content=\"Est. tempo de leitura\" \/>\n\t<meta name=\"twitter:data2\" content=\"1 minuto\" \/>\n<script type=\"application\/ld+json\" class=\"yoast-schema-graph\">{\"@context\":\"https:\/\/schema.org\",\"@graph\":[{\"@type\":\"Article\",\"@id\":\"https:\/\/www.oarcanjo.net\/site\/batizado-na-pascoa-%e2%80%93-040410\/#article\",\"isPartOf\":{\"@id\":\"https:\/\/www.oarcanjo.net\/site\/batizado-na-pascoa-%e2%80%93-040410\/\"},\"author\":{\"name\":\"editor\",\"@id\":\"https:\/\/www.oarcanjo.net\/site\/#\/schema\/person\/f7024d007863202483a31326673a0838\"},\"headline\":\"Batizado na P\u00e1scoa \u2013 4 de abril de 2010\",\"datePublished\":\"2010-04-06T08:49:02+00:00\",\"dateModified\":\"2010-07-03T10:15:13+00:00\",\"mainEntityOfPage\":{\"@id\":\"https:\/\/www.oarcanjo.net\/site\/batizado-na-pascoa-%e2%80%93-040410\/\"},\"wordCount\":246,\"commentCount\":0,\"publisher\":{\"@id\":\"https:\/\/www.oarcanjo.net\/site\/#organization\"},\"keywords\":[\"Batismo\",\"Batizados\",\"P\u00e1scoa\"],\"articleSection\":[\"Not\u00edcias\",\"Rosto da comunidade\"],\"inLanguage\":\"pt-BR\",\"potentialAction\":[{\"@type\":\"CommentAction\",\"name\":\"Comment\",\"target\":[\"https:\/\/www.oarcanjo.net\/site\/batizado-na-pascoa-%e2%80%93-040410\/#respond\"]}]},{\"@type\":\"WebPage\",\"@id\":\"https:\/\/www.oarcanjo.net\/site\/batizado-na-pascoa-%e2%80%93-040410\/\",\"url\":\"https:\/\/www.oarcanjo.net\/site\/batizado-na-pascoa-%e2%80%93-040410\/\",\"name\":\"Batizado na P\u00e1scoa \u2013 4 de abril de 2010 - O Arcanjo no ar\",\"isPartOf\":{\"@id\":\"https:\/\/www.oarcanjo.net\/site\/#website\"},\"datePublished\":\"2010-04-06T08:49:02+00:00\",\"dateModified\":\"2010-07-03T10:15:13+00:00\",\"breadcrumb\":{\"@id\":\"https:\/\/www.oarcanjo.net\/site\/batizado-na-pascoa-%e2%80%93-040410\/#breadcrumb\"},\"inLanguage\":\"pt-BR\",\"potentialAction\":[{\"@type\":\"ReadAction\",\"target\":[\"https:\/\/www.oarcanjo.net\/site\/batizado-na-pascoa-%e2%80%93-040410\/\"]}]},{\"@type\":\"BreadcrumbList\",\"@id\":\"https:\/\/www.oarcanjo.net\/site\/batizado-na-pascoa-%e2%80%93-040410\/#breadcrumb\",\"itemListElement\":[{\"@type\":\"ListItem\",\"position\":1,\"name\":\"In\u00edcio\",\"item\":\"https:\/\/www.oarcanjo.net\/site\/\"},{\"@type\":\"ListItem\",\"position\":2,\"name\":\"Batizado na P\u00e1scoa \u2013 4 de abril de 2010\"}]},{\"@type\":\"WebSite\",\"@id\":\"https:\/\/www.oarcanjo.net\/site\/#website\",\"url\":\"https:\/\/www.oarcanjo.net\/site\/\",\"name\":\"O Arcanjo no ar\",\"description\":\"Site da Par\u00f3quia S\u00e3o Miguel Arcanjo (Arquidiocese de SP)\",\"publisher\":{\"@id\":\"https:\/\/www.oarcanjo.net\/site\/#organization\"},\"potentialAction\":[{\"@type\":\"SearchAction\",\"target\":{\"@type\":\"EntryPoint\",\"urlTemplate\":\"https:\/\/www.oarcanjo.net\/site\/?s={search_term_string}\"},\"query-input\":{\"@type\":\"PropertyValueSpecification\",\"valueRequired\":true,\"valueName\":\"search_term_string\"}}],\"inLanguage\":\"pt-BR\"},{\"@type\":\"Organization\",\"@id\":\"https:\/\/www.oarcanjo.net\/site\/#organization\",\"name\":\"Par\u00f3quia S\u00e3o Miguel Arcanjo\",\"url\":\"https:\/\/www.oarcanjo.net\/site\/\",\"logo\":{\"@type\":\"ImageObject\",\"inLanguage\":\"pt-BR\",\"@id\":\"https:\/\/www.oarcanjo.net\/site\/#\/schema\/logo\/image\/\",\"url\":\"https:\/\/www.oarcanjo.net\/site\/wp-content\/uploads\/LogoOArcanjo.png\",\"contentUrl\":\"https:\/\/www.oarcanjo.net\/site\/wp-content\/uploads\/LogoOArcanjo.png\",\"width\":319,\"height\":99,\"caption\":\"Par\u00f3quia S\u00e3o Miguel Arcanjo\"},\"image\":{\"@id\":\"https:\/\/www.oarcanjo.net\/site\/#\/schema\/logo\/image\/\"},\"sameAs\":[\"https:\/\/www.facebook.com\/OArcanjoNoAr\/\"]},{\"@type\":\"Person\",\"@id\":\"https:\/\/www.oarcanjo.net\/site\/#\/schema\/person\/f7024d007863202483a31326673a0838\",\"name\":\"editor\",\"sameAs\":[\"http:\/\/www.oarcanjo.net\"]}]}<\/script>\n<!-- \/ Yoast SEO plugin. -->","yoast_head_json":{"title":"Batizado na P\u00e1scoa \u2013 4 de abril de 2010 - O Arcanjo no ar","robots":{"index":"index","follow":"follow","max-snippet":"max-snippet:-1","max-image-preview":"max-image-preview:large","max-video-preview":"max-video-preview:-1"},"canonical":"https:\/\/www.oarcanjo.net\/site\/batizado-na-pascoa-\u2013-040410\/","og_locale":"pt_BR","og_type":"article","og_title":"Batizado na P\u00e1scoa \u2013 4 de abril de 2010 - O Arcanjo no ar","og_description":"Carlos Alberto Beatriz \u201cA alegria do Senhor Ressuscitado seja a nossa for\u00e7a!\u201d A Capela S\u00e3o Judas Tadeu estava lotada, para o batizado de mais 14 crian\u00e7as. Assim foram batizados neste domingo de P\u00e1scoa a Beatriz, Camila e sua irm\u00e3 Larissa, David, Felipe, Gabriel, Gustavo, Henzo, Henry, Lucas, Manuella, Marcelo, Matheus e Yago. Tamb\u00e9m os casamentos [&hellip;]","og_url":"https:\/\/www.oarcanjo.net\/site\/batizado-na-pascoa-\u2013-040410\/","og_site_name":"O Arcanjo no ar","article_publisher":"https:\/\/www.facebook.com\/OArcanjoNoAr\/","article_published_time":"2010-04-06T08:49:02+00:00","article_modified_time":"2010-07-03T10:15:13+00:00","og_image":[{"width":300,"height":300,"url":"https:\/\/www.oarcanjo.net\/site\/wp-content\/uploads\/logo-o-arcanjo-no-ar-facebook.png","type":"image\/png"}],"author":"editor","twitter_card":"summary_large_image","twitter_misc":{"Escrito por":"editor","Est. tempo de leitura":"1 minuto"},"schema":{"@context":"https:\/\/schema.org","@graph":[{"@type":"Article","@id":"https:\/\/www.oarcanjo.net\/site\/batizado-na-pascoa-%e2%80%93-040410\/#article","isPartOf":{"@id":"https:\/\/www.oarcanjo.net\/site\/batizado-na-pascoa-%e2%80%93-040410\/"},"author":{"name":"editor","@id":"https:\/\/www.oarcanjo.net\/site\/#\/schema\/person\/f7024d007863202483a31326673a0838"},"headline":"Batizado na P\u00e1scoa \u2013 4 de abril de 2010","datePublished":"2010-04-06T08:49:02+00:00","dateModified":"2010-07-03T10:15:13+00:00","mainEntityOfPage":{"@id":"https:\/\/www.oarcanjo.net\/site\/batizado-na-pascoa-%e2%80%93-040410\/"},"wordCount":246,"commentCount":0,"publisher":{"@id":"https:\/\/www.oarcanjo.net\/site\/#organization"},"keywords":["Batismo","Batizados","P\u00e1scoa"],"articleSection":["Not\u00edcias","Rosto da comunidade"],"inLanguage":"pt-BR","potentialAction":[{"@type":"CommentAction","name":"Comment","target":["https:\/\/www.oarcanjo.net\/site\/batizado-na-pascoa-%e2%80%93-040410\/#respond"]}]},{"@type":"WebPage","@id":"https:\/\/www.oarcanjo.net\/site\/batizado-na-pascoa-%e2%80%93-040410\/","url":"https:\/\/www.oarcanjo.net\/site\/batizado-na-pascoa-%e2%80%93-040410\/","name":"Batizado na P\u00e1scoa \u2013 4 de abril de 2010 - O Arcanjo no ar","isPartOf":{"@id":"https:\/\/www.oarcanjo.net\/site\/#website"},"datePublished":"2010-04-06T08:49:02+00:00","dateModified":"2010-07-03T10:15:13+00:00","breadcrumb":{"@id":"https:\/\/www.oarcanjo.net\/site\/batizado-na-pascoa-%e2%80%93-040410\/#breadcrumb"},"inLanguage":"pt-BR","potentialAction":[{"@type":"ReadAction","target":["https:\/\/www.oarcanjo.net\/site\/batizado-na-pascoa-%e2%80%93-040410\/"]}]},{"@type":"BreadcrumbList","@id":"https:\/\/www.oarcanjo.net\/site\/batizado-na-pascoa-%e2%80%93-040410\/#breadcrumb","itemListElement":[{"@type":"ListItem","position":1,"name":"In\u00edcio","item":"https:\/\/www.oarcanjo.net\/site\/"},{"@type":"ListItem","position":2,"name":"Batizado na P\u00e1scoa \u2013 4 de abril de 2010"}]},{"@type":"WebSite","@id":"https:\/\/www.oarcanjo.net\/site\/#website","url":"https:\/\/www.oarcanjo.net\/site\/","name":"O Arcanjo no ar","description":"Site da Par\u00f3quia S\u00e3o Miguel Arcanjo (Arquidiocese de SP)","publisher":{"@id":"https:\/\/www.oarcanjo.net\/site\/#organization"},"potentialAction":[{"@type":"SearchAction","target":{"@type":"EntryPoint","urlTemplate":"https:\/\/www.oarcanjo.net\/site\/?s={search_term_string}"},"query-input":{"@type":"PropertyValueSpecification","valueRequired":true,"valueName":"search_term_string"}}],"inLanguage":"pt-BR"},{"@type":"Organization","@id":"https:\/\/www.oarcanjo.net\/site\/#organization","name":"Par\u00f3quia S\u00e3o Miguel Arcanjo","url":"https:\/\/www.oarcanjo.net\/site\/","logo":{"@type":"ImageObject","inLanguage":"pt-BR","@id":"https:\/\/www.oarcanjo.net\/site\/#\/schema\/logo\/image\/","url":"https:\/\/www.oarcanjo.net\/site\/wp-content\/uploads\/LogoOArcanjo.png","contentUrl":"https:\/\/www.oarcanjo.net\/site\/wp-content\/uploads\/LogoOArcanjo.png","width":319,"height":99,"caption":"Par\u00f3quia S\u00e3o Miguel Arcanjo"},"image":{"@id":"https:\/\/www.oarcanjo.net\/site\/#\/schema\/logo\/image\/"},"sameAs":["https:\/\/www.facebook.com\/OArcanjoNoAr\/"]},{"@type":"Person","@id":"https:\/\/www.oarcanjo.net\/site\/#\/schema\/person\/f7024d007863202483a31326673a0838","name":"editor","sameAs":["http:\/\/www.oarcanjo.net"]}]}},"publishpress_future_action":{"enabled":false,"date":"2026-05-06 07:26:26","action":"category","newStatus":"draft","terms":[],"taxonomy":"category"},"publishpress_future_workflow_manual_trigger":{"enabledWorkflows":[]},"_links":{"self":[{"href":"https:\/\/www.oarcanjo.net\/site\/wp-json\/wp\/v2\/posts\/8845"}],"collection":[{"href":"https:\/\/www.oarcanjo.net\/site\/wp-json\/wp\/v2\/posts"}],"about":[{"href":"https:\/\/www.oarcanjo.net\/site\/wp-json\/wp\/v2\/types\/post"}],"author":[{"embeddable":true,"href":"https:\/\/www.oarcanjo.net\/site\/wp-json\/wp\/v2\/users\/5"}],"replies":[{"embeddable":true,"href":"https:\/\/www.oarcanjo.net\/site\/wp-json\/wp\/v2\/comments?post=8845"}],"version-history":[{"count":0,"href":"https:\/\/www.oarcanjo.net\/site\/wp-json\/wp\/v2\/posts\/8845\/revisions"}],"wp:attachment":[{"href":"https:\/\/www.oarcanjo.net\/site\/wp-json\/wp\/v2\/media?parent=8845"}],"wp:term":[{"taxonomy":"category","embeddable":true,"href":"https:\/\/www.oarcanjo.net\/site\/wp-json\/wp\/v2\/categories?post=8845"},{"taxonomy":"post_tag","embeddable":true,"href":"https:\/\/www.oarcanjo.net\/site\/wp-json\/wp\/v2\/tags?post=8845"}],"curies":[{"name":"wp","href":"https:\/\/api.w.org\/{rel}","templated":true}]}}