
{"id":8888,"date":"2010-04-10T11:25:49","date_gmt":"2010-04-10T13:25:49","guid":{"rendered":"http:\/\/www.oarcanjo.net\/site\/?p=8888"},"modified":"2010-04-11T19:49:55","modified_gmt":"2010-04-11T21:49:55","slug":"meu-senhor-e-meu-deus-2","status":"publish","type":"post","link":"https:\/\/www.oarcanjo.net\/site\/meu-senhor-e-meu-deus-2\/","title":{"rendered":"Meu Senhor e Meu DEUS!"},"content":{"rendered":"<p>Neste segundo Domingo da P\u00e1scoa, Domingo da Miseric\u00f3rdia, Jesus se manifesta entre n\u00f3s como o Vivente. O Senhor Ressuscitado!<\/p>\n<p>Como nos diz o pe. Castilho: &#8221; Est\u00e1 claro que a f\u00e9 em Jesus n\u00e3o \u00e9 s\u00f3 a aceita\u00e7\u00e3o do Jesus Hist\u00f3rico, mas tamb\u00e9m a aceita\u00e7\u00e3o do Jesus Ressuscitado. Tom\u00e9 viveu com o Jesus hist\u00f3rico, ouviu sua mensagem, viu seus feitos prodigiosos, sua proximidade com a dor humana, sua bondade sem limites. Tudo isso sabia Tom\u00e9. E apesar de tudo isso n\u00e3o acreditou que Jesus estava presente e podia ser tocado como Senhor e Deus.&#8221;<\/p>\n<p>Tom\u00e9 n\u00e3o acredita na palavra de seus irm\u00e3os, quer acreditar a partir de si mesmo, desde suas possibilidades. Por\u00e9m ter\u00e1 que aprender a reconhecer Jesus e a encontr\u00e1-LO \u00a0junto com seus irm\u00e3os, na perten\u00e7a \u00e0 comunidade de f\u00e9 que celebra a presen\u00e7a salvadora do Chagado, Crucificado, Ressuscitado.<\/p>\n<p>Reconhecer a Jesus como Senhor e Deus \u00e9 superar o individualismo e o exclusivismo, a incredulidade, o isolamento, \u00e9 fazer-se pequeno, um com os outros e deixa-se tocar pelo Senhor que vem ao nosso encontro na dificuldades da vida rompendo o medo e ultrapassando qualquer barreira.<\/p>\n<p>N\u00e3o h\u00e1 espa\u00e7o fechado, por mais herm\u00e9tico que seja, que n\u00e3o possa ser atravessado pela presen\u00e7a do Ressuscitado, que continua a ser tamb\u00e9m o crucificado, torna-se realmente vis\u00edvel e tang\u00edvel onde quer que os seus se re\u00fanam para fazer mem\u00f3ria da sua P\u00e1scoa.<\/p>\n<p>Participar nesse encontro com Cristo nos garante poder vivenci\u00e1-LO e receber os dons do seu amor.<\/p>\n<p>Que possa proclamar como Tom\u00e9, nas palavras e na vida a profiss\u00e3o de f\u00e9: Meus Senhor e meu DEUS!<\/p>\n<p>Jesus Ressuscitado<\/p>\n<p><object classid=\"clsid:d27cdb6e-ae6d-11cf-96b8-444553540000\" codebase=\"http:\/\/download.macromedia.com\/pub\/shockwave\/cabs\/flash\/swflash.cab#version=9,0,115,0\" width=\"425\" height=\"319\" id=\"qikPlayer\" align=\"middle\"><param name=\"allowScriptAccess\" value=\"sameDomain\" \/><param name=\"allowFullScreen\" value=\"true\" \/><param name=\"movie\" value=\"http:\/\/qik.com\/swfs\/qikPlayer5.swf\" \/><param name=\"quality\" value=\"high\" \/><param name=\"bgcolor\" value=\"#333333\" \/><param name=\"FlashVars\" value=\"streamID=44b5c2601b3b4cff8289d50c0fe5bb37&amp;autoplay=false\" \/><embed src=\"http:\/\/qik.com\/swfs\/qikPlayer5.swf\" quality=\"high\" bgcolor=\"#333333\" width=\"425\" height=\"319\" name=\"qikPlayer\" align=\"middle\" allowScriptAccess=\"sameDomain\" allowFullScreen=\"true\" type=\"application\/x-shockwave-flash\" pluginspage=\"http:\/\/www.macromedia.com\/go\/getflashplayer\" FlashVars=\"streamID=44b5c2601b3b4cff8289d50c0fe5bb37&amp;autoplay=false\"><\/embed><\/object><\/p>\n<div id=\"themify_builder_content-8888\" data-postid=\"8888\" class=\"themify_builder_content themify_builder_content-8888 themify_builder themify_builder_front\">\n\t<\/div>\n<!-- \/themify_builder_content -->","protected":false},"excerpt":{"rendered":"<p>Neste segundo Domingo da P\u00e1scoa, Domingo da Miseric\u00f3rdia, Jesus se manifesta entre n\u00f3s como o Vivente. O Senhor Ressuscitado! Como nos diz o pe. Castilho: &#8221; Est\u00e1 claro que a f\u00e9 em Jesus n\u00e3o \u00e9 s\u00f3 a aceita\u00e7\u00e3o do Jesus Hist\u00f3rico, mas tamb\u00e9m a aceita\u00e7\u00e3o do Jesus Ressuscitado. Tom\u00e9 viveu com o Jesus hist\u00f3rico, ouviu [&hellip;]<\/p>\n","protected":false},"author":4,"featured_media":0,"comment_status":"open","ping_status":"open","sticky":false,"template":"","format":"standard","meta":{"ngg_post_thumbnail":0,"footnotes":""},"categories":[4,475],"tags":[1557,1556,242,541],"yoast_head":"<!-- This site is optimized with the Yoast SEO plugin v23.5 - https:\/\/yoast.com\/wordpress\/plugins\/seo\/ -->\n<title>Meu Senhor e Meu DEUS! - O Arcanjo no ar<\/title>\n<meta name=\"robots\" content=\"index, follow, max-snippet:-1, max-image-preview:large, max-video-preview:-1\" \/>\n<link rel=\"canonical\" href=\"https:\/\/www.oarcanjo.net\/site\/meu-senhor-e-meu-deus-2\/\" \/>\n<meta property=\"og:locale\" content=\"pt_BR\" \/>\n<meta property=\"og:type\" content=\"article\" \/>\n<meta property=\"og:title\" content=\"Meu Senhor e Meu DEUS! - O Arcanjo no ar\" \/>\n<meta property=\"og:description\" content=\"Neste segundo Domingo da P\u00e1scoa, Domingo da Miseric\u00f3rdia, Jesus se manifesta entre n\u00f3s como o Vivente. O Senhor Ressuscitado! Como nos diz o pe. Castilho: &#8221; Est\u00e1 claro que a f\u00e9 em Jesus n\u00e3o \u00e9 s\u00f3 a aceita\u00e7\u00e3o do Jesus Hist\u00f3rico, mas tamb\u00e9m a aceita\u00e7\u00e3o do Jesus Ressuscitado. Tom\u00e9 viveu com o Jesus hist\u00f3rico, ouviu [&hellip;]\" \/>\n<meta property=\"og:url\" content=\"https:\/\/www.oarcanjo.net\/site\/meu-senhor-e-meu-deus-2\/\" \/>\n<meta property=\"og:site_name\" content=\"O Arcanjo no ar\" \/>\n<meta property=\"article:publisher\" content=\"https:\/\/www.facebook.com\/OArcanjoNoAr\/\" \/>\n<meta property=\"article:published_time\" content=\"2010-04-10T13:25:49+00:00\" \/>\n<meta property=\"article:modified_time\" content=\"2010-04-11T21:49:55+00:00\" \/>\n<meta property=\"og:image\" content=\"https:\/\/www.oarcanjo.net\/site\/wp-content\/uploads\/logo-o-arcanjo-no-ar-facebook.png\" \/>\n\t<meta property=\"og:image:width\" content=\"300\" \/>\n\t<meta property=\"og:image:height\" content=\"300\" \/>\n\t<meta property=\"og:image:type\" content=\"image\/png\" \/>\n<meta name=\"author\" content=\"julio\" \/>\n<meta name=\"twitter:card\" content=\"summary_large_image\" \/>\n<meta name=\"twitter:label1\" content=\"Escrito por\" \/>\n\t<meta name=\"twitter:data1\" content=\"julio\" \/>\n\t<meta name=\"twitter:label2\" content=\"Est. tempo de leitura\" \/>\n\t<meta name=\"twitter:data2\" content=\"1 minuto\" \/>\n<script type=\"application\/ld+json\" class=\"yoast-schema-graph\">{\"@context\":\"https:\/\/schema.org\",\"@graph\":[{\"@type\":\"Article\",\"@id\":\"https:\/\/www.oarcanjo.net\/site\/meu-senhor-e-meu-deus-2\/#article\",\"isPartOf\":{\"@id\":\"https:\/\/www.oarcanjo.net\/site\/meu-senhor-e-meu-deus-2\/\"},\"author\":{\"name\":\"julio\",\"@id\":\"https:\/\/www.oarcanjo.net\/site\/#\/schema\/person\/d78ea01c648c91e29c364b516767079e\"},\"headline\":\"Meu Senhor e Meu DEUS!\",\"datePublished\":\"2010-04-10T13:25:49+00:00\",\"dateModified\":\"2010-04-11T21:49:55+00:00\",\"mainEntityOfPage\":{\"@id\":\"https:\/\/www.oarcanjo.net\/site\/meu-senhor-e-meu-deus-2\/\"},\"wordCount\":297,\"commentCount\":3,\"publisher\":{\"@id\":\"https:\/\/www.oarcanjo.net\/site\/#organization\"},\"keywords\":[\"Domingo da Miseric\u00f3rdia\",\"Meu Senhor e meu Deus\",\"P\u00e1scoa\",\"Tom\u00e9\"],\"articleSection\":[\"Blog\",\"Homilias\"],\"inLanguage\":\"pt-BR\",\"potentialAction\":[{\"@type\":\"CommentAction\",\"name\":\"Comment\",\"target\":[\"https:\/\/www.oarcanjo.net\/site\/meu-senhor-e-meu-deus-2\/#respond\"]}]},{\"@type\":\"WebPage\",\"@id\":\"https:\/\/www.oarcanjo.net\/site\/meu-senhor-e-meu-deus-2\/\",\"url\":\"https:\/\/www.oarcanjo.net\/site\/meu-senhor-e-meu-deus-2\/\",\"name\":\"Meu Senhor e Meu DEUS! - O Arcanjo no ar\",\"isPartOf\":{\"@id\":\"https:\/\/www.oarcanjo.net\/site\/#website\"},\"datePublished\":\"2010-04-10T13:25:49+00:00\",\"dateModified\":\"2010-04-11T21:49:55+00:00\",\"breadcrumb\":{\"@id\":\"https:\/\/www.oarcanjo.net\/site\/meu-senhor-e-meu-deus-2\/#breadcrumb\"},\"inLanguage\":\"pt-BR\",\"potentialAction\":[{\"@type\":\"ReadAction\",\"target\":[\"https:\/\/www.oarcanjo.net\/site\/meu-senhor-e-meu-deus-2\/\"]}]},{\"@type\":\"BreadcrumbList\",\"@id\":\"https:\/\/www.oarcanjo.net\/site\/meu-senhor-e-meu-deus-2\/#breadcrumb\",\"itemListElement\":[{\"@type\":\"ListItem\",\"position\":1,\"name\":\"In\u00edcio\",\"item\":\"https:\/\/www.oarcanjo.net\/site\/\"},{\"@type\":\"ListItem\",\"position\":2,\"name\":\"Meu Senhor e Meu DEUS!\"}]},{\"@type\":\"WebSite\",\"@id\":\"https:\/\/www.oarcanjo.net\/site\/#website\",\"url\":\"https:\/\/www.oarcanjo.net\/site\/\",\"name\":\"O Arcanjo no ar\",\"description\":\"Site da Par\u00f3quia S\u00e3o Miguel Arcanjo (Arquidiocese de SP)\",\"publisher\":{\"@id\":\"https:\/\/www.oarcanjo.net\/site\/#organization\"},\"potentialAction\":[{\"@type\":\"SearchAction\",\"target\":{\"@type\":\"EntryPoint\",\"urlTemplate\":\"https:\/\/www.oarcanjo.net\/site\/?s={search_term_string}\"},\"query-input\":{\"@type\":\"PropertyValueSpecification\",\"valueRequired\":true,\"valueName\":\"search_term_string\"}}],\"inLanguage\":\"pt-BR\"},{\"@type\":\"Organization\",\"@id\":\"https:\/\/www.oarcanjo.net\/site\/#organization\",\"name\":\"Par\u00f3quia S\u00e3o Miguel Arcanjo\",\"url\":\"https:\/\/www.oarcanjo.net\/site\/\",\"logo\":{\"@type\":\"ImageObject\",\"inLanguage\":\"pt-BR\",\"@id\":\"https:\/\/www.oarcanjo.net\/site\/#\/schema\/logo\/image\/\",\"url\":\"https:\/\/www.oarcanjo.net\/site\/wp-content\/uploads\/LogoOArcanjo.png\",\"contentUrl\":\"https:\/\/www.oarcanjo.net\/site\/wp-content\/uploads\/LogoOArcanjo.png\",\"width\":319,\"height\":99,\"caption\":\"Par\u00f3quia S\u00e3o Miguel Arcanjo\"},\"image\":{\"@id\":\"https:\/\/www.oarcanjo.net\/site\/#\/schema\/logo\/image\/\"},\"sameAs\":[\"https:\/\/www.facebook.com\/OArcanjoNoAr\/\"]},{\"@type\":\"Person\",\"@id\":\"https:\/\/www.oarcanjo.net\/site\/#\/schema\/person\/d78ea01c648c91e29c364b516767079e\",\"name\":\"julio\",\"sameAs\":[\"http:\/\/www.oarcanjo.net\"]}]}<\/script>\n<!-- \/ Yoast SEO plugin. -->","yoast_head_json":{"title":"Meu Senhor e Meu DEUS! - O Arcanjo no ar","robots":{"index":"index","follow":"follow","max-snippet":"max-snippet:-1","max-image-preview":"max-image-preview:large","max-video-preview":"max-video-preview:-1"},"canonical":"https:\/\/www.oarcanjo.net\/site\/meu-senhor-e-meu-deus-2\/","og_locale":"pt_BR","og_type":"article","og_title":"Meu Senhor e Meu DEUS! - O Arcanjo no ar","og_description":"Neste segundo Domingo da P\u00e1scoa, Domingo da Miseric\u00f3rdia, Jesus se manifesta entre n\u00f3s como o Vivente. O Senhor Ressuscitado! Como nos diz o pe. Castilho: &#8221; Est\u00e1 claro que a f\u00e9 em Jesus n\u00e3o \u00e9 s\u00f3 a aceita\u00e7\u00e3o do Jesus Hist\u00f3rico, mas tamb\u00e9m a aceita\u00e7\u00e3o do Jesus Ressuscitado. Tom\u00e9 viveu com o Jesus hist\u00f3rico, ouviu [&hellip;]","og_url":"https:\/\/www.oarcanjo.net\/site\/meu-senhor-e-meu-deus-2\/","og_site_name":"O Arcanjo no ar","article_publisher":"https:\/\/www.facebook.com\/OArcanjoNoAr\/","article_published_time":"2010-04-10T13:25:49+00:00","article_modified_time":"2010-04-11T21:49:55+00:00","og_image":[{"width":300,"height":300,"url":"https:\/\/www.oarcanjo.net\/site\/wp-content\/uploads\/logo-o-arcanjo-no-ar-facebook.png","type":"image\/png"}],"author":"julio","twitter_card":"summary_large_image","twitter_misc":{"Escrito por":"julio","Est. tempo de leitura":"1 minuto"},"schema":{"@context":"https:\/\/schema.org","@graph":[{"@type":"Article","@id":"https:\/\/www.oarcanjo.net\/site\/meu-senhor-e-meu-deus-2\/#article","isPartOf":{"@id":"https:\/\/www.oarcanjo.net\/site\/meu-senhor-e-meu-deus-2\/"},"author":{"name":"julio","@id":"https:\/\/www.oarcanjo.net\/site\/#\/schema\/person\/d78ea01c648c91e29c364b516767079e"},"headline":"Meu Senhor e Meu DEUS!","datePublished":"2010-04-10T13:25:49+00:00","dateModified":"2010-04-11T21:49:55+00:00","mainEntityOfPage":{"@id":"https:\/\/www.oarcanjo.net\/site\/meu-senhor-e-meu-deus-2\/"},"wordCount":297,"commentCount":3,"publisher":{"@id":"https:\/\/www.oarcanjo.net\/site\/#organization"},"keywords":["Domingo da Miseric\u00f3rdia","Meu Senhor e meu Deus","P\u00e1scoa","Tom\u00e9"],"articleSection":["Blog","Homilias"],"inLanguage":"pt-BR","potentialAction":[{"@type":"CommentAction","name":"Comment","target":["https:\/\/www.oarcanjo.net\/site\/meu-senhor-e-meu-deus-2\/#respond"]}]},{"@type":"WebPage","@id":"https:\/\/www.oarcanjo.net\/site\/meu-senhor-e-meu-deus-2\/","url":"https:\/\/www.oarcanjo.net\/site\/meu-senhor-e-meu-deus-2\/","name":"Meu Senhor e Meu DEUS! - O Arcanjo no ar","isPartOf":{"@id":"https:\/\/www.oarcanjo.net\/site\/#website"},"datePublished":"2010-04-10T13:25:49+00:00","dateModified":"2010-04-11T21:49:55+00:00","breadcrumb":{"@id":"https:\/\/www.oarcanjo.net\/site\/meu-senhor-e-meu-deus-2\/#breadcrumb"},"inLanguage":"pt-BR","potentialAction":[{"@type":"ReadAction","target":["https:\/\/www.oarcanjo.net\/site\/meu-senhor-e-meu-deus-2\/"]}]},{"@type":"BreadcrumbList","@id":"https:\/\/www.oarcanjo.net\/site\/meu-senhor-e-meu-deus-2\/#breadcrumb","itemListElement":[{"@type":"ListItem","position":1,"name":"In\u00edcio","item":"https:\/\/www.oarcanjo.net\/site\/"},{"@type":"ListItem","position":2,"name":"Meu Senhor e Meu DEUS!"}]},{"@type":"WebSite","@id":"https:\/\/www.oarcanjo.net\/site\/#website","url":"https:\/\/www.oarcanjo.net\/site\/","name":"O Arcanjo no ar","description":"Site da Par\u00f3quia S\u00e3o Miguel Arcanjo (Arquidiocese de SP)","publisher":{"@id":"https:\/\/www.oarcanjo.net\/site\/#organization"},"potentialAction":[{"@type":"SearchAction","target":{"@type":"EntryPoint","urlTemplate":"https:\/\/www.oarcanjo.net\/site\/?s={search_term_string}"},"query-input":{"@type":"PropertyValueSpecification","valueRequired":true,"valueName":"search_term_string"}}],"inLanguage":"pt-BR"},{"@type":"Organization","@id":"https:\/\/www.oarcanjo.net\/site\/#organization","name":"Par\u00f3quia S\u00e3o Miguel Arcanjo","url":"https:\/\/www.oarcanjo.net\/site\/","logo":{"@type":"ImageObject","inLanguage":"pt-BR","@id":"https:\/\/www.oarcanjo.net\/site\/#\/schema\/logo\/image\/","url":"https:\/\/www.oarcanjo.net\/site\/wp-content\/uploads\/LogoOArcanjo.png","contentUrl":"https:\/\/www.oarcanjo.net\/site\/wp-content\/uploads\/LogoOArcanjo.png","width":319,"height":99,"caption":"Par\u00f3quia S\u00e3o Miguel Arcanjo"},"image":{"@id":"https:\/\/www.oarcanjo.net\/site\/#\/schema\/logo\/image\/"},"sameAs":["https:\/\/www.facebook.com\/OArcanjoNoAr\/"]},{"@type":"Person","@id":"https:\/\/www.oarcanjo.net\/site\/#\/schema\/person\/d78ea01c648c91e29c364b516767079e","name":"julio","sameAs":["http:\/\/www.oarcanjo.net"]}]}},"publishpress_future_action":{"enabled":false,"date":"2026-05-09 05:55:41","action":"category","newStatus":"draft","terms":[],"taxonomy":"category"},"publishpress_future_workflow_manual_trigger":{"enabledWorkflows":[]},"_links":{"self":[{"href":"https:\/\/www.oarcanjo.net\/site\/wp-json\/wp\/v2\/posts\/8888"}],"collection":[{"href":"https:\/\/www.oarcanjo.net\/site\/wp-json\/wp\/v2\/posts"}],"about":[{"href":"https:\/\/www.oarcanjo.net\/site\/wp-json\/wp\/v2\/types\/post"}],"author":[{"embeddable":true,"href":"https:\/\/www.oarcanjo.net\/site\/wp-json\/wp\/v2\/users\/4"}],"replies":[{"embeddable":true,"href":"https:\/\/www.oarcanjo.net\/site\/wp-json\/wp\/v2\/comments?post=8888"}],"version-history":[{"count":0,"href":"https:\/\/www.oarcanjo.net\/site\/wp-json\/wp\/v2\/posts\/8888\/revisions"}],"wp:attachment":[{"href":"https:\/\/www.oarcanjo.net\/site\/wp-json\/wp\/v2\/media?parent=8888"}],"wp:term":[{"taxonomy":"category","embeddable":true,"href":"https:\/\/www.oarcanjo.net\/site\/wp-json\/wp\/v2\/categories?post=8888"},{"taxonomy":"post_tag","embeddable":true,"href":"https:\/\/www.oarcanjo.net\/site\/wp-json\/wp\/v2\/tags?post=8888"}],"curies":[{"name":"wp","href":"https:\/\/api.w.org\/{rel}","templated":true}]}}