
{"id":89123,"date":"2018-07-15T14:26:13","date_gmt":"2018-07-15T17:26:13","guid":{"rendered":"https:\/\/www.oarcanjo.net\/site\/?p=89123"},"modified":"2018-07-15T14:26:37","modified_gmt":"2018-07-15T17:26:37","slug":"bazar-solidario-mais-de-300-mil-pecas-para-os-moradores-de-rua","status":"publish","type":"post","link":"https:\/\/www.oarcanjo.net\/site\/bazar-solidario-mais-de-300-mil-pecas-para-os-moradores-de-rua\/","title":{"rendered":"Bazar solid\u00e1rio: mais de 300 mil pe\u00e7as para os moradores de rua"},"content":{"rendered":"<p>Desde janeiro, mais de 300 mil pe\u00e7as foram doadas e distribu\u00eddas aos moradores de rua na par\u00f3quia S\u00e3o Miguel Arcanjo, cujo p\u00e1roco \u00e9 o Vig\u00e1rio Episcopal para o Povo da Rua, Pe. Julio Lancellotti. No final da missa de domingo, 15\/07\/2018, o Pe. Julio agradeceu \u00e0s pessoas que fizeram doa\u00e7\u00f5es ou apoiaram as a\u00e7\u00f5es de solidariedade com os mais pobres da cidade:<\/p>\n<p><iframe loading=\"lazy\" width=\"700\" height=\"394\" src=\"https:\/\/www.youtube.com\/embed\/joHa_hJueqs?rel=0\" frameborder=\"0\" allow=\"autoplay; encrypted-media\" allowfullscreen><\/iframe><\/p>\n<div id=\"themify_builder_content-89123\" data-postid=\"89123\" class=\"themify_builder_content themify_builder_content-89123 themify_builder themify_builder_front\">\n\t<\/div>\n<!-- \/themify_builder_content -->","protected":false},"excerpt":{"rendered":"<p>No final da missa de domingo, 15\/07\/2018, o Pe. Julio agradeceu \u00e0s pessoas que fizeram doa\u00e7\u00f5es ou apoiaram as a\u00e7\u00f5es de solidariedade com os mais pobres<\/p>\n","protected":false},"author":5,"featured_media":89124,"comment_status":"open","ping_status":"open","sticky":false,"template":"","format":"standard","meta":{"ngg_post_thumbnail":0,"footnotes":""},"categories":[476,3,8,7],"tags":[],"yoast_head":"<!-- This site is optimized with the Yoast SEO plugin v23.5 - https:\/\/yoast.com\/wordpress\/plugins\/seo\/ -->\n<title>Bazar solid\u00e1rio: mais de 300 mil pe\u00e7as para os moradores de rua - O Arcanjo no ar<\/title>\n<meta name=\"robots\" content=\"index, follow, max-snippet:-1, max-image-preview:large, max-video-preview:-1\" \/>\n<link rel=\"canonical\" href=\"https:\/\/www.oarcanjo.net\/site\/bazar-solidario-mais-de-300-mil-pecas-para-os-moradores-de-rua\/\" \/>\n<meta property=\"og:locale\" content=\"pt_BR\" \/>\n<meta property=\"og:type\" content=\"article\" \/>\n<meta property=\"og:title\" content=\"Bazar solid\u00e1rio: mais de 300 mil pe\u00e7as para os moradores de rua - O Arcanjo no ar\" \/>\n<meta property=\"og:description\" content=\"No final da missa de domingo, 15\/07\/2018, o Pe. Julio agradeceu \u00e0s pessoas que fizeram doa\u00e7\u00f5es ou apoiaram as a\u00e7\u00f5es de solidariedade com os mais pobres\" \/>\n<meta property=\"og:url\" content=\"https:\/\/www.oarcanjo.net\/site\/bazar-solidario-mais-de-300-mil-pecas-para-os-moradores-de-rua\/\" \/>\n<meta property=\"og:site_name\" content=\"O Arcanjo no ar\" \/>\n<meta property=\"article:publisher\" content=\"https:\/\/www.facebook.com\/OArcanjoNoAr\/\" \/>\n<meta property=\"article:published_time\" content=\"2018-07-15T17:26:13+00:00\" \/>\n<meta property=\"article:modified_time\" content=\"2018-07-15T17:26:37+00:00\" \/>\n<meta property=\"og:image\" content=\"https:\/\/www.oarcanjo.net\/site\/wp-content\/uploads\/20180715Avisos01.png\" \/>\n\t<meta property=\"og:image:width\" content=\"998\" \/>\n\t<meta property=\"og:image:height\" content=\"559\" \/>\n\t<meta property=\"og:image:type\" content=\"image\/png\" \/>\n<meta name=\"author\" content=\"editor\" \/>\n<meta name=\"twitter:card\" content=\"summary_large_image\" \/>\n<meta name=\"twitter:label1\" content=\"Escrito por\" \/>\n\t<meta name=\"twitter:data1\" content=\"editor\" \/>\n<script type=\"application\/ld+json\" class=\"yoast-schema-graph\">{\"@context\":\"https:\/\/schema.org\",\"@graph\":[{\"@type\":\"Article\",\"@id\":\"https:\/\/www.oarcanjo.net\/site\/bazar-solidario-mais-de-300-mil-pecas-para-os-moradores-de-rua\/#article\",\"isPartOf\":{\"@id\":\"https:\/\/www.oarcanjo.net\/site\/bazar-solidario-mais-de-300-mil-pecas-para-os-moradores-de-rua\/\"},\"author\":{\"name\":\"editor\",\"@id\":\"https:\/\/www.oarcanjo.net\/site\/#\/schema\/person\/f7024d007863202483a31326673a0838\"},\"headline\":\"Bazar solid\u00e1rio: mais de 300 mil pe\u00e7as para os moradores de rua\",\"datePublished\":\"2018-07-15T17:26:13+00:00\",\"dateModified\":\"2018-07-15T17:26:37+00:00\",\"mainEntityOfPage\":{\"@id\":\"https:\/\/www.oarcanjo.net\/site\/bazar-solidario-mais-de-300-mil-pecas-para-os-moradores-de-rua\/\"},\"wordCount\":80,\"commentCount\":0,\"publisher\":{\"@id\":\"https:\/\/www.oarcanjo.net\/site\/#organization\"},\"image\":{\"@id\":\"https:\/\/www.oarcanjo.net\/site\/bazar-solidario-mais-de-300-mil-pecas-para-os-moradores-de-rua\/#primaryimage\"},\"thumbnailUrl\":\"https:\/\/www.oarcanjo.net\/site\/wp-content\/uploads\/20180715Avisos01.png\",\"articleSection\":[\"Avisos\",\"Destaques\",\"Not\u00edcias\",\"Rosto da comunidade\"],\"inLanguage\":\"pt-BR\",\"potentialAction\":[{\"@type\":\"CommentAction\",\"name\":\"Comment\",\"target\":[\"https:\/\/www.oarcanjo.net\/site\/bazar-solidario-mais-de-300-mil-pecas-para-os-moradores-de-rua\/#respond\"]}]},{\"@type\":\"WebPage\",\"@id\":\"https:\/\/www.oarcanjo.net\/site\/bazar-solidario-mais-de-300-mil-pecas-para-os-moradores-de-rua\/\",\"url\":\"https:\/\/www.oarcanjo.net\/site\/bazar-solidario-mais-de-300-mil-pecas-para-os-moradores-de-rua\/\",\"name\":\"Bazar solid\u00e1rio: mais de 300 mil pe\u00e7as para os moradores de rua - O Arcanjo no ar\",\"isPartOf\":{\"@id\":\"https:\/\/www.oarcanjo.net\/site\/#website\"},\"primaryImageOfPage\":{\"@id\":\"https:\/\/www.oarcanjo.net\/site\/bazar-solidario-mais-de-300-mil-pecas-para-os-moradores-de-rua\/#primaryimage\"},\"image\":{\"@id\":\"https:\/\/www.oarcanjo.net\/site\/bazar-solidario-mais-de-300-mil-pecas-para-os-moradores-de-rua\/#primaryimage\"},\"thumbnailUrl\":\"https:\/\/www.oarcanjo.net\/site\/wp-content\/uploads\/20180715Avisos01.png\",\"datePublished\":\"2018-07-15T17:26:13+00:00\",\"dateModified\":\"2018-07-15T17:26:37+00:00\",\"breadcrumb\":{\"@id\":\"https:\/\/www.oarcanjo.net\/site\/bazar-solidario-mais-de-300-mil-pecas-para-os-moradores-de-rua\/#breadcrumb\"},\"inLanguage\":\"pt-BR\",\"potentialAction\":[{\"@type\":\"ReadAction\",\"target\":[\"https:\/\/www.oarcanjo.net\/site\/bazar-solidario-mais-de-300-mil-pecas-para-os-moradores-de-rua\/\"]}]},{\"@type\":\"ImageObject\",\"inLanguage\":\"pt-BR\",\"@id\":\"https:\/\/www.oarcanjo.net\/site\/bazar-solidario-mais-de-300-mil-pecas-para-os-moradores-de-rua\/#primaryimage\",\"url\":\"https:\/\/www.oarcanjo.net\/site\/wp-content\/uploads\/20180715Avisos01.png\",\"contentUrl\":\"https:\/\/www.oarcanjo.net\/site\/wp-content\/uploads\/20180715Avisos01.png\",\"width\":998,\"height\":559},{\"@type\":\"BreadcrumbList\",\"@id\":\"https:\/\/www.oarcanjo.net\/site\/bazar-solidario-mais-de-300-mil-pecas-para-os-moradores-de-rua\/#breadcrumb\",\"itemListElement\":[{\"@type\":\"ListItem\",\"position\":1,\"name\":\"In\u00edcio\",\"item\":\"https:\/\/www.oarcanjo.net\/site\/\"},{\"@type\":\"ListItem\",\"position\":2,\"name\":\"Bazar solid\u00e1rio: mais de 300 mil pe\u00e7as para os moradores de rua\"}]},{\"@type\":\"WebSite\",\"@id\":\"https:\/\/www.oarcanjo.net\/site\/#website\",\"url\":\"https:\/\/www.oarcanjo.net\/site\/\",\"name\":\"O Arcanjo no ar\",\"description\":\"Site da Par\u00f3quia S\u00e3o Miguel Arcanjo (Arquidiocese de SP)\",\"publisher\":{\"@id\":\"https:\/\/www.oarcanjo.net\/site\/#organization\"},\"potentialAction\":[{\"@type\":\"SearchAction\",\"target\":{\"@type\":\"EntryPoint\",\"urlTemplate\":\"https:\/\/www.oarcanjo.net\/site\/?s={search_term_string}\"},\"query-input\":{\"@type\":\"PropertyValueSpecification\",\"valueRequired\":true,\"valueName\":\"search_term_string\"}}],\"inLanguage\":\"pt-BR\"},{\"@type\":\"Organization\",\"@id\":\"https:\/\/www.oarcanjo.net\/site\/#organization\",\"name\":\"Par\u00f3quia S\u00e3o Miguel Arcanjo\",\"url\":\"https:\/\/www.oarcanjo.net\/site\/\",\"logo\":{\"@type\":\"ImageObject\",\"inLanguage\":\"pt-BR\",\"@id\":\"https:\/\/www.oarcanjo.net\/site\/#\/schema\/logo\/image\/\",\"url\":\"https:\/\/www.oarcanjo.net\/site\/wp-content\/uploads\/LogoOArcanjo.png\",\"contentUrl\":\"https:\/\/www.oarcanjo.net\/site\/wp-content\/uploads\/LogoOArcanjo.png\",\"width\":319,\"height\":99,\"caption\":\"Par\u00f3quia S\u00e3o Miguel Arcanjo\"},\"image\":{\"@id\":\"https:\/\/www.oarcanjo.net\/site\/#\/schema\/logo\/image\/\"},\"sameAs\":[\"https:\/\/www.facebook.com\/OArcanjoNoAr\/\"]},{\"@type\":\"Person\",\"@id\":\"https:\/\/www.oarcanjo.net\/site\/#\/schema\/person\/f7024d007863202483a31326673a0838\",\"name\":\"editor\",\"sameAs\":[\"http:\/\/www.oarcanjo.net\"]}]}<\/script>\n<!-- \/ Yoast SEO plugin. -->","yoast_head_json":{"title":"Bazar solid\u00e1rio: mais de 300 mil pe\u00e7as para os moradores de rua - O Arcanjo no ar","robots":{"index":"index","follow":"follow","max-snippet":"max-snippet:-1","max-image-preview":"max-image-preview:large","max-video-preview":"max-video-preview:-1"},"canonical":"https:\/\/www.oarcanjo.net\/site\/bazar-solidario-mais-de-300-mil-pecas-para-os-moradores-de-rua\/","og_locale":"pt_BR","og_type":"article","og_title":"Bazar solid\u00e1rio: mais de 300 mil pe\u00e7as para os moradores de rua - O Arcanjo no ar","og_description":"No final da missa de domingo, 15\/07\/2018, o Pe. Julio agradeceu \u00e0s pessoas que fizeram doa\u00e7\u00f5es ou apoiaram as a\u00e7\u00f5es de solidariedade com os mais pobres","og_url":"https:\/\/www.oarcanjo.net\/site\/bazar-solidario-mais-de-300-mil-pecas-para-os-moradores-de-rua\/","og_site_name":"O Arcanjo no ar","article_publisher":"https:\/\/www.facebook.com\/OArcanjoNoAr\/","article_published_time":"2018-07-15T17:26:13+00:00","article_modified_time":"2018-07-15T17:26:37+00:00","og_image":[{"width":998,"height":559,"url":"https:\/\/www.oarcanjo.net\/site\/wp-content\/uploads\/20180715Avisos01.png","type":"image\/png"}],"author":"editor","twitter_card":"summary_large_image","twitter_misc":{"Escrito por":"editor"},"schema":{"@context":"https:\/\/schema.org","@graph":[{"@type":"Article","@id":"https:\/\/www.oarcanjo.net\/site\/bazar-solidario-mais-de-300-mil-pecas-para-os-moradores-de-rua\/#article","isPartOf":{"@id":"https:\/\/www.oarcanjo.net\/site\/bazar-solidario-mais-de-300-mil-pecas-para-os-moradores-de-rua\/"},"author":{"name":"editor","@id":"https:\/\/www.oarcanjo.net\/site\/#\/schema\/person\/f7024d007863202483a31326673a0838"},"headline":"Bazar solid\u00e1rio: mais de 300 mil pe\u00e7as para os moradores de rua","datePublished":"2018-07-15T17:26:13+00:00","dateModified":"2018-07-15T17:26:37+00:00","mainEntityOfPage":{"@id":"https:\/\/www.oarcanjo.net\/site\/bazar-solidario-mais-de-300-mil-pecas-para-os-moradores-de-rua\/"},"wordCount":80,"commentCount":0,"publisher":{"@id":"https:\/\/www.oarcanjo.net\/site\/#organization"},"image":{"@id":"https:\/\/www.oarcanjo.net\/site\/bazar-solidario-mais-de-300-mil-pecas-para-os-moradores-de-rua\/#primaryimage"},"thumbnailUrl":"https:\/\/www.oarcanjo.net\/site\/wp-content\/uploads\/20180715Avisos01.png","articleSection":["Avisos","Destaques","Not\u00edcias","Rosto da comunidade"],"inLanguage":"pt-BR","potentialAction":[{"@type":"CommentAction","name":"Comment","target":["https:\/\/www.oarcanjo.net\/site\/bazar-solidario-mais-de-300-mil-pecas-para-os-moradores-de-rua\/#respond"]}]},{"@type":"WebPage","@id":"https:\/\/www.oarcanjo.net\/site\/bazar-solidario-mais-de-300-mil-pecas-para-os-moradores-de-rua\/","url":"https:\/\/www.oarcanjo.net\/site\/bazar-solidario-mais-de-300-mil-pecas-para-os-moradores-de-rua\/","name":"Bazar solid\u00e1rio: mais de 300 mil pe\u00e7as para os moradores de rua - O Arcanjo no ar","isPartOf":{"@id":"https:\/\/www.oarcanjo.net\/site\/#website"},"primaryImageOfPage":{"@id":"https:\/\/www.oarcanjo.net\/site\/bazar-solidario-mais-de-300-mil-pecas-para-os-moradores-de-rua\/#primaryimage"},"image":{"@id":"https:\/\/www.oarcanjo.net\/site\/bazar-solidario-mais-de-300-mil-pecas-para-os-moradores-de-rua\/#primaryimage"},"thumbnailUrl":"https:\/\/www.oarcanjo.net\/site\/wp-content\/uploads\/20180715Avisos01.png","datePublished":"2018-07-15T17:26:13+00:00","dateModified":"2018-07-15T17:26:37+00:00","breadcrumb":{"@id":"https:\/\/www.oarcanjo.net\/site\/bazar-solidario-mais-de-300-mil-pecas-para-os-moradores-de-rua\/#breadcrumb"},"inLanguage":"pt-BR","potentialAction":[{"@type":"ReadAction","target":["https:\/\/www.oarcanjo.net\/site\/bazar-solidario-mais-de-300-mil-pecas-para-os-moradores-de-rua\/"]}]},{"@type":"ImageObject","inLanguage":"pt-BR","@id":"https:\/\/www.oarcanjo.net\/site\/bazar-solidario-mais-de-300-mil-pecas-para-os-moradores-de-rua\/#primaryimage","url":"https:\/\/www.oarcanjo.net\/site\/wp-content\/uploads\/20180715Avisos01.png","contentUrl":"https:\/\/www.oarcanjo.net\/site\/wp-content\/uploads\/20180715Avisos01.png","width":998,"height":559},{"@type":"BreadcrumbList","@id":"https:\/\/www.oarcanjo.net\/site\/bazar-solidario-mais-de-300-mil-pecas-para-os-moradores-de-rua\/#breadcrumb","itemListElement":[{"@type":"ListItem","position":1,"name":"In\u00edcio","item":"https:\/\/www.oarcanjo.net\/site\/"},{"@type":"ListItem","position":2,"name":"Bazar solid\u00e1rio: mais de 300 mil pe\u00e7as para os moradores de rua"}]},{"@type":"WebSite","@id":"https:\/\/www.oarcanjo.net\/site\/#website","url":"https:\/\/www.oarcanjo.net\/site\/","name":"O Arcanjo no ar","description":"Site da Par\u00f3quia S\u00e3o Miguel Arcanjo (Arquidiocese de SP)","publisher":{"@id":"https:\/\/www.oarcanjo.net\/site\/#organization"},"potentialAction":[{"@type":"SearchAction","target":{"@type":"EntryPoint","urlTemplate":"https:\/\/www.oarcanjo.net\/site\/?s={search_term_string}"},"query-input":{"@type":"PropertyValueSpecification","valueRequired":true,"valueName":"search_term_string"}}],"inLanguage":"pt-BR"},{"@type":"Organization","@id":"https:\/\/www.oarcanjo.net\/site\/#organization","name":"Par\u00f3quia S\u00e3o Miguel Arcanjo","url":"https:\/\/www.oarcanjo.net\/site\/","logo":{"@type":"ImageObject","inLanguage":"pt-BR","@id":"https:\/\/www.oarcanjo.net\/site\/#\/schema\/logo\/image\/","url":"https:\/\/www.oarcanjo.net\/site\/wp-content\/uploads\/LogoOArcanjo.png","contentUrl":"https:\/\/www.oarcanjo.net\/site\/wp-content\/uploads\/LogoOArcanjo.png","width":319,"height":99,"caption":"Par\u00f3quia S\u00e3o Miguel Arcanjo"},"image":{"@id":"https:\/\/www.oarcanjo.net\/site\/#\/schema\/logo\/image\/"},"sameAs":["https:\/\/www.facebook.com\/OArcanjoNoAr\/"]},{"@type":"Person","@id":"https:\/\/www.oarcanjo.net\/site\/#\/schema\/person\/f7024d007863202483a31326673a0838","name":"editor","sameAs":["http:\/\/www.oarcanjo.net"]}]}},"publishpress_future_action":{"enabled":false,"date":"2026-05-06 10:16:34","action":"category","newStatus":"draft","terms":[],"taxonomy":"category"},"publishpress_future_workflow_manual_trigger":{"enabledWorkflows":[]},"_links":{"self":[{"href":"https:\/\/www.oarcanjo.net\/site\/wp-json\/wp\/v2\/posts\/89123"}],"collection":[{"href":"https:\/\/www.oarcanjo.net\/site\/wp-json\/wp\/v2\/posts"}],"about":[{"href":"https:\/\/www.oarcanjo.net\/site\/wp-json\/wp\/v2\/types\/post"}],"author":[{"embeddable":true,"href":"https:\/\/www.oarcanjo.net\/site\/wp-json\/wp\/v2\/users\/5"}],"replies":[{"embeddable":true,"href":"https:\/\/www.oarcanjo.net\/site\/wp-json\/wp\/v2\/comments?post=89123"}],"version-history":[{"count":3,"href":"https:\/\/www.oarcanjo.net\/site\/wp-json\/wp\/v2\/posts\/89123\/revisions"}],"predecessor-version":[{"id":89126,"href":"https:\/\/www.oarcanjo.net\/site\/wp-json\/wp\/v2\/posts\/89123\/revisions\/89126"}],"wp:featuredmedia":[{"embeddable":true,"href":"https:\/\/www.oarcanjo.net\/site\/wp-json\/wp\/v2\/media\/89124"}],"wp:attachment":[{"href":"https:\/\/www.oarcanjo.net\/site\/wp-json\/wp\/v2\/media?parent=89123"}],"wp:term":[{"taxonomy":"category","embeddable":true,"href":"https:\/\/www.oarcanjo.net\/site\/wp-json\/wp\/v2\/categories?post=89123"},{"taxonomy":"post_tag","embeddable":true,"href":"https:\/\/www.oarcanjo.net\/site\/wp-json\/wp\/v2\/tags?post=89123"}],"curies":[{"name":"wp","href":"https:\/\/api.w.org\/{rel}","templated":true}]}}