
{"id":8918,"date":"2019-04-19T00:15:27","date_gmt":"2019-04-19T03:15:27","guid":{"rendered":"http:\/\/www.oarcanjo.net\/site\/?p=8918"},"modified":"2019-02-20T07:56:33","modified_gmt":"2019-02-20T10:56:33","slug":"santo-expedito","status":"publish","type":"post","link":"https:\/\/www.oarcanjo.net\/site\/santo-expedito\/","title":{"rendered":"Santo Expedito"},"content":{"rendered":"<p style=\"text-align: left\"><img loading=\"lazy\" decoding=\"async\" src=\"http:\/\/paroquiasaonicolau.pt\/images\/fotos\/igrejas\/saoNicolau\/big\/S.ExpeditoB.JPG\" alt=\"\" width=\"297\" height=\"601\" \/><\/p>\n<p style=\"text-align: left\">19 de Abril<\/p>\n<table style=\"text-align: left\" border=\"0\" cellspacing=\"0\" cellpadding=\"0\" width=\"100%\">\n<tbody>\n<tr>\n<td width=\"14%\">\u00a0<\/td>\n<td width=\"41%\">\n<div><span style=\"font-family: Arial\">\u00a0Santo Expedito foi martirizado na Arm\u00eania. Ele era militar, foi decapitado no dia 19 de abril de 303, sob o imperador Dioclesiano, que subira ao trono de Roma em 284.Ele levava uma vida devassa; mas um dia, tocado pela gra\u00e7a de Deus, resolveu mudar de vida. Foi ent\u00e3o que lhe apareceu o Esp\u00edrito do mal, em forma de corvo, e lhe segredou &#8220;cras&#8230;.! cras&#8230;.! cras&#8230;.!&#8221; palavra latina que quer dizer: amanh\u00e3&#8230;! amanh\u00e3&#8230;! amanh\u00e3&#8230;!, isto \u00e9 deixe para amanh\u00e3! N\u00e3o tenha pressa! Adie sua convers\u00e3o!<\/span><\/div>\n<p><span style=\"font-family: Arial\">Mas Santo Expedito, pisoteando o corvo, esmagou-o, gritando: HODIE! Quer dizer: HOJE! Nada de protela\u00e7\u00f5es! \u00c9 pra j\u00e1!<\/p>\n<p><\/span><\/td>\n<td width=\"41%\">\u00a0<\/td>\n<td width=\"9%\">\u00a0<\/td>\n<\/tr>\n<\/tbody>\n<\/table>\n<table style=\"text-align: left\" border=\"0\" cellspacing=\"0\" cellpadding=\"0\" width=\"100%\">\n<tbody>\n<tr>\n<td width=\"14%\">\u00a0<\/td>\n<td width=\"82%\"><span style=\"font-family: Arial\"><br \/>\n\u00c9 por isto que o Santo Expedito \u00e9 invocado nos casos que exige solu\u00e7\u00e3o imediata, nos neg\u00f3cios em que qualquer demora poderia causar preju\u00edzo.No Brasil, sobretudo, Santo Expedito \u00e9 invocado nos neg\u00f3cios e dificuldades da vida. Conhecido como &#8220;o santo das causas urgentes&#8221;.Santo Expedito n\u00e3o adia seu aux\u00edlio para amanh\u00e3.<\/p>\n<div><span style=\"font-family: Arial\">Ele atende sua ajuda hoje mesmo, ou na hora em que precisamos de sua ajuda. Mas ele espera que tamb\u00e9m n\u00f3s n\u00e3o deixemos para amanh\u00e3 nossa convers\u00e3o.<\/span><\/div>\n<div><span style=\"font-family: Arial\">A tradi\u00e7\u00e3o apresenta Santo Expedito como sendo o chefe da 12\u00aa Legi\u00e3o Romana, cognominada &#8220;Fulminante&#8221;: nome dado em mem\u00f3ria de uma fa\u00e7anha que se tornou c\u00e9lebre. Essa legi\u00e3o localizava-se em Melitene, sede de uma das prov\u00edncias romanas da Arm\u00eania. Era formanda em sua maioria por soldados crist\u00e3os, sendo sua fun\u00e7\u00e3o primordial defender as fronteiras orientais contra os ataques dos b\u00e1rbaros asi\u00e1ticos.<\/span><\/div>\n<p><span style=\"font-family: Arial\">Santo Expedito destacou-se no comando dessa legi\u00e3o por suas virtudes de crist\u00e3o e de chefe ligado a sua religi\u00e3o, a seu dever, \u00e0 ordem e \u00e0 disciplina.<\/p>\n<p><\/span><\/span><\/td>\n<\/tr>\n<\/tbody>\n<\/table>\n<table style=\"text-align: left\" border=\"0\" cellspacing=\"0\" cellpadding=\"0\" width=\"100%\">\n<tbody>\n<tr>\n<td width=\"82%\"><strong><span style=\"font-family: Arial\">A <a name=\"vida\">vida<\/a> de Santo Expedito:<\/span><\/strong>\u00a0<\/td>\n<td width=\"9%\">\u00a0<\/td>\n<\/tr>\n<\/tbody>\n<\/table>\n<table style=\"text-align: left\" border=\"0\" cellspacing=\"0\" cellpadding=\"0\" width=\"100%\">\n<tbody>\n<tr>\n<td width=\"14%\">\u00a0<\/td>\n<td width=\"38%\">\u00a0<\/td>\n<td width=\"44%\">\n<div><span style=\"font-family: Arial\"><strong><a name=\"Origem\">Origem<\/a> hist\u00f3rica:<\/strong>M\u00e1rtir de Metilene, \u00e9 pouco conhecido dos historiadores, mas sua exist\u00eancia \u00e9 certa.Santo Expedito, segundo a tradi\u00e7\u00e3o, era arm\u00eanio, n\u00e3o se conhecendo o lugar de seu nascimento, mas parece prov\u00e1vel que seja Metilene, localidade onde sofreu seu mart\u00edrio.<\/span><\/div>\n<p><span style=\"font-family: Arial\">A Arm\u00eania \u00e9 uma regi\u00e3o da \u00c1sia Ocidental, situada ao Sul do C\u00e1lcaso, entre o Mar Negro e o Mar C\u00e1spio, nas margens dos Rios Tigre e Eufrates.<\/p>\n<p>Essa regi\u00e3o foi sempre considerada uma terra de predile\u00e7\u00e3o. Ali\u00e1s, pelo testemunho da Sagrada Escritura, foi sobre as montanhas arm\u00eanias do Ararat que a Arca de No\u00e9 pousou quando as \u00e1guas do dil\u00favio baixaram (G\u00eanesis, 8.5).<\/p>\n<p><\/span><\/td>\n<td width=\"9%\">\u00a0<\/td>\n<\/tr>\n<\/tbody>\n<\/table>\n<table style=\"text-align: left\" border=\"0\" cellspacing=\"0\" cellpadding=\"0\" width=\"100%\">\n<tbody>\n<tr>\n<td width=\"14%\">\u00a0<\/td>\n<td width=\"82%\">\n<div><span style=\"font-family: Arial\">\u00a0A Arm\u00eania foi uma das primeiras regi\u00f5es a receber a prega\u00e7\u00e3o dos ap\u00f3stolos Judas Tadeu, Sim\u00e3o e Batolomeu, mas tamb\u00e9m local de in\u00fameras persegui\u00e7\u00f5es aos crist\u00e3os. Essa regi\u00e3o foi regada com o sangue de muitos m\u00e1rtires, entre eles Santo Expedito.Sua cidade natal (com toda probabilidade) n\u00e3o passa hoje de uma pequena localidade chamada Melatia, cidade constru\u00edda no s\u00e9culo II pelo imperador romano Trajano.<\/span><\/div>\n<p><span style=\"font-family: Arial\">A partir de Marco Antonio, tornou-se resid\u00eancia da 12\u00aa Legi\u00e3o, conhecida como &#8220;Fulminante&#8221;, cuja miss\u00e3o era defender o imp\u00e9rio romano dos b\u00e1rbaros asi\u00e1ticos. Hoje Metilene \u00e9 uma cidade m\u00edstica e simples, onde sua popula\u00e7\u00e3o vive em calma, longe das agita\u00e7\u00f5es pol\u00edticas.<\/p>\n<p>Al\u00e9m de Santo Expedito, que foi levado \u00e0 morte a 19 de Abril de 303, sob o poder de Deocleciano, l\u00e1 veneram-se outros Santos m\u00e1rtires, entre eles: S\u00e3o Polieucto, outro oficial do ex\u00e9rcito romano que foi martirizado no s\u00e9culo III.<\/p>\n<p>Deocleciano subiu ao trono de Roma em 284. Por seu ambiente e por seu car\u00e1ter, parecia oferecer aos crist\u00e3os garantias de benevol\u00eancia, pois havia em seu pal\u00e1cio a liberdade de religi\u00e3o, sendo, inclusive, sua esposa Prisca e sua filha Val\u00e9ria, crist\u00e3s, ou ao menos, catecumenas.<\/p>\n<p>Sob influ\u00eancias de Galero, seu genro, pag\u00e3o convicto, determinou a persegui\u00e7\u00e3o dos crist\u00e3os, ordenando a destrui\u00e7\u00e3o de igrejas e livros sagrados, a cessa\u00e7\u00e3o das assembl\u00e9ias crist\u00e3s e a abjura\u00e7\u00e3o de todos os crist\u00e3os. Galero, sempre incitado por sua m\u00e3e, tamb\u00e9m pag\u00e3, queria abolir para sempre o Cristianismo e atrav\u00e9s de insinua\u00e7\u00f5es maldosas e h\u00e1beis cal\u00fanias, fez crer a Deocleciano, que o cristianismo conspirava de v\u00e1rias formas contra a augusta pessoa do imperador.<\/p>\n<p>Deocleciano, ent\u00e3o, empreendeu a extermina\u00e7\u00e3o sistem\u00e1tica dos crist\u00e3os, envolvendo, inclusive, os membros de sua pr\u00f3pria fam\u00edlia e os servidores de seu pal\u00e1cio. Foi uma hecatombe sangrenta: oficiais, magistrados, o bispo da Nicom\u00e9dia (Antino), padres, di\u00e1conos, simples fi\u00e9is foram assassinados ou afogados em massa.<\/p>\n<p><span style=\"font-family: Arial\">Somente em 324, com a retomada da autoridade do imperador crist\u00e3o Constantino, foi que tiveram fim as terr\u00edveis persegui\u00e7\u00f5es que durante tr\u00eas s\u00e9culos tinham ensanguentado a Igreja.<br \/>\n<\/span><\/p>\n<p><\/span><\/td>\n<td width=\"9%\">\u00a0<\/td>\n<\/tr>\n<\/tbody>\n<\/table>\n<table style=\"text-align: left\" border=\"0\" cellspacing=\"0\" cellpadding=\"0\" width=\"103%\">\n<tbody>\n<tr>\n<td width=\"14%\">\u00a0<\/td>\n<td width=\"59%\"><span style=\"font-family: Arial\">.<br \/>\n<strong>O <a name=\"Guerreiro\">Guerreiro<\/a><\/strong>Voltando \u00e0 hist\u00f3ria de Santo Expedito, a tradi\u00e7\u00e3o refere-se que ele era chefe da 12\u00aa Legi\u00e3o Romana, cognominada &#8220;Fulminante&#8221;, estabelecida em Metilene, sede de uma das prov\u00edncias romanas da Arm\u00eania. &#8220;Fulminante&#8221; lhe havia sido dado em mem\u00f3ria de uma fa\u00e7anha que se tornou c\u00e9lebre.Durante uma campanha da Germ\u00e2nia, na regi\u00e3o dos Quades, no nordeste da Hungria atual, o imperador Marco Aur\u00e9lio foi cercado pelos b\u00e1rbaros, ficando sem \u00e1gua e provimentos. Marco Aur\u00e9lio orou como lhe ensinava sua filosofia e fez com que fossem feitos encantamentos pelos m\u00e1gicos, companheiros indispens\u00e1veis, \u00e0 \u00e9poca, dos ex\u00e9rcitos.A 12\u00aa Legi\u00e3o, recrutada no Distrito de Metilene, na Capad\u00f3cia, formada em grande parte por soldados crist\u00e3os, reuniram seus soldados fora do campo, onde ajoelharam-se e oraram ao verdadeiro Deus.<\/p>\n<p><\/span><\/td>\n<td width=\"27%\">\u00a0<\/td>\n<td width=\"9%\">\u00a0<\/td>\n<\/tr>\n<\/tbody>\n<\/table>\n<table style=\"text-align: left\" border=\"0\" cellspacing=\"0\" cellpadding=\"0\" width=\"100%\">\n<tbody>\n<tr>\n<td width=\"14%\">\u00a0<\/td>\n<td width=\"82%\"><span style=\"font-family: Arial\"><br \/>\nEsses milhares de homens em ora\u00e7\u00e0o e com os bra\u00e7os abertos formaram um espet\u00e1culo t\u00e3o estranho que os inimigos pararam surpresos. Uma chuva abundante se p\u00f4s a cair, foi quando os soldados romanos saciaram sua sede e fizeram o inimigo recuar. Depois, ca\u00edram raios e granizos sob os b\u00e1rbaros, com tal viol\u00eancia, que os mesmos debandaram em p\u00e2nico. Como se v\u00ea, Santo Expedito estava \u00e0 testa de uma das mais gloriosas legi\u00f5es, composta, em grande parte, por soldados crist\u00e3os.<\/span><span style=\"font-family: Arial\"><br \/>\n<\/span><\/p>\n<div><span style=\"font-family: Arial\"><br \/>\n<strong>O <\/strong><a name=\"Soldado\"><strong>Soldado<\/strong><\/a><strong> Crist\u00e3o<\/strong><\/span><\/div>\n<div><span style=\"font-family: Arial\">\u00a0<\/span><\/div>\n<p><span style=\"font-family: Arial\"><\/p>\n<div><strong>Mas a hist\u00f3ria que documenta as fa\u00e7anhas desta legi\u00e3o, infelizmente, \u00e9 bastante s\u00f3bria em detalhes da vida de seus chefes. Ela nada nos diz sobre Santo Expedito. Podemos supor que ele distinguiu seu comando pelas virtudes de crist\u00e3o e de chefe ligados \u00e0 sua religi\u00e3o, \u00e0 seu dever, \u00e0 ordem e \u00e0 disciplina, dando, em todas as circunst\u00e2ncias, o exemplo das mais belas virtudes.<\/strong><\/div>\n<div><strong>O ardor bastante conhecido do generoso soldado Expedito e sua situa\u00e7\u00e3o de chefe de legi\u00e3o, chamou a aten\u00e7\u00e3o de Deocleciano, quando as persegui\u00e7\u00f5es come\u00e7aram em Metilene. Entre muitos que j\u00e1 haviam pago com a vida estavam: Maur\u00edcio, outro chefe de legi\u00e3o, Marcelo, centuri\u00e3o romano e Sebasti\u00e3o, tribuno da guarda pretoriana, hoje conhecido como S\u00e3o Sebasti\u00e3o. Sendo assim, Expedito e seus companheiros de armas, cheios de admira\u00e7\u00e3o pelo capit\u00e3o Sebasti\u00e3o, deveriam ter prometido imitar sua conduta, devendo crer, inclusive, que teriam que sofrer a mesma sorte, quando das persegui\u00e7\u00f5es crist\u00e3s, enfrentando a morte a ter que renunciar sua f\u00e9<\/strong><\/div>\n<p><strong>\u00a0<\/p>\n<p><\/strong>\u00a0<\/p>\n<p><\/span><\/td>\n<td width=\"9%\">\u00a0<\/td>\n<\/tr>\n<\/tbody>\n<\/table>\n<table style=\"text-align: left\" border=\"0\" cellspacing=\"0\" cellpadding=\"0\" width=\"100%\">\n<tbody>\n<tr>\n<td width=\"14%\">\u00a0<\/td>\n<td width=\"28%\">\u00a0<\/td>\n<td width=\"54%\"><span style=\"font-family: Arial\"><strong><br \/>\nMart\u00edrio e morte<\/strong>Nada se sabe sobre as circunst\u00e2ncias que acompanharam os \u00faltimos instantes de Santo Expedito.Podemos supor que ele tamb\u00e9m foi sacrificado por recursos do imp\u00e9rio. Sabe-se que era concedido ao cidad\u00e3o romano o privil\u00e9gio de somente perecer pela espada. S\u00e3o Paulo, por ser cidad\u00e3o romano, foi beneficiado por essa lei e teve a cabe\u00e7a cortada, j\u00e1 S\u00e3o Pedro, que era judeu, foi crucificado. Quando se tratava de um soldado do ex\u00e9rcito romano, antes da decapita\u00e7\u00e3o, ele deveria sofrer o supl\u00edcio da flagela\u00e7\u00e3o.\u00a0<\/p>\n<p><\/span><\/td>\n<td width=\"9%\">\u00a0<\/td>\n<\/tr>\n<\/tbody>\n<\/table>\n<table style=\"text-align: left\" border=\"0\" cellspacing=\"0\" cellpadding=\"0\" width=\"100%\">\n<tbody>\n<tr>\n<td width=\"14%\">\u00a0<\/td>\n<td width=\"82%\"><span style=\"font-family: Arial\"><br \/>\nAssim tamb\u00e9m ocorreu com Santo Expedito, depois de ser flagelado at\u00e9 derramar sangue, teve a cabe\u00e7a decepada. Era o dia 13, das calendas de Maio, isto \u00e9, 19 de Abril de 303. Assim afirmam os martin\u00f3logos da \u00e9poca.Outros crist\u00e3os pereceram com ele do mesmo modo, supondo-se serem seus companheiros de armas. S\u00e3o os m\u00e1rtires: Herm\u00f3genes, Caio, Arist\u00f4nio, Rufo e G\u00e1latas. Nada mais podemos adiantar sobre o mart\u00edrio de Santo Expedito, pois a hist\u00f3ria silencia a esse respeito.Pouco importa. A \u00fanica conclus\u00e3o \u00e9 que Santo Expedito, chefe da 12\u00aa Legi\u00e3o, era seguramente uma alma de f\u00e9 muito grande, pois preferiu perder sua situa\u00e7\u00e3o e at\u00e9 sua vida a renunciar \u00e0 sua religi\u00e3o.<\/p>\n<p>N\u00e3o se sabe o que foi feito do corpo do her\u00f3ico m\u00e1rtir. Piedosas m\u00e3os devem t\u00ea-lo sepultado em local hoje desconhecido.<\/p>\n<p>Sua lembran\u00e7a, ao contr\u00e1rio, ficou guardada na mem\u00f3ria dos crist\u00e3os e os primeiros escritores eclesi\u00e1sticos puderam escrever seu nome entre os que tinham derramado seu sangue pela f\u00e9.\u00a0\u00a0<\/p>\n<p><\/span><\/td>\n<td width=\"9%\">\u00a0<\/td>\n<\/tr>\n<\/tbody>\n<\/table>\n<table style=\"text-align: left\" border=\"0\" cellspacing=\"0\" cellpadding=\"0\" width=\"100%\">\n<tbody>\n<tr>\n<td width=\"14%\">\u00a0<\/td>\n<td width=\"29%\">\u00a0<\/td>\n<td width=\"53%\">\n<div><span style=\"font-family: Arial\"><strong>O <a name=\"culto\">culto<\/a> a Santo Expedito e seus s\u00edmbolos<\/strong>Seu culto se estabeleceu em sua p\u00e1tria, transpondo o Oriente e passou para a Alemanha meridional. De l\u00e1 se espalhou pela It\u00e1lia, sobretudo na Sic\u00edlia, na Espanha e difundiu-se pela Fran\u00e7a e B\u00e9lgica. Em v\u00e1rias igrejas do mundo apresentam-se est\u00e1tuas representando Santo Expedito, com traje legion\u00e1rio, vestindo uma t\u00fanica curta e um manto jogado militarmente atr\u00e1s das esp\u00e1duas, tendo postura marcial. Em uma m\u00e3o segura uma palma e na outra uma cruz.Sua atitude \u00e9 de um homem pronto para a a\u00e7\u00e3o. \u00c9 nesta postura, cheia de entusiasmo e generosidade, que os fi\u00e9is viram o defensor e patrono das &#8220;Causas Urgentes&#8221;.<\/span><\/div>\n<p><span style=\"font-family: Arial\">\u00a0<\/p>\n<p><\/span><\/td>\n<td width=\"9%\">\u00a0<\/td>\n<\/tr>\n<\/tbody>\n<\/table>\n<table style=\"text-align: left\" border=\"0\" cellspacing=\"0\" cellpadding=\"0\" width=\"100%\">\n<tbody>\n<tr>\n<td width=\"14%\">\u00a0<\/td>\n<td width=\"82%\"><span style=\"font-family: Arial\"><code><br \/>\n<\/code>A piedade popular, sempre confiante, tem dessas inven\u00e7\u00f5es, que n\u00e3o se podem censurar. Dentre as por\u00e7\u00f5es de ins\u00edgnias simb\u00f3licas que a Idade M\u00e9dia adotou \u00e0 est\u00e1tua, o Santo, ainda hoje, calca com seu p\u00e9 um corvo que se consome a lan\u00e7ar seu grito habitual: &#8220;Cr\u00e1s&#8221; (palavra latina que siginifica &#8220;Amanh\u00e3&#8221;). Mas &#8220;Cr\u00e1s&#8221; denota a dilata\u00e7\u00e3o, o deixar para o dia seguinte ou mais tarde, tudo o que se deve cumprir imediatamente. Assim, Santo Expedito, esmagando a ave fatalmente, lhe responde com a cruz que segura na m\u00e3o direita e que leva uma \u00fanica palavra: &#8220;Hodie!&#8221; (que significa: &#8220;Hoje&#8221;), exprimindo, assim, sua vontade de lan\u00e7ar fora qualquer retardamento ou hesita\u00e7\u00e3o no cumprimento da tenta\u00e7\u00e3o, que como sugere, adiar para o dia seguinte. A piedade popular v\u00ea neste s\u00edmbolo, a prontid\u00e3o com que Santo Expedito quer acolher as preces dos fi\u00e9is que recorrem a sua intercess\u00e3o, da\u00ed ser t\u00edtulo de patrono das &#8220;Causas Urgentes&#8221;.<\/span><span style=\"font-family: Arial\"><br \/>\n<\/span><\/td>\n<td width=\"9%\">\u00a0<\/td>\n<\/tr>\n<\/tbody>\n<\/table>\n<table style=\"text-align: left\" border=\"0\" cellspacing=\"0\" cellpadding=\"0\" width=\"100%\">\n<tbody>\n<tr>\n<td width=\"14%\">\u00a0<\/td>\n<td width=\"46%\">\n<div><span style=\"font-family: Arial\"><strong>O <a name=\"nome\">nome<\/a> de Santo Expedito<\/strong>Todos os historiadores est\u00e3o de acordo na fixa\u00e7\u00e3o da \u00e9poca e local em que Santo Expedito morreu pela f\u00e9. Mas tal n\u00e3o acontece quando se trata de seu nome e da significa\u00e7\u00e3o que conv\u00e9m dar-lhe.Ali\u00e1s pode-se indagar se trata-se de um nome propriamente dito ou de um apelido ligado, seja \u00e0 sua pessoa, ou mesmo a toda a legi\u00e3o de que era o chefe.<\/span><\/div>\n<p><span style=\"font-family: Arial\">As opini\u00f5es diferem. Primeiramente \u00e9 conveniente ressaltar que havia no ex\u00e9rcito romano duas esp\u00e9cies de soldados: o &#8220;expeditus&#8221; e o &#8220;impeditus&#8221;.<\/p>\n<p><\/span><\/td>\n<td width=\"36%\">\u00a0<\/td>\n<td width=\"9%\">\u00a0<\/td>\n<\/tr>\n<\/tbody>\n<\/table>\n<table style=\"text-align: left\" border=\"0\" cellspacing=\"0\" cellpadding=\"0\" width=\"100%\">\n<tbody>\n<tr>\n<td width=\"12%\">\u00a0<\/td>\n<td width=\"82%\"><span style=\"font-family: Arial\"><br \/>\nO &#8220;expeditus&#8221; era assim chamado porque tinha um armamento leve e desembara\u00e7ado de toda a carga de que era encarregado o &#8220;impeditus&#8221;. Toda uma parte da mil\u00edcia (os &#8220;expediti&#8221;), levemente equipada, podia \u00e0 primeira ordem, entregar-se \u00e0 defesa do territ\u00f3rio. Os &#8220;expediti&#8221; formavam, assim, um corpo inteiro ao qual teria pertencido Santo expedito. Uma pura coincid\u00eancia teria favorecido o relacionamento do nome do Santo com o das tropas que ele comandava. Neste caso, &#8220;Expeditus&#8221; ter-se-ia em seguida tornado um nome pr\u00f3prio. \u00c9 uma primeira interpreta\u00e7\u00e3o.Mas a opini\u00e3o mais difundida e que repousa sobre outros casos semelhantes, freq\u00fcentes em todas as regi\u00f5es e em todas as l\u00ednguas, acha que &#8220;Expedito&#8221; ter-se-ia tornado o nome do Santo, porque lhe teria sido dado como apelido exprimindo perfeitamente o tra\u00e7o dominante de seu car\u00e1ter: a presteza e a prontid\u00e3o com que agia e se portava ent\u00e3o no cumprimento de seu dever de estado e, tamb\u00e9m, na defesa da religi\u00e3o que professava. Era assim que os romanos davam freq\u00fcentemente a certas pessoas um apelido, que designava quer um tra\u00e7o de seus car\u00e1ter (&#8220;Felix&#8221;: Feliz; &#8220;Constans&#8221;: Constante), quer o lugar que ocupavam entre os filhos de uma mesma fam\u00edlia (&#8220;Primus&#8221;: Primeiro; &#8220;Sextus&#8221;: Sexto; &#8220;Octavus&#8221;: Oitavo); at\u00e9 a cor de seus cabelos (&#8220;Rufus&#8221;: Ruivo; &#8220;Niger&#8221;: Negro) etc. Este apelido acabava por design\u00e1-los nominalmente, do mesmo modo que em portugu\u00eas temos sobrenomes como: Russo, Negro, Branco, Castanho, Grande, Pequeno e at\u00e9 Raposo, Coelho, Leit\u00e3o, etc.).Este nome, qualquer que seja a origem de sua significa\u00e7\u00e3o, \u00e9 suficiente para fazer reconhec\u00ea-lo. O nome condiz, em todo o caso, com a generosidade e com o ardor de seu car\u00e1ter, que fizeram dele um m\u00e1rtir.<\/p>\n<p style=\"text-align: left\">Seguramente Santo Expedito \u00e9 um Santo que podemos invocar com toda confian\u00e7a nos &#8220;casos urgentes&#8221;, sendo numerosas as gra\u00e7as obtidas por intercess\u00e3o nessas circunst\u00e2ncias.<\/p>\n<p>Mas n\u00e3o devemos esquecer que o melhor culto que podemos tributar-lhe n\u00e3o \u00e9 somente invoc\u00e1-lo nos &#8220;casos urgentes&#8221;, e sim imit\u00e1-lo na pr\u00e1tica generosa da virtude e do cumprimento fiel de todas os deveres do nosso estado<\/p>\n<table border=\"0\" cellspacing=\"0\" cellpadding=\"0\" width=\"100%\">\n<tbody>\n<tr>\n<td width=\"82%\">\u00a0<\/td>\n<td width=\"9%\">\u00a0<\/td>\n<\/tr>\n<tr>\n<td width=\"9%\">\u00a0<\/td>\n<td width=\"82%\">\n<div><span style=\"font-family: Arial\"><span style=\"font-family: Arial\"><span style=\"font-family: Arial\"><span style=\"font-family: Arial\">\u00a0\u00a0<\/span><\/span><\/span><\/span><\/div>\n<p><span style=\"font-family: Arial\"><span style=\"font-family: Arial\"><span style=\"font-family: Arial\"><span style=\"font-family: Arial\">\u00a0<\/p>\n<p><\/span><\/span><\/span><\/span><\/td>\n<\/tr>\n<\/tbody>\n<\/table>\n<p>\u00a0<\/p>\n<p><\/span><\/td>\n<\/tr>\n<\/tbody>\n<\/table>\n<div id=\"themify_builder_content-8918\" data-postid=\"8918\" class=\"themify_builder_content themify_builder_content-8918 themify_builder themify_builder_front\">\n\t<\/div>\n<!-- \/themify_builder_content -->","protected":false},"excerpt":{"rendered":"<p>19 de Abril \u00a0 \u00a0Santo Expedito foi martirizado na Arm\u00eania. Ele era militar, foi decapitado no dia 19 de abril de 303, sob o imperador Dioclesiano, que subira ao trono de Roma em 284.Ele levava uma vida devassa; mas um dia, tocado pela gra\u00e7a de Deus, resolveu mudar de vida. Foi ent\u00e3o que lhe apareceu [&hellip;]<\/p>\n","protected":false},"author":14,"featured_media":0,"comment_status":"open","ping_status":"open","sticky":false,"template":"","format":"standard","meta":{"ngg_post_thumbnail":0,"footnotes":""},"categories":[186],"tags":[],"yoast_head":"<!-- This site is optimized with the Yoast SEO plugin v23.5 - https:\/\/yoast.com\/wordpress\/plugins\/seo\/ -->\n<title>Santo Expedito - O Arcanjo no ar<\/title>\n<meta name=\"robots\" content=\"index, follow, max-snippet:-1, max-image-preview:large, max-video-preview:-1\" \/>\n<link rel=\"canonical\" href=\"https:\/\/www.oarcanjo.net\/site\/santo-expedito\/\" \/>\n<meta property=\"og:locale\" content=\"pt_BR\" \/>\n<meta property=\"og:type\" content=\"article\" \/>\n<meta property=\"og:title\" content=\"Santo Expedito - O Arcanjo no ar\" \/>\n<meta property=\"og:description\" content=\"19 de Abril \u00a0 \u00a0Santo Expedito foi martirizado na Arm\u00eania. Ele era militar, foi decapitado no dia 19 de abril de 303, sob o imperador Dioclesiano, que subira ao trono de Roma em 284.Ele levava uma vida devassa; mas um dia, tocado pela gra\u00e7a de Deus, resolveu mudar de vida. Foi ent\u00e3o que lhe apareceu [&hellip;]\" \/>\n<meta property=\"og:url\" content=\"https:\/\/www.oarcanjo.net\/site\/santo-expedito\/\" \/>\n<meta property=\"og:site_name\" content=\"O Arcanjo no ar\" \/>\n<meta property=\"article:publisher\" content=\"https:\/\/www.facebook.com\/OArcanjoNoAr\/\" \/>\n<meta property=\"article:published_time\" content=\"2019-04-19T03:15:27+00:00\" \/>\n<meta property=\"article:modified_time\" content=\"2019-02-20T10:56:33+00:00\" \/>\n<meta property=\"og:image\" content=\"http:\/\/paroquiasaonicolau.pt\/images\/fotos\/igrejas\/saoNicolau\/big\/S.ExpeditoB.JPG\" \/>\n<meta name=\"author\" content=\"danilo\" \/>\n<meta name=\"twitter:card\" content=\"summary_large_image\" \/>\n<meta name=\"twitter:label1\" content=\"Escrito por\" \/>\n\t<meta name=\"twitter:data1\" content=\"danilo\" \/>\n\t<meta name=\"twitter:label2\" content=\"Est. tempo de leitura\" \/>\n\t<meta name=\"twitter:data2\" content=\"11 minutos\" \/>\n<script type=\"application\/ld+json\" class=\"yoast-schema-graph\">{\"@context\":\"https:\/\/schema.org\",\"@graph\":[{\"@type\":\"Article\",\"@id\":\"https:\/\/www.oarcanjo.net\/site\/santo-expedito\/#article\",\"isPartOf\":{\"@id\":\"https:\/\/www.oarcanjo.net\/site\/santo-expedito\/\"},\"author\":{\"name\":\"danilo\",\"@id\":\"https:\/\/www.oarcanjo.net\/site\/#\/schema\/person\/5eb9480bedd2f3c97e430ce128c29c6c\"},\"headline\":\"Santo Expedito\",\"datePublished\":\"2019-04-19T03:15:27+00:00\",\"dateModified\":\"2019-02-20T10:56:33+00:00\",\"mainEntityOfPage\":{\"@id\":\"https:\/\/www.oarcanjo.net\/site\/santo-expedito\/\"},\"wordCount\":2260,\"commentCount\":2,\"publisher\":{\"@id\":\"https:\/\/www.oarcanjo.net\/site\/#organization\"},\"image\":{\"@id\":\"https:\/\/www.oarcanjo.net\/site\/santo-expedito\/#primaryimage\"},\"thumbnailUrl\":\"http:\/\/paroquiasaonicolau.pt\/images\/fotos\/igrejas\/saoNicolau\/big\/S.ExpeditoB.JPG\",\"articleSection\":[\"Testemunhos\"],\"inLanguage\":\"pt-BR\",\"potentialAction\":[{\"@type\":\"CommentAction\",\"name\":\"Comment\",\"target\":[\"https:\/\/www.oarcanjo.net\/site\/santo-expedito\/#respond\"]}]},{\"@type\":\"WebPage\",\"@id\":\"https:\/\/www.oarcanjo.net\/site\/santo-expedito\/\",\"url\":\"https:\/\/www.oarcanjo.net\/site\/santo-expedito\/\",\"name\":\"Santo Expedito - O Arcanjo no ar\",\"isPartOf\":{\"@id\":\"https:\/\/www.oarcanjo.net\/site\/#website\"},\"primaryImageOfPage\":{\"@id\":\"https:\/\/www.oarcanjo.net\/site\/santo-expedito\/#primaryimage\"},\"image\":{\"@id\":\"https:\/\/www.oarcanjo.net\/site\/santo-expedito\/#primaryimage\"},\"thumbnailUrl\":\"http:\/\/paroquiasaonicolau.pt\/images\/fotos\/igrejas\/saoNicolau\/big\/S.ExpeditoB.JPG\",\"datePublished\":\"2019-04-19T03:15:27+00:00\",\"dateModified\":\"2019-02-20T10:56:33+00:00\",\"breadcrumb\":{\"@id\":\"https:\/\/www.oarcanjo.net\/site\/santo-expedito\/#breadcrumb\"},\"inLanguage\":\"pt-BR\",\"potentialAction\":[{\"@type\":\"ReadAction\",\"target\":[\"https:\/\/www.oarcanjo.net\/site\/santo-expedito\/\"]}]},{\"@type\":\"ImageObject\",\"inLanguage\":\"pt-BR\",\"@id\":\"https:\/\/www.oarcanjo.net\/site\/santo-expedito\/#primaryimage\",\"url\":\"http:\/\/paroquiasaonicolau.pt\/images\/fotos\/igrejas\/saoNicolau\/big\/S.ExpeditoB.JPG\",\"contentUrl\":\"http:\/\/paroquiasaonicolau.pt\/images\/fotos\/igrejas\/saoNicolau\/big\/S.ExpeditoB.JPG\"},{\"@type\":\"BreadcrumbList\",\"@id\":\"https:\/\/www.oarcanjo.net\/site\/santo-expedito\/#breadcrumb\",\"itemListElement\":[{\"@type\":\"ListItem\",\"position\":1,\"name\":\"In\u00edcio\",\"item\":\"https:\/\/www.oarcanjo.net\/site\/\"},{\"@type\":\"ListItem\",\"position\":2,\"name\":\"Santo Expedito\"}]},{\"@type\":\"WebSite\",\"@id\":\"https:\/\/www.oarcanjo.net\/site\/#website\",\"url\":\"https:\/\/www.oarcanjo.net\/site\/\",\"name\":\"O Arcanjo no ar\",\"description\":\"Site da Par\u00f3quia S\u00e3o Miguel Arcanjo (Arquidiocese de SP)\",\"publisher\":{\"@id\":\"https:\/\/www.oarcanjo.net\/site\/#organization\"},\"potentialAction\":[{\"@type\":\"SearchAction\",\"target\":{\"@type\":\"EntryPoint\",\"urlTemplate\":\"https:\/\/www.oarcanjo.net\/site\/?s={search_term_string}\"},\"query-input\":{\"@type\":\"PropertyValueSpecification\",\"valueRequired\":true,\"valueName\":\"search_term_string\"}}],\"inLanguage\":\"pt-BR\"},{\"@type\":\"Organization\",\"@id\":\"https:\/\/www.oarcanjo.net\/site\/#organization\",\"name\":\"Par\u00f3quia S\u00e3o Miguel Arcanjo\",\"url\":\"https:\/\/www.oarcanjo.net\/site\/\",\"logo\":{\"@type\":\"ImageObject\",\"inLanguage\":\"pt-BR\",\"@id\":\"https:\/\/www.oarcanjo.net\/site\/#\/schema\/logo\/image\/\",\"url\":\"https:\/\/www.oarcanjo.net\/site\/wp-content\/uploads\/LogoOArcanjo.png\",\"contentUrl\":\"https:\/\/www.oarcanjo.net\/site\/wp-content\/uploads\/LogoOArcanjo.png\",\"width\":319,\"height\":99,\"caption\":\"Par\u00f3quia S\u00e3o Miguel Arcanjo\"},\"image\":{\"@id\":\"https:\/\/www.oarcanjo.net\/site\/#\/schema\/logo\/image\/\"},\"sameAs\":[\"https:\/\/www.facebook.com\/OArcanjoNoAr\/\"]},{\"@type\":\"Person\",\"@id\":\"https:\/\/www.oarcanjo.net\/site\/#\/schema\/person\/5eb9480bedd2f3c97e430ce128c29c6c\",\"name\":\"danilo\"}]}<\/script>\n<!-- \/ Yoast SEO plugin. -->","yoast_head_json":{"title":"Santo Expedito - O Arcanjo no ar","robots":{"index":"index","follow":"follow","max-snippet":"max-snippet:-1","max-image-preview":"max-image-preview:large","max-video-preview":"max-video-preview:-1"},"canonical":"https:\/\/www.oarcanjo.net\/site\/santo-expedito\/","og_locale":"pt_BR","og_type":"article","og_title":"Santo Expedito - O Arcanjo no ar","og_description":"19 de Abril \u00a0 \u00a0Santo Expedito foi martirizado na Arm\u00eania. Ele era militar, foi decapitado no dia 19 de abril de 303, sob o imperador Dioclesiano, que subira ao trono de Roma em 284.Ele levava uma vida devassa; mas um dia, tocado pela gra\u00e7a de Deus, resolveu mudar de vida. Foi ent\u00e3o que lhe apareceu [&hellip;]","og_url":"https:\/\/www.oarcanjo.net\/site\/santo-expedito\/","og_site_name":"O Arcanjo no ar","article_publisher":"https:\/\/www.facebook.com\/OArcanjoNoAr\/","article_published_time":"2019-04-19T03:15:27+00:00","article_modified_time":"2019-02-20T10:56:33+00:00","og_image":[{"url":"http:\/\/paroquiasaonicolau.pt\/images\/fotos\/igrejas\/saoNicolau\/big\/S.ExpeditoB.JPG"}],"author":"danilo","twitter_card":"summary_large_image","twitter_misc":{"Escrito por":"danilo","Est. tempo de leitura":"11 minutos"},"schema":{"@context":"https:\/\/schema.org","@graph":[{"@type":"Article","@id":"https:\/\/www.oarcanjo.net\/site\/santo-expedito\/#article","isPartOf":{"@id":"https:\/\/www.oarcanjo.net\/site\/santo-expedito\/"},"author":{"name":"danilo","@id":"https:\/\/www.oarcanjo.net\/site\/#\/schema\/person\/5eb9480bedd2f3c97e430ce128c29c6c"},"headline":"Santo Expedito","datePublished":"2019-04-19T03:15:27+00:00","dateModified":"2019-02-20T10:56:33+00:00","mainEntityOfPage":{"@id":"https:\/\/www.oarcanjo.net\/site\/santo-expedito\/"},"wordCount":2260,"commentCount":2,"publisher":{"@id":"https:\/\/www.oarcanjo.net\/site\/#organization"},"image":{"@id":"https:\/\/www.oarcanjo.net\/site\/santo-expedito\/#primaryimage"},"thumbnailUrl":"http:\/\/paroquiasaonicolau.pt\/images\/fotos\/igrejas\/saoNicolau\/big\/S.ExpeditoB.JPG","articleSection":["Testemunhos"],"inLanguage":"pt-BR","potentialAction":[{"@type":"CommentAction","name":"Comment","target":["https:\/\/www.oarcanjo.net\/site\/santo-expedito\/#respond"]}]},{"@type":"WebPage","@id":"https:\/\/www.oarcanjo.net\/site\/santo-expedito\/","url":"https:\/\/www.oarcanjo.net\/site\/santo-expedito\/","name":"Santo Expedito - O Arcanjo no ar","isPartOf":{"@id":"https:\/\/www.oarcanjo.net\/site\/#website"},"primaryImageOfPage":{"@id":"https:\/\/www.oarcanjo.net\/site\/santo-expedito\/#primaryimage"},"image":{"@id":"https:\/\/www.oarcanjo.net\/site\/santo-expedito\/#primaryimage"},"thumbnailUrl":"http:\/\/paroquiasaonicolau.pt\/images\/fotos\/igrejas\/saoNicolau\/big\/S.ExpeditoB.JPG","datePublished":"2019-04-19T03:15:27+00:00","dateModified":"2019-02-20T10:56:33+00:00","breadcrumb":{"@id":"https:\/\/www.oarcanjo.net\/site\/santo-expedito\/#breadcrumb"},"inLanguage":"pt-BR","potentialAction":[{"@type":"ReadAction","target":["https:\/\/www.oarcanjo.net\/site\/santo-expedito\/"]}]},{"@type":"ImageObject","inLanguage":"pt-BR","@id":"https:\/\/www.oarcanjo.net\/site\/santo-expedito\/#primaryimage","url":"http:\/\/paroquiasaonicolau.pt\/images\/fotos\/igrejas\/saoNicolau\/big\/S.ExpeditoB.JPG","contentUrl":"http:\/\/paroquiasaonicolau.pt\/images\/fotos\/igrejas\/saoNicolau\/big\/S.ExpeditoB.JPG"},{"@type":"BreadcrumbList","@id":"https:\/\/www.oarcanjo.net\/site\/santo-expedito\/#breadcrumb","itemListElement":[{"@type":"ListItem","position":1,"name":"In\u00edcio","item":"https:\/\/www.oarcanjo.net\/site\/"},{"@type":"ListItem","position":2,"name":"Santo Expedito"}]},{"@type":"WebSite","@id":"https:\/\/www.oarcanjo.net\/site\/#website","url":"https:\/\/www.oarcanjo.net\/site\/","name":"O Arcanjo no ar","description":"Site da Par\u00f3quia S\u00e3o Miguel Arcanjo (Arquidiocese de SP)","publisher":{"@id":"https:\/\/www.oarcanjo.net\/site\/#organization"},"potentialAction":[{"@type":"SearchAction","target":{"@type":"EntryPoint","urlTemplate":"https:\/\/www.oarcanjo.net\/site\/?s={search_term_string}"},"query-input":{"@type":"PropertyValueSpecification","valueRequired":true,"valueName":"search_term_string"}}],"inLanguage":"pt-BR"},{"@type":"Organization","@id":"https:\/\/www.oarcanjo.net\/site\/#organization","name":"Par\u00f3quia S\u00e3o Miguel Arcanjo","url":"https:\/\/www.oarcanjo.net\/site\/","logo":{"@type":"ImageObject","inLanguage":"pt-BR","@id":"https:\/\/www.oarcanjo.net\/site\/#\/schema\/logo\/image\/","url":"https:\/\/www.oarcanjo.net\/site\/wp-content\/uploads\/LogoOArcanjo.png","contentUrl":"https:\/\/www.oarcanjo.net\/site\/wp-content\/uploads\/LogoOArcanjo.png","width":319,"height":99,"caption":"Par\u00f3quia S\u00e3o Miguel Arcanjo"},"image":{"@id":"https:\/\/www.oarcanjo.net\/site\/#\/schema\/logo\/image\/"},"sameAs":["https:\/\/www.facebook.com\/OArcanjoNoAr\/"]},{"@type":"Person","@id":"https:\/\/www.oarcanjo.net\/site\/#\/schema\/person\/5eb9480bedd2f3c97e430ce128c29c6c","name":"danilo"}]}},"publishpress_future_action":{"enabled":false,"date":"2026-05-07 16:46:35","action":"category","newStatus":"draft","terms":[],"taxonomy":"category"},"publishpress_future_workflow_manual_trigger":{"enabledWorkflows":[]},"_links":{"self":[{"href":"https:\/\/www.oarcanjo.net\/site\/wp-json\/wp\/v2\/posts\/8918"}],"collection":[{"href":"https:\/\/www.oarcanjo.net\/site\/wp-json\/wp\/v2\/posts"}],"about":[{"href":"https:\/\/www.oarcanjo.net\/site\/wp-json\/wp\/v2\/types\/post"}],"author":[{"embeddable":true,"href":"https:\/\/www.oarcanjo.net\/site\/wp-json\/wp\/v2\/users\/14"}],"replies":[{"embeddable":true,"href":"https:\/\/www.oarcanjo.net\/site\/wp-json\/wp\/v2\/comments?post=8918"}],"version-history":[{"count":1,"href":"https:\/\/www.oarcanjo.net\/site\/wp-json\/wp\/v2\/posts\/8918\/revisions"}],"predecessor-version":[{"id":92898,"href":"https:\/\/www.oarcanjo.net\/site\/wp-json\/wp\/v2\/posts\/8918\/revisions\/92898"}],"wp:attachment":[{"href":"https:\/\/www.oarcanjo.net\/site\/wp-json\/wp\/v2\/media?parent=8918"}],"wp:term":[{"taxonomy":"category","embeddable":true,"href":"https:\/\/www.oarcanjo.net\/site\/wp-json\/wp\/v2\/categories?post=8918"},{"taxonomy":"post_tag","embeddable":true,"href":"https:\/\/www.oarcanjo.net\/site\/wp-json\/wp\/v2\/tags?post=8918"}],"curies":[{"name":"wp","href":"https:\/\/api.w.org\/{rel}","templated":true}]}}