
{"id":8921,"date":"2019-04-19T00:01:24","date_gmt":"2019-04-19T03:01:24","guid":{"rendered":"http:\/\/www.oarcanjo.net\/site\/?p=8921"},"modified":"2019-02-20T07:56:25","modified_gmt":"2019-02-20T10:56:25","slug":"sao-leao-ix","status":"publish","type":"post","link":"https:\/\/www.oarcanjo.net\/site\/sao-leao-ix\/","title":{"rendered":"S\u00e3o Le\u00e3o IX"},"content":{"rendered":"<p><a id=\"apf3\" href=\"http:\/\/www.google.com.br\/imgres?imgurl=http:\/\/catolicanet.com\/images\/papas\/152.gif&amp;imgrefurl=http:\/\/www.catolicanet.com\/%3Fsystem%3Dinformacoes%26action%3Dread%26eid%3D11%26id%3D41504&amp;usg=__jo7j0LGGM3f5HE3hSgZlYI9za54=&amp;h=250&amp;w=250&amp;sz=27&amp;hl=pt-BR&amp;start=4&amp;sig2=IAfMFITlI0s-Ao9CwGGS1g&amp;itbs=1&amp;tbnid=ZSuNb4SXzPyhLM:&amp;tbnh=111&amp;tbnw=111&amp;prev=\/images%3Fq%3DS%25C3%25A3o%2BLe%25C3%25A3o%2BIX%26hl%3Dpt-BR%26sa%3DG%26gbv%3D2%26tbs%3Disch:1&amp;ei=-dLJS6T_BYHGlQfE0oXaBA\"><img loading=\"lazy\" decoding=\"async\" src=\"http:\/\/t1.gstatic.com\/images?q=tbn:ZSuNb4SXzPyhLM:http:\/\/catolicanet.com\/images\/papas\/152.gif\" alt=\"\" width=\"111\" height=\"111\" \/><\/a><\/p>\n<p>19 de Abril<\/p>\n<p>Bruno nasceu no ano 1002 na nobre fam\u00edlia dos Dagsburgo, ou Asburgo, como ficou sendo grafado depois, e veio ao mundo com algumas manchas no corpo, como que predestinado, naquele in\u00edcio de segundo mil\u00eanio. Sua m\u00e3e, santa Heilwiges, era uma cat\u00f3lica fervorosa, viu que a pele do menino apresentava, ao nascer, muitas manchas vermelhas, formando cruzes por todo o corpo.<\/p>\n<p>Ficou na casa paterna, freq\u00fcentada pela nobreza da corte, at\u00e9 os cinco anos de idade, quando sua m\u00e3e o confiou ao bispo de Toul, Bertoldo, que, com o passar dos anos, o fez doutorar em direito can\u00f4nico. Ordenando-se sacerdote, foi atuar junto ao seu primo Conrado, que tinha posi\u00e7\u00e3o de destaque no Imp\u00e9rio, ali trabalhando pela religi\u00e3o e pela comunidade, cuidando de complicadas tarefas administrativas. Seu trabalho o fez ser eleito bispo de Tr\u00e8ves em 1026, quando implantou e desenvolveu uma reforma profunda nos conventos e na pr\u00f3pria forma de evangeliza\u00e7\u00e3o na sua diocese.<\/p>\n<p>Est\u00e1 registrado que, paralelamente ao trabalho desenvolvido em favor da Igreja nas altas rodas do governo e da sociedade, Bruno mantinha, ao mesmo tempo, uma atitude disciplinada e fervorosa quanto aos preceitos da caridade. Para dar exemplo de humildade, diariamente recebia pobres em seu pal\u00e1cio, alimentava-os e repetia a cerim\u00f4nia do lava-p\u00e9s, tendo-os como seus disc\u00edpulos. Liderava tamb\u00e9m, anualmente, uma peregrina\u00e7\u00e3o aos t\u00famulos de s\u00e3o Pedro e s\u00e3o Paulo, em Roma.<\/p>\n<p>Nada disso passou despercebido. Quando faleceu o papa D\u00e2maso II, Bruno foi eleito, por unanimidade, para o trono de Pedro. Mas recusou. \u00c9 que a elei\u00e7\u00e3o ocorreu em um Conc\u00edlio convocado pelo imperador da Alemanha, Henrique III, em Worms. Compareceu enorme n\u00famero de bispos, prelados, embaixadores e pr\u00edncipes, referendando o nome de Bruno, mas o bispo s\u00f3 aceitou o cargo depois que o mesmo ocorreu em Roma, quando seu nome foi de novo consagrado por unanimidade, em 1049, na pr\u00f3pria bas\u00edlica de S\u00e3o Pedro.<\/p>\n<p>Ele assumiu e adotou o nome de Le\u00e3o IX, passando para a hist\u00f3ria por sua atua\u00e7\u00e3o memor\u00e1vel como papa. Citando alguns exemplos: reorganizou a disciplina eclesi\u00e1stica, implantando nova disciplina e a volta dos preceitos originais do cristianismo nos s\u00ednodos de Latr\u00e3o, Pavia, Reims e Mog\u00fancia; acabou com os abusos da simonia, isto \u00e9, com a cobran\u00e7a para as indulg\u00eancias dos pecados, e o casamento dos cl\u00e9rigos; criou cardeais de outras na\u00e7\u00f5es e n\u00e3o s\u00f3 italianos, como se fazia ent\u00e3o; selou a paz entre a Hungria e a Alemanha, evitando uma guerra iminente.<\/p>\n<p>H\u00e1 duas passagens mais na vida do papa Le\u00e3o IX, uma dolorosa e outra her\u00f3ica. A dolorosa se refere ao cisma provocado por Miguel Cerul\u00e1rio, patriarca de Constantinopla, que rompeu com Roma e separou a Igreja em duas, e que este papa n\u00e3o conseguiu evitar.<\/p>\n<p>A her\u00f3ica, tamb\u00e9m triunfal, foi quando os normandos buscavam dominar a Europa e invadiram a It\u00e1lia. J\u00e1 haviam capturado as prov\u00edncias de Apulia e Cal\u00e1bria, quando o papa conseguiu refor\u00e7os do imperador, pegou em armas e liderou os soldados contra os invasores. Evitou a tomada de Roma, mas caiu prisioneiro dos inimigos. Embora tratado com muito respeito pelos advers\u00e1rios, a batalha minara sua sa\u00fade.<\/p>\n<p>De volta a Roma, morreu em 19 de abril de 1054. Celebrado neste dia, daquela \u00e9poca at\u00e9 hoje, s\u00e3o milhares as gra\u00e7as e milagres ocorridos, por sua intercess\u00e3o, aos p\u00e9s de seu t\u00famulo.<\/p>\n<div id=\"themify_builder_content-8921\" data-postid=\"8921\" class=\"themify_builder_content themify_builder_content-8921 themify_builder themify_builder_front\">\n\t<\/div>\n<!-- \/themify_builder_content -->","protected":false},"excerpt":{"rendered":"<p>19 de Abril Bruno nasceu no ano 1002 na nobre fam\u00edlia dos Dagsburgo, ou Asburgo, como ficou sendo grafado depois, e veio ao mundo com algumas manchas no corpo, como que predestinado, naquele in\u00edcio de segundo mil\u00eanio. Sua m\u00e3e, santa Heilwiges, era uma cat\u00f3lica fervorosa, viu que a pele do menino apresentava, ao nascer, muitas [&hellip;]<\/p>\n","protected":false},"author":14,"featured_media":0,"comment_status":"open","ping_status":"open","sticky":false,"template":"","format":"standard","meta":{"ngg_post_thumbnail":0,"footnotes":""},"categories":[186],"tags":[],"yoast_head":"<!-- This site is optimized with the Yoast SEO plugin v23.5 - https:\/\/yoast.com\/wordpress\/plugins\/seo\/ -->\n<title>S\u00e3o Le\u00e3o IX - O Arcanjo no ar<\/title>\n<meta name=\"robots\" content=\"index, follow, max-snippet:-1, max-image-preview:large, max-video-preview:-1\" \/>\n<link rel=\"canonical\" href=\"https:\/\/www.oarcanjo.net\/site\/sao-leao-ix\/\" \/>\n<meta property=\"og:locale\" content=\"pt_BR\" \/>\n<meta property=\"og:type\" content=\"article\" \/>\n<meta property=\"og:title\" content=\"S\u00e3o Le\u00e3o IX - O Arcanjo no ar\" \/>\n<meta property=\"og:description\" content=\"19 de Abril Bruno nasceu no ano 1002 na nobre fam\u00edlia dos Dagsburgo, ou Asburgo, como ficou sendo grafado depois, e veio ao mundo com algumas manchas no corpo, como que predestinado, naquele in\u00edcio de segundo mil\u00eanio. Sua m\u00e3e, santa Heilwiges, era uma cat\u00f3lica fervorosa, viu que a pele do menino apresentava, ao nascer, muitas [&hellip;]\" \/>\n<meta property=\"og:url\" content=\"https:\/\/www.oarcanjo.net\/site\/sao-leao-ix\/\" \/>\n<meta property=\"og:site_name\" content=\"O Arcanjo no ar\" \/>\n<meta property=\"article:publisher\" content=\"https:\/\/www.facebook.com\/OArcanjoNoAr\/\" \/>\n<meta property=\"article:published_time\" content=\"2019-04-19T03:01:24+00:00\" \/>\n<meta property=\"article:modified_time\" content=\"2019-02-20T10:56:25+00:00\" \/>\n<meta property=\"og:image\" content=\"http:\/\/t1.gstatic.com\/images?q=tbn:ZSuNb4SXzPyhLM:http:\/\/catolicanet.com\/images\/papas\/152.gif\" \/>\n<meta name=\"author\" content=\"danilo\" \/>\n<meta name=\"twitter:card\" content=\"summary_large_image\" \/>\n<meta name=\"twitter:label1\" content=\"Escrito por\" \/>\n\t<meta name=\"twitter:data1\" content=\"danilo\" \/>\n\t<meta name=\"twitter:label2\" content=\"Est. tempo de leitura\" \/>\n\t<meta name=\"twitter:data2\" content=\"3 minutos\" \/>\n<script type=\"application\/ld+json\" class=\"yoast-schema-graph\">{\"@context\":\"https:\/\/schema.org\",\"@graph\":[{\"@type\":\"Article\",\"@id\":\"https:\/\/www.oarcanjo.net\/site\/sao-leao-ix\/#article\",\"isPartOf\":{\"@id\":\"https:\/\/www.oarcanjo.net\/site\/sao-leao-ix\/\"},\"author\":{\"name\":\"danilo\",\"@id\":\"https:\/\/www.oarcanjo.net\/site\/#\/schema\/person\/5eb9480bedd2f3c97e430ce128c29c6c\"},\"headline\":\"S\u00e3o Le\u00e3o IX\",\"datePublished\":\"2019-04-19T03:01:24+00:00\",\"dateModified\":\"2019-02-20T10:56:25+00:00\",\"mainEntityOfPage\":{\"@id\":\"https:\/\/www.oarcanjo.net\/site\/sao-leao-ix\/\"},\"wordCount\":605,\"commentCount\":1,\"publisher\":{\"@id\":\"https:\/\/www.oarcanjo.net\/site\/#organization\"},\"image\":{\"@id\":\"https:\/\/www.oarcanjo.net\/site\/sao-leao-ix\/#primaryimage\"},\"thumbnailUrl\":\"http:\/\/t1.gstatic.com\/images?q=tbn:ZSuNb4SXzPyhLM:http:\/\/catolicanet.com\/images\/papas\/152.gif\",\"articleSection\":[\"Testemunhos\"],\"inLanguage\":\"pt-BR\",\"potentialAction\":[{\"@type\":\"CommentAction\",\"name\":\"Comment\",\"target\":[\"https:\/\/www.oarcanjo.net\/site\/sao-leao-ix\/#respond\"]}]},{\"@type\":\"WebPage\",\"@id\":\"https:\/\/www.oarcanjo.net\/site\/sao-leao-ix\/\",\"url\":\"https:\/\/www.oarcanjo.net\/site\/sao-leao-ix\/\",\"name\":\"S\u00e3o Le\u00e3o IX - O Arcanjo no ar\",\"isPartOf\":{\"@id\":\"https:\/\/www.oarcanjo.net\/site\/#website\"},\"primaryImageOfPage\":{\"@id\":\"https:\/\/www.oarcanjo.net\/site\/sao-leao-ix\/#primaryimage\"},\"image\":{\"@id\":\"https:\/\/www.oarcanjo.net\/site\/sao-leao-ix\/#primaryimage\"},\"thumbnailUrl\":\"http:\/\/t1.gstatic.com\/images?q=tbn:ZSuNb4SXzPyhLM:http:\/\/catolicanet.com\/images\/papas\/152.gif\",\"datePublished\":\"2019-04-19T03:01:24+00:00\",\"dateModified\":\"2019-02-20T10:56:25+00:00\",\"breadcrumb\":{\"@id\":\"https:\/\/www.oarcanjo.net\/site\/sao-leao-ix\/#breadcrumb\"},\"inLanguage\":\"pt-BR\",\"potentialAction\":[{\"@type\":\"ReadAction\",\"target\":[\"https:\/\/www.oarcanjo.net\/site\/sao-leao-ix\/\"]}]},{\"@type\":\"ImageObject\",\"inLanguage\":\"pt-BR\",\"@id\":\"https:\/\/www.oarcanjo.net\/site\/sao-leao-ix\/#primaryimage\",\"url\":\"http:\/\/t1.gstatic.com\/images?q=tbn:ZSuNb4SXzPyhLM:http:\/\/catolicanet.com\/images\/papas\/152.gif\",\"contentUrl\":\"http:\/\/t1.gstatic.com\/images?q=tbn:ZSuNb4SXzPyhLM:http:\/\/catolicanet.com\/images\/papas\/152.gif\"},{\"@type\":\"BreadcrumbList\",\"@id\":\"https:\/\/www.oarcanjo.net\/site\/sao-leao-ix\/#breadcrumb\",\"itemListElement\":[{\"@type\":\"ListItem\",\"position\":1,\"name\":\"In\u00edcio\",\"item\":\"https:\/\/www.oarcanjo.net\/site\/\"},{\"@type\":\"ListItem\",\"position\":2,\"name\":\"S\u00e3o Le\u00e3o IX\"}]},{\"@type\":\"WebSite\",\"@id\":\"https:\/\/www.oarcanjo.net\/site\/#website\",\"url\":\"https:\/\/www.oarcanjo.net\/site\/\",\"name\":\"O Arcanjo no ar\",\"description\":\"Site da Par\u00f3quia S\u00e3o Miguel Arcanjo (Arquidiocese de SP)\",\"publisher\":{\"@id\":\"https:\/\/www.oarcanjo.net\/site\/#organization\"},\"potentialAction\":[{\"@type\":\"SearchAction\",\"target\":{\"@type\":\"EntryPoint\",\"urlTemplate\":\"https:\/\/www.oarcanjo.net\/site\/?s={search_term_string}\"},\"query-input\":{\"@type\":\"PropertyValueSpecification\",\"valueRequired\":true,\"valueName\":\"search_term_string\"}}],\"inLanguage\":\"pt-BR\"},{\"@type\":\"Organization\",\"@id\":\"https:\/\/www.oarcanjo.net\/site\/#organization\",\"name\":\"Par\u00f3quia S\u00e3o Miguel Arcanjo\",\"url\":\"https:\/\/www.oarcanjo.net\/site\/\",\"logo\":{\"@type\":\"ImageObject\",\"inLanguage\":\"pt-BR\",\"@id\":\"https:\/\/www.oarcanjo.net\/site\/#\/schema\/logo\/image\/\",\"url\":\"https:\/\/www.oarcanjo.net\/site\/wp-content\/uploads\/LogoOArcanjo.png\",\"contentUrl\":\"https:\/\/www.oarcanjo.net\/site\/wp-content\/uploads\/LogoOArcanjo.png\",\"width\":319,\"height\":99,\"caption\":\"Par\u00f3quia S\u00e3o Miguel Arcanjo\"},\"image\":{\"@id\":\"https:\/\/www.oarcanjo.net\/site\/#\/schema\/logo\/image\/\"},\"sameAs\":[\"https:\/\/www.facebook.com\/OArcanjoNoAr\/\"]},{\"@type\":\"Person\",\"@id\":\"https:\/\/www.oarcanjo.net\/site\/#\/schema\/person\/5eb9480bedd2f3c97e430ce128c29c6c\",\"name\":\"danilo\"}]}<\/script>\n<!-- \/ Yoast SEO plugin. -->","yoast_head_json":{"title":"S\u00e3o Le\u00e3o IX - O Arcanjo no ar","robots":{"index":"index","follow":"follow","max-snippet":"max-snippet:-1","max-image-preview":"max-image-preview:large","max-video-preview":"max-video-preview:-1"},"canonical":"https:\/\/www.oarcanjo.net\/site\/sao-leao-ix\/","og_locale":"pt_BR","og_type":"article","og_title":"S\u00e3o Le\u00e3o IX - O Arcanjo no ar","og_description":"19 de Abril Bruno nasceu no ano 1002 na nobre fam\u00edlia dos Dagsburgo, ou Asburgo, como ficou sendo grafado depois, e veio ao mundo com algumas manchas no corpo, como que predestinado, naquele in\u00edcio de segundo mil\u00eanio. Sua m\u00e3e, santa Heilwiges, era uma cat\u00f3lica fervorosa, viu que a pele do menino apresentava, ao nascer, muitas [&hellip;]","og_url":"https:\/\/www.oarcanjo.net\/site\/sao-leao-ix\/","og_site_name":"O Arcanjo no ar","article_publisher":"https:\/\/www.facebook.com\/OArcanjoNoAr\/","article_published_time":"2019-04-19T03:01:24+00:00","article_modified_time":"2019-02-20T10:56:25+00:00","og_image":[{"url":"http:\/\/t1.gstatic.com\/images?q=tbn:ZSuNb4SXzPyhLM:http:\/\/catolicanet.com\/images\/papas\/152.gif"}],"author":"danilo","twitter_card":"summary_large_image","twitter_misc":{"Escrito por":"danilo","Est. tempo de leitura":"3 minutos"},"schema":{"@context":"https:\/\/schema.org","@graph":[{"@type":"Article","@id":"https:\/\/www.oarcanjo.net\/site\/sao-leao-ix\/#article","isPartOf":{"@id":"https:\/\/www.oarcanjo.net\/site\/sao-leao-ix\/"},"author":{"name":"danilo","@id":"https:\/\/www.oarcanjo.net\/site\/#\/schema\/person\/5eb9480bedd2f3c97e430ce128c29c6c"},"headline":"S\u00e3o Le\u00e3o IX","datePublished":"2019-04-19T03:01:24+00:00","dateModified":"2019-02-20T10:56:25+00:00","mainEntityOfPage":{"@id":"https:\/\/www.oarcanjo.net\/site\/sao-leao-ix\/"},"wordCount":605,"commentCount":1,"publisher":{"@id":"https:\/\/www.oarcanjo.net\/site\/#organization"},"image":{"@id":"https:\/\/www.oarcanjo.net\/site\/sao-leao-ix\/#primaryimage"},"thumbnailUrl":"http:\/\/t1.gstatic.com\/images?q=tbn:ZSuNb4SXzPyhLM:http:\/\/catolicanet.com\/images\/papas\/152.gif","articleSection":["Testemunhos"],"inLanguage":"pt-BR","potentialAction":[{"@type":"CommentAction","name":"Comment","target":["https:\/\/www.oarcanjo.net\/site\/sao-leao-ix\/#respond"]}]},{"@type":"WebPage","@id":"https:\/\/www.oarcanjo.net\/site\/sao-leao-ix\/","url":"https:\/\/www.oarcanjo.net\/site\/sao-leao-ix\/","name":"S\u00e3o Le\u00e3o IX - O Arcanjo no ar","isPartOf":{"@id":"https:\/\/www.oarcanjo.net\/site\/#website"},"primaryImageOfPage":{"@id":"https:\/\/www.oarcanjo.net\/site\/sao-leao-ix\/#primaryimage"},"image":{"@id":"https:\/\/www.oarcanjo.net\/site\/sao-leao-ix\/#primaryimage"},"thumbnailUrl":"http:\/\/t1.gstatic.com\/images?q=tbn:ZSuNb4SXzPyhLM:http:\/\/catolicanet.com\/images\/papas\/152.gif","datePublished":"2019-04-19T03:01:24+00:00","dateModified":"2019-02-20T10:56:25+00:00","breadcrumb":{"@id":"https:\/\/www.oarcanjo.net\/site\/sao-leao-ix\/#breadcrumb"},"inLanguage":"pt-BR","potentialAction":[{"@type":"ReadAction","target":["https:\/\/www.oarcanjo.net\/site\/sao-leao-ix\/"]}]},{"@type":"ImageObject","inLanguage":"pt-BR","@id":"https:\/\/www.oarcanjo.net\/site\/sao-leao-ix\/#primaryimage","url":"http:\/\/t1.gstatic.com\/images?q=tbn:ZSuNb4SXzPyhLM:http:\/\/catolicanet.com\/images\/papas\/152.gif","contentUrl":"http:\/\/t1.gstatic.com\/images?q=tbn:ZSuNb4SXzPyhLM:http:\/\/catolicanet.com\/images\/papas\/152.gif"},{"@type":"BreadcrumbList","@id":"https:\/\/www.oarcanjo.net\/site\/sao-leao-ix\/#breadcrumb","itemListElement":[{"@type":"ListItem","position":1,"name":"In\u00edcio","item":"https:\/\/www.oarcanjo.net\/site\/"},{"@type":"ListItem","position":2,"name":"S\u00e3o Le\u00e3o IX"}]},{"@type":"WebSite","@id":"https:\/\/www.oarcanjo.net\/site\/#website","url":"https:\/\/www.oarcanjo.net\/site\/","name":"O Arcanjo no ar","description":"Site da Par\u00f3quia S\u00e3o Miguel Arcanjo (Arquidiocese de SP)","publisher":{"@id":"https:\/\/www.oarcanjo.net\/site\/#organization"},"potentialAction":[{"@type":"SearchAction","target":{"@type":"EntryPoint","urlTemplate":"https:\/\/www.oarcanjo.net\/site\/?s={search_term_string}"},"query-input":{"@type":"PropertyValueSpecification","valueRequired":true,"valueName":"search_term_string"}}],"inLanguage":"pt-BR"},{"@type":"Organization","@id":"https:\/\/www.oarcanjo.net\/site\/#organization","name":"Par\u00f3quia S\u00e3o Miguel Arcanjo","url":"https:\/\/www.oarcanjo.net\/site\/","logo":{"@type":"ImageObject","inLanguage":"pt-BR","@id":"https:\/\/www.oarcanjo.net\/site\/#\/schema\/logo\/image\/","url":"https:\/\/www.oarcanjo.net\/site\/wp-content\/uploads\/LogoOArcanjo.png","contentUrl":"https:\/\/www.oarcanjo.net\/site\/wp-content\/uploads\/LogoOArcanjo.png","width":319,"height":99,"caption":"Par\u00f3quia S\u00e3o Miguel Arcanjo"},"image":{"@id":"https:\/\/www.oarcanjo.net\/site\/#\/schema\/logo\/image\/"},"sameAs":["https:\/\/www.facebook.com\/OArcanjoNoAr\/"]},{"@type":"Person","@id":"https:\/\/www.oarcanjo.net\/site\/#\/schema\/person\/5eb9480bedd2f3c97e430ce128c29c6c","name":"danilo"}]}},"publishpress_future_action":{"enabled":false,"date":"2026-05-07 16:54:15","action":"category","newStatus":"draft","terms":[],"taxonomy":"category"},"publishpress_future_workflow_manual_trigger":{"enabledWorkflows":[]},"_links":{"self":[{"href":"https:\/\/www.oarcanjo.net\/site\/wp-json\/wp\/v2\/posts\/8921"}],"collection":[{"href":"https:\/\/www.oarcanjo.net\/site\/wp-json\/wp\/v2\/posts"}],"about":[{"href":"https:\/\/www.oarcanjo.net\/site\/wp-json\/wp\/v2\/types\/post"}],"author":[{"embeddable":true,"href":"https:\/\/www.oarcanjo.net\/site\/wp-json\/wp\/v2\/users\/14"}],"replies":[{"embeddable":true,"href":"https:\/\/www.oarcanjo.net\/site\/wp-json\/wp\/v2\/comments?post=8921"}],"version-history":[{"count":1,"href":"https:\/\/www.oarcanjo.net\/site\/wp-json\/wp\/v2\/posts\/8921\/revisions"}],"predecessor-version":[{"id":92896,"href":"https:\/\/www.oarcanjo.net\/site\/wp-json\/wp\/v2\/posts\/8921\/revisions\/92896"}],"wp:attachment":[{"href":"https:\/\/www.oarcanjo.net\/site\/wp-json\/wp\/v2\/media?parent=8921"}],"wp:term":[{"taxonomy":"category","embeddable":true,"href":"https:\/\/www.oarcanjo.net\/site\/wp-json\/wp\/v2\/categories?post=8921"},{"taxonomy":"post_tag","embeddable":true,"href":"https:\/\/www.oarcanjo.net\/site\/wp-json\/wp\/v2\/tags?post=8921"}],"curies":[{"name":"wp","href":"https:\/\/api.w.org\/{rel}","templated":true}]}}