
{"id":8923,"date":"2019-04-19T00:12:35","date_gmt":"2019-04-19T03:12:35","guid":{"rendered":"http:\/\/www.oarcanjo.net\/site\/?p=8923"},"modified":"2019-02-20T07:56:29","modified_gmt":"2019-02-20T10:56:29","slug":"santa-ema-da-saxonia","status":"publish","type":"post","link":"https:\/\/www.oarcanjo.net\/site\/santa-ema-da-saxonia\/","title":{"rendered":"Santa Ema da Sax\u00f4nia"},"content":{"rendered":"<p><img decoding=\"async\" src=\"http:\/\/2.bp.blogspot.com\/_z-c0Sh5Zlrs\/SJKCa3HyLTI\/AAAAAAAABMw\/lG_2PH1Qito\/s400\/Santa+Ema+da+Sax%C3%B4nia.jpg\" alt=\"\" \/><\/p>\n<p>19 de Abril<\/p>\n<p>Ema da Sax\u00f4nia morreu em 19 de abril de 1040. No mosteiro de S\u00e3o Ludgero, na Alemanha, inexplicavelmente longe da Sax\u00f4nia, conserva-se uma rel\u00edquia desta santa: uma m\u00e3o prodigiosamente intacta.<\/p>\n<p>Ela, de origem alem\u00e3, nasceu no ber\u00e7o de uma fam\u00edlia muito religiosa e crist\u00e3. Era irm\u00e3 de Meginverco, bispo da cidade de Paderborn, que tamb\u00e9m se tornou santo. Muito nova foi dada em matrim\u00f4nio para Ludgero, conde da Sax\u00f4nia, que a deixou vi\u00fava um ano depois do enlace. Muito devota, bonita, rica e sem filhos, n\u00e3o desejou se casar novamente. E se manteve constante em seu novo projeto de vida, que foi a total dedica\u00e7\u00e3o \u00e0s obras de caridade.<\/p>\n<p>&#8220;A mulher est\u00e9ril&#8221;, diz a B\u00edblia, &#8220;ser\u00e1 m\u00e3e de muitos filhos.&#8221; Assim foi com Ema. Generosa nas doa\u00e7\u00f5es e no atendimento ao pr\u00f3ximo, mas austera e intransigente consigo mesma, procurou a perfei\u00e7\u00e3o no dif\u00edcil estado de viuvez, uma condi\u00e7\u00e3o bastante inc\u00f4moda para uma mulher que ficou s\u00f3 e muito rica.<\/p>\n<p>Ela, entretanto, potenciou sua fecundidade espiritual e administrou seu patrim\u00f4nio em benef\u00edcio dos pobres e \u00f3rf\u00e3os por meio das institui\u00e7\u00f5es assistenciais. Quarenta anos depois, por ocasi\u00e3o de sua morte, ela j\u00e1 n\u00e3o possu\u00eda mais nada neste mundo, tendo transferido, por sua caridade, seus bens ao tesouro do para\u00edso, onde, no dizer de Jesus, &#8220;As tra\u00e7as e a ferrugem n\u00e3o consomem, nem os ladr\u00f5es roubam&#8221; (Mt 6,20).<\/p>\n<p>A escolha de Ema n\u00e3o foi uma fuga perante as responsabilidades familiares, mas uma op\u00e7\u00e3o em favor de um servi\u00e7o mais amplo aos necessitados, em nome de Jesus Cristo, que nos deixou o exemplo de dar sua vida pela salva\u00e7\u00e3o dos seres humanos. Ali\u00e1s, o ap\u00f3stolo Paulo louva a op\u00e7\u00e3o das vi\u00favas que se dedicam unicamente ao Senhor e ao servi\u00e7o comunit\u00e1rio da diocese, de tal modo que, nos primeiros s\u00e9culos do cristianismo, existia uma esp\u00e9cie de associa\u00e7\u00e3o de vi\u00favas que trabalhavam distribuindo as esmolas dadas aos pobres pela Igreja.<\/p>\n<p>Ema havia escolhido esta maneira de servir a Deus, a mais dif\u00edcil e rara. Sua m\u00e3o se conservou intacta, nove s\u00e9culos e meio ap\u00f3s sua morte, sem d\u00favida como um sinal certo da sua mais caracter\u00edstica virtude: a generosidade.<\/p>\n<p>Esta verdadeira serva de Cristo auxiliou o seu esposo celestial com a ora\u00e7\u00e3o e a caridade, merecendo a devo\u00e7\u00e3o n\u00e3o de um marido, mas de milh\u00f5es de crist\u00e3os. A Igreja a declarou santa e oficializou o seu culto p\u00fablico, que j\u00e1 era celebrado havia mais de nove s\u00e9culos, no dia de sua morte. O corpo de santa Ema da Sax\u00f4nia, sem aquela m\u00e3o de que se falou, repousa na catedral de Bremen, Alemanha.<\/p>\n<div id=\"themify_builder_content-8923\" data-postid=\"8923\" class=\"themify_builder_content themify_builder_content-8923 themify_builder themify_builder_front\">\n\t<\/div>\n<!-- \/themify_builder_content -->","protected":false},"excerpt":{"rendered":"<p>19 de Abril Ema da Sax\u00f4nia morreu em 19 de abril de 1040. No mosteiro de S\u00e3o Ludgero, na Alemanha, inexplicavelmente longe da Sax\u00f4nia, conserva-se uma rel\u00edquia desta santa: uma m\u00e3o prodigiosamente intacta. Ela, de origem alem\u00e3, nasceu no ber\u00e7o de uma fam\u00edlia muito religiosa e crist\u00e3. Era irm\u00e3 de Meginverco, bispo da cidade de [&hellip;]<\/p>\n","protected":false},"author":14,"featured_media":0,"comment_status":"open","ping_status":"open","sticky":false,"template":"","format":"standard","meta":{"ngg_post_thumbnail":0,"footnotes":""},"categories":[186],"tags":[],"yoast_head":"<!-- This site is optimized with the Yoast SEO plugin v23.5 - https:\/\/yoast.com\/wordpress\/plugins\/seo\/ -->\n<title>Santa Ema da Sax\u00f4nia - O Arcanjo no ar<\/title>\n<meta name=\"robots\" content=\"index, follow, max-snippet:-1, max-image-preview:large, max-video-preview:-1\" \/>\n<link rel=\"canonical\" href=\"https:\/\/www.oarcanjo.net\/site\/santa-ema-da-saxonia\/\" \/>\n<meta property=\"og:locale\" content=\"pt_BR\" \/>\n<meta property=\"og:type\" content=\"article\" \/>\n<meta property=\"og:title\" content=\"Santa Ema da Sax\u00f4nia - O Arcanjo no ar\" \/>\n<meta property=\"og:description\" content=\"19 de Abril Ema da Sax\u00f4nia morreu em 19 de abril de 1040. No mosteiro de S\u00e3o Ludgero, na Alemanha, inexplicavelmente longe da Sax\u00f4nia, conserva-se uma rel\u00edquia desta santa: uma m\u00e3o prodigiosamente intacta. Ela, de origem alem\u00e3, nasceu no ber\u00e7o de uma fam\u00edlia muito religiosa e crist\u00e3. Era irm\u00e3 de Meginverco, bispo da cidade de [&hellip;]\" \/>\n<meta property=\"og:url\" content=\"https:\/\/www.oarcanjo.net\/site\/santa-ema-da-saxonia\/\" \/>\n<meta property=\"og:site_name\" content=\"O Arcanjo no ar\" \/>\n<meta property=\"article:publisher\" content=\"https:\/\/www.facebook.com\/OArcanjoNoAr\/\" \/>\n<meta property=\"article:published_time\" content=\"2019-04-19T03:12:35+00:00\" \/>\n<meta property=\"article:modified_time\" content=\"2019-02-20T10:56:29+00:00\" \/>\n<meta property=\"og:image\" content=\"http:\/\/2.bp.blogspot.com\/_z-c0Sh5Zlrs\/SJKCa3HyLTI\/AAAAAAAABMw\/lG_2PH1Qito\/s400\/Santa+Ema+da+Sax%C3%B4nia.jpg\" \/>\n<meta name=\"author\" content=\"danilo\" \/>\n<meta name=\"twitter:card\" content=\"summary_large_image\" \/>\n<meta name=\"twitter:label1\" content=\"Escrito por\" \/>\n\t<meta name=\"twitter:data1\" content=\"danilo\" \/>\n\t<meta name=\"twitter:label2\" content=\"Est. tempo de leitura\" \/>\n\t<meta name=\"twitter:data2\" content=\"2 minutos\" \/>\n<script type=\"application\/ld+json\" class=\"yoast-schema-graph\">{\"@context\":\"https:\/\/schema.org\",\"@graph\":[{\"@type\":\"Article\",\"@id\":\"https:\/\/www.oarcanjo.net\/site\/santa-ema-da-saxonia\/#article\",\"isPartOf\":{\"@id\":\"https:\/\/www.oarcanjo.net\/site\/santa-ema-da-saxonia\/\"},\"author\":{\"name\":\"danilo\",\"@id\":\"https:\/\/www.oarcanjo.net\/site\/#\/schema\/person\/5eb9480bedd2f3c97e430ce128c29c6c\"},\"headline\":\"Santa Ema da Sax\u00f4nia\",\"datePublished\":\"2019-04-19T03:12:35+00:00\",\"dateModified\":\"2019-02-20T10:56:29+00:00\",\"mainEntityOfPage\":{\"@id\":\"https:\/\/www.oarcanjo.net\/site\/santa-ema-da-saxonia\/\"},\"wordCount\":493,\"commentCount\":0,\"publisher\":{\"@id\":\"https:\/\/www.oarcanjo.net\/site\/#organization\"},\"image\":{\"@id\":\"https:\/\/www.oarcanjo.net\/site\/santa-ema-da-saxonia\/#primaryimage\"},\"thumbnailUrl\":\"http:\/\/2.bp.blogspot.com\/_z-c0Sh5Zlrs\/SJKCa3HyLTI\/AAAAAAAABMw\/lG_2PH1Qito\/s400\/Santa+Ema+da+Sax%C3%B4nia.jpg\",\"articleSection\":[\"Testemunhos\"],\"inLanguage\":\"pt-BR\",\"potentialAction\":[{\"@type\":\"CommentAction\",\"name\":\"Comment\",\"target\":[\"https:\/\/www.oarcanjo.net\/site\/santa-ema-da-saxonia\/#respond\"]}]},{\"@type\":\"WebPage\",\"@id\":\"https:\/\/www.oarcanjo.net\/site\/santa-ema-da-saxonia\/\",\"url\":\"https:\/\/www.oarcanjo.net\/site\/santa-ema-da-saxonia\/\",\"name\":\"Santa Ema da Sax\u00f4nia - O Arcanjo no ar\",\"isPartOf\":{\"@id\":\"https:\/\/www.oarcanjo.net\/site\/#website\"},\"primaryImageOfPage\":{\"@id\":\"https:\/\/www.oarcanjo.net\/site\/santa-ema-da-saxonia\/#primaryimage\"},\"image\":{\"@id\":\"https:\/\/www.oarcanjo.net\/site\/santa-ema-da-saxonia\/#primaryimage\"},\"thumbnailUrl\":\"http:\/\/2.bp.blogspot.com\/_z-c0Sh5Zlrs\/SJKCa3HyLTI\/AAAAAAAABMw\/lG_2PH1Qito\/s400\/Santa+Ema+da+Sax%C3%B4nia.jpg\",\"datePublished\":\"2019-04-19T03:12:35+00:00\",\"dateModified\":\"2019-02-20T10:56:29+00:00\",\"breadcrumb\":{\"@id\":\"https:\/\/www.oarcanjo.net\/site\/santa-ema-da-saxonia\/#breadcrumb\"},\"inLanguage\":\"pt-BR\",\"potentialAction\":[{\"@type\":\"ReadAction\",\"target\":[\"https:\/\/www.oarcanjo.net\/site\/santa-ema-da-saxonia\/\"]}]},{\"@type\":\"ImageObject\",\"inLanguage\":\"pt-BR\",\"@id\":\"https:\/\/www.oarcanjo.net\/site\/santa-ema-da-saxonia\/#primaryimage\",\"url\":\"http:\/\/2.bp.blogspot.com\/_z-c0Sh5Zlrs\/SJKCa3HyLTI\/AAAAAAAABMw\/lG_2PH1Qito\/s400\/Santa+Ema+da+Sax%C3%B4nia.jpg\",\"contentUrl\":\"http:\/\/2.bp.blogspot.com\/_z-c0Sh5Zlrs\/SJKCa3HyLTI\/AAAAAAAABMw\/lG_2PH1Qito\/s400\/Santa+Ema+da+Sax%C3%B4nia.jpg\"},{\"@type\":\"BreadcrumbList\",\"@id\":\"https:\/\/www.oarcanjo.net\/site\/santa-ema-da-saxonia\/#breadcrumb\",\"itemListElement\":[{\"@type\":\"ListItem\",\"position\":1,\"name\":\"In\u00edcio\",\"item\":\"https:\/\/www.oarcanjo.net\/site\/\"},{\"@type\":\"ListItem\",\"position\":2,\"name\":\"Santa Ema da Sax\u00f4nia\"}]},{\"@type\":\"WebSite\",\"@id\":\"https:\/\/www.oarcanjo.net\/site\/#website\",\"url\":\"https:\/\/www.oarcanjo.net\/site\/\",\"name\":\"O Arcanjo no ar\",\"description\":\"Site da Par\u00f3quia S\u00e3o Miguel Arcanjo (Arquidiocese de SP)\",\"publisher\":{\"@id\":\"https:\/\/www.oarcanjo.net\/site\/#organization\"},\"potentialAction\":[{\"@type\":\"SearchAction\",\"target\":{\"@type\":\"EntryPoint\",\"urlTemplate\":\"https:\/\/www.oarcanjo.net\/site\/?s={search_term_string}\"},\"query-input\":{\"@type\":\"PropertyValueSpecification\",\"valueRequired\":true,\"valueName\":\"search_term_string\"}}],\"inLanguage\":\"pt-BR\"},{\"@type\":\"Organization\",\"@id\":\"https:\/\/www.oarcanjo.net\/site\/#organization\",\"name\":\"Par\u00f3quia S\u00e3o Miguel Arcanjo\",\"url\":\"https:\/\/www.oarcanjo.net\/site\/\",\"logo\":{\"@type\":\"ImageObject\",\"inLanguage\":\"pt-BR\",\"@id\":\"https:\/\/www.oarcanjo.net\/site\/#\/schema\/logo\/image\/\",\"url\":\"https:\/\/www.oarcanjo.net\/site\/wp-content\/uploads\/LogoOArcanjo.png\",\"contentUrl\":\"https:\/\/www.oarcanjo.net\/site\/wp-content\/uploads\/LogoOArcanjo.png\",\"width\":319,\"height\":99,\"caption\":\"Par\u00f3quia S\u00e3o Miguel Arcanjo\"},\"image\":{\"@id\":\"https:\/\/www.oarcanjo.net\/site\/#\/schema\/logo\/image\/\"},\"sameAs\":[\"https:\/\/www.facebook.com\/OArcanjoNoAr\/\"]},{\"@type\":\"Person\",\"@id\":\"https:\/\/www.oarcanjo.net\/site\/#\/schema\/person\/5eb9480bedd2f3c97e430ce128c29c6c\",\"name\":\"danilo\"}]}<\/script>\n<!-- \/ Yoast SEO plugin. -->","yoast_head_json":{"title":"Santa Ema da Sax\u00f4nia - O Arcanjo no ar","robots":{"index":"index","follow":"follow","max-snippet":"max-snippet:-1","max-image-preview":"max-image-preview:large","max-video-preview":"max-video-preview:-1"},"canonical":"https:\/\/www.oarcanjo.net\/site\/santa-ema-da-saxonia\/","og_locale":"pt_BR","og_type":"article","og_title":"Santa Ema da Sax\u00f4nia - O Arcanjo no ar","og_description":"19 de Abril Ema da Sax\u00f4nia morreu em 19 de abril de 1040. No mosteiro de S\u00e3o Ludgero, na Alemanha, inexplicavelmente longe da Sax\u00f4nia, conserva-se uma rel\u00edquia desta santa: uma m\u00e3o prodigiosamente intacta. Ela, de origem alem\u00e3, nasceu no ber\u00e7o de uma fam\u00edlia muito religiosa e crist\u00e3. Era irm\u00e3 de Meginverco, bispo da cidade de [&hellip;]","og_url":"https:\/\/www.oarcanjo.net\/site\/santa-ema-da-saxonia\/","og_site_name":"O Arcanjo no ar","article_publisher":"https:\/\/www.facebook.com\/OArcanjoNoAr\/","article_published_time":"2019-04-19T03:12:35+00:00","article_modified_time":"2019-02-20T10:56:29+00:00","og_image":[{"url":"http:\/\/2.bp.blogspot.com\/_z-c0Sh5Zlrs\/SJKCa3HyLTI\/AAAAAAAABMw\/lG_2PH1Qito\/s400\/Santa+Ema+da+Sax%C3%B4nia.jpg"}],"author":"danilo","twitter_card":"summary_large_image","twitter_misc":{"Escrito por":"danilo","Est. tempo de leitura":"2 minutos"},"schema":{"@context":"https:\/\/schema.org","@graph":[{"@type":"Article","@id":"https:\/\/www.oarcanjo.net\/site\/santa-ema-da-saxonia\/#article","isPartOf":{"@id":"https:\/\/www.oarcanjo.net\/site\/santa-ema-da-saxonia\/"},"author":{"name":"danilo","@id":"https:\/\/www.oarcanjo.net\/site\/#\/schema\/person\/5eb9480bedd2f3c97e430ce128c29c6c"},"headline":"Santa Ema da Sax\u00f4nia","datePublished":"2019-04-19T03:12:35+00:00","dateModified":"2019-02-20T10:56:29+00:00","mainEntityOfPage":{"@id":"https:\/\/www.oarcanjo.net\/site\/santa-ema-da-saxonia\/"},"wordCount":493,"commentCount":0,"publisher":{"@id":"https:\/\/www.oarcanjo.net\/site\/#organization"},"image":{"@id":"https:\/\/www.oarcanjo.net\/site\/santa-ema-da-saxonia\/#primaryimage"},"thumbnailUrl":"http:\/\/2.bp.blogspot.com\/_z-c0Sh5Zlrs\/SJKCa3HyLTI\/AAAAAAAABMw\/lG_2PH1Qito\/s400\/Santa+Ema+da+Sax%C3%B4nia.jpg","articleSection":["Testemunhos"],"inLanguage":"pt-BR","potentialAction":[{"@type":"CommentAction","name":"Comment","target":["https:\/\/www.oarcanjo.net\/site\/santa-ema-da-saxonia\/#respond"]}]},{"@type":"WebPage","@id":"https:\/\/www.oarcanjo.net\/site\/santa-ema-da-saxonia\/","url":"https:\/\/www.oarcanjo.net\/site\/santa-ema-da-saxonia\/","name":"Santa Ema da Sax\u00f4nia - O Arcanjo no ar","isPartOf":{"@id":"https:\/\/www.oarcanjo.net\/site\/#website"},"primaryImageOfPage":{"@id":"https:\/\/www.oarcanjo.net\/site\/santa-ema-da-saxonia\/#primaryimage"},"image":{"@id":"https:\/\/www.oarcanjo.net\/site\/santa-ema-da-saxonia\/#primaryimage"},"thumbnailUrl":"http:\/\/2.bp.blogspot.com\/_z-c0Sh5Zlrs\/SJKCa3HyLTI\/AAAAAAAABMw\/lG_2PH1Qito\/s400\/Santa+Ema+da+Sax%C3%B4nia.jpg","datePublished":"2019-04-19T03:12:35+00:00","dateModified":"2019-02-20T10:56:29+00:00","breadcrumb":{"@id":"https:\/\/www.oarcanjo.net\/site\/santa-ema-da-saxonia\/#breadcrumb"},"inLanguage":"pt-BR","potentialAction":[{"@type":"ReadAction","target":["https:\/\/www.oarcanjo.net\/site\/santa-ema-da-saxonia\/"]}]},{"@type":"ImageObject","inLanguage":"pt-BR","@id":"https:\/\/www.oarcanjo.net\/site\/santa-ema-da-saxonia\/#primaryimage","url":"http:\/\/2.bp.blogspot.com\/_z-c0Sh5Zlrs\/SJKCa3HyLTI\/AAAAAAAABMw\/lG_2PH1Qito\/s400\/Santa+Ema+da+Sax%C3%B4nia.jpg","contentUrl":"http:\/\/2.bp.blogspot.com\/_z-c0Sh5Zlrs\/SJKCa3HyLTI\/AAAAAAAABMw\/lG_2PH1Qito\/s400\/Santa+Ema+da+Sax%C3%B4nia.jpg"},{"@type":"BreadcrumbList","@id":"https:\/\/www.oarcanjo.net\/site\/santa-ema-da-saxonia\/#breadcrumb","itemListElement":[{"@type":"ListItem","position":1,"name":"In\u00edcio","item":"https:\/\/www.oarcanjo.net\/site\/"},{"@type":"ListItem","position":2,"name":"Santa Ema da Sax\u00f4nia"}]},{"@type":"WebSite","@id":"https:\/\/www.oarcanjo.net\/site\/#website","url":"https:\/\/www.oarcanjo.net\/site\/","name":"O Arcanjo no ar","description":"Site da Par\u00f3quia S\u00e3o Miguel Arcanjo (Arquidiocese de SP)","publisher":{"@id":"https:\/\/www.oarcanjo.net\/site\/#organization"},"potentialAction":[{"@type":"SearchAction","target":{"@type":"EntryPoint","urlTemplate":"https:\/\/www.oarcanjo.net\/site\/?s={search_term_string}"},"query-input":{"@type":"PropertyValueSpecification","valueRequired":true,"valueName":"search_term_string"}}],"inLanguage":"pt-BR"},{"@type":"Organization","@id":"https:\/\/www.oarcanjo.net\/site\/#organization","name":"Par\u00f3quia S\u00e3o Miguel Arcanjo","url":"https:\/\/www.oarcanjo.net\/site\/","logo":{"@type":"ImageObject","inLanguage":"pt-BR","@id":"https:\/\/www.oarcanjo.net\/site\/#\/schema\/logo\/image\/","url":"https:\/\/www.oarcanjo.net\/site\/wp-content\/uploads\/LogoOArcanjo.png","contentUrl":"https:\/\/www.oarcanjo.net\/site\/wp-content\/uploads\/LogoOArcanjo.png","width":319,"height":99,"caption":"Par\u00f3quia S\u00e3o Miguel Arcanjo"},"image":{"@id":"https:\/\/www.oarcanjo.net\/site\/#\/schema\/logo\/image\/"},"sameAs":["https:\/\/www.facebook.com\/OArcanjoNoAr\/"]},{"@type":"Person","@id":"https:\/\/www.oarcanjo.net\/site\/#\/schema\/person\/5eb9480bedd2f3c97e430ce128c29c6c","name":"danilo"}]}},"publishpress_future_action":{"enabled":false,"date":"2026-05-07 16:45:43","action":"category","newStatus":"draft","terms":[],"taxonomy":"category"},"publishpress_future_workflow_manual_trigger":{"enabledWorkflows":[]},"_links":{"self":[{"href":"https:\/\/www.oarcanjo.net\/site\/wp-json\/wp\/v2\/posts\/8923"}],"collection":[{"href":"https:\/\/www.oarcanjo.net\/site\/wp-json\/wp\/v2\/posts"}],"about":[{"href":"https:\/\/www.oarcanjo.net\/site\/wp-json\/wp\/v2\/types\/post"}],"author":[{"embeddable":true,"href":"https:\/\/www.oarcanjo.net\/site\/wp-json\/wp\/v2\/users\/14"}],"replies":[{"embeddable":true,"href":"https:\/\/www.oarcanjo.net\/site\/wp-json\/wp\/v2\/comments?post=8923"}],"version-history":[{"count":1,"href":"https:\/\/www.oarcanjo.net\/site\/wp-json\/wp\/v2\/posts\/8923\/revisions"}],"predecessor-version":[{"id":92897,"href":"https:\/\/www.oarcanjo.net\/site\/wp-json\/wp\/v2\/posts\/8923\/revisions\/92897"}],"wp:attachment":[{"href":"https:\/\/www.oarcanjo.net\/site\/wp-json\/wp\/v2\/media?parent=8923"}],"wp:term":[{"taxonomy":"category","embeddable":true,"href":"https:\/\/www.oarcanjo.net\/site\/wp-json\/wp\/v2\/categories?post=8923"},{"taxonomy":"post_tag","embeddable":true,"href":"https:\/\/www.oarcanjo.net\/site\/wp-json\/wp\/v2\/tags?post=8923"}],"curies":[{"name":"wp","href":"https:\/\/api.w.org\/{rel}","templated":true}]}}