
{"id":8927,"date":"2019-04-20T00:29:04","date_gmt":"2019-04-20T03:29:04","guid":{"rendered":"http:\/\/www.oarcanjo.net\/site\/?p=8927"},"modified":"2019-02-20T07:55:37","modified_gmt":"2019-02-20T10:55:37","slug":"sao-teodoro","status":"publish","type":"post","link":"https:\/\/www.oarcanjo.net\/site\/sao-teodoro\/","title":{"rendered":"S\u00e3o Teodoro"},"content":{"rendered":"<p><img loading=\"lazy\" decoding=\"async\" class=\"alignnone size-full wp-image-60469\" src=\"http:\/\/www.oarcanjo.net\/site\/wp-content\/uploads\/Sao-Teodoro.jpg\" alt=\"S\u00e3o Teodoro\" width=\"250\" height=\"373\" srcset=\"https:\/\/www.oarcanjo.net\/site\/wp-content\/uploads\/Sao-Teodoro.jpg 250w, https:\/\/www.oarcanjo.net\/site\/wp-content\/uploads\/Sao-Teodoro-201x300.jpg 201w\" sizes=\"(max-width: 250px) 100vw, 250px\" \/><\/p>\n<p>20 de Abril<\/p>\n<p>O significado de seu nome, &#8220;dom de Deus&#8221;, tem tudo a ver com os talentos especiais que Teodoro demonstrou durante toda a vida. O religioso, nascido na segunda metade do s\u00e9culo VI na Gal\u00edcia, hoje Fran\u00e7a, desde pequeno demonstrou ter realmente vindo ao mundo para a edifica\u00e7\u00e3o da Igreja, terminando seus dias como instrumento dos prod\u00edgios e gra\u00e7as que brotavam \u00e0 sua volta.<\/p>\n<p>Diz a tradi\u00e7\u00e3o que, j\u00e1 aos oito anos, procurava lugares escondidos e solit\u00e1rios para rezar. Depois, quando adolescente, chegou a cavar uma gruta na capela de S\u00e3o Jorge, especialmente para ali entregar-se \u00e0 ora\u00e7\u00e3o e a contempla\u00e7\u00e3o.<\/p>\n<p>\u00c9 preciso esclarecer que, al\u00e9m de tudo, seus pais pediram para o filho a prote\u00e7\u00e3o de s\u00e3o Jorge desde o instante do seu nascimento, pois sua m\u00e3e teve um parto muito dif\u00edcil. Teodoro foi agradecido ao santo, que tinha como padrinho, pelo resto de seus dias.<\/p>\n<p>Todavia seus pais tamb\u00e9m n\u00e3o esperavam que ele se dedicasse tanto assim \u00e0 religi\u00e3o e se preocupavam, pois ele era muito diferente dos outros meninos da sua idade, principalmente por ter cavado &#8220;sua&#8221; caverna na capela.<\/p>\n<p>Dizem os devotos que o pr\u00f3prio s\u00e3o Jorge apareceu num sonho a sua m\u00e3e, para que ficasse tranq\u00fcila quanto ao futuro de Teodoro. Logo depois alguns prod\u00edgios e gra\u00e7as come\u00e7aram a acontecer na gruta, pois que, em pouco tempo, todos os dias, grande parte dos moradores locais eram atra\u00eddos para l\u00e1.<\/p>\n<p>Teodoro ainda n\u00e3o tinha idade para isso, mas o bispo da cidade vizinha de Anastasi\u00f3polis assumiu a tutela do rapaz e o ordenou sacerdote. E mal voltou para sua cidade natal, o povo o elegeu bispo. No cargo ele permaneceu por dez anos, quando abandonou tudo e voltou \u00e0 sua vida solit\u00e1ria de penit\u00eancia e ora\u00e7\u00e3o contemplativa.<\/p>\n<p>Novamente as gra\u00e7as passaram a fazer parte do cotidiano da gruta de Teodoro, onde grandes multid\u00f5es o procuravam. Teodoro ali ficou at\u00e9 o dia 20 de abril de 613, quando morreu. Sua festa \u00e9 muito celebrada pelos cat\u00f3licos do mundo todo, especialmente na Fran\u00e7a, Alemanha e entre os crist\u00e3os de l\u00edngua eslava.<\/p>\n<div id=\"themify_builder_content-8927\" data-postid=\"8927\" class=\"themify_builder_content themify_builder_content-8927 themify_builder themify_builder_front\">\n\t<\/div>\n<!-- \/themify_builder_content -->","protected":false},"excerpt":{"rendered":"<p>20 de Abril O significado de seu nome, &#8220;dom de Deus&#8221;, tem tudo a ver com os talentos especiais que Teodoro demonstrou durante toda a vida. O religioso, nascido na segunda metade do s\u00e9culo VI na Gal\u00edcia, hoje Fran\u00e7a, desde pequeno demonstrou ter realmente vindo ao mundo para a edifica\u00e7\u00e3o da Igreja, terminando seus dias [&hellip;]<\/p>\n","protected":false},"author":14,"featured_media":0,"comment_status":"open","ping_status":"open","sticky":false,"template":"","format":"standard","meta":{"ngg_post_thumbnail":0,"footnotes":""},"categories":[186],"tags":[],"yoast_head":"<!-- This site is optimized with the Yoast SEO plugin v23.5 - https:\/\/yoast.com\/wordpress\/plugins\/seo\/ -->\n<title>S\u00e3o Teodoro - O Arcanjo no ar<\/title>\n<meta name=\"robots\" content=\"index, follow, max-snippet:-1, max-image-preview:large, max-video-preview:-1\" \/>\n<link rel=\"canonical\" href=\"https:\/\/www.oarcanjo.net\/site\/sao-teodoro\/\" \/>\n<meta property=\"og:locale\" content=\"pt_BR\" \/>\n<meta property=\"og:type\" content=\"article\" \/>\n<meta property=\"og:title\" content=\"S\u00e3o Teodoro - O Arcanjo no ar\" \/>\n<meta property=\"og:description\" content=\"20 de Abril O significado de seu nome, &#8220;dom de Deus&#8221;, tem tudo a ver com os talentos especiais que Teodoro demonstrou durante toda a vida. O religioso, nascido na segunda metade do s\u00e9culo VI na Gal\u00edcia, hoje Fran\u00e7a, desde pequeno demonstrou ter realmente vindo ao mundo para a edifica\u00e7\u00e3o da Igreja, terminando seus dias [&hellip;]\" \/>\n<meta property=\"og:url\" content=\"https:\/\/www.oarcanjo.net\/site\/sao-teodoro\/\" \/>\n<meta property=\"og:site_name\" content=\"O Arcanjo no ar\" \/>\n<meta property=\"article:publisher\" content=\"https:\/\/www.facebook.com\/OArcanjoNoAr\/\" \/>\n<meta property=\"article:published_time\" content=\"2019-04-20T03:29:04+00:00\" \/>\n<meta property=\"article:modified_time\" content=\"2019-02-20T10:55:37+00:00\" \/>\n<meta property=\"og:image\" content=\"http:\/\/www.oarcanjo.net\/site\/wp-content\/uploads\/Sao-Teodoro.jpg\" \/>\n<meta name=\"author\" content=\"danilo\" \/>\n<meta name=\"twitter:card\" content=\"summary_large_image\" \/>\n<meta name=\"twitter:label1\" content=\"Escrito por\" \/>\n\t<meta name=\"twitter:data1\" content=\"danilo\" \/>\n\t<meta name=\"twitter:label2\" content=\"Est. tempo de leitura\" \/>\n\t<meta name=\"twitter:data2\" content=\"2 minutos\" \/>\n<script type=\"application\/ld+json\" class=\"yoast-schema-graph\">{\"@context\":\"https:\/\/schema.org\",\"@graph\":[{\"@type\":\"Article\",\"@id\":\"https:\/\/www.oarcanjo.net\/site\/sao-teodoro\/#article\",\"isPartOf\":{\"@id\":\"https:\/\/www.oarcanjo.net\/site\/sao-teodoro\/\"},\"author\":{\"name\":\"danilo\",\"@id\":\"https:\/\/www.oarcanjo.net\/site\/#\/schema\/person\/5eb9480bedd2f3c97e430ce128c29c6c\"},\"headline\":\"S\u00e3o Teodoro\",\"datePublished\":\"2019-04-20T03:29:04+00:00\",\"dateModified\":\"2019-02-20T10:55:37+00:00\",\"mainEntityOfPage\":{\"@id\":\"https:\/\/www.oarcanjo.net\/site\/sao-teodoro\/\"},\"wordCount\":377,\"commentCount\":0,\"publisher\":{\"@id\":\"https:\/\/www.oarcanjo.net\/site\/#organization\"},\"image\":{\"@id\":\"https:\/\/www.oarcanjo.net\/site\/sao-teodoro\/#primaryimage\"},\"thumbnailUrl\":\"http:\/\/www.oarcanjo.net\/site\/wp-content\/uploads\/Sao-Teodoro.jpg\",\"articleSection\":[\"Testemunhos\"],\"inLanguage\":\"pt-BR\",\"potentialAction\":[{\"@type\":\"CommentAction\",\"name\":\"Comment\",\"target\":[\"https:\/\/www.oarcanjo.net\/site\/sao-teodoro\/#respond\"]}]},{\"@type\":\"WebPage\",\"@id\":\"https:\/\/www.oarcanjo.net\/site\/sao-teodoro\/\",\"url\":\"https:\/\/www.oarcanjo.net\/site\/sao-teodoro\/\",\"name\":\"S\u00e3o Teodoro - O Arcanjo no ar\",\"isPartOf\":{\"@id\":\"https:\/\/www.oarcanjo.net\/site\/#website\"},\"primaryImageOfPage\":{\"@id\":\"https:\/\/www.oarcanjo.net\/site\/sao-teodoro\/#primaryimage\"},\"image\":{\"@id\":\"https:\/\/www.oarcanjo.net\/site\/sao-teodoro\/#primaryimage\"},\"thumbnailUrl\":\"http:\/\/www.oarcanjo.net\/site\/wp-content\/uploads\/Sao-Teodoro.jpg\",\"datePublished\":\"2019-04-20T03:29:04+00:00\",\"dateModified\":\"2019-02-20T10:55:37+00:00\",\"breadcrumb\":{\"@id\":\"https:\/\/www.oarcanjo.net\/site\/sao-teodoro\/#breadcrumb\"},\"inLanguage\":\"pt-BR\",\"potentialAction\":[{\"@type\":\"ReadAction\",\"target\":[\"https:\/\/www.oarcanjo.net\/site\/sao-teodoro\/\"]}]},{\"@type\":\"ImageObject\",\"inLanguage\":\"pt-BR\",\"@id\":\"https:\/\/www.oarcanjo.net\/site\/sao-teodoro\/#primaryimage\",\"url\":\"https:\/\/www.oarcanjo.net\/site\/wp-content\/uploads\/Sao-Teodoro.jpg\",\"contentUrl\":\"https:\/\/www.oarcanjo.net\/site\/wp-content\/uploads\/Sao-Teodoro.jpg\",\"width\":250,\"height\":373,\"caption\":\"S\u00e3o Teodoro\"},{\"@type\":\"BreadcrumbList\",\"@id\":\"https:\/\/www.oarcanjo.net\/site\/sao-teodoro\/#breadcrumb\",\"itemListElement\":[{\"@type\":\"ListItem\",\"position\":1,\"name\":\"In\u00edcio\",\"item\":\"https:\/\/www.oarcanjo.net\/site\/\"},{\"@type\":\"ListItem\",\"position\":2,\"name\":\"S\u00e3o Teodoro\"}]},{\"@type\":\"WebSite\",\"@id\":\"https:\/\/www.oarcanjo.net\/site\/#website\",\"url\":\"https:\/\/www.oarcanjo.net\/site\/\",\"name\":\"O Arcanjo no ar\",\"description\":\"Site da Par\u00f3quia S\u00e3o Miguel Arcanjo (Arquidiocese de SP)\",\"publisher\":{\"@id\":\"https:\/\/www.oarcanjo.net\/site\/#organization\"},\"potentialAction\":[{\"@type\":\"SearchAction\",\"target\":{\"@type\":\"EntryPoint\",\"urlTemplate\":\"https:\/\/www.oarcanjo.net\/site\/?s={search_term_string}\"},\"query-input\":{\"@type\":\"PropertyValueSpecification\",\"valueRequired\":true,\"valueName\":\"search_term_string\"}}],\"inLanguage\":\"pt-BR\"},{\"@type\":\"Organization\",\"@id\":\"https:\/\/www.oarcanjo.net\/site\/#organization\",\"name\":\"Par\u00f3quia S\u00e3o Miguel Arcanjo\",\"url\":\"https:\/\/www.oarcanjo.net\/site\/\",\"logo\":{\"@type\":\"ImageObject\",\"inLanguage\":\"pt-BR\",\"@id\":\"https:\/\/www.oarcanjo.net\/site\/#\/schema\/logo\/image\/\",\"url\":\"https:\/\/www.oarcanjo.net\/site\/wp-content\/uploads\/LogoOArcanjo.png\",\"contentUrl\":\"https:\/\/www.oarcanjo.net\/site\/wp-content\/uploads\/LogoOArcanjo.png\",\"width\":319,\"height\":99,\"caption\":\"Par\u00f3quia S\u00e3o Miguel Arcanjo\"},\"image\":{\"@id\":\"https:\/\/www.oarcanjo.net\/site\/#\/schema\/logo\/image\/\"},\"sameAs\":[\"https:\/\/www.facebook.com\/OArcanjoNoAr\/\"]},{\"@type\":\"Person\",\"@id\":\"https:\/\/www.oarcanjo.net\/site\/#\/schema\/person\/5eb9480bedd2f3c97e430ce128c29c6c\",\"name\":\"danilo\"}]}<\/script>\n<!-- \/ Yoast SEO plugin. -->","yoast_head_json":{"title":"S\u00e3o Teodoro - O Arcanjo no ar","robots":{"index":"index","follow":"follow","max-snippet":"max-snippet:-1","max-image-preview":"max-image-preview:large","max-video-preview":"max-video-preview:-1"},"canonical":"https:\/\/www.oarcanjo.net\/site\/sao-teodoro\/","og_locale":"pt_BR","og_type":"article","og_title":"S\u00e3o Teodoro - O Arcanjo no ar","og_description":"20 de Abril O significado de seu nome, &#8220;dom de Deus&#8221;, tem tudo a ver com os talentos especiais que Teodoro demonstrou durante toda a vida. O religioso, nascido na segunda metade do s\u00e9culo VI na Gal\u00edcia, hoje Fran\u00e7a, desde pequeno demonstrou ter realmente vindo ao mundo para a edifica\u00e7\u00e3o da Igreja, terminando seus dias [&hellip;]","og_url":"https:\/\/www.oarcanjo.net\/site\/sao-teodoro\/","og_site_name":"O Arcanjo no ar","article_publisher":"https:\/\/www.facebook.com\/OArcanjoNoAr\/","article_published_time":"2019-04-20T03:29:04+00:00","article_modified_time":"2019-02-20T10:55:37+00:00","og_image":[{"url":"http:\/\/www.oarcanjo.net\/site\/wp-content\/uploads\/Sao-Teodoro.jpg"}],"author":"danilo","twitter_card":"summary_large_image","twitter_misc":{"Escrito por":"danilo","Est. tempo de leitura":"2 minutos"},"schema":{"@context":"https:\/\/schema.org","@graph":[{"@type":"Article","@id":"https:\/\/www.oarcanjo.net\/site\/sao-teodoro\/#article","isPartOf":{"@id":"https:\/\/www.oarcanjo.net\/site\/sao-teodoro\/"},"author":{"name":"danilo","@id":"https:\/\/www.oarcanjo.net\/site\/#\/schema\/person\/5eb9480bedd2f3c97e430ce128c29c6c"},"headline":"S\u00e3o Teodoro","datePublished":"2019-04-20T03:29:04+00:00","dateModified":"2019-02-20T10:55:37+00:00","mainEntityOfPage":{"@id":"https:\/\/www.oarcanjo.net\/site\/sao-teodoro\/"},"wordCount":377,"commentCount":0,"publisher":{"@id":"https:\/\/www.oarcanjo.net\/site\/#organization"},"image":{"@id":"https:\/\/www.oarcanjo.net\/site\/sao-teodoro\/#primaryimage"},"thumbnailUrl":"http:\/\/www.oarcanjo.net\/site\/wp-content\/uploads\/Sao-Teodoro.jpg","articleSection":["Testemunhos"],"inLanguage":"pt-BR","potentialAction":[{"@type":"CommentAction","name":"Comment","target":["https:\/\/www.oarcanjo.net\/site\/sao-teodoro\/#respond"]}]},{"@type":"WebPage","@id":"https:\/\/www.oarcanjo.net\/site\/sao-teodoro\/","url":"https:\/\/www.oarcanjo.net\/site\/sao-teodoro\/","name":"S\u00e3o Teodoro - O Arcanjo no ar","isPartOf":{"@id":"https:\/\/www.oarcanjo.net\/site\/#website"},"primaryImageOfPage":{"@id":"https:\/\/www.oarcanjo.net\/site\/sao-teodoro\/#primaryimage"},"image":{"@id":"https:\/\/www.oarcanjo.net\/site\/sao-teodoro\/#primaryimage"},"thumbnailUrl":"http:\/\/www.oarcanjo.net\/site\/wp-content\/uploads\/Sao-Teodoro.jpg","datePublished":"2019-04-20T03:29:04+00:00","dateModified":"2019-02-20T10:55:37+00:00","breadcrumb":{"@id":"https:\/\/www.oarcanjo.net\/site\/sao-teodoro\/#breadcrumb"},"inLanguage":"pt-BR","potentialAction":[{"@type":"ReadAction","target":["https:\/\/www.oarcanjo.net\/site\/sao-teodoro\/"]}]},{"@type":"ImageObject","inLanguage":"pt-BR","@id":"https:\/\/www.oarcanjo.net\/site\/sao-teodoro\/#primaryimage","url":"https:\/\/www.oarcanjo.net\/site\/wp-content\/uploads\/Sao-Teodoro.jpg","contentUrl":"https:\/\/www.oarcanjo.net\/site\/wp-content\/uploads\/Sao-Teodoro.jpg","width":250,"height":373,"caption":"S\u00e3o Teodoro"},{"@type":"BreadcrumbList","@id":"https:\/\/www.oarcanjo.net\/site\/sao-teodoro\/#breadcrumb","itemListElement":[{"@type":"ListItem","position":1,"name":"In\u00edcio","item":"https:\/\/www.oarcanjo.net\/site\/"},{"@type":"ListItem","position":2,"name":"S\u00e3o Teodoro"}]},{"@type":"WebSite","@id":"https:\/\/www.oarcanjo.net\/site\/#website","url":"https:\/\/www.oarcanjo.net\/site\/","name":"O Arcanjo no ar","description":"Site da Par\u00f3quia S\u00e3o Miguel Arcanjo (Arquidiocese de SP)","publisher":{"@id":"https:\/\/www.oarcanjo.net\/site\/#organization"},"potentialAction":[{"@type":"SearchAction","target":{"@type":"EntryPoint","urlTemplate":"https:\/\/www.oarcanjo.net\/site\/?s={search_term_string}"},"query-input":{"@type":"PropertyValueSpecification","valueRequired":true,"valueName":"search_term_string"}}],"inLanguage":"pt-BR"},{"@type":"Organization","@id":"https:\/\/www.oarcanjo.net\/site\/#organization","name":"Par\u00f3quia S\u00e3o Miguel Arcanjo","url":"https:\/\/www.oarcanjo.net\/site\/","logo":{"@type":"ImageObject","inLanguage":"pt-BR","@id":"https:\/\/www.oarcanjo.net\/site\/#\/schema\/logo\/image\/","url":"https:\/\/www.oarcanjo.net\/site\/wp-content\/uploads\/LogoOArcanjo.png","contentUrl":"https:\/\/www.oarcanjo.net\/site\/wp-content\/uploads\/LogoOArcanjo.png","width":319,"height":99,"caption":"Par\u00f3quia S\u00e3o Miguel Arcanjo"},"image":{"@id":"https:\/\/www.oarcanjo.net\/site\/#\/schema\/logo\/image\/"},"sameAs":["https:\/\/www.facebook.com\/OArcanjoNoAr\/"]},{"@type":"Person","@id":"https:\/\/www.oarcanjo.net\/site\/#\/schema\/person\/5eb9480bedd2f3c97e430ce128c29c6c","name":"danilo"}]}},"publishpress_future_action":{"enabled":false,"date":"2026-05-07 16:45:48","action":"category","newStatus":"draft","terms":[],"taxonomy":"category"},"publishpress_future_workflow_manual_trigger":{"enabledWorkflows":[]},"_links":{"self":[{"href":"https:\/\/www.oarcanjo.net\/site\/wp-json\/wp\/v2\/posts\/8927"}],"collection":[{"href":"https:\/\/www.oarcanjo.net\/site\/wp-json\/wp\/v2\/posts"}],"about":[{"href":"https:\/\/www.oarcanjo.net\/site\/wp-json\/wp\/v2\/types\/post"}],"author":[{"embeddable":true,"href":"https:\/\/www.oarcanjo.net\/site\/wp-json\/wp\/v2\/users\/14"}],"replies":[{"embeddable":true,"href":"https:\/\/www.oarcanjo.net\/site\/wp-json\/wp\/v2\/comments?post=8927"}],"version-history":[{"count":1,"href":"https:\/\/www.oarcanjo.net\/site\/wp-json\/wp\/v2\/posts\/8927\/revisions"}],"predecessor-version":[{"id":92887,"href":"https:\/\/www.oarcanjo.net\/site\/wp-json\/wp\/v2\/posts\/8927\/revisions\/92887"}],"wp:attachment":[{"href":"https:\/\/www.oarcanjo.net\/site\/wp-json\/wp\/v2\/media?parent=8927"}],"wp:term":[{"taxonomy":"category","embeddable":true,"href":"https:\/\/www.oarcanjo.net\/site\/wp-json\/wp\/v2\/categories?post=8927"},{"taxonomy":"post_tag","embeddable":true,"href":"https:\/\/www.oarcanjo.net\/site\/wp-json\/wp\/v2\/tags?post=8927"}],"curies":[{"name":"wp","href":"https:\/\/api.w.org\/{rel}","templated":true}]}}