
{"id":8930,"date":"2019-04-20T00:30:44","date_gmt":"2019-04-20T03:30:44","guid":{"rendered":"http:\/\/www.oarcanjo.net\/site\/?p=8930"},"modified":"2019-02-20T07:55:41","modified_gmt":"2019-02-20T10:55:41","slug":"santa-ines-de-montepulciano","status":"publish","type":"post","link":"https:\/\/www.oarcanjo.net\/site\/santa-ines-de-montepulciano\/","title":{"rendered":"Santa In\u00eas de Montepulciano"},"content":{"rendered":"<p><img decoding=\"async\" src=\"http:\/\/4.bp.blogspot.com\/_5do2DZUAm18\/SeyZ_Fn51eI\/AAAAAAAAAD4\/0ZR-l7BRd0Q\/s320\/Santa+Catarina+de+Sena,+Santa+Rosa+de+Lima+e+Santa+In%C3%AAs+de+Montepulciano-Tiepolo-1748-Par%C3%B3quia+S.+Maria+del+Ros%C3%A1rio-Veneza.jpg\" alt=\"\" \/><\/p>\n<p>20 de Abril<\/p>\n<p>Se o m\u00eas de Abril, para os Dominicanos, pode ser dedicado a Santa Catarina de Sena, uma vez que come\u00e7a e termina com festas desta santa, n\u00e3o podemos deixar passar nesta data a mem\u00f3ria de uma outra santa dominicana e \u00e0 qual Santa Catarina de Sena chamava de sua m\u00e3e gloriosa. \u00c9 Santa In\u00eas de Monte Pulciano.<\/p>\n<div>\nIn\u00eas nasceu em Gracchiano, na It\u00e1lia em 1268. Entrou para o mosteiro de Monte Pulciano com nove anos apenas e aos 15 era nomeada Prioresa do Mosteiro de Procena, para onde tinha sido levada por uma religiosa mais velha e sua directora espiritual. Esta nomea\u00e7\u00e3o t\u00e3o precoce deve-se ao indulto do Papa Nicolau IV.<br \/>\nPoucos anos mais tarde regressa a Monte Pulciano, para levar a cabo uma reforma no mosteiro, colocando-o definitivamente sob a autoridade e direc\u00e7\u00e3o da Ordem Dominicana.<br \/>\nIn\u00eas morreu a 20 de Abril de 1317, no seu mosteiro de Monte Pulciano, depois de uma vida de austeridade e ascese. A sua fama de santidade levou a que em 1435 o seu corpo fosse trasladado para a igreja dominicana de Orvieto. Em 1726, o Papa Bento XIII, um outro dominicano canonizou-a como Santa da Igreja.<br \/>\nEntre os muitos acontecimentos e milagres da sua vida, conta-se um que tem influ\u00eancia na sua iconografia. Assumimos o relato do Agiol\u00f3gio Dominicano do s\u00e9culo XVIII.<br \/>\n\u201c<em>Tais eram as del\u00edcias e espirituais do\u00e7uras que neste santo exerc\u00edcio da ora\u00e7\u00e3o recreavam a alma da Bem Aventurada prioresa (Santa In\u00eas), que embelezado nelas o seu esp\u00edrito as manifestava exteriormente em forma de doce man\u00e1, por lhe n\u00e3o caberem j\u00e1 no interior. Ca\u00eda-lhe este, ou para melhor dizer, chovia-lhe sobre o manto em forma de pur\u00edssimo orvalho, quando orava, e cada gota formava uma estrela que se terminava em cruz.<br \/>\nEram estas semelhan\u00e7as misteriosas significa\u00e7\u00f5es ou de quanto suaves lhe eram as cruzes ou de que as do\u00e7uras do c\u00e9u n\u00e3o se acham nesta vida separadas da cruz.<br \/>\nParticular foi esta deliciosa chuva do man\u00e1 no dia em que como esposa de Cristo havia de receber o sagrado v\u00e9u, por m\u00e3o do bispo, no mosteiro de Procena<\/em>\u201d.<\/div>\n<div id=\"themify_builder_content-8930\" data-postid=\"8930\" class=\"themify_builder_content themify_builder_content-8930 themify_builder themify_builder_front\">\n\t<\/div>\n<!-- \/themify_builder_content -->","protected":false},"excerpt":{"rendered":"<p>20 de Abril Se o m\u00eas de Abril, para os Dominicanos, pode ser dedicado a Santa Catarina de Sena, uma vez que come\u00e7a e termina com festas desta santa, n\u00e3o podemos deixar passar nesta data a mem\u00f3ria de uma outra santa dominicana e \u00e0 qual Santa Catarina de Sena chamava de sua m\u00e3e gloriosa. \u00c9 [&hellip;]<\/p>\n","protected":false},"author":14,"featured_media":0,"comment_status":"open","ping_status":"open","sticky":false,"template":"","format":"standard","meta":{"ngg_post_thumbnail":0,"footnotes":""},"categories":[186],"tags":[],"yoast_head":"<!-- This site is optimized with the Yoast SEO plugin v23.5 - https:\/\/yoast.com\/wordpress\/plugins\/seo\/ -->\n<title>Santa In\u00eas de Montepulciano - O Arcanjo no ar<\/title>\n<meta name=\"robots\" content=\"index, follow, max-snippet:-1, max-image-preview:large, max-video-preview:-1\" \/>\n<link rel=\"canonical\" href=\"https:\/\/www.oarcanjo.net\/site\/santa-ines-de-montepulciano\/\" \/>\n<meta property=\"og:locale\" content=\"pt_BR\" \/>\n<meta property=\"og:type\" content=\"article\" \/>\n<meta property=\"og:title\" content=\"Santa In\u00eas de Montepulciano - O Arcanjo no ar\" \/>\n<meta property=\"og:description\" content=\"20 de Abril Se o m\u00eas de Abril, para os Dominicanos, pode ser dedicado a Santa Catarina de Sena, uma vez que come\u00e7a e termina com festas desta santa, n\u00e3o podemos deixar passar nesta data a mem\u00f3ria de uma outra santa dominicana e \u00e0 qual Santa Catarina de Sena chamava de sua m\u00e3e gloriosa. \u00c9 [&hellip;]\" \/>\n<meta property=\"og:url\" content=\"https:\/\/www.oarcanjo.net\/site\/santa-ines-de-montepulciano\/\" \/>\n<meta property=\"og:site_name\" content=\"O Arcanjo no ar\" \/>\n<meta property=\"article:publisher\" content=\"https:\/\/www.facebook.com\/OArcanjoNoAr\/\" \/>\n<meta property=\"article:published_time\" content=\"2019-04-20T03:30:44+00:00\" \/>\n<meta property=\"article:modified_time\" content=\"2019-02-20T10:55:41+00:00\" \/>\n<meta property=\"og:image\" content=\"http:\/\/4.bp.blogspot.com\/_5do2DZUAm18\/SeyZ_Fn51eI\/AAAAAAAAAD4\/0ZR-l7BRd0Q\/s320\/Santa+Catarina+de+Sena,+Santa+Rosa+de+Lima+e+Santa+In%C3%AAs+de+Montepulciano-Tiepolo-1748-Par%C3%B3quia+S.+Maria+del+Ros%C3%A1rio-Veneza.jpg\" \/>\n<meta name=\"author\" content=\"danilo\" \/>\n<meta name=\"twitter:card\" content=\"summary_large_image\" \/>\n<meta name=\"twitter:label1\" content=\"Escrito por\" \/>\n\t<meta name=\"twitter:data1\" content=\"danilo\" \/>\n\t<meta name=\"twitter:label2\" content=\"Est. tempo de leitura\" \/>\n\t<meta name=\"twitter:data2\" content=\"2 minutos\" \/>\n<script type=\"application\/ld+json\" class=\"yoast-schema-graph\">{\"@context\":\"https:\/\/schema.org\",\"@graph\":[{\"@type\":\"Article\",\"@id\":\"https:\/\/www.oarcanjo.net\/site\/santa-ines-de-montepulciano\/#article\",\"isPartOf\":{\"@id\":\"https:\/\/www.oarcanjo.net\/site\/santa-ines-de-montepulciano\/\"},\"author\":{\"name\":\"danilo\",\"@id\":\"https:\/\/www.oarcanjo.net\/site\/#\/schema\/person\/5eb9480bedd2f3c97e430ce128c29c6c\"},\"headline\":\"Santa In\u00eas de Montepulciano\",\"datePublished\":\"2019-04-20T03:30:44+00:00\",\"dateModified\":\"2019-02-20T10:55:41+00:00\",\"mainEntityOfPage\":{\"@id\":\"https:\/\/www.oarcanjo.net\/site\/santa-ines-de-montepulciano\/\"},\"wordCount\":378,\"commentCount\":0,\"publisher\":{\"@id\":\"https:\/\/www.oarcanjo.net\/site\/#organization\"},\"image\":{\"@id\":\"https:\/\/www.oarcanjo.net\/site\/santa-ines-de-montepulciano\/#primaryimage\"},\"thumbnailUrl\":\"http:\/\/4.bp.blogspot.com\/_5do2DZUAm18\/SeyZ_Fn51eI\/AAAAAAAAAD4\/0ZR-l7BRd0Q\/s320\/Santa+Catarina+de+Sena,+Santa+Rosa+de+Lima+e+Santa+In%C3%AAs+de+Montepulciano-Tiepolo-1748-Par%C3%B3quia+S.+Maria+del+Ros%C3%A1rio-Veneza.jpg\",\"articleSection\":[\"Testemunhos\"],\"inLanguage\":\"pt-BR\",\"potentialAction\":[{\"@type\":\"CommentAction\",\"name\":\"Comment\",\"target\":[\"https:\/\/www.oarcanjo.net\/site\/santa-ines-de-montepulciano\/#respond\"]}]},{\"@type\":\"WebPage\",\"@id\":\"https:\/\/www.oarcanjo.net\/site\/santa-ines-de-montepulciano\/\",\"url\":\"https:\/\/www.oarcanjo.net\/site\/santa-ines-de-montepulciano\/\",\"name\":\"Santa In\u00eas de Montepulciano - O Arcanjo no ar\",\"isPartOf\":{\"@id\":\"https:\/\/www.oarcanjo.net\/site\/#website\"},\"primaryImageOfPage\":{\"@id\":\"https:\/\/www.oarcanjo.net\/site\/santa-ines-de-montepulciano\/#primaryimage\"},\"image\":{\"@id\":\"https:\/\/www.oarcanjo.net\/site\/santa-ines-de-montepulciano\/#primaryimage\"},\"thumbnailUrl\":\"http:\/\/4.bp.blogspot.com\/_5do2DZUAm18\/SeyZ_Fn51eI\/AAAAAAAAAD4\/0ZR-l7BRd0Q\/s320\/Santa+Catarina+de+Sena,+Santa+Rosa+de+Lima+e+Santa+In%C3%AAs+de+Montepulciano-Tiepolo-1748-Par%C3%B3quia+S.+Maria+del+Ros%C3%A1rio-Veneza.jpg\",\"datePublished\":\"2019-04-20T03:30:44+00:00\",\"dateModified\":\"2019-02-20T10:55:41+00:00\",\"breadcrumb\":{\"@id\":\"https:\/\/www.oarcanjo.net\/site\/santa-ines-de-montepulciano\/#breadcrumb\"},\"inLanguage\":\"pt-BR\",\"potentialAction\":[{\"@type\":\"ReadAction\",\"target\":[\"https:\/\/www.oarcanjo.net\/site\/santa-ines-de-montepulciano\/\"]}]},{\"@type\":\"ImageObject\",\"inLanguage\":\"pt-BR\",\"@id\":\"https:\/\/www.oarcanjo.net\/site\/santa-ines-de-montepulciano\/#primaryimage\",\"url\":\"http:\/\/4.bp.blogspot.com\/_5do2DZUAm18\/SeyZ_Fn51eI\/AAAAAAAAAD4\/0ZR-l7BRd0Q\/s320\/Santa+Catarina+de+Sena,+Santa+Rosa+de+Lima+e+Santa+In%C3%AAs+de+Montepulciano-Tiepolo-1748-Par%C3%B3quia+S.+Maria+del+Ros%C3%A1rio-Veneza.jpg\",\"contentUrl\":\"http:\/\/4.bp.blogspot.com\/_5do2DZUAm18\/SeyZ_Fn51eI\/AAAAAAAAAD4\/0ZR-l7BRd0Q\/s320\/Santa+Catarina+de+Sena,+Santa+Rosa+de+Lima+e+Santa+In%C3%AAs+de+Montepulciano-Tiepolo-1748-Par%C3%B3quia+S.+Maria+del+Ros%C3%A1rio-Veneza.jpg\"},{\"@type\":\"BreadcrumbList\",\"@id\":\"https:\/\/www.oarcanjo.net\/site\/santa-ines-de-montepulciano\/#breadcrumb\",\"itemListElement\":[{\"@type\":\"ListItem\",\"position\":1,\"name\":\"In\u00edcio\",\"item\":\"https:\/\/www.oarcanjo.net\/site\/\"},{\"@type\":\"ListItem\",\"position\":2,\"name\":\"Santa In\u00eas de Montepulciano\"}]},{\"@type\":\"WebSite\",\"@id\":\"https:\/\/www.oarcanjo.net\/site\/#website\",\"url\":\"https:\/\/www.oarcanjo.net\/site\/\",\"name\":\"O Arcanjo no ar\",\"description\":\"Site da Par\u00f3quia S\u00e3o Miguel Arcanjo (Arquidiocese de SP)\",\"publisher\":{\"@id\":\"https:\/\/www.oarcanjo.net\/site\/#organization\"},\"potentialAction\":[{\"@type\":\"SearchAction\",\"target\":{\"@type\":\"EntryPoint\",\"urlTemplate\":\"https:\/\/www.oarcanjo.net\/site\/?s={search_term_string}\"},\"query-input\":{\"@type\":\"PropertyValueSpecification\",\"valueRequired\":true,\"valueName\":\"search_term_string\"}}],\"inLanguage\":\"pt-BR\"},{\"@type\":\"Organization\",\"@id\":\"https:\/\/www.oarcanjo.net\/site\/#organization\",\"name\":\"Par\u00f3quia S\u00e3o Miguel Arcanjo\",\"url\":\"https:\/\/www.oarcanjo.net\/site\/\",\"logo\":{\"@type\":\"ImageObject\",\"inLanguage\":\"pt-BR\",\"@id\":\"https:\/\/www.oarcanjo.net\/site\/#\/schema\/logo\/image\/\",\"url\":\"https:\/\/www.oarcanjo.net\/site\/wp-content\/uploads\/LogoOArcanjo.png\",\"contentUrl\":\"https:\/\/www.oarcanjo.net\/site\/wp-content\/uploads\/LogoOArcanjo.png\",\"width\":319,\"height\":99,\"caption\":\"Par\u00f3quia S\u00e3o Miguel Arcanjo\"},\"image\":{\"@id\":\"https:\/\/www.oarcanjo.net\/site\/#\/schema\/logo\/image\/\"},\"sameAs\":[\"https:\/\/www.facebook.com\/OArcanjoNoAr\/\"]},{\"@type\":\"Person\",\"@id\":\"https:\/\/www.oarcanjo.net\/site\/#\/schema\/person\/5eb9480bedd2f3c97e430ce128c29c6c\",\"name\":\"danilo\"}]}<\/script>\n<!-- \/ Yoast SEO plugin. -->","yoast_head_json":{"title":"Santa In\u00eas de Montepulciano - O Arcanjo no ar","robots":{"index":"index","follow":"follow","max-snippet":"max-snippet:-1","max-image-preview":"max-image-preview:large","max-video-preview":"max-video-preview:-1"},"canonical":"https:\/\/www.oarcanjo.net\/site\/santa-ines-de-montepulciano\/","og_locale":"pt_BR","og_type":"article","og_title":"Santa In\u00eas de Montepulciano - O Arcanjo no ar","og_description":"20 de Abril Se o m\u00eas de Abril, para os Dominicanos, pode ser dedicado a Santa Catarina de Sena, uma vez que come\u00e7a e termina com festas desta santa, n\u00e3o podemos deixar passar nesta data a mem\u00f3ria de uma outra santa dominicana e \u00e0 qual Santa Catarina de Sena chamava de sua m\u00e3e gloriosa. \u00c9 [&hellip;]","og_url":"https:\/\/www.oarcanjo.net\/site\/santa-ines-de-montepulciano\/","og_site_name":"O Arcanjo no ar","article_publisher":"https:\/\/www.facebook.com\/OArcanjoNoAr\/","article_published_time":"2019-04-20T03:30:44+00:00","article_modified_time":"2019-02-20T10:55:41+00:00","og_image":[{"url":"http:\/\/4.bp.blogspot.com\/_5do2DZUAm18\/SeyZ_Fn51eI\/AAAAAAAAAD4\/0ZR-l7BRd0Q\/s320\/Santa+Catarina+de+Sena,+Santa+Rosa+de+Lima+e+Santa+In%C3%AAs+de+Montepulciano-Tiepolo-1748-Par%C3%B3quia+S.+Maria+del+Ros%C3%A1rio-Veneza.jpg"}],"author":"danilo","twitter_card":"summary_large_image","twitter_misc":{"Escrito por":"danilo","Est. tempo de leitura":"2 minutos"},"schema":{"@context":"https:\/\/schema.org","@graph":[{"@type":"Article","@id":"https:\/\/www.oarcanjo.net\/site\/santa-ines-de-montepulciano\/#article","isPartOf":{"@id":"https:\/\/www.oarcanjo.net\/site\/santa-ines-de-montepulciano\/"},"author":{"name":"danilo","@id":"https:\/\/www.oarcanjo.net\/site\/#\/schema\/person\/5eb9480bedd2f3c97e430ce128c29c6c"},"headline":"Santa In\u00eas de Montepulciano","datePublished":"2019-04-20T03:30:44+00:00","dateModified":"2019-02-20T10:55:41+00:00","mainEntityOfPage":{"@id":"https:\/\/www.oarcanjo.net\/site\/santa-ines-de-montepulciano\/"},"wordCount":378,"commentCount":0,"publisher":{"@id":"https:\/\/www.oarcanjo.net\/site\/#organization"},"image":{"@id":"https:\/\/www.oarcanjo.net\/site\/santa-ines-de-montepulciano\/#primaryimage"},"thumbnailUrl":"http:\/\/4.bp.blogspot.com\/_5do2DZUAm18\/SeyZ_Fn51eI\/AAAAAAAAAD4\/0ZR-l7BRd0Q\/s320\/Santa+Catarina+de+Sena,+Santa+Rosa+de+Lima+e+Santa+In%C3%AAs+de+Montepulciano-Tiepolo-1748-Par%C3%B3quia+S.+Maria+del+Ros%C3%A1rio-Veneza.jpg","articleSection":["Testemunhos"],"inLanguage":"pt-BR","potentialAction":[{"@type":"CommentAction","name":"Comment","target":["https:\/\/www.oarcanjo.net\/site\/santa-ines-de-montepulciano\/#respond"]}]},{"@type":"WebPage","@id":"https:\/\/www.oarcanjo.net\/site\/santa-ines-de-montepulciano\/","url":"https:\/\/www.oarcanjo.net\/site\/santa-ines-de-montepulciano\/","name":"Santa In\u00eas de Montepulciano - O Arcanjo no ar","isPartOf":{"@id":"https:\/\/www.oarcanjo.net\/site\/#website"},"primaryImageOfPage":{"@id":"https:\/\/www.oarcanjo.net\/site\/santa-ines-de-montepulciano\/#primaryimage"},"image":{"@id":"https:\/\/www.oarcanjo.net\/site\/santa-ines-de-montepulciano\/#primaryimage"},"thumbnailUrl":"http:\/\/4.bp.blogspot.com\/_5do2DZUAm18\/SeyZ_Fn51eI\/AAAAAAAAAD4\/0ZR-l7BRd0Q\/s320\/Santa+Catarina+de+Sena,+Santa+Rosa+de+Lima+e+Santa+In%C3%AAs+de+Montepulciano-Tiepolo-1748-Par%C3%B3quia+S.+Maria+del+Ros%C3%A1rio-Veneza.jpg","datePublished":"2019-04-20T03:30:44+00:00","dateModified":"2019-02-20T10:55:41+00:00","breadcrumb":{"@id":"https:\/\/www.oarcanjo.net\/site\/santa-ines-de-montepulciano\/#breadcrumb"},"inLanguage":"pt-BR","potentialAction":[{"@type":"ReadAction","target":["https:\/\/www.oarcanjo.net\/site\/santa-ines-de-montepulciano\/"]}]},{"@type":"ImageObject","inLanguage":"pt-BR","@id":"https:\/\/www.oarcanjo.net\/site\/santa-ines-de-montepulciano\/#primaryimage","url":"http:\/\/4.bp.blogspot.com\/_5do2DZUAm18\/SeyZ_Fn51eI\/AAAAAAAAAD4\/0ZR-l7BRd0Q\/s320\/Santa+Catarina+de+Sena,+Santa+Rosa+de+Lima+e+Santa+In%C3%AAs+de+Montepulciano-Tiepolo-1748-Par%C3%B3quia+S.+Maria+del+Ros%C3%A1rio-Veneza.jpg","contentUrl":"http:\/\/4.bp.blogspot.com\/_5do2DZUAm18\/SeyZ_Fn51eI\/AAAAAAAAAD4\/0ZR-l7BRd0Q\/s320\/Santa+Catarina+de+Sena,+Santa+Rosa+de+Lima+e+Santa+In%C3%AAs+de+Montepulciano-Tiepolo-1748-Par%C3%B3quia+S.+Maria+del+Ros%C3%A1rio-Veneza.jpg"},{"@type":"BreadcrumbList","@id":"https:\/\/www.oarcanjo.net\/site\/santa-ines-de-montepulciano\/#breadcrumb","itemListElement":[{"@type":"ListItem","position":1,"name":"In\u00edcio","item":"https:\/\/www.oarcanjo.net\/site\/"},{"@type":"ListItem","position":2,"name":"Santa In\u00eas de Montepulciano"}]},{"@type":"WebSite","@id":"https:\/\/www.oarcanjo.net\/site\/#website","url":"https:\/\/www.oarcanjo.net\/site\/","name":"O Arcanjo no ar","description":"Site da Par\u00f3quia S\u00e3o Miguel Arcanjo (Arquidiocese de SP)","publisher":{"@id":"https:\/\/www.oarcanjo.net\/site\/#organization"},"potentialAction":[{"@type":"SearchAction","target":{"@type":"EntryPoint","urlTemplate":"https:\/\/www.oarcanjo.net\/site\/?s={search_term_string}"},"query-input":{"@type":"PropertyValueSpecification","valueRequired":true,"valueName":"search_term_string"}}],"inLanguage":"pt-BR"},{"@type":"Organization","@id":"https:\/\/www.oarcanjo.net\/site\/#organization","name":"Par\u00f3quia S\u00e3o Miguel Arcanjo","url":"https:\/\/www.oarcanjo.net\/site\/","logo":{"@type":"ImageObject","inLanguage":"pt-BR","@id":"https:\/\/www.oarcanjo.net\/site\/#\/schema\/logo\/image\/","url":"https:\/\/www.oarcanjo.net\/site\/wp-content\/uploads\/LogoOArcanjo.png","contentUrl":"https:\/\/www.oarcanjo.net\/site\/wp-content\/uploads\/LogoOArcanjo.png","width":319,"height":99,"caption":"Par\u00f3quia S\u00e3o Miguel Arcanjo"},"image":{"@id":"https:\/\/www.oarcanjo.net\/site\/#\/schema\/logo\/image\/"},"sameAs":["https:\/\/www.facebook.com\/OArcanjoNoAr\/"]},{"@type":"Person","@id":"https:\/\/www.oarcanjo.net\/site\/#\/schema\/person\/5eb9480bedd2f3c97e430ce128c29c6c","name":"danilo"}]}},"publishpress_future_action":{"enabled":false,"date":"2026-05-07 16:45:15","action":"category","newStatus":"draft","terms":[],"taxonomy":"category"},"publishpress_future_workflow_manual_trigger":{"enabledWorkflows":[]},"_links":{"self":[{"href":"https:\/\/www.oarcanjo.net\/site\/wp-json\/wp\/v2\/posts\/8930"}],"collection":[{"href":"https:\/\/www.oarcanjo.net\/site\/wp-json\/wp\/v2\/posts"}],"about":[{"href":"https:\/\/www.oarcanjo.net\/site\/wp-json\/wp\/v2\/types\/post"}],"author":[{"embeddable":true,"href":"https:\/\/www.oarcanjo.net\/site\/wp-json\/wp\/v2\/users\/14"}],"replies":[{"embeddable":true,"href":"https:\/\/www.oarcanjo.net\/site\/wp-json\/wp\/v2\/comments?post=8930"}],"version-history":[{"count":1,"href":"https:\/\/www.oarcanjo.net\/site\/wp-json\/wp\/v2\/posts\/8930\/revisions"}],"predecessor-version":[{"id":92888,"href":"https:\/\/www.oarcanjo.net\/site\/wp-json\/wp\/v2\/posts\/8930\/revisions\/92888"}],"wp:attachment":[{"href":"https:\/\/www.oarcanjo.net\/site\/wp-json\/wp\/v2\/media?parent=8930"}],"wp:term":[{"taxonomy":"category","embeddable":true,"href":"https:\/\/www.oarcanjo.net\/site\/wp-json\/wp\/v2\/categories?post=8930"},{"taxonomy":"post_tag","embeddable":true,"href":"https:\/\/www.oarcanjo.net\/site\/wp-json\/wp\/v2\/tags?post=8930"}],"curies":[{"name":"wp","href":"https:\/\/api.w.org\/{rel}","templated":true}]}}