
{"id":894,"date":"2008-12-10T08:48:39","date_gmt":"2008-12-10T11:48:39","guid":{"rendered":"http:\/\/www.oarcanjo.net\/site\/?p=894"},"modified":"2008-12-29T12:38:38","modified_gmt":"2008-12-29T14:38:38","slug":"crismandos-um-dia-de-reflexao-e-convivencia","status":"publish","type":"post","link":"https:\/\/www.oarcanjo.net\/site\/crismandos-um-dia-de-reflexao-e-convivencia\/","title":{"rendered":"Crismandos: Um dia de reflex\u00e3o e conviv\u00eancia"},"content":{"rendered":"<p>No \u00faltimo domingo (07\/12), os jovens e adultos que se preparam para o Crisma na par\u00f3quia de S\u00e3o Miguel, tiveram a oportunidade de passar um dia em uma ch\u00e1cara, onde juntos puderam refletir sobre o Sacramento o qual est\u00e3o se preparando e se dessa forma crescerem na conviv\u00eancia fraterna.<\/p>\n<p>Acompanhados de alguns pais, pessoas da comunidade e da querida Silvia, respons\u00e1vel que orienta e prepara esses jovens, estiveram em Mairipor\u00e3, na ch\u00e1cara cedida pelo Sr. \u00c2ngelo e pela In\u00eas, Ministra da S\u00e3o Miguel.<\/p>\n<p>Ap\u00f3s a chegada e um belo caf\u00e9 da manh\u00e3, um  momento de reflex\u00e3o sobre a import\u00e2ncia do Sacramento do Crisma e como nossa vida \u00e9 constru\u00edda de fatos e situa\u00e7\u00f5es que se tornam para n\u00f3s um sacramento tamb\u00e9m, dos quais jamais nos esquecemos, pois ficam marcados para a toda a nossa vida: algo que tenha ocorrido com nossos pais, filhos, amigos, enfim pessoas que amamos.<\/p>\n<p>Todos tiveram oportunidade de participar de atividades esportivas e tamb\u00e9m de deliciar um maravilhoso churrasco, preparado com a ajuda dos pais que l\u00e1 estavam.<\/p>\n<p>A participa\u00e7\u00e3o de todos contribuiu para que tudo desse certo e foi o tom marcante do encontro.<\/p>\n<p>O amigo secreto ap\u00f3s o almo\u00e7o ajudou para que pessoas que ainda n\u00e3o eram t\u00e3o conhecidas, passassem a s\u00ea-lo.<\/p>\n<p>Abaixo transcrevemos alguns relatos sobre a experi\u00eancia vivida nesse dia:<\/p>\n<p><em>Para mim, a confraterniza\u00e7\u00e3o foi simplesmente perfeita, pois pude conhecer melhor as pessoas com quem fa\u00e7o a crisma. Todos n\u00f3s nos enturmamos e fortalecemos nossa amizade, al\u00e9m de passar um dia maravilhoso com piscina, churrasco e bagun\u00e7a. A presen\u00e7a de nossos pais foi fundamental porque assim sabemos que sempre estar\u00e3o conosco, nos momentos felizes e que nos ajudar\u00e3o em todas as nossas decis\u00f5es, fortalecendo nossa f\u00e9 na igreja.<\/em><br \/>\n<em><strong>Leticia <\/strong><\/em><\/p>\n<p><em>A confraterniza\u00e7ao  foi muito especial para  mim. Pude me enturmar mais com os meus amigos.<br \/>\nQueria agradecer a Silvia por ser uma pessoa muito especial para mim.<\/em><br \/>\n<strong><em>Victoria<\/em><\/strong><\/p>\n<p><em>H\u00e1 momentos que ficam na nossa mente perfeitos, tal como foram vividos.<\/em><br \/>\n<strong><em>Gabriela<\/em><\/strong><\/p>\n<p>\u00c0s 18:00 hs, o \u00f4nibus deixava a ch\u00e1cara retornando \u00e0 S\u00e3o Paulo ap\u00f3s um belo dia marcante para todos.<\/p>\n<p>Veja algumas fotos tiradas durante o dia:<br \/>ngg_shortcode_0_placeholder\n<div id=\"themify_builder_content-894\" data-postid=\"894\" class=\"themify_builder_content themify_builder_content-894 themify_builder themify_builder_front\">\n\t<\/div>\n<!-- \/themify_builder_content -->","protected":false},"excerpt":{"rendered":"<p>No \u00faltimo domingo (07\/12), os jovens e adultos que se preparam para o Crisma na par\u00f3quia de S\u00e3o Miguel, tiveram a oportunidade de passar um dia em uma ch\u00e1cara, onde juntos puderam refletir sobre o Sacramento o qual est\u00e3o se preparando e se dessa forma crescerem na conviv\u00eancia fraterna. Acompanhados de alguns pais, pessoas da [&hellip;]<\/p>\n","protected":false},"author":3,"featured_media":0,"comment_status":"open","ping_status":"open","sticky":false,"template":"","format":"standard","meta":{"ngg_post_thumbnail":0,"footnotes":""},"categories":[8],"tags":[143,142,3203],"yoast_head":"<!-- This site is optimized with the Yoast SEO plugin v23.5 - https:\/\/yoast.com\/wordpress\/plugins\/seo\/ -->\n<title>Crismandos: Um dia de reflex\u00e3o e conviv\u00eancia - O Arcanjo no ar<\/title>\n<meta name=\"robots\" content=\"index, follow, max-snippet:-1, max-image-preview:large, max-video-preview:-1\" \/>\n<link rel=\"canonical\" href=\"https:\/\/www.oarcanjo.net\/site\/crismandos-um-dia-de-reflexao-e-convivencia\/\" \/>\n<meta property=\"og:locale\" content=\"pt_BR\" \/>\n<meta property=\"og:type\" content=\"article\" \/>\n<meta property=\"og:title\" content=\"Crismandos: Um dia de reflex\u00e3o e conviv\u00eancia - O Arcanjo no ar\" \/>\n<meta property=\"og:description\" content=\"No \u00faltimo domingo (07\/12), os jovens e adultos que se preparam para o Crisma na par\u00f3quia de S\u00e3o Miguel, tiveram a oportunidade de passar um dia em uma ch\u00e1cara, onde juntos puderam refletir sobre o Sacramento o qual est\u00e3o se preparando e se dessa forma crescerem na conviv\u00eancia fraterna. Acompanhados de alguns pais, pessoas da [&hellip;]\" \/>\n<meta property=\"og:url\" content=\"https:\/\/www.oarcanjo.net\/site\/crismandos-um-dia-de-reflexao-e-convivencia\/\" \/>\n<meta property=\"og:site_name\" content=\"O Arcanjo no ar\" \/>\n<meta property=\"article:publisher\" content=\"https:\/\/www.facebook.com\/OArcanjoNoAr\/\" \/>\n<meta property=\"article:published_time\" content=\"2008-12-10T11:48:39+00:00\" \/>\n<meta property=\"article:modified_time\" content=\"2008-12-29T14:38:38+00:00\" \/>\n<meta property=\"og:image\" content=\"https:\/\/www.oarcanjo.net\/site\/wp-content\/uploads\/banner-crisma-150x150.jpg\" \/>\n<meta name=\"author\" content=\"miriam.meyer\" \/>\n<meta name=\"twitter:card\" content=\"summary_large_image\" \/>\n<meta name=\"twitter:label1\" content=\"Escrito por\" \/>\n\t<meta name=\"twitter:data1\" content=\"miriam.meyer\" \/>\n\t<meta name=\"twitter:label2\" content=\"Est. tempo de leitura\" \/>\n\t<meta name=\"twitter:data2\" content=\"2 minutos\" \/>\n<script type=\"application\/ld+json\" class=\"yoast-schema-graph\">{\"@context\":\"https:\/\/schema.org\",\"@graph\":[{\"@type\":\"Article\",\"@id\":\"https:\/\/www.oarcanjo.net\/site\/crismandos-um-dia-de-reflexao-e-convivencia\/#article\",\"isPartOf\":{\"@id\":\"https:\/\/www.oarcanjo.net\/site\/crismandos-um-dia-de-reflexao-e-convivencia\/\"},\"author\":{\"name\":\"miriam.meyer\",\"@id\":\"https:\/\/www.oarcanjo.net\/site\/#\/schema\/person\/ce0fba3450314a09c6442cfee983a3d8\"},\"headline\":\"Crismandos: Um dia de reflex\u00e3o e conviv\u00eancia\",\"datePublished\":\"2008-12-10T11:48:39+00:00\",\"dateModified\":\"2008-12-29T14:38:38+00:00\",\"mainEntityOfPage\":{\"@id\":\"https:\/\/www.oarcanjo.net\/site\/crismandos-um-dia-de-reflexao-e-convivencia\/\"},\"wordCount\":397,\"commentCount\":3,\"publisher\":{\"@id\":\"https:\/\/www.oarcanjo.net\/site\/#organization\"},\"keywords\":[\"Conviv\u00eancia\",\"Crisma\",\"Reflex\u00f5es\"],\"articleSection\":[\"Not\u00edcias\"],\"inLanguage\":\"pt-BR\",\"potentialAction\":[{\"@type\":\"CommentAction\",\"name\":\"Comment\",\"target\":[\"https:\/\/www.oarcanjo.net\/site\/crismandos-um-dia-de-reflexao-e-convivencia\/#respond\"]}]},{\"@type\":\"WebPage\",\"@id\":\"https:\/\/www.oarcanjo.net\/site\/crismandos-um-dia-de-reflexao-e-convivencia\/\",\"url\":\"https:\/\/www.oarcanjo.net\/site\/crismandos-um-dia-de-reflexao-e-convivencia\/\",\"name\":\"Crismandos: Um dia de reflex\u00e3o e conviv\u00eancia - O Arcanjo no ar\",\"isPartOf\":{\"@id\":\"https:\/\/www.oarcanjo.net\/site\/#website\"},\"datePublished\":\"2008-12-10T11:48:39+00:00\",\"dateModified\":\"2008-12-29T14:38:38+00:00\",\"breadcrumb\":{\"@id\":\"https:\/\/www.oarcanjo.net\/site\/crismandos-um-dia-de-reflexao-e-convivencia\/#breadcrumb\"},\"inLanguage\":\"pt-BR\",\"potentialAction\":[{\"@type\":\"ReadAction\",\"target\":[\"https:\/\/www.oarcanjo.net\/site\/crismandos-um-dia-de-reflexao-e-convivencia\/\"]}]},{\"@type\":\"BreadcrumbList\",\"@id\":\"https:\/\/www.oarcanjo.net\/site\/crismandos-um-dia-de-reflexao-e-convivencia\/#breadcrumb\",\"itemListElement\":[{\"@type\":\"ListItem\",\"position\":1,\"name\":\"In\u00edcio\",\"item\":\"https:\/\/www.oarcanjo.net\/site\/\"},{\"@type\":\"ListItem\",\"position\":2,\"name\":\"Crismandos: Um dia de reflex\u00e3o e conviv\u00eancia\"}]},{\"@type\":\"WebSite\",\"@id\":\"https:\/\/www.oarcanjo.net\/site\/#website\",\"url\":\"https:\/\/www.oarcanjo.net\/site\/\",\"name\":\"O Arcanjo no ar\",\"description\":\"Site da Par\u00f3quia S\u00e3o Miguel Arcanjo (Arquidiocese de SP)\",\"publisher\":{\"@id\":\"https:\/\/www.oarcanjo.net\/site\/#organization\"},\"potentialAction\":[{\"@type\":\"SearchAction\",\"target\":{\"@type\":\"EntryPoint\",\"urlTemplate\":\"https:\/\/www.oarcanjo.net\/site\/?s={search_term_string}\"},\"query-input\":{\"@type\":\"PropertyValueSpecification\",\"valueRequired\":true,\"valueName\":\"search_term_string\"}}],\"inLanguage\":\"pt-BR\"},{\"@type\":\"Organization\",\"@id\":\"https:\/\/www.oarcanjo.net\/site\/#organization\",\"name\":\"Par\u00f3quia S\u00e3o Miguel Arcanjo\",\"url\":\"https:\/\/www.oarcanjo.net\/site\/\",\"logo\":{\"@type\":\"ImageObject\",\"inLanguage\":\"pt-BR\",\"@id\":\"https:\/\/www.oarcanjo.net\/site\/#\/schema\/logo\/image\/\",\"url\":\"https:\/\/www.oarcanjo.net\/site\/wp-content\/uploads\/LogoOArcanjo.png\",\"contentUrl\":\"https:\/\/www.oarcanjo.net\/site\/wp-content\/uploads\/LogoOArcanjo.png\",\"width\":319,\"height\":99,\"caption\":\"Par\u00f3quia S\u00e3o Miguel Arcanjo\"},\"image\":{\"@id\":\"https:\/\/www.oarcanjo.net\/site\/#\/schema\/logo\/image\/\"},\"sameAs\":[\"https:\/\/www.facebook.com\/OArcanjoNoAr\/\"]},{\"@type\":\"Person\",\"@id\":\"https:\/\/www.oarcanjo.net\/site\/#\/schema\/person\/ce0fba3450314a09c6442cfee983a3d8\",\"name\":\"miriam.meyer\"}]}<\/script>\n<!-- \/ Yoast SEO plugin. -->","yoast_head_json":{"title":"Crismandos: Um dia de reflex\u00e3o e conviv\u00eancia - O Arcanjo no ar","robots":{"index":"index","follow":"follow","max-snippet":"max-snippet:-1","max-image-preview":"max-image-preview:large","max-video-preview":"max-video-preview:-1"},"canonical":"https:\/\/www.oarcanjo.net\/site\/crismandos-um-dia-de-reflexao-e-convivencia\/","og_locale":"pt_BR","og_type":"article","og_title":"Crismandos: Um dia de reflex\u00e3o e conviv\u00eancia - O Arcanjo no ar","og_description":"No \u00faltimo domingo (07\/12), os jovens e adultos que se preparam para o Crisma na par\u00f3quia de S\u00e3o Miguel, tiveram a oportunidade de passar um dia em uma ch\u00e1cara, onde juntos puderam refletir sobre o Sacramento o qual est\u00e3o se preparando e se dessa forma crescerem na conviv\u00eancia fraterna. Acompanhados de alguns pais, pessoas da [&hellip;]","og_url":"https:\/\/www.oarcanjo.net\/site\/crismandos-um-dia-de-reflexao-e-convivencia\/","og_site_name":"O Arcanjo no ar","article_publisher":"https:\/\/www.facebook.com\/OArcanjoNoAr\/","article_published_time":"2008-12-10T11:48:39+00:00","article_modified_time":"2008-12-29T14:38:38+00:00","og_image":[{"url":"https:\/\/www.oarcanjo.net\/site\/wp-content\/uploads\/banner-crisma-150x150.jpg"}],"author":"miriam.meyer","twitter_card":"summary_large_image","twitter_misc":{"Escrito por":"miriam.meyer","Est. tempo de leitura":"2 minutos"},"schema":{"@context":"https:\/\/schema.org","@graph":[{"@type":"Article","@id":"https:\/\/www.oarcanjo.net\/site\/crismandos-um-dia-de-reflexao-e-convivencia\/#article","isPartOf":{"@id":"https:\/\/www.oarcanjo.net\/site\/crismandos-um-dia-de-reflexao-e-convivencia\/"},"author":{"name":"miriam.meyer","@id":"https:\/\/www.oarcanjo.net\/site\/#\/schema\/person\/ce0fba3450314a09c6442cfee983a3d8"},"headline":"Crismandos: Um dia de reflex\u00e3o e conviv\u00eancia","datePublished":"2008-12-10T11:48:39+00:00","dateModified":"2008-12-29T14:38:38+00:00","mainEntityOfPage":{"@id":"https:\/\/www.oarcanjo.net\/site\/crismandos-um-dia-de-reflexao-e-convivencia\/"},"wordCount":397,"commentCount":3,"publisher":{"@id":"https:\/\/www.oarcanjo.net\/site\/#organization"},"keywords":["Conviv\u00eancia","Crisma","Reflex\u00f5es"],"articleSection":["Not\u00edcias"],"inLanguage":"pt-BR","potentialAction":[{"@type":"CommentAction","name":"Comment","target":["https:\/\/www.oarcanjo.net\/site\/crismandos-um-dia-de-reflexao-e-convivencia\/#respond"]}]},{"@type":"WebPage","@id":"https:\/\/www.oarcanjo.net\/site\/crismandos-um-dia-de-reflexao-e-convivencia\/","url":"https:\/\/www.oarcanjo.net\/site\/crismandos-um-dia-de-reflexao-e-convivencia\/","name":"Crismandos: Um dia de reflex\u00e3o e conviv\u00eancia - O Arcanjo no ar","isPartOf":{"@id":"https:\/\/www.oarcanjo.net\/site\/#website"},"datePublished":"2008-12-10T11:48:39+00:00","dateModified":"2008-12-29T14:38:38+00:00","breadcrumb":{"@id":"https:\/\/www.oarcanjo.net\/site\/crismandos-um-dia-de-reflexao-e-convivencia\/#breadcrumb"},"inLanguage":"pt-BR","potentialAction":[{"@type":"ReadAction","target":["https:\/\/www.oarcanjo.net\/site\/crismandos-um-dia-de-reflexao-e-convivencia\/"]}]},{"@type":"BreadcrumbList","@id":"https:\/\/www.oarcanjo.net\/site\/crismandos-um-dia-de-reflexao-e-convivencia\/#breadcrumb","itemListElement":[{"@type":"ListItem","position":1,"name":"In\u00edcio","item":"https:\/\/www.oarcanjo.net\/site\/"},{"@type":"ListItem","position":2,"name":"Crismandos: Um dia de reflex\u00e3o e conviv\u00eancia"}]},{"@type":"WebSite","@id":"https:\/\/www.oarcanjo.net\/site\/#website","url":"https:\/\/www.oarcanjo.net\/site\/","name":"O Arcanjo no ar","description":"Site da Par\u00f3quia S\u00e3o Miguel Arcanjo (Arquidiocese de SP)","publisher":{"@id":"https:\/\/www.oarcanjo.net\/site\/#organization"},"potentialAction":[{"@type":"SearchAction","target":{"@type":"EntryPoint","urlTemplate":"https:\/\/www.oarcanjo.net\/site\/?s={search_term_string}"},"query-input":{"@type":"PropertyValueSpecification","valueRequired":true,"valueName":"search_term_string"}}],"inLanguage":"pt-BR"},{"@type":"Organization","@id":"https:\/\/www.oarcanjo.net\/site\/#organization","name":"Par\u00f3quia S\u00e3o Miguel Arcanjo","url":"https:\/\/www.oarcanjo.net\/site\/","logo":{"@type":"ImageObject","inLanguage":"pt-BR","@id":"https:\/\/www.oarcanjo.net\/site\/#\/schema\/logo\/image\/","url":"https:\/\/www.oarcanjo.net\/site\/wp-content\/uploads\/LogoOArcanjo.png","contentUrl":"https:\/\/www.oarcanjo.net\/site\/wp-content\/uploads\/LogoOArcanjo.png","width":319,"height":99,"caption":"Par\u00f3quia S\u00e3o Miguel Arcanjo"},"image":{"@id":"https:\/\/www.oarcanjo.net\/site\/#\/schema\/logo\/image\/"},"sameAs":["https:\/\/www.facebook.com\/OArcanjoNoAr\/"]},{"@type":"Person","@id":"https:\/\/www.oarcanjo.net\/site\/#\/schema\/person\/ce0fba3450314a09c6442cfee983a3d8","name":"miriam.meyer"}]}},"publishpress_future_action":{"enabled":false,"date":"2026-05-08 18:06:11","action":"category","newStatus":"draft","terms":[],"taxonomy":"category"},"publishpress_future_workflow_manual_trigger":{"enabledWorkflows":[]},"_links":{"self":[{"href":"https:\/\/www.oarcanjo.net\/site\/wp-json\/wp\/v2\/posts\/894"}],"collection":[{"href":"https:\/\/www.oarcanjo.net\/site\/wp-json\/wp\/v2\/posts"}],"about":[{"href":"https:\/\/www.oarcanjo.net\/site\/wp-json\/wp\/v2\/types\/post"}],"author":[{"embeddable":true,"href":"https:\/\/www.oarcanjo.net\/site\/wp-json\/wp\/v2\/users\/3"}],"replies":[{"embeddable":true,"href":"https:\/\/www.oarcanjo.net\/site\/wp-json\/wp\/v2\/comments?post=894"}],"version-history":[{"count":0,"href":"https:\/\/www.oarcanjo.net\/site\/wp-json\/wp\/v2\/posts\/894\/revisions"}],"wp:attachment":[{"href":"https:\/\/www.oarcanjo.net\/site\/wp-json\/wp\/v2\/media?parent=894"}],"wp:term":[{"taxonomy":"category","embeddable":true,"href":"https:\/\/www.oarcanjo.net\/site\/wp-json\/wp\/v2\/categories?post=894"},{"taxonomy":"post_tag","embeddable":true,"href":"https:\/\/www.oarcanjo.net\/site\/wp-json\/wp\/v2\/tags?post=894"}],"curies":[{"name":"wp","href":"https:\/\/api.w.org\/{rel}","templated":true}]}}