
{"id":8950,"date":"2010-04-18T08:44:31","date_gmt":"2010-04-18T11:44:31","guid":{"rendered":"http:\/\/www.oarcanjo.net\/site\/?p=8950"},"modified":"2010-08-16T00:09:26","modified_gmt":"2010-08-16T03:09:26","slug":"paroquia-sao-miguel-arcanjo-envia-seus-leigos","status":"publish","type":"post","link":"https:\/\/www.oarcanjo.net\/site\/paroquia-sao-miguel-arcanjo-envia-seus-leigos\/","title":{"rendered":"Par\u00f3quia S\u00e3o Miguel Arcanjo envia seus leigos"},"content":{"rendered":"<p><em>Alexandre Nunes<\/em><\/p>\n<p>No dia 17 de abril o padre J\u00falio Lancellotti fez o envio de cerca de 30 pessoas que ir\u00e3o participar do 1\u00ba Congresso de Leigos organizado pela Arquidiocese de S\u00e3o Paulo. Esse congresso visa motivar e envolver os leigos cat\u00f3licos, e os crist\u00e3os em geral, para que vivam sua voca\u00e7\u00e3o de \u201cmensageiros\u201d da Palavra de Jesus.<\/p>\n<p>Com o prop\u00f3sito de se colocar a servi\u00e7o, e nesse sentido elegeram como s\u00edmbolo da participa\u00e7\u00e3o o avental, essas pessoas assumiram o compromisso de reunirem-se para aprofundar o estudo sobre o manual do Congresso e de participar das oficinas e demais atividades que fazem parte do projeto.<\/p>\n<p><img loading=\"lazy\" decoding=\"async\" class=\"alignnone size-full wp-image-8959\" title=\"Leigos a servi\u00e7o na prepara\u00e7\u00e3o do Congresso de Leigos\" src=\"http:\/\/www.oarcanjo.net\/site\/wp-content\/uploads\/congr-leigos-envio-17042010_001_th.jpg\" alt=\"Leigos a servi\u00e7o na prepara\u00e7\u00e3o do Congresso de Leigos\" width=\"450\" height=\"301\" srcset=\"https:\/\/www.oarcanjo.net\/site\/wp-content\/uploads\/congr-leigos-envio-17042010_001_th.jpg 450w, https:\/\/www.oarcanjo.net\/site\/wp-content\/uploads\/congr-leigos-envio-17042010_001_th-300x200.jpg 300w\" sizes=\"(max-width: 450px) 100vw, 450px\" \/><\/p>\n<p>Nossas irm\u00e3s Deolinda, Evaniza,\u00a0Rinalda e Silvia v\u00e3o representar a comunidade S\u00e3o Miguel Arcanjo no retiro programado para domingo, dia 18 de abril, quando leigos de todas as regi\u00f5es estar\u00e3o refletindo seu testemunho na vida da cidade.<\/p>\n<p><img loading=\"lazy\" decoding=\"async\" class=\"alignnone size-full wp-image-8956\" title=\"Representantes da comunidade no retiro do Congresso de Leigos: Deolinda, Evaniza, Rinalda e Silvia\" src=\"http:\/\/www.oarcanjo.net\/site\/wp-content\/uploads\/congr-leigos-envio-17042010_007_th.jpg\" alt=\"Representantes da comunidade no retiro do Congresso de Leigos: Deolinda, Evaniza, Rinalda e Silvia\" width=\"450\" height=\"301\" srcset=\"https:\/\/www.oarcanjo.net\/site\/wp-content\/uploads\/congr-leigos-envio-17042010_007_th.jpg 450w, https:\/\/www.oarcanjo.net\/site\/wp-content\/uploads\/congr-leigos-envio-17042010_007_th-300x200.jpg 300w\" sizes=\"(max-width: 450px) 100vw, 450px\" \/><\/p>\n<p>Para saber mais sobre o 1\u00ba Congresso de Leigos da Arquidiocese de S\u00e3o Paulo, acesse o site <a href=\"http:\/\/www.congressodeleigos.org.br\/\"><strong>www.congressodeleigos.org.br<\/strong><\/a> e siga o twitter\u00a0<strong>@congr_leigos_sp <\/strong>(<strong><a href=\"http:\/\/twitter.com\/congr_leigos_sp\">twitter.com\/congr_leigos_sp<\/a><span style=\"font-weight: normal;\">)<\/span><\/strong>.<\/p>\n<p>Veja imagens do encontro na comunidade:<\/p>\nngg_shortcode_0_placeholder\n<p><em>Fotos de Carlos Alberto Beatriz<\/em><\/p>\n<div id=\"themify_builder_content-8950\" data-postid=\"8950\" class=\"themify_builder_content themify_builder_content-8950 themify_builder themify_builder_front\">\n\t<\/div>\n<!-- \/themify_builder_content -->","protected":false},"excerpt":{"rendered":"<p>Alexandre Nunes No dia 17 de abril o padre J\u00falio Lancellotti fez o envio de cerca de 30 pessoas que ir\u00e3o participar do 1\u00ba Congresso de Leigos organizado pela Arquidiocese de S\u00e3o Paulo. Esse congresso visa motivar e envolver os leigos cat\u00f3licos, e os crist\u00e3os em geral, para que vivam sua voca\u00e7\u00e3o de \u201cmensageiros\u201d da [&hellip;]<\/p>\n","protected":false},"author":15,"featured_media":0,"comment_status":"open","ping_status":"open","sticky":false,"template":"","format":"standard","meta":{"ngg_post_thumbnail":0,"footnotes":""},"categories":[8,7],"tags":[239,1434],"yoast_head":"<!-- This site is optimized with the Yoast SEO plugin v23.5 - https:\/\/yoast.com\/wordpress\/plugins\/seo\/ -->\n<title>Par\u00f3quia S\u00e3o Miguel Arcanjo envia seus leigos - O Arcanjo no ar<\/title>\n<meta name=\"robots\" content=\"index, follow, max-snippet:-1, max-image-preview:large, max-video-preview:-1\" \/>\n<link rel=\"canonical\" href=\"https:\/\/www.oarcanjo.net\/site\/paroquia-sao-miguel-arcanjo-envia-seus-leigos\/\" \/>\n<meta property=\"og:locale\" content=\"pt_BR\" \/>\n<meta property=\"og:type\" content=\"article\" \/>\n<meta property=\"og:title\" content=\"Par\u00f3quia S\u00e3o Miguel Arcanjo envia seus leigos - O Arcanjo no ar\" \/>\n<meta property=\"og:description\" content=\"Alexandre Nunes No dia 17 de abril o padre J\u00falio Lancellotti fez o envio de cerca de 30 pessoas que ir\u00e3o participar do 1\u00ba Congresso de Leigos organizado pela Arquidiocese de S\u00e3o Paulo. Esse congresso visa motivar e envolver os leigos cat\u00f3licos, e os crist\u00e3os em geral, para que vivam sua voca\u00e7\u00e3o de \u201cmensageiros\u201d da [&hellip;]\" \/>\n<meta property=\"og:url\" content=\"https:\/\/www.oarcanjo.net\/site\/paroquia-sao-miguel-arcanjo-envia-seus-leigos\/\" \/>\n<meta property=\"og:site_name\" content=\"O Arcanjo no ar\" \/>\n<meta property=\"article:publisher\" content=\"https:\/\/www.facebook.com\/OArcanjoNoAr\/\" \/>\n<meta property=\"article:published_time\" content=\"2010-04-18T11:44:31+00:00\" \/>\n<meta property=\"article:modified_time\" content=\"2010-08-16T03:09:26+00:00\" \/>\n<meta property=\"og:image\" content=\"http:\/\/www.oarcanjo.net\/site\/wp-content\/uploads\/congr-leigos-envio-17042010_001_th.jpg\" \/>\n<meta name=\"author\" content=\"Alexandre Nunes\" \/>\n<meta name=\"twitter:card\" content=\"summary_large_image\" \/>\n<meta name=\"twitter:label1\" content=\"Escrito por\" \/>\n\t<meta name=\"twitter:data1\" content=\"Alexandre Nunes\" \/>\n\t<meta name=\"twitter:label2\" content=\"Est. tempo de leitura\" \/>\n\t<meta name=\"twitter:data2\" content=\"1 minuto\" \/>\n<script type=\"application\/ld+json\" class=\"yoast-schema-graph\">{\"@context\":\"https:\/\/schema.org\",\"@graph\":[{\"@type\":\"Article\",\"@id\":\"https:\/\/www.oarcanjo.net\/site\/paroquia-sao-miguel-arcanjo-envia-seus-leigos\/#article\",\"isPartOf\":{\"@id\":\"https:\/\/www.oarcanjo.net\/site\/paroquia-sao-miguel-arcanjo-envia-seus-leigos\/\"},\"author\":{\"name\":\"Alexandre Nunes\",\"@id\":\"https:\/\/www.oarcanjo.net\/site\/#\/schema\/person\/0a2ae077c1a09b69d29928e3b9f1c0d1\"},\"headline\":\"Par\u00f3quia S\u00e3o Miguel Arcanjo envia seus leigos\",\"datePublished\":\"2010-04-18T11:44:31+00:00\",\"dateModified\":\"2010-08-16T03:09:26+00:00\",\"mainEntityOfPage\":{\"@id\":\"https:\/\/www.oarcanjo.net\/site\/paroquia-sao-miguel-arcanjo-envia-seus-leigos\/\"},\"wordCount\":208,\"commentCount\":0,\"publisher\":{\"@id\":\"https:\/\/www.oarcanjo.net\/site\/#organization\"},\"image\":{\"@id\":\"https:\/\/www.oarcanjo.net\/site\/paroquia-sao-miguel-arcanjo-envia-seus-leigos\/#primaryimage\"},\"thumbnailUrl\":\"http:\/\/www.oarcanjo.net\/site\/wp-content\/uploads\/congr-leigos-envio-17042010_001_th.jpg\",\"keywords\":[\"Arquidiocese de S\u00e3o Paulo\",\"Congresso de Leigos\"],\"articleSection\":[\"Not\u00edcias\",\"Rosto da comunidade\"],\"inLanguage\":\"pt-BR\",\"potentialAction\":[{\"@type\":\"CommentAction\",\"name\":\"Comment\",\"target\":[\"https:\/\/www.oarcanjo.net\/site\/paroquia-sao-miguel-arcanjo-envia-seus-leigos\/#respond\"]}]},{\"@type\":\"WebPage\",\"@id\":\"https:\/\/www.oarcanjo.net\/site\/paroquia-sao-miguel-arcanjo-envia-seus-leigos\/\",\"url\":\"https:\/\/www.oarcanjo.net\/site\/paroquia-sao-miguel-arcanjo-envia-seus-leigos\/\",\"name\":\"Par\u00f3quia S\u00e3o Miguel Arcanjo envia seus leigos - O Arcanjo no ar\",\"isPartOf\":{\"@id\":\"https:\/\/www.oarcanjo.net\/site\/#website\"},\"primaryImageOfPage\":{\"@id\":\"https:\/\/www.oarcanjo.net\/site\/paroquia-sao-miguel-arcanjo-envia-seus-leigos\/#primaryimage\"},\"image\":{\"@id\":\"https:\/\/www.oarcanjo.net\/site\/paroquia-sao-miguel-arcanjo-envia-seus-leigos\/#primaryimage\"},\"thumbnailUrl\":\"http:\/\/www.oarcanjo.net\/site\/wp-content\/uploads\/congr-leigos-envio-17042010_001_th.jpg\",\"datePublished\":\"2010-04-18T11:44:31+00:00\",\"dateModified\":\"2010-08-16T03:09:26+00:00\",\"breadcrumb\":{\"@id\":\"https:\/\/www.oarcanjo.net\/site\/paroquia-sao-miguel-arcanjo-envia-seus-leigos\/#breadcrumb\"},\"inLanguage\":\"pt-BR\",\"potentialAction\":[{\"@type\":\"ReadAction\",\"target\":[\"https:\/\/www.oarcanjo.net\/site\/paroquia-sao-miguel-arcanjo-envia-seus-leigos\/\"]}]},{\"@type\":\"ImageObject\",\"inLanguage\":\"pt-BR\",\"@id\":\"https:\/\/www.oarcanjo.net\/site\/paroquia-sao-miguel-arcanjo-envia-seus-leigos\/#primaryimage\",\"url\":\"https:\/\/www.oarcanjo.net\/site\/wp-content\/uploads\/congr-leigos-envio-17042010_001_th.jpg\",\"contentUrl\":\"https:\/\/www.oarcanjo.net\/site\/wp-content\/uploads\/congr-leigos-envio-17042010_001_th.jpg\",\"width\":\"450\",\"height\":\"301\",\"caption\":\"Leigos a servi\u00e7o na prepara\u00e7\u00e3o do Congresso de Leigos\"},{\"@type\":\"BreadcrumbList\",\"@id\":\"https:\/\/www.oarcanjo.net\/site\/paroquia-sao-miguel-arcanjo-envia-seus-leigos\/#breadcrumb\",\"itemListElement\":[{\"@type\":\"ListItem\",\"position\":1,\"name\":\"In\u00edcio\",\"item\":\"https:\/\/www.oarcanjo.net\/site\/\"},{\"@type\":\"ListItem\",\"position\":2,\"name\":\"Par\u00f3quia S\u00e3o Miguel Arcanjo envia seus leigos\"}]},{\"@type\":\"WebSite\",\"@id\":\"https:\/\/www.oarcanjo.net\/site\/#website\",\"url\":\"https:\/\/www.oarcanjo.net\/site\/\",\"name\":\"O Arcanjo no ar\",\"description\":\"Site da Par\u00f3quia S\u00e3o Miguel Arcanjo (Arquidiocese de SP)\",\"publisher\":{\"@id\":\"https:\/\/www.oarcanjo.net\/site\/#organization\"},\"potentialAction\":[{\"@type\":\"SearchAction\",\"target\":{\"@type\":\"EntryPoint\",\"urlTemplate\":\"https:\/\/www.oarcanjo.net\/site\/?s={search_term_string}\"},\"query-input\":{\"@type\":\"PropertyValueSpecification\",\"valueRequired\":true,\"valueName\":\"search_term_string\"}}],\"inLanguage\":\"pt-BR\"},{\"@type\":\"Organization\",\"@id\":\"https:\/\/www.oarcanjo.net\/site\/#organization\",\"name\":\"Par\u00f3quia S\u00e3o Miguel Arcanjo\",\"url\":\"https:\/\/www.oarcanjo.net\/site\/\",\"logo\":{\"@type\":\"ImageObject\",\"inLanguage\":\"pt-BR\",\"@id\":\"https:\/\/www.oarcanjo.net\/site\/#\/schema\/logo\/image\/\",\"url\":\"https:\/\/www.oarcanjo.net\/site\/wp-content\/uploads\/LogoOArcanjo.png\",\"contentUrl\":\"https:\/\/www.oarcanjo.net\/site\/wp-content\/uploads\/LogoOArcanjo.png\",\"width\":319,\"height\":99,\"caption\":\"Par\u00f3quia S\u00e3o Miguel Arcanjo\"},\"image\":{\"@id\":\"https:\/\/www.oarcanjo.net\/site\/#\/schema\/logo\/image\/\"},\"sameAs\":[\"https:\/\/www.facebook.com\/OArcanjoNoAr\/\"]},{\"@type\":\"Person\",\"@id\":\"https:\/\/www.oarcanjo.net\/site\/#\/schema\/person\/0a2ae077c1a09b69d29928e3b9f1c0d1\",\"name\":\"Alexandre Nunes\",\"sameAs\":[\"http:\/\/alexandrenu.com\"]}]}<\/script>\n<!-- \/ Yoast SEO plugin. -->","yoast_head_json":{"title":"Par\u00f3quia S\u00e3o Miguel Arcanjo envia seus leigos - O Arcanjo no ar","robots":{"index":"index","follow":"follow","max-snippet":"max-snippet:-1","max-image-preview":"max-image-preview:large","max-video-preview":"max-video-preview:-1"},"canonical":"https:\/\/www.oarcanjo.net\/site\/paroquia-sao-miguel-arcanjo-envia-seus-leigos\/","og_locale":"pt_BR","og_type":"article","og_title":"Par\u00f3quia S\u00e3o Miguel Arcanjo envia seus leigos - O Arcanjo no ar","og_description":"Alexandre Nunes No dia 17 de abril o padre J\u00falio Lancellotti fez o envio de cerca de 30 pessoas que ir\u00e3o participar do 1\u00ba Congresso de Leigos organizado pela Arquidiocese de S\u00e3o Paulo. Esse congresso visa motivar e envolver os leigos cat\u00f3licos, e os crist\u00e3os em geral, para que vivam sua voca\u00e7\u00e3o de \u201cmensageiros\u201d da [&hellip;]","og_url":"https:\/\/www.oarcanjo.net\/site\/paroquia-sao-miguel-arcanjo-envia-seus-leigos\/","og_site_name":"O Arcanjo no ar","article_publisher":"https:\/\/www.facebook.com\/OArcanjoNoAr\/","article_published_time":"2010-04-18T11:44:31+00:00","article_modified_time":"2010-08-16T03:09:26+00:00","og_image":[{"url":"http:\/\/www.oarcanjo.net\/site\/wp-content\/uploads\/congr-leigos-envio-17042010_001_th.jpg"}],"author":"Alexandre Nunes","twitter_card":"summary_large_image","twitter_misc":{"Escrito por":"Alexandre Nunes","Est. tempo de leitura":"1 minuto"},"schema":{"@context":"https:\/\/schema.org","@graph":[{"@type":"Article","@id":"https:\/\/www.oarcanjo.net\/site\/paroquia-sao-miguel-arcanjo-envia-seus-leigos\/#article","isPartOf":{"@id":"https:\/\/www.oarcanjo.net\/site\/paroquia-sao-miguel-arcanjo-envia-seus-leigos\/"},"author":{"name":"Alexandre Nunes","@id":"https:\/\/www.oarcanjo.net\/site\/#\/schema\/person\/0a2ae077c1a09b69d29928e3b9f1c0d1"},"headline":"Par\u00f3quia S\u00e3o Miguel Arcanjo envia seus leigos","datePublished":"2010-04-18T11:44:31+00:00","dateModified":"2010-08-16T03:09:26+00:00","mainEntityOfPage":{"@id":"https:\/\/www.oarcanjo.net\/site\/paroquia-sao-miguel-arcanjo-envia-seus-leigos\/"},"wordCount":208,"commentCount":0,"publisher":{"@id":"https:\/\/www.oarcanjo.net\/site\/#organization"},"image":{"@id":"https:\/\/www.oarcanjo.net\/site\/paroquia-sao-miguel-arcanjo-envia-seus-leigos\/#primaryimage"},"thumbnailUrl":"http:\/\/www.oarcanjo.net\/site\/wp-content\/uploads\/congr-leigos-envio-17042010_001_th.jpg","keywords":["Arquidiocese de S\u00e3o Paulo","Congresso de Leigos"],"articleSection":["Not\u00edcias","Rosto da comunidade"],"inLanguage":"pt-BR","potentialAction":[{"@type":"CommentAction","name":"Comment","target":["https:\/\/www.oarcanjo.net\/site\/paroquia-sao-miguel-arcanjo-envia-seus-leigos\/#respond"]}]},{"@type":"WebPage","@id":"https:\/\/www.oarcanjo.net\/site\/paroquia-sao-miguel-arcanjo-envia-seus-leigos\/","url":"https:\/\/www.oarcanjo.net\/site\/paroquia-sao-miguel-arcanjo-envia-seus-leigos\/","name":"Par\u00f3quia S\u00e3o Miguel Arcanjo envia seus leigos - O Arcanjo no ar","isPartOf":{"@id":"https:\/\/www.oarcanjo.net\/site\/#website"},"primaryImageOfPage":{"@id":"https:\/\/www.oarcanjo.net\/site\/paroquia-sao-miguel-arcanjo-envia-seus-leigos\/#primaryimage"},"image":{"@id":"https:\/\/www.oarcanjo.net\/site\/paroquia-sao-miguel-arcanjo-envia-seus-leigos\/#primaryimage"},"thumbnailUrl":"http:\/\/www.oarcanjo.net\/site\/wp-content\/uploads\/congr-leigos-envio-17042010_001_th.jpg","datePublished":"2010-04-18T11:44:31+00:00","dateModified":"2010-08-16T03:09:26+00:00","breadcrumb":{"@id":"https:\/\/www.oarcanjo.net\/site\/paroquia-sao-miguel-arcanjo-envia-seus-leigos\/#breadcrumb"},"inLanguage":"pt-BR","potentialAction":[{"@type":"ReadAction","target":["https:\/\/www.oarcanjo.net\/site\/paroquia-sao-miguel-arcanjo-envia-seus-leigos\/"]}]},{"@type":"ImageObject","inLanguage":"pt-BR","@id":"https:\/\/www.oarcanjo.net\/site\/paroquia-sao-miguel-arcanjo-envia-seus-leigos\/#primaryimage","url":"https:\/\/www.oarcanjo.net\/site\/wp-content\/uploads\/congr-leigos-envio-17042010_001_th.jpg","contentUrl":"https:\/\/www.oarcanjo.net\/site\/wp-content\/uploads\/congr-leigos-envio-17042010_001_th.jpg","width":"450","height":"301","caption":"Leigos a servi\u00e7o na prepara\u00e7\u00e3o do Congresso de Leigos"},{"@type":"BreadcrumbList","@id":"https:\/\/www.oarcanjo.net\/site\/paroquia-sao-miguel-arcanjo-envia-seus-leigos\/#breadcrumb","itemListElement":[{"@type":"ListItem","position":1,"name":"In\u00edcio","item":"https:\/\/www.oarcanjo.net\/site\/"},{"@type":"ListItem","position":2,"name":"Par\u00f3quia S\u00e3o Miguel Arcanjo envia seus leigos"}]},{"@type":"WebSite","@id":"https:\/\/www.oarcanjo.net\/site\/#website","url":"https:\/\/www.oarcanjo.net\/site\/","name":"O Arcanjo no ar","description":"Site da Par\u00f3quia S\u00e3o Miguel Arcanjo (Arquidiocese de SP)","publisher":{"@id":"https:\/\/www.oarcanjo.net\/site\/#organization"},"potentialAction":[{"@type":"SearchAction","target":{"@type":"EntryPoint","urlTemplate":"https:\/\/www.oarcanjo.net\/site\/?s={search_term_string}"},"query-input":{"@type":"PropertyValueSpecification","valueRequired":true,"valueName":"search_term_string"}}],"inLanguage":"pt-BR"},{"@type":"Organization","@id":"https:\/\/www.oarcanjo.net\/site\/#organization","name":"Par\u00f3quia S\u00e3o Miguel Arcanjo","url":"https:\/\/www.oarcanjo.net\/site\/","logo":{"@type":"ImageObject","inLanguage":"pt-BR","@id":"https:\/\/www.oarcanjo.net\/site\/#\/schema\/logo\/image\/","url":"https:\/\/www.oarcanjo.net\/site\/wp-content\/uploads\/LogoOArcanjo.png","contentUrl":"https:\/\/www.oarcanjo.net\/site\/wp-content\/uploads\/LogoOArcanjo.png","width":319,"height":99,"caption":"Par\u00f3quia S\u00e3o Miguel Arcanjo"},"image":{"@id":"https:\/\/www.oarcanjo.net\/site\/#\/schema\/logo\/image\/"},"sameAs":["https:\/\/www.facebook.com\/OArcanjoNoAr\/"]},{"@type":"Person","@id":"https:\/\/www.oarcanjo.net\/site\/#\/schema\/person\/0a2ae077c1a09b69d29928e3b9f1c0d1","name":"Alexandre Nunes","sameAs":["http:\/\/alexandrenu.com"]}]}},"publishpress_future_action":{"enabled":false,"date":"2026-05-06 07:35:47","action":"category","newStatus":"draft","terms":[],"taxonomy":"category"},"publishpress_future_workflow_manual_trigger":{"enabledWorkflows":[]},"_links":{"self":[{"href":"https:\/\/www.oarcanjo.net\/site\/wp-json\/wp\/v2\/posts\/8950"}],"collection":[{"href":"https:\/\/www.oarcanjo.net\/site\/wp-json\/wp\/v2\/posts"}],"about":[{"href":"https:\/\/www.oarcanjo.net\/site\/wp-json\/wp\/v2\/types\/post"}],"author":[{"embeddable":true,"href":"https:\/\/www.oarcanjo.net\/site\/wp-json\/wp\/v2\/users\/15"}],"replies":[{"embeddable":true,"href":"https:\/\/www.oarcanjo.net\/site\/wp-json\/wp\/v2\/comments?post=8950"}],"version-history":[{"count":0,"href":"https:\/\/www.oarcanjo.net\/site\/wp-json\/wp\/v2\/posts\/8950\/revisions"}],"wp:attachment":[{"href":"https:\/\/www.oarcanjo.net\/site\/wp-json\/wp\/v2\/media?parent=8950"}],"wp:term":[{"taxonomy":"category","embeddable":true,"href":"https:\/\/www.oarcanjo.net\/site\/wp-json\/wp\/v2\/categories?post=8950"},{"taxonomy":"post_tag","embeddable":true,"href":"https:\/\/www.oarcanjo.net\/site\/wp-json\/wp\/v2\/tags?post=8950"}],"curies":[{"name":"wp","href":"https:\/\/api.w.org\/{rel}","templated":true}]}}