
{"id":8963,"date":"2010-04-18T10:10:51","date_gmt":"2010-04-18T12:10:51","guid":{"rendered":"http:\/\/www.oarcanjo.net\/site\/?p=8963"},"modified":"2010-04-18T14:52:37","modified_gmt":"2010-04-18T16:52:37","slug":"preparos-finais-dos-jubileus","status":"publish","type":"post","link":"https:\/\/www.oarcanjo.net\/site\/preparos-finais-dos-jubileus\/","title":{"rendered":"Preparativos finais dos Jubileus da par\u00f3quia e do Pe. J\u00falio"},"content":{"rendered":"<p>Alexandre Nunes<\/p>\n<p>No dia 17 de abril, a comunidade se reuniu para fechar os \u00faltimos detalhes das grandes festas que teremos esta semana: Os 25 anos de sacerd\u00f3cio do padre J\u00falio e os 50 anos de nossa par\u00f3quia. Em um clima de descontra\u00e7\u00e3o e uni\u00e3o, foram discutidos os acertos finais destes eventos que iremos vivenciar.<\/p>\n<p><a href=\"http:\/\/www.oarcanjo.net\/site\/wp-content\/uploads\/reuniao-jubileu-17042010_001_th.jpg\"><img loading=\"lazy\" decoding=\"async\" class=\"alignnone size-full wp-image-8968\" title=\"Prepara\u00e7\u00e3o do Jubileu da par\u00f3quia e do pe. J\u00falio\" src=\"http:\/\/www.oarcanjo.net\/site\/wp-content\/uploads\/reuniao-jubileu-17042010_001_th.jpg\" alt=\"Prepara\u00e7\u00e3o do Jubileu da par\u00f3quia e do pe. J\u00falio\" width=\"450\" height=\"297\" srcset=\"https:\/\/www.oarcanjo.net\/site\/wp-content\/uploads\/reuniao-jubileu-17042010_001_th.jpg 450w, https:\/\/www.oarcanjo.net\/site\/wp-content\/uploads\/reuniao-jubileu-17042010_001_th-300x198.jpg 300w\" sizes=\"(max-width: 450px) 100vw, 450px\" \/><\/a><\/p>\n<p>Contamos com a presen\u00e7a de representantes dessa hist\u00f3ria de mais de 50 anos:<\/p>\n<p><img loading=\"lazy\" decoding=\"async\" class=\"alignnone size-full wp-image-8971\" title=\"Irma e Giselda\" src=\"http:\/\/www.oarcanjo.net\/site\/wp-content\/uploads\/reuniao-jubileu-17042010_004_th.jpg\" alt=\"Irma e Giselda\" width=\"450\" height=\"300\" srcset=\"https:\/\/www.oarcanjo.net\/site\/wp-content\/uploads\/reuniao-jubileu-17042010_004_th.jpg 450w, https:\/\/www.oarcanjo.net\/site\/wp-content\/uploads\/reuniao-jubileu-17042010_004_th-300x200.jpg 300w\" sizes=\"(max-width: 450px) 100vw, 450px\" \/><\/p>\n<p><img loading=\"lazy\" decoding=\"async\" class=\"alignnone size-full wp-image-8972\" title=\"D. Ubelinda\" src=\"http:\/\/www.oarcanjo.net\/site\/wp-content\/uploads\/reuniao-jubileu-17042010_005_th.jpg\" alt=\"D. Ubelinda\" width=\"450\" height=\"300\" srcset=\"https:\/\/www.oarcanjo.net\/site\/wp-content\/uploads\/reuniao-jubileu-17042010_005_th.jpg 450w, https:\/\/www.oarcanjo.net\/site\/wp-content\/uploads\/reuniao-jubileu-17042010_005_th-300x200.jpg 300w\" sizes=\"(max-width: 450px) 100vw, 450px\" \/><\/p>\n<p>A celebra\u00e7\u00e3o do Jubileu do Pe. J\u00falio ser\u00e1 presidida pelo querido D. Ang\u00e9lico Sandalo Bernardino, bispo em\u00e9rito de Blumenau (SC) e ex-bispo auxiliar da Arquidiocese de S\u00e3o Paulo,\u00a0e acontece no dia <span style=\"color: #ff0000;\"><strong>20 de abril<\/strong><\/span>, ter\u00e7a-feira, \u00e0s <strong>20h<\/strong>, na <strong>capela da Universidade S\u00e3o Judas Tadeu<\/strong>.<\/p>\n<p>Na reuni\u00e3o a comunidade j\u00e1 deu de presente para o Pe. J\u00falio um novo\u00a0par de sand\u00e1lias para continuar a caminhada.<\/p>\n<p><img loading=\"lazy\" decoding=\"async\" class=\"alignnone size-full wp-image-8967\" title=\"Presente ao Pe. J\u00falio pelos 25 anos de caminhada no sacerd\u00f3cio\" src=\"http:\/\/www.oarcanjo.net\/site\/wp-content\/uploads\/reuniao-jubileu-17042010_003_th.jpg\" alt=\"Presente ao Pe. J\u00falio pelos 25 anos de caminhada no sacerd\u00f3cio\" width=\"450\" height=\"300\" srcset=\"https:\/\/www.oarcanjo.net\/site\/wp-content\/uploads\/reuniao-jubileu-17042010_003_th.jpg 450w, https:\/\/www.oarcanjo.net\/site\/wp-content\/uploads\/reuniao-jubileu-17042010_003_th-300x200.jpg 300w\" sizes=\"(max-width: 450px) 100vw, 450px\" \/><\/p>\n<p><a href=\"http:\/\/www.oarcanjo.net\/site\/wp-content\/uploads\/reuniao-jubileu-17042010_002_th.jpg\"><img loading=\"lazy\" decoding=\"async\" class=\"alignnone size-full wp-image-8969\" title=\"Presente ao Pe. J\u00falio pelo Jubileu de prata de sacerd\u00f3cio\" src=\"http:\/\/www.oarcanjo.net\/site\/wp-content\/uploads\/reuniao-jubileu-17042010_002_th.jpg\" alt=\"Presente ao Pe. J\u00falio pelo Jubileu de prata de sacerd\u00f3cio\" width=\"450\" height=\"300\" srcset=\"https:\/\/www.oarcanjo.net\/site\/wp-content\/uploads\/reuniao-jubileu-17042010_002_th.jpg 450w, https:\/\/www.oarcanjo.net\/site\/wp-content\/uploads\/reuniao-jubileu-17042010_002_th-300x200.jpg 300w\" sizes=\"(max-width: 450px) 100vw, 450px\" \/><\/a><\/p>\n<p>A festa do <strong>Jubileu da par\u00f3quia S\u00e3o Miguel Arcanjo<\/strong> ter\u00e1 in\u00edcio \u00e0s <strong>14h<\/strong> na quarta-feira, <strong><span style=\"color: #ff0000;\"><span style=\"color: #000000;\"><span style=\"font-weight: normal;\">dia<\/span><\/span> 21 de abril<\/span><\/strong>, na <strong>rua ao lado da igreja<\/strong>,\u00a0com a apresenta\u00e7\u00e3o do Coral da Pol\u00edcia Militar e na sequ\u00eancia dos artistas Bianca, Dunga, Pe. Juarez, Pe. Jo\u00e3ozinho e Pe. Zezinho. A missa come\u00e7a \u00e0s <strong>18h<\/strong>.<\/p>\n<p>A montagem do palco ser\u00e1 \u00e0s 10h e a equipe de organiza\u00e7\u00e3o estar\u00e1 acertando os \u00faltimos detalhes a partir das 13h.<\/p>\n<p>Venham celebrar conosco!<\/p>\n<p><em>Fotos de Carlos Alberto Beatriz<\/em><\/p>\n<div id=\"themify_builder_content-8963\" data-postid=\"8963\" class=\"themify_builder_content themify_builder_content-8963 themify_builder themify_builder_front\">\n\t<\/div>\n<!-- \/themify_builder_content -->","protected":false},"excerpt":{"rendered":"<p>Alexandre Nunes No dia 17 de abril, a comunidade se reuniu para fechar os \u00faltimos detalhes das grandes festas que teremos esta semana: Os 25 anos de sacerd\u00f3cio do padre J\u00falio e os 50 anos de nossa par\u00f3quia. Em um clima de descontra\u00e7\u00e3o e uni\u00e3o, foram discutidos os acertos finais destes eventos que iremos vivenciar. [&hellip;]<\/p>\n","protected":false},"author":15,"featured_media":0,"comment_status":"open","ping_status":"open","sticky":false,"template":"","format":"standard","meta":{"ngg_post_thumbnail":0,"footnotes":""},"categories":[8,7],"tags":[1571,1570,1569,1401,1453,688],"yoast_head":"<!-- This site is optimized with the Yoast SEO plugin v23.5 - https:\/\/yoast.com\/wordpress\/plugins\/seo\/ -->\n<title>Preparativos finais dos Jubileus da par\u00f3quia e do Pe. J\u00falio - O Arcanjo no ar<\/title>\n<meta name=\"robots\" content=\"index, follow, max-snippet:-1, max-image-preview:large, max-video-preview:-1\" \/>\n<link rel=\"canonical\" href=\"https:\/\/www.oarcanjo.net\/site\/preparos-finais-dos-jubileus\/\" \/>\n<meta property=\"og:locale\" content=\"pt_BR\" \/>\n<meta property=\"og:type\" content=\"article\" \/>\n<meta property=\"og:title\" content=\"Preparativos finais dos Jubileus da par\u00f3quia e do Pe. J\u00falio - O Arcanjo no ar\" \/>\n<meta property=\"og:description\" content=\"Alexandre Nunes No dia 17 de abril, a comunidade se reuniu para fechar os \u00faltimos detalhes das grandes festas que teremos esta semana: Os 25 anos de sacerd\u00f3cio do padre J\u00falio e os 50 anos de nossa par\u00f3quia. Em um clima de descontra\u00e7\u00e3o e uni\u00e3o, foram discutidos os acertos finais destes eventos que iremos vivenciar. [&hellip;]\" \/>\n<meta property=\"og:url\" content=\"https:\/\/www.oarcanjo.net\/site\/preparos-finais-dos-jubileus\/\" \/>\n<meta property=\"og:site_name\" content=\"O Arcanjo no ar\" \/>\n<meta property=\"article:publisher\" content=\"https:\/\/www.facebook.com\/OArcanjoNoAr\/\" \/>\n<meta property=\"article:published_time\" content=\"2010-04-18T12:10:51+00:00\" \/>\n<meta property=\"article:modified_time\" content=\"2010-04-18T16:52:37+00:00\" \/>\n<meta property=\"og:image\" content=\"http:\/\/www.oarcanjo.net\/site\/wp-content\/uploads\/reuniao-jubileu-17042010_001_th.jpg\" \/>\n<meta name=\"author\" content=\"Alexandre Nunes\" \/>\n<meta name=\"twitter:card\" content=\"summary_large_image\" \/>\n<meta name=\"twitter:label1\" content=\"Escrito por\" \/>\n\t<meta name=\"twitter:data1\" content=\"Alexandre Nunes\" \/>\n\t<meta name=\"twitter:label2\" content=\"Est. tempo de leitura\" \/>\n\t<meta name=\"twitter:data2\" content=\"1 minuto\" \/>\n<script type=\"application\/ld+json\" class=\"yoast-schema-graph\">{\"@context\":\"https:\/\/schema.org\",\"@graph\":[{\"@type\":\"Article\",\"@id\":\"https:\/\/www.oarcanjo.net\/site\/preparos-finais-dos-jubileus\/#article\",\"isPartOf\":{\"@id\":\"https:\/\/www.oarcanjo.net\/site\/preparos-finais-dos-jubileus\/\"},\"author\":{\"name\":\"Alexandre Nunes\",\"@id\":\"https:\/\/www.oarcanjo.net\/site\/#\/schema\/person\/0a2ae077c1a09b69d29928e3b9f1c0d1\"},\"headline\":\"Preparativos finais dos Jubileus da par\u00f3quia e do Pe. J\u00falio\",\"datePublished\":\"2010-04-18T12:10:51+00:00\",\"dateModified\":\"2010-04-18T16:52:37+00:00\",\"mainEntityOfPage\":{\"@id\":\"https:\/\/www.oarcanjo.net\/site\/preparos-finais-dos-jubileus\/\"},\"wordCount\":247,\"commentCount\":0,\"publisher\":{\"@id\":\"https:\/\/www.oarcanjo.net\/site\/#organization\"},\"image\":{\"@id\":\"https:\/\/www.oarcanjo.net\/site\/preparos-finais-dos-jubileus\/#primaryimage\"},\"thumbnailUrl\":\"http:\/\/www.oarcanjo.net\/site\/wp-content\/uploads\/reuniao-jubileu-17042010_001_th.jpg\",\"keywords\":[\"25 anos\",\"50 anos\",\"D. Ang\u00e9lico Sandalo Bernardino\",\"Jubileu\",\"Par\u00f3quia S\u00e3o Miguel Arcanjo\",\"Pe. J\u00falio\"],\"articleSection\":[\"Not\u00edcias\",\"Rosto da comunidade\"],\"inLanguage\":\"pt-BR\",\"potentialAction\":[{\"@type\":\"CommentAction\",\"name\":\"Comment\",\"target\":[\"https:\/\/www.oarcanjo.net\/site\/preparos-finais-dos-jubileus\/#respond\"]}]},{\"@type\":\"WebPage\",\"@id\":\"https:\/\/www.oarcanjo.net\/site\/preparos-finais-dos-jubileus\/\",\"url\":\"https:\/\/www.oarcanjo.net\/site\/preparos-finais-dos-jubileus\/\",\"name\":\"Preparativos finais dos Jubileus da par\u00f3quia e do Pe. J\u00falio - O Arcanjo no ar\",\"isPartOf\":{\"@id\":\"https:\/\/www.oarcanjo.net\/site\/#website\"},\"primaryImageOfPage\":{\"@id\":\"https:\/\/www.oarcanjo.net\/site\/preparos-finais-dos-jubileus\/#primaryimage\"},\"image\":{\"@id\":\"https:\/\/www.oarcanjo.net\/site\/preparos-finais-dos-jubileus\/#primaryimage\"},\"thumbnailUrl\":\"http:\/\/www.oarcanjo.net\/site\/wp-content\/uploads\/reuniao-jubileu-17042010_001_th.jpg\",\"datePublished\":\"2010-04-18T12:10:51+00:00\",\"dateModified\":\"2010-04-18T16:52:37+00:00\",\"breadcrumb\":{\"@id\":\"https:\/\/www.oarcanjo.net\/site\/preparos-finais-dos-jubileus\/#breadcrumb\"},\"inLanguage\":\"pt-BR\",\"potentialAction\":[{\"@type\":\"ReadAction\",\"target\":[\"https:\/\/www.oarcanjo.net\/site\/preparos-finais-dos-jubileus\/\"]}]},{\"@type\":\"ImageObject\",\"inLanguage\":\"pt-BR\",\"@id\":\"https:\/\/www.oarcanjo.net\/site\/preparos-finais-dos-jubileus\/#primaryimage\",\"url\":\"http:\/\/www.oarcanjo.net\/site\/wp-content\/uploads\/reuniao-jubileu-17042010_001_th.jpg\",\"contentUrl\":\"http:\/\/www.oarcanjo.net\/site\/wp-content\/uploads\/reuniao-jubileu-17042010_001_th.jpg\"},{\"@type\":\"BreadcrumbList\",\"@id\":\"https:\/\/www.oarcanjo.net\/site\/preparos-finais-dos-jubileus\/#breadcrumb\",\"itemListElement\":[{\"@type\":\"ListItem\",\"position\":1,\"name\":\"In\u00edcio\",\"item\":\"https:\/\/www.oarcanjo.net\/site\/\"},{\"@type\":\"ListItem\",\"position\":2,\"name\":\"Preparativos finais dos Jubileus da par\u00f3quia e do Pe. J\u00falio\"}]},{\"@type\":\"WebSite\",\"@id\":\"https:\/\/www.oarcanjo.net\/site\/#website\",\"url\":\"https:\/\/www.oarcanjo.net\/site\/\",\"name\":\"O Arcanjo no ar\",\"description\":\"Site da Par\u00f3quia S\u00e3o Miguel Arcanjo (Arquidiocese de SP)\",\"publisher\":{\"@id\":\"https:\/\/www.oarcanjo.net\/site\/#organization\"},\"potentialAction\":[{\"@type\":\"SearchAction\",\"target\":{\"@type\":\"EntryPoint\",\"urlTemplate\":\"https:\/\/www.oarcanjo.net\/site\/?s={search_term_string}\"},\"query-input\":{\"@type\":\"PropertyValueSpecification\",\"valueRequired\":true,\"valueName\":\"search_term_string\"}}],\"inLanguage\":\"pt-BR\"},{\"@type\":\"Organization\",\"@id\":\"https:\/\/www.oarcanjo.net\/site\/#organization\",\"name\":\"Par\u00f3quia S\u00e3o Miguel Arcanjo\",\"url\":\"https:\/\/www.oarcanjo.net\/site\/\",\"logo\":{\"@type\":\"ImageObject\",\"inLanguage\":\"pt-BR\",\"@id\":\"https:\/\/www.oarcanjo.net\/site\/#\/schema\/logo\/image\/\",\"url\":\"https:\/\/www.oarcanjo.net\/site\/wp-content\/uploads\/LogoOArcanjo.png\",\"contentUrl\":\"https:\/\/www.oarcanjo.net\/site\/wp-content\/uploads\/LogoOArcanjo.png\",\"width\":319,\"height\":99,\"caption\":\"Par\u00f3quia S\u00e3o Miguel Arcanjo\"},\"image\":{\"@id\":\"https:\/\/www.oarcanjo.net\/site\/#\/schema\/logo\/image\/\"},\"sameAs\":[\"https:\/\/www.facebook.com\/OArcanjoNoAr\/\"]},{\"@type\":\"Person\",\"@id\":\"https:\/\/www.oarcanjo.net\/site\/#\/schema\/person\/0a2ae077c1a09b69d29928e3b9f1c0d1\",\"name\":\"Alexandre Nunes\",\"sameAs\":[\"http:\/\/alexandrenu.com\"]}]}<\/script>\n<!-- \/ Yoast SEO plugin. -->","yoast_head_json":{"title":"Preparativos finais dos Jubileus da par\u00f3quia e do Pe. J\u00falio - O Arcanjo no ar","robots":{"index":"index","follow":"follow","max-snippet":"max-snippet:-1","max-image-preview":"max-image-preview:large","max-video-preview":"max-video-preview:-1"},"canonical":"https:\/\/www.oarcanjo.net\/site\/preparos-finais-dos-jubileus\/","og_locale":"pt_BR","og_type":"article","og_title":"Preparativos finais dos Jubileus da par\u00f3quia e do Pe. J\u00falio - O Arcanjo no ar","og_description":"Alexandre Nunes No dia 17 de abril, a comunidade se reuniu para fechar os \u00faltimos detalhes das grandes festas que teremos esta semana: Os 25 anos de sacerd\u00f3cio do padre J\u00falio e os 50 anos de nossa par\u00f3quia. Em um clima de descontra\u00e7\u00e3o e uni\u00e3o, foram discutidos os acertos finais destes eventos que iremos vivenciar. [&hellip;]","og_url":"https:\/\/www.oarcanjo.net\/site\/preparos-finais-dos-jubileus\/","og_site_name":"O Arcanjo no ar","article_publisher":"https:\/\/www.facebook.com\/OArcanjoNoAr\/","article_published_time":"2010-04-18T12:10:51+00:00","article_modified_time":"2010-04-18T16:52:37+00:00","og_image":[{"url":"http:\/\/www.oarcanjo.net\/site\/wp-content\/uploads\/reuniao-jubileu-17042010_001_th.jpg"}],"author":"Alexandre Nunes","twitter_card":"summary_large_image","twitter_misc":{"Escrito por":"Alexandre Nunes","Est. tempo de leitura":"1 minuto"},"schema":{"@context":"https:\/\/schema.org","@graph":[{"@type":"Article","@id":"https:\/\/www.oarcanjo.net\/site\/preparos-finais-dos-jubileus\/#article","isPartOf":{"@id":"https:\/\/www.oarcanjo.net\/site\/preparos-finais-dos-jubileus\/"},"author":{"name":"Alexandre Nunes","@id":"https:\/\/www.oarcanjo.net\/site\/#\/schema\/person\/0a2ae077c1a09b69d29928e3b9f1c0d1"},"headline":"Preparativos finais dos Jubileus da par\u00f3quia e do Pe. J\u00falio","datePublished":"2010-04-18T12:10:51+00:00","dateModified":"2010-04-18T16:52:37+00:00","mainEntityOfPage":{"@id":"https:\/\/www.oarcanjo.net\/site\/preparos-finais-dos-jubileus\/"},"wordCount":247,"commentCount":0,"publisher":{"@id":"https:\/\/www.oarcanjo.net\/site\/#organization"},"image":{"@id":"https:\/\/www.oarcanjo.net\/site\/preparos-finais-dos-jubileus\/#primaryimage"},"thumbnailUrl":"http:\/\/www.oarcanjo.net\/site\/wp-content\/uploads\/reuniao-jubileu-17042010_001_th.jpg","keywords":["25 anos","50 anos","D. Ang\u00e9lico Sandalo Bernardino","Jubileu","Par\u00f3quia S\u00e3o Miguel Arcanjo","Pe. J\u00falio"],"articleSection":["Not\u00edcias","Rosto da comunidade"],"inLanguage":"pt-BR","potentialAction":[{"@type":"CommentAction","name":"Comment","target":["https:\/\/www.oarcanjo.net\/site\/preparos-finais-dos-jubileus\/#respond"]}]},{"@type":"WebPage","@id":"https:\/\/www.oarcanjo.net\/site\/preparos-finais-dos-jubileus\/","url":"https:\/\/www.oarcanjo.net\/site\/preparos-finais-dos-jubileus\/","name":"Preparativos finais dos Jubileus da par\u00f3quia e do Pe. J\u00falio - O Arcanjo no ar","isPartOf":{"@id":"https:\/\/www.oarcanjo.net\/site\/#website"},"primaryImageOfPage":{"@id":"https:\/\/www.oarcanjo.net\/site\/preparos-finais-dos-jubileus\/#primaryimage"},"image":{"@id":"https:\/\/www.oarcanjo.net\/site\/preparos-finais-dos-jubileus\/#primaryimage"},"thumbnailUrl":"http:\/\/www.oarcanjo.net\/site\/wp-content\/uploads\/reuniao-jubileu-17042010_001_th.jpg","datePublished":"2010-04-18T12:10:51+00:00","dateModified":"2010-04-18T16:52:37+00:00","breadcrumb":{"@id":"https:\/\/www.oarcanjo.net\/site\/preparos-finais-dos-jubileus\/#breadcrumb"},"inLanguage":"pt-BR","potentialAction":[{"@type":"ReadAction","target":["https:\/\/www.oarcanjo.net\/site\/preparos-finais-dos-jubileus\/"]}]},{"@type":"ImageObject","inLanguage":"pt-BR","@id":"https:\/\/www.oarcanjo.net\/site\/preparos-finais-dos-jubileus\/#primaryimage","url":"http:\/\/www.oarcanjo.net\/site\/wp-content\/uploads\/reuniao-jubileu-17042010_001_th.jpg","contentUrl":"http:\/\/www.oarcanjo.net\/site\/wp-content\/uploads\/reuniao-jubileu-17042010_001_th.jpg"},{"@type":"BreadcrumbList","@id":"https:\/\/www.oarcanjo.net\/site\/preparos-finais-dos-jubileus\/#breadcrumb","itemListElement":[{"@type":"ListItem","position":1,"name":"In\u00edcio","item":"https:\/\/www.oarcanjo.net\/site\/"},{"@type":"ListItem","position":2,"name":"Preparativos finais dos Jubileus da par\u00f3quia e do Pe. J\u00falio"}]},{"@type":"WebSite","@id":"https:\/\/www.oarcanjo.net\/site\/#website","url":"https:\/\/www.oarcanjo.net\/site\/","name":"O Arcanjo no ar","description":"Site da Par\u00f3quia S\u00e3o Miguel Arcanjo (Arquidiocese de SP)","publisher":{"@id":"https:\/\/www.oarcanjo.net\/site\/#organization"},"potentialAction":[{"@type":"SearchAction","target":{"@type":"EntryPoint","urlTemplate":"https:\/\/www.oarcanjo.net\/site\/?s={search_term_string}"},"query-input":{"@type":"PropertyValueSpecification","valueRequired":true,"valueName":"search_term_string"}}],"inLanguage":"pt-BR"},{"@type":"Organization","@id":"https:\/\/www.oarcanjo.net\/site\/#organization","name":"Par\u00f3quia S\u00e3o Miguel Arcanjo","url":"https:\/\/www.oarcanjo.net\/site\/","logo":{"@type":"ImageObject","inLanguage":"pt-BR","@id":"https:\/\/www.oarcanjo.net\/site\/#\/schema\/logo\/image\/","url":"https:\/\/www.oarcanjo.net\/site\/wp-content\/uploads\/LogoOArcanjo.png","contentUrl":"https:\/\/www.oarcanjo.net\/site\/wp-content\/uploads\/LogoOArcanjo.png","width":319,"height":99,"caption":"Par\u00f3quia S\u00e3o Miguel Arcanjo"},"image":{"@id":"https:\/\/www.oarcanjo.net\/site\/#\/schema\/logo\/image\/"},"sameAs":["https:\/\/www.facebook.com\/OArcanjoNoAr\/"]},{"@type":"Person","@id":"https:\/\/www.oarcanjo.net\/site\/#\/schema\/person\/0a2ae077c1a09b69d29928e3b9f1c0d1","name":"Alexandre Nunes","sameAs":["http:\/\/alexandrenu.com"]}]}},"publishpress_future_action":{"enabled":false,"date":"2026-05-06 09:05:53","action":"category","newStatus":"draft","terms":[],"taxonomy":"category"},"publishpress_future_workflow_manual_trigger":{"enabledWorkflows":[]},"_links":{"self":[{"href":"https:\/\/www.oarcanjo.net\/site\/wp-json\/wp\/v2\/posts\/8963"}],"collection":[{"href":"https:\/\/www.oarcanjo.net\/site\/wp-json\/wp\/v2\/posts"}],"about":[{"href":"https:\/\/www.oarcanjo.net\/site\/wp-json\/wp\/v2\/types\/post"}],"author":[{"embeddable":true,"href":"https:\/\/www.oarcanjo.net\/site\/wp-json\/wp\/v2\/users\/15"}],"replies":[{"embeddable":true,"href":"https:\/\/www.oarcanjo.net\/site\/wp-json\/wp\/v2\/comments?post=8963"}],"version-history":[{"count":0,"href":"https:\/\/www.oarcanjo.net\/site\/wp-json\/wp\/v2\/posts\/8963\/revisions"}],"wp:attachment":[{"href":"https:\/\/www.oarcanjo.net\/site\/wp-json\/wp\/v2\/media?parent=8963"}],"wp:term":[{"taxonomy":"category","embeddable":true,"href":"https:\/\/www.oarcanjo.net\/site\/wp-json\/wp\/v2\/categories?post=8963"},{"taxonomy":"post_tag","embeddable":true,"href":"https:\/\/www.oarcanjo.net\/site\/wp-json\/wp\/v2\/tags?post=8963"}],"curies":[{"name":"wp","href":"https:\/\/api.w.org\/{rel}","templated":true}]}}