
{"id":8981,"date":"2019-04-21T00:59:10","date_gmt":"2019-04-21T03:59:10","guid":{"rendered":"http:\/\/www.oarcanjo.net\/site\/?p=8981"},"modified":"2019-02-20T07:55:52","modified_gmt":"2019-02-20T10:55:52","slug":"santo-anselmo","status":"publish","type":"post","link":"https:\/\/www.oarcanjo.net\/site\/santo-anselmo\/","title":{"rendered":"Santo Anselmo"},"content":{"rendered":"<p><img loading=\"lazy\" decoding=\"async\" class=\"alignnone size-full wp-image-60764\" src=\"http:\/\/www.oarcanjo.net\/site\/wp-content\/uploads\/Santo-Anselmo.jpg\" alt=\"Santo Anselmo\" width=\"295\" height=\"422\" srcset=\"https:\/\/www.oarcanjo.net\/site\/wp-content\/uploads\/Santo-Anselmo.jpg 295w, https:\/\/www.oarcanjo.net\/site\/wp-content\/uploads\/Santo-Anselmo-210x300.jpg 210w\" sizes=\"(max-width: 295px) 100vw, 295px\" \/><\/p>\n<p>21 de Abril<\/p>\n<p>Anselmo fugiu de casa para poder tornar-se um religioso. Para ele o significado do ato ia al\u00e9m de abandonar a prote\u00e7\u00e3o paterna, significava esquecer toda a fortuna e influ\u00eancia que sua fam\u00edlia possu\u00eda.<\/p>\n<p>Anselmo nasceu em Aosta, no norte da It\u00e1lia, em 1033, e seu pai freq\u00fcentava as rodas da nobreza reinante. Por isso projetou para o filho uma carreira que manteria e at\u00e9 aumentaria a fortuna do cl\u00e3, raz\u00e3o pela qual se opunha rigidamente \u00e0 vontade do filho de tornar-se sacerdote. Como Anselmo perdera a m\u00e3e muito cedo, e tinha um cora\u00e7\u00e3o doce e manso, como registram os escritos, fez a vontade do pai at\u00e9 os vinte anos.<\/p>\n<p>Mas, dentro de si, a tristeza crescia. Anselmo queria dedicar-se de corpo e alma \u00e0 sua f\u00e9, contr\u00e1ria \u00e0 vida mundana de festas em meio ao luxo e \u00e0 riqueza. Estudava com os beneditinos e sua voca\u00e7\u00e3o o chamava a todo instante. Assim, um dia n\u00e3o ag\u00fcentou mais e fugiu de casa.<\/p>\n<p>Vagou pela Borgonha e pela Fran\u00e7a at\u00e9 chegar \u00e0 Normandia, onde, ent\u00e3o, se entregou aos estudos religiosos, sob a orienta\u00e7\u00e3o do monge Lanfranco. Em pouco tempo, ordenou-se e formou-se te\u00f3logo. T\u00e3o rapidamente quanto sua alma desejava, viu-se eleito abade do mosteiro e professor. Passou, ent\u00e3o, a pregar pelas redondezas e, como o cargo o permitia, a liderar a implanta\u00e7\u00e3o de uma grande reforma mon\u00e1stica.<\/p>\n<p>Como seu trabalho lhe trouxe renome, passou a influenciar intelectualmente na sua \u00e9poca, tanto espiritual quanto materialmente, por meio do que escrevia. Foram tantos os escritos deixados por ele que \u00e9 considerado o fundador da ci\u00eancia teol\u00f3gica no Ocidente.<\/p>\n<p>Chegou a arcebispo-primaz da Inglaterra. Conta-se que enfrentou duras persegui\u00e7\u00f5es do rei Guilherme, o Vermelho, e de Henrique I. Mas tinha a fala t\u00e3o mansa e argumentos t\u00e3o pac\u00edficos que com eles desarmava seus inimigos e virava o jogo a seu favor.<\/p>\n<p>Anselmo morreu em Canterbury, com setenta e seis anos, no dia 21 de abril de 1109, e foi declarado &#8220;doutor da Igreja&#8221; pelo papa Clemente XI em 1720.<\/p>\n<div id=\"themify_builder_content-8981\" data-postid=\"8981\" class=\"themify_builder_content themify_builder_content-8981 themify_builder themify_builder_front\">\n\t<\/div>\n<!-- \/themify_builder_content -->","protected":false},"excerpt":{"rendered":"<p>21 de Abril Anselmo fugiu de casa para poder tornar-se um religioso. Para ele o significado do ato ia al\u00e9m de abandonar a prote\u00e7\u00e3o paterna, significava esquecer toda a fortuna e influ\u00eancia que sua fam\u00edlia possu\u00eda. Anselmo nasceu em Aosta, no norte da It\u00e1lia, em 1033, e seu pai freq\u00fcentava as rodas da nobreza reinante. [&hellip;]<\/p>\n","protected":false},"author":14,"featured_media":0,"comment_status":"open","ping_status":"open","sticky":false,"template":"","format":"standard","meta":{"ngg_post_thumbnail":0,"footnotes":""},"categories":[186],"tags":[],"yoast_head":"<!-- This site is optimized with the Yoast SEO plugin v23.5 - https:\/\/yoast.com\/wordpress\/plugins\/seo\/ -->\n<title>Santo Anselmo - O Arcanjo no ar<\/title>\n<meta name=\"robots\" content=\"index, follow, max-snippet:-1, max-image-preview:large, max-video-preview:-1\" \/>\n<link rel=\"canonical\" href=\"https:\/\/www.oarcanjo.net\/site\/santo-anselmo\/\" \/>\n<meta property=\"og:locale\" content=\"pt_BR\" \/>\n<meta property=\"og:type\" content=\"article\" \/>\n<meta property=\"og:title\" content=\"Santo Anselmo - O Arcanjo no ar\" \/>\n<meta property=\"og:description\" content=\"21 de Abril Anselmo fugiu de casa para poder tornar-se um religioso. Para ele o significado do ato ia al\u00e9m de abandonar a prote\u00e7\u00e3o paterna, significava esquecer toda a fortuna e influ\u00eancia que sua fam\u00edlia possu\u00eda. Anselmo nasceu em Aosta, no norte da It\u00e1lia, em 1033, e seu pai freq\u00fcentava as rodas da nobreza reinante. [&hellip;]\" \/>\n<meta property=\"og:url\" content=\"https:\/\/www.oarcanjo.net\/site\/santo-anselmo\/\" \/>\n<meta property=\"og:site_name\" content=\"O Arcanjo no ar\" \/>\n<meta property=\"article:publisher\" content=\"https:\/\/www.facebook.com\/OArcanjoNoAr\/\" \/>\n<meta property=\"article:published_time\" content=\"2019-04-21T03:59:10+00:00\" \/>\n<meta property=\"article:modified_time\" content=\"2019-02-20T10:55:52+00:00\" \/>\n<meta property=\"og:image\" content=\"http:\/\/www.oarcanjo.net\/site\/wp-content\/uploads\/Santo-Anselmo.jpg\" \/>\n<meta name=\"author\" content=\"danilo\" \/>\n<meta name=\"twitter:card\" content=\"summary_large_image\" \/>\n<meta name=\"twitter:label1\" content=\"Escrito por\" \/>\n\t<meta name=\"twitter:data1\" content=\"danilo\" \/>\n\t<meta name=\"twitter:label2\" content=\"Est. tempo de leitura\" \/>\n\t<meta name=\"twitter:data2\" content=\"2 minutos\" \/>\n<script type=\"application\/ld+json\" class=\"yoast-schema-graph\">{\"@context\":\"https:\/\/schema.org\",\"@graph\":[{\"@type\":\"Article\",\"@id\":\"https:\/\/www.oarcanjo.net\/site\/santo-anselmo\/#article\",\"isPartOf\":{\"@id\":\"https:\/\/www.oarcanjo.net\/site\/santo-anselmo\/\"},\"author\":{\"name\":\"danilo\",\"@id\":\"https:\/\/www.oarcanjo.net\/site\/#\/schema\/person\/5eb9480bedd2f3c97e430ce128c29c6c\"},\"headline\":\"Santo Anselmo\",\"datePublished\":\"2019-04-21T03:59:10+00:00\",\"dateModified\":\"2019-02-20T10:55:52+00:00\",\"mainEntityOfPage\":{\"@id\":\"https:\/\/www.oarcanjo.net\/site\/santo-anselmo\/\"},\"wordCount\":356,\"commentCount\":0,\"publisher\":{\"@id\":\"https:\/\/www.oarcanjo.net\/site\/#organization\"},\"image\":{\"@id\":\"https:\/\/www.oarcanjo.net\/site\/santo-anselmo\/#primaryimage\"},\"thumbnailUrl\":\"http:\/\/www.oarcanjo.net\/site\/wp-content\/uploads\/Santo-Anselmo.jpg\",\"articleSection\":[\"Testemunhos\"],\"inLanguage\":\"pt-BR\",\"potentialAction\":[{\"@type\":\"CommentAction\",\"name\":\"Comment\",\"target\":[\"https:\/\/www.oarcanjo.net\/site\/santo-anselmo\/#respond\"]}]},{\"@type\":\"WebPage\",\"@id\":\"https:\/\/www.oarcanjo.net\/site\/santo-anselmo\/\",\"url\":\"https:\/\/www.oarcanjo.net\/site\/santo-anselmo\/\",\"name\":\"Santo Anselmo - O Arcanjo no ar\",\"isPartOf\":{\"@id\":\"https:\/\/www.oarcanjo.net\/site\/#website\"},\"primaryImageOfPage\":{\"@id\":\"https:\/\/www.oarcanjo.net\/site\/santo-anselmo\/#primaryimage\"},\"image\":{\"@id\":\"https:\/\/www.oarcanjo.net\/site\/santo-anselmo\/#primaryimage\"},\"thumbnailUrl\":\"http:\/\/www.oarcanjo.net\/site\/wp-content\/uploads\/Santo-Anselmo.jpg\",\"datePublished\":\"2019-04-21T03:59:10+00:00\",\"dateModified\":\"2019-02-20T10:55:52+00:00\",\"breadcrumb\":{\"@id\":\"https:\/\/www.oarcanjo.net\/site\/santo-anselmo\/#breadcrumb\"},\"inLanguage\":\"pt-BR\",\"potentialAction\":[{\"@type\":\"ReadAction\",\"target\":[\"https:\/\/www.oarcanjo.net\/site\/santo-anselmo\/\"]}]},{\"@type\":\"ImageObject\",\"inLanguage\":\"pt-BR\",\"@id\":\"https:\/\/www.oarcanjo.net\/site\/santo-anselmo\/#primaryimage\",\"url\":\"https:\/\/www.oarcanjo.net\/site\/wp-content\/uploads\/Santo-Anselmo.jpg\",\"contentUrl\":\"https:\/\/www.oarcanjo.net\/site\/wp-content\/uploads\/Santo-Anselmo.jpg\",\"width\":295,\"height\":422,\"caption\":\"Santo Anselmo\"},{\"@type\":\"BreadcrumbList\",\"@id\":\"https:\/\/www.oarcanjo.net\/site\/santo-anselmo\/#breadcrumb\",\"itemListElement\":[{\"@type\":\"ListItem\",\"position\":1,\"name\":\"In\u00edcio\",\"item\":\"https:\/\/www.oarcanjo.net\/site\/\"},{\"@type\":\"ListItem\",\"position\":2,\"name\":\"Santo Anselmo\"}]},{\"@type\":\"WebSite\",\"@id\":\"https:\/\/www.oarcanjo.net\/site\/#website\",\"url\":\"https:\/\/www.oarcanjo.net\/site\/\",\"name\":\"O Arcanjo no ar\",\"description\":\"Site da Par\u00f3quia S\u00e3o Miguel Arcanjo (Arquidiocese de SP)\",\"publisher\":{\"@id\":\"https:\/\/www.oarcanjo.net\/site\/#organization\"},\"potentialAction\":[{\"@type\":\"SearchAction\",\"target\":{\"@type\":\"EntryPoint\",\"urlTemplate\":\"https:\/\/www.oarcanjo.net\/site\/?s={search_term_string}\"},\"query-input\":{\"@type\":\"PropertyValueSpecification\",\"valueRequired\":true,\"valueName\":\"search_term_string\"}}],\"inLanguage\":\"pt-BR\"},{\"@type\":\"Organization\",\"@id\":\"https:\/\/www.oarcanjo.net\/site\/#organization\",\"name\":\"Par\u00f3quia S\u00e3o Miguel Arcanjo\",\"url\":\"https:\/\/www.oarcanjo.net\/site\/\",\"logo\":{\"@type\":\"ImageObject\",\"inLanguage\":\"pt-BR\",\"@id\":\"https:\/\/www.oarcanjo.net\/site\/#\/schema\/logo\/image\/\",\"url\":\"https:\/\/www.oarcanjo.net\/site\/wp-content\/uploads\/LogoOArcanjo.png\",\"contentUrl\":\"https:\/\/www.oarcanjo.net\/site\/wp-content\/uploads\/LogoOArcanjo.png\",\"width\":319,\"height\":99,\"caption\":\"Par\u00f3quia S\u00e3o Miguel Arcanjo\"},\"image\":{\"@id\":\"https:\/\/www.oarcanjo.net\/site\/#\/schema\/logo\/image\/\"},\"sameAs\":[\"https:\/\/www.facebook.com\/OArcanjoNoAr\/\"]},{\"@type\":\"Person\",\"@id\":\"https:\/\/www.oarcanjo.net\/site\/#\/schema\/person\/5eb9480bedd2f3c97e430ce128c29c6c\",\"name\":\"danilo\"}]}<\/script>\n<!-- \/ Yoast SEO plugin. -->","yoast_head_json":{"title":"Santo Anselmo - O Arcanjo no ar","robots":{"index":"index","follow":"follow","max-snippet":"max-snippet:-1","max-image-preview":"max-image-preview:large","max-video-preview":"max-video-preview:-1"},"canonical":"https:\/\/www.oarcanjo.net\/site\/santo-anselmo\/","og_locale":"pt_BR","og_type":"article","og_title":"Santo Anselmo - O Arcanjo no ar","og_description":"21 de Abril Anselmo fugiu de casa para poder tornar-se um religioso. Para ele o significado do ato ia al\u00e9m de abandonar a prote\u00e7\u00e3o paterna, significava esquecer toda a fortuna e influ\u00eancia que sua fam\u00edlia possu\u00eda. Anselmo nasceu em Aosta, no norte da It\u00e1lia, em 1033, e seu pai freq\u00fcentava as rodas da nobreza reinante. [&hellip;]","og_url":"https:\/\/www.oarcanjo.net\/site\/santo-anselmo\/","og_site_name":"O Arcanjo no ar","article_publisher":"https:\/\/www.facebook.com\/OArcanjoNoAr\/","article_published_time":"2019-04-21T03:59:10+00:00","article_modified_time":"2019-02-20T10:55:52+00:00","og_image":[{"url":"http:\/\/www.oarcanjo.net\/site\/wp-content\/uploads\/Santo-Anselmo.jpg"}],"author":"danilo","twitter_card":"summary_large_image","twitter_misc":{"Escrito por":"danilo","Est. tempo de leitura":"2 minutos"},"schema":{"@context":"https:\/\/schema.org","@graph":[{"@type":"Article","@id":"https:\/\/www.oarcanjo.net\/site\/santo-anselmo\/#article","isPartOf":{"@id":"https:\/\/www.oarcanjo.net\/site\/santo-anselmo\/"},"author":{"name":"danilo","@id":"https:\/\/www.oarcanjo.net\/site\/#\/schema\/person\/5eb9480bedd2f3c97e430ce128c29c6c"},"headline":"Santo Anselmo","datePublished":"2019-04-21T03:59:10+00:00","dateModified":"2019-02-20T10:55:52+00:00","mainEntityOfPage":{"@id":"https:\/\/www.oarcanjo.net\/site\/santo-anselmo\/"},"wordCount":356,"commentCount":0,"publisher":{"@id":"https:\/\/www.oarcanjo.net\/site\/#organization"},"image":{"@id":"https:\/\/www.oarcanjo.net\/site\/santo-anselmo\/#primaryimage"},"thumbnailUrl":"http:\/\/www.oarcanjo.net\/site\/wp-content\/uploads\/Santo-Anselmo.jpg","articleSection":["Testemunhos"],"inLanguage":"pt-BR","potentialAction":[{"@type":"CommentAction","name":"Comment","target":["https:\/\/www.oarcanjo.net\/site\/santo-anselmo\/#respond"]}]},{"@type":"WebPage","@id":"https:\/\/www.oarcanjo.net\/site\/santo-anselmo\/","url":"https:\/\/www.oarcanjo.net\/site\/santo-anselmo\/","name":"Santo Anselmo - O Arcanjo no ar","isPartOf":{"@id":"https:\/\/www.oarcanjo.net\/site\/#website"},"primaryImageOfPage":{"@id":"https:\/\/www.oarcanjo.net\/site\/santo-anselmo\/#primaryimage"},"image":{"@id":"https:\/\/www.oarcanjo.net\/site\/santo-anselmo\/#primaryimage"},"thumbnailUrl":"http:\/\/www.oarcanjo.net\/site\/wp-content\/uploads\/Santo-Anselmo.jpg","datePublished":"2019-04-21T03:59:10+00:00","dateModified":"2019-02-20T10:55:52+00:00","breadcrumb":{"@id":"https:\/\/www.oarcanjo.net\/site\/santo-anselmo\/#breadcrumb"},"inLanguage":"pt-BR","potentialAction":[{"@type":"ReadAction","target":["https:\/\/www.oarcanjo.net\/site\/santo-anselmo\/"]}]},{"@type":"ImageObject","inLanguage":"pt-BR","@id":"https:\/\/www.oarcanjo.net\/site\/santo-anselmo\/#primaryimage","url":"https:\/\/www.oarcanjo.net\/site\/wp-content\/uploads\/Santo-Anselmo.jpg","contentUrl":"https:\/\/www.oarcanjo.net\/site\/wp-content\/uploads\/Santo-Anselmo.jpg","width":295,"height":422,"caption":"Santo Anselmo"},{"@type":"BreadcrumbList","@id":"https:\/\/www.oarcanjo.net\/site\/santo-anselmo\/#breadcrumb","itemListElement":[{"@type":"ListItem","position":1,"name":"In\u00edcio","item":"https:\/\/www.oarcanjo.net\/site\/"},{"@type":"ListItem","position":2,"name":"Santo Anselmo"}]},{"@type":"WebSite","@id":"https:\/\/www.oarcanjo.net\/site\/#website","url":"https:\/\/www.oarcanjo.net\/site\/","name":"O Arcanjo no ar","description":"Site da Par\u00f3quia S\u00e3o Miguel Arcanjo (Arquidiocese de SP)","publisher":{"@id":"https:\/\/www.oarcanjo.net\/site\/#organization"},"potentialAction":[{"@type":"SearchAction","target":{"@type":"EntryPoint","urlTemplate":"https:\/\/www.oarcanjo.net\/site\/?s={search_term_string}"},"query-input":{"@type":"PropertyValueSpecification","valueRequired":true,"valueName":"search_term_string"}}],"inLanguage":"pt-BR"},{"@type":"Organization","@id":"https:\/\/www.oarcanjo.net\/site\/#organization","name":"Par\u00f3quia S\u00e3o Miguel Arcanjo","url":"https:\/\/www.oarcanjo.net\/site\/","logo":{"@type":"ImageObject","inLanguage":"pt-BR","@id":"https:\/\/www.oarcanjo.net\/site\/#\/schema\/logo\/image\/","url":"https:\/\/www.oarcanjo.net\/site\/wp-content\/uploads\/LogoOArcanjo.png","contentUrl":"https:\/\/www.oarcanjo.net\/site\/wp-content\/uploads\/LogoOArcanjo.png","width":319,"height":99,"caption":"Par\u00f3quia S\u00e3o Miguel Arcanjo"},"image":{"@id":"https:\/\/www.oarcanjo.net\/site\/#\/schema\/logo\/image\/"},"sameAs":["https:\/\/www.facebook.com\/OArcanjoNoAr\/"]},{"@type":"Person","@id":"https:\/\/www.oarcanjo.net\/site\/#\/schema\/person\/5eb9480bedd2f3c97e430ce128c29c6c","name":"danilo"}]}},"publishpress_future_action":{"enabled":false,"date":"2026-05-07 16:47:15","action":"category","newStatus":"draft","terms":[],"taxonomy":"category"},"publishpress_future_workflow_manual_trigger":{"enabledWorkflows":[]},"_links":{"self":[{"href":"https:\/\/www.oarcanjo.net\/site\/wp-json\/wp\/v2\/posts\/8981"}],"collection":[{"href":"https:\/\/www.oarcanjo.net\/site\/wp-json\/wp\/v2\/posts"}],"about":[{"href":"https:\/\/www.oarcanjo.net\/site\/wp-json\/wp\/v2\/types\/post"}],"author":[{"embeddable":true,"href":"https:\/\/www.oarcanjo.net\/site\/wp-json\/wp\/v2\/users\/14"}],"replies":[{"embeddable":true,"href":"https:\/\/www.oarcanjo.net\/site\/wp-json\/wp\/v2\/comments?post=8981"}],"version-history":[{"count":1,"href":"https:\/\/www.oarcanjo.net\/site\/wp-json\/wp\/v2\/posts\/8981\/revisions"}],"predecessor-version":[{"id":92891,"href":"https:\/\/www.oarcanjo.net\/site\/wp-json\/wp\/v2\/posts\/8981\/revisions\/92891"}],"wp:attachment":[{"href":"https:\/\/www.oarcanjo.net\/site\/wp-json\/wp\/v2\/media?parent=8981"}],"wp:term":[{"taxonomy":"category","embeddable":true,"href":"https:\/\/www.oarcanjo.net\/site\/wp-json\/wp\/v2\/categories?post=8981"},{"taxonomy":"post_tag","embeddable":true,"href":"https:\/\/www.oarcanjo.net\/site\/wp-json\/wp\/v2\/tags?post=8981"}],"curies":[{"name":"wp","href":"https:\/\/api.w.org\/{rel}","templated":true}]}}