
{"id":89811,"date":"2018-09-24T07:56:57","date_gmt":"2018-09-24T10:56:57","guid":{"rendered":"https:\/\/www.oarcanjo.net\/site\/?p=89811"},"modified":"2018-09-25T21:09:34","modified_gmt":"2018-09-26T00:09:34","slug":"nos-despedimos-de-madalena","status":"publish","type":"post","link":"https:\/\/www.oarcanjo.net\/site\/nos-despedimos-de-madalena\/","title":{"rendered":"Nos despedimos de Madalena"},"content":{"rendered":"<p>Neste s\u00e1bado nos despedimos de Madalena, muito querida da Comunidade e que teve caminhada destacada como catequista. Frequentava as missas na Capela da Universidade S\u00e3o Judas Tadeu. A missa deste domingo j\u00e1 teve especial inten\u00e7\u00e3o da Madalena, como tamb\u00e9m ser\u00e1 a do pr\u00f3ximo domingo.<\/p>\n<p>Aqui algumas fotos&nbsp;<\/p>\n<div id=\"attachment_89992\" style=\"width: 310px\" class=\"wp-caption alignnone\"><img loading=\"lazy\" decoding=\"async\" aria-describedby=\"caption-attachment-89992\" class=\"size-medium wp-image-89992\" src=\"https:\/\/www.oarcanjo.net\/site\/wp-content\/uploads\/01-8-300x225.jpg\" alt=\"\" width=\"300\" height=\"225\" srcset=\"https:\/\/www.oarcanjo.net\/site\/wp-content\/uploads\/01-8-300x225.jpg 300w, https:\/\/www.oarcanjo.net\/site\/wp-content\/uploads\/01-8.jpg 575w\" sizes=\"(max-width: 300px) 100vw, 300px\" \/><p id=\"caption-attachment-89992\" class=\"wp-caption-text\">??????????????<\/p><\/div>\n<div id=\"attachment_89993\" style=\"width: 310px\" class=\"wp-caption alignnone\"><img loading=\"lazy\" decoding=\"async\" aria-describedby=\"caption-attachment-89993\" class=\"size-medium wp-image-89993\" src=\"https:\/\/www.oarcanjo.net\/site\/wp-content\/uploads\/02-8-300x225.jpg\" alt=\"\" width=\"300\" height=\"225\" srcset=\"https:\/\/www.oarcanjo.net\/site\/wp-content\/uploads\/02-8-300x225.jpg 300w, https:\/\/www.oarcanjo.net\/site\/wp-content\/uploads\/02-8.jpg 575w\" sizes=\"(max-width: 300px) 100vw, 300px\" \/><p id=\"caption-attachment-89993\" class=\"wp-caption-text\">??????????????<\/p><\/div>\n<div id=\"attachment_89994\" style=\"width: 310px\" class=\"wp-caption alignnone\"><img loading=\"lazy\" decoding=\"async\" aria-describedby=\"caption-attachment-89994\" class=\"size-medium wp-image-89994\" src=\"https:\/\/www.oarcanjo.net\/site\/wp-content\/uploads\/03-8-300x225.jpg\" alt=\"\" width=\"300\" height=\"225\" srcset=\"https:\/\/www.oarcanjo.net\/site\/wp-content\/uploads\/03-8-300x225.jpg 300w, https:\/\/www.oarcanjo.net\/site\/wp-content\/uploads\/03-8.jpg 575w\" sizes=\"(max-width: 300px) 100vw, 300px\" \/><p id=\"caption-attachment-89994\" class=\"wp-caption-text\">??????????????<\/p><\/div>\n<div id=\"attachment_89995\" style=\"width: 310px\" class=\"wp-caption alignnone\"><img loading=\"lazy\" decoding=\"async\" aria-describedby=\"caption-attachment-89995\" class=\"size-medium wp-image-89995\" src=\"https:\/\/www.oarcanjo.net\/site\/wp-content\/uploads\/04-8-300x225.jpg\" alt=\"\" width=\"300\" height=\"225\" srcset=\"https:\/\/www.oarcanjo.net\/site\/wp-content\/uploads\/04-8-300x225.jpg 300w, https:\/\/www.oarcanjo.net\/site\/wp-content\/uploads\/04-8.jpg 575w\" sizes=\"(max-width: 300px) 100vw, 300px\" \/><p id=\"caption-attachment-89995\" class=\"wp-caption-text\">??????????????<\/p><\/div>\n<div id=\"attachment_89996\" style=\"width: 310px\" class=\"wp-caption alignnone\"><img loading=\"lazy\" decoding=\"async\" aria-describedby=\"caption-attachment-89996\" class=\"size-medium wp-image-89996\" src=\"https:\/\/www.oarcanjo.net\/site\/wp-content\/uploads\/05-8-300x225.jpg\" alt=\"\" width=\"300\" height=\"225\" srcset=\"https:\/\/www.oarcanjo.net\/site\/wp-content\/uploads\/05-8-300x225.jpg 300w, https:\/\/www.oarcanjo.net\/site\/wp-content\/uploads\/05-8.jpg 575w\" sizes=\"(max-width: 300px) 100vw, 300px\" \/><p id=\"caption-attachment-89996\" class=\"wp-caption-text\">??????????????<\/p><\/div>\n<div id=\"attachment_89997\" style=\"width: 310px\" class=\"wp-caption alignnone\"><img loading=\"lazy\" decoding=\"async\" aria-describedby=\"caption-attachment-89997\" class=\"size-medium wp-image-89997\" src=\"https:\/\/www.oarcanjo.net\/site\/wp-content\/uploads\/06-8-300x225.jpg\" alt=\"\" width=\"300\" height=\"225\" srcset=\"https:\/\/www.oarcanjo.net\/site\/wp-content\/uploads\/06-8-300x225.jpg 300w, https:\/\/www.oarcanjo.net\/site\/wp-content\/uploads\/06-8.jpg 575w\" sizes=\"(max-width: 300px) 100vw, 300px\" \/><p id=\"caption-attachment-89997\" class=\"wp-caption-text\">??????????????<\/p><\/div>\n<div id=\"attachment_89998\" style=\"width: 310px\" class=\"wp-caption alignnone\"><img loading=\"lazy\" decoding=\"async\" aria-describedby=\"caption-attachment-89998\" class=\"size-medium wp-image-89998\" src=\"https:\/\/www.oarcanjo.net\/site\/wp-content\/uploads\/07-8-300x225.jpg\" alt=\"\" width=\"300\" height=\"225\" srcset=\"https:\/\/www.oarcanjo.net\/site\/wp-content\/uploads\/07-8-300x225.jpg 300w, https:\/\/www.oarcanjo.net\/site\/wp-content\/uploads\/07-8.jpg 575w\" sizes=\"(max-width: 300px) 100vw, 300px\" \/><p id=\"caption-attachment-89998\" class=\"wp-caption-text\">??????????????<\/p><\/div>\n<div id=\"attachment_89999\" style=\"width: 310px\" class=\"wp-caption alignnone\"><img loading=\"lazy\" decoding=\"async\" aria-describedby=\"caption-attachment-89999\" class=\"size-medium wp-image-89999\" src=\"https:\/\/www.oarcanjo.net\/site\/wp-content\/uploads\/08-8-300x225.jpg\" alt=\"\" width=\"300\" height=\"225\" srcset=\"https:\/\/www.oarcanjo.net\/site\/wp-content\/uploads\/08-8-300x225.jpg 300w, https:\/\/www.oarcanjo.net\/site\/wp-content\/uploads\/08-8.jpg 575w\" sizes=\"(max-width: 300px) 100vw, 300px\" \/><p id=\"caption-attachment-89999\" class=\"wp-caption-text\">??????????????<\/p><\/div>\n<div id=\"attachment_90000\" style=\"width: 310px\" class=\"wp-caption alignnone\"><img loading=\"lazy\" decoding=\"async\" aria-describedby=\"caption-attachment-90000\" class=\"size-medium wp-image-90000\" src=\"https:\/\/www.oarcanjo.net\/site\/wp-content\/uploads\/09-8-300x225.jpg\" alt=\"\" width=\"300\" height=\"225\" srcset=\"https:\/\/www.oarcanjo.net\/site\/wp-content\/uploads\/09-8-300x225.jpg 300w, https:\/\/www.oarcanjo.net\/site\/wp-content\/uploads\/09-8.jpg 575w\" sizes=\"(max-width: 300px) 100vw, 300px\" \/><p id=\"caption-attachment-90000\" class=\"wp-caption-text\">??????????????<\/p><\/div>\n<p><img loading=\"lazy\" decoding=\"async\" class=\"alignnone size-medium wp-image-90001\" src=\"https:\/\/www.oarcanjo.net\/site\/wp-content\/uploads\/10-8-300x225.jpg\" alt=\"\" width=\"300\" height=\"225\" srcset=\"https:\/\/www.oarcanjo.net\/site\/wp-content\/uploads\/10-8-300x225.jpg 300w, https:\/\/www.oarcanjo.net\/site\/wp-content\/uploads\/10-8.jpg 575w\" sizes=\"(max-width: 300px) 100vw, 300px\" \/> <img loading=\"lazy\" decoding=\"async\" class=\"alignnone size-medium wp-image-90002\" src=\"https:\/\/www.oarcanjo.net\/site\/wp-content\/uploads\/11-8-300x200.jpg\" alt=\"\" width=\"300\" height=\"200\" srcset=\"https:\/\/www.oarcanjo.net\/site\/wp-content\/uploads\/11-8-300x200.jpg 300w, https:\/\/www.oarcanjo.net\/site\/wp-content\/uploads\/11-8-600x401.jpg 600w, https:\/\/www.oarcanjo.net\/site\/wp-content\/uploads\/11-8.jpg 645w\" sizes=\"(max-width: 300px) 100vw, 300px\" \/> <img loading=\"lazy\" decoding=\"async\" class=\"alignnone size-medium wp-image-90003\" src=\"https:\/\/www.oarcanjo.net\/site\/wp-content\/uploads\/12-8-300x200.jpg\" alt=\"\" width=\"300\" height=\"200\" srcset=\"https:\/\/www.oarcanjo.net\/site\/wp-content\/uploads\/12-8-300x200.jpg 300w, https:\/\/www.oarcanjo.net\/site\/wp-content\/uploads\/12-8-600x401.jpg 600w, https:\/\/www.oarcanjo.net\/site\/wp-content\/uploads\/12-8.jpg 645w\" sizes=\"(max-width: 300px) 100vw, 300px\" \/> <img loading=\"lazy\" decoding=\"async\" class=\"alignnone size-medium wp-image-90004\" src=\"https:\/\/www.oarcanjo.net\/site\/wp-content\/uploads\/13-8-300x245.jpg\" alt=\"\" width=\"300\" height=\"245\" srcset=\"https:\/\/www.oarcanjo.net\/site\/wp-content\/uploads\/13-8-300x245.jpg 300w, https:\/\/www.oarcanjo.net\/site\/wp-content\/uploads\/13-8.jpg 528w\" sizes=\"(max-width: 300px) 100vw, 300px\" \/> <img loading=\"lazy\" decoding=\"async\" class=\"alignnone size-medium wp-image-90005\" src=\"https:\/\/www.oarcanjo.net\/site\/wp-content\/uploads\/14-8-300x246.jpg\" alt=\"\" width=\"300\" height=\"246\" srcset=\"https:\/\/www.oarcanjo.net\/site\/wp-content\/uploads\/14-8-300x246.jpg 300w, https:\/\/www.oarcanjo.net\/site\/wp-content\/uploads\/14-8.jpg 525w\" sizes=\"(max-width: 300px) 100vw, 300px\" \/> <img loading=\"lazy\" decoding=\"async\" class=\"alignnone size-medium wp-image-90006\" src=\"https:\/\/www.oarcanjo.net\/site\/wp-content\/uploads\/15-7-300x231.jpg\" alt=\"\" width=\"300\" height=\"231\" srcset=\"https:\/\/www.oarcanjo.net\/site\/wp-content\/uploads\/15-7-300x231.jpg 300w, https:\/\/www.oarcanjo.net\/site\/wp-content\/uploads\/15-7.jpg 560w\" sizes=\"(max-width: 300px) 100vw, 300px\" \/> <img loading=\"lazy\" decoding=\"async\" class=\"alignnone size-medium wp-image-90007\" src=\"https:\/\/www.oarcanjo.net\/site\/wp-content\/uploads\/16-7-300x255.jpg\" alt=\"\" width=\"300\" height=\"255\" srcset=\"https:\/\/www.oarcanjo.net\/site\/wp-content\/uploads\/16-7-300x255.jpg 300w, https:\/\/www.oarcanjo.net\/site\/wp-content\/uploads\/16-7.jpg 507w\" sizes=\"(max-width: 300px) 100vw, 300px\" \/> <img loading=\"lazy\" decoding=\"async\" class=\"alignnone size-medium wp-image-90008\" src=\"https:\/\/www.oarcanjo.net\/site\/wp-content\/uploads\/17-7-300x226.jpg\" alt=\"\" width=\"300\" height=\"226\" srcset=\"https:\/\/www.oarcanjo.net\/site\/wp-content\/uploads\/17-7-300x226.jpg 300w, https:\/\/www.oarcanjo.net\/site\/wp-content\/uploads\/17-7.jpg 573w\" sizes=\"(max-width: 300px) 100vw, 300px\" \/><\/p>\n<p>&nbsp;<\/p>\n<p><img loading=\"lazy\" decoding=\"async\" class=\"alignnone size-medium wp-image-89812\" src=\"https:\/\/www.oarcanjo.net\/site\/wp-content\/uploads\/IMG_6738-300x200.jpg\" alt=\"\" width=\"300\" height=\"200\" srcset=\"https:\/\/www.oarcanjo.net\/site\/wp-content\/uploads\/IMG_6738-300x200.jpg 300w, https:\/\/www.oarcanjo.net\/site\/wp-content\/uploads\/IMG_6738-768x512.jpg 768w, https:\/\/www.oarcanjo.net\/site\/wp-content\/uploads\/IMG_6738-1024x683.jpg 1024w, https:\/\/www.oarcanjo.net\/site\/wp-content\/uploads\/IMG_6738-600x400.jpg 600w\" sizes=\"(max-width: 300px) 100vw, 300px\" \/><\/p>\n<p>Em breve fotos e complemento deste post<\/p>\n<div id=\"themify_builder_content-89811\" data-postid=\"89811\" class=\"themify_builder_content themify_builder_content-89811 themify_builder themify_builder_front\">\n\t<\/div>\n<!-- \/themify_builder_content -->","protected":false},"excerpt":{"rendered":"<p>Neste s\u00e1bado nos despedimos de Madalena, muito querida da Comunidade e que teve caminhada destacada como catequista. Frequentava as missas na Capela da Universidade S\u00e3o Judas Tadeu. A missa deste domingo j\u00e1 teve especial inten\u00e7\u00e3o da Madalena, como tamb\u00e9m ser\u00e1 a do pr\u00f3ximo domingo. Aqui algumas fotos&nbsp; &nbsp; Em breve fotos e complemento deste post<\/p>\n","protected":false},"author":10,"featured_media":0,"comment_status":"open","ping_status":"open","sticky":false,"template":"","format":"standard","meta":{"ngg_post_thumbnail":0,"footnotes":""},"categories":[7],"tags":[],"yoast_head":"<!-- This site is optimized with the Yoast SEO plugin v23.5 - https:\/\/yoast.com\/wordpress\/plugins\/seo\/ -->\n<title>Nos despedimos de Madalena - O Arcanjo no ar<\/title>\n<meta name=\"robots\" content=\"index, follow, max-snippet:-1, max-image-preview:large, max-video-preview:-1\" \/>\n<link rel=\"canonical\" href=\"https:\/\/www.oarcanjo.net\/site\/nos-despedimos-de-madalena\/\" \/>\n<meta property=\"og:locale\" content=\"pt_BR\" \/>\n<meta property=\"og:type\" content=\"article\" \/>\n<meta property=\"og:title\" content=\"Nos despedimos de Madalena - O Arcanjo no ar\" \/>\n<meta property=\"og:description\" content=\"Neste s\u00e1bado nos despedimos de Madalena, muito querida da Comunidade e que teve caminhada destacada como catequista. Frequentava as missas na Capela da Universidade S\u00e3o Judas Tadeu. A missa deste domingo j\u00e1 teve especial inten\u00e7\u00e3o da Madalena, como tamb\u00e9m ser\u00e1 a do pr\u00f3ximo domingo. Aqui algumas fotos&nbsp; &nbsp; Em breve fotos e complemento deste post\" \/>\n<meta property=\"og:url\" content=\"https:\/\/www.oarcanjo.net\/site\/nos-despedimos-de-madalena\/\" \/>\n<meta property=\"og:site_name\" content=\"O Arcanjo no ar\" \/>\n<meta property=\"article:publisher\" content=\"https:\/\/www.facebook.com\/OArcanjoNoAr\/\" \/>\n<meta property=\"article:published_time\" content=\"2018-09-24T10:56:57+00:00\" \/>\n<meta property=\"article:modified_time\" content=\"2018-09-26T00:09:34+00:00\" \/>\n<meta property=\"og:image\" content=\"https:\/\/www.oarcanjo.net\/site\/wp-content\/uploads\/01-8-300x225.jpg\" \/>\n<meta name=\"author\" content=\"carlos\" \/>\n<meta name=\"twitter:card\" content=\"summary_large_image\" \/>\n<meta name=\"twitter:label1\" content=\"Escrito por\" \/>\n\t<meta name=\"twitter:data1\" content=\"carlos\" \/>\n\t<meta name=\"twitter:label2\" content=\"Est. tempo de leitura\" \/>\n\t<meta name=\"twitter:data2\" content=\"1 minuto\" \/>\n<script type=\"application\/ld+json\" class=\"yoast-schema-graph\">{\"@context\":\"https:\/\/schema.org\",\"@graph\":[{\"@type\":\"Article\",\"@id\":\"https:\/\/www.oarcanjo.net\/site\/nos-despedimos-de-madalena\/#article\",\"isPartOf\":{\"@id\":\"https:\/\/www.oarcanjo.net\/site\/nos-despedimos-de-madalena\/\"},\"author\":{\"name\":\"carlos\",\"@id\":\"https:\/\/www.oarcanjo.net\/site\/#\/schema\/person\/f7870e710d8c8c30673de3a0ac2e451d\"},\"headline\":\"Nos despedimos de Madalena\",\"datePublished\":\"2018-09-24T10:56:57+00:00\",\"dateModified\":\"2018-09-26T00:09:34+00:00\",\"mainEntityOfPage\":{\"@id\":\"https:\/\/www.oarcanjo.net\/site\/nos-despedimos-de-madalena\/\"},\"wordCount\":128,\"commentCount\":0,\"publisher\":{\"@id\":\"https:\/\/www.oarcanjo.net\/site\/#organization\"},\"image\":{\"@id\":\"https:\/\/www.oarcanjo.net\/site\/nos-despedimos-de-madalena\/#primaryimage\"},\"thumbnailUrl\":\"https:\/\/www.oarcanjo.net\/site\/wp-content\/uploads\/01-8-300x225.jpg\",\"articleSection\":[\"Rosto da comunidade\"],\"inLanguage\":\"pt-BR\",\"potentialAction\":[{\"@type\":\"CommentAction\",\"name\":\"Comment\",\"target\":[\"https:\/\/www.oarcanjo.net\/site\/nos-despedimos-de-madalena\/#respond\"]}]},{\"@type\":\"WebPage\",\"@id\":\"https:\/\/www.oarcanjo.net\/site\/nos-despedimos-de-madalena\/\",\"url\":\"https:\/\/www.oarcanjo.net\/site\/nos-despedimos-de-madalena\/\",\"name\":\"Nos despedimos de Madalena - O Arcanjo no ar\",\"isPartOf\":{\"@id\":\"https:\/\/www.oarcanjo.net\/site\/#website\"},\"primaryImageOfPage\":{\"@id\":\"https:\/\/www.oarcanjo.net\/site\/nos-despedimos-de-madalena\/#primaryimage\"},\"image\":{\"@id\":\"https:\/\/www.oarcanjo.net\/site\/nos-despedimos-de-madalena\/#primaryimage\"},\"thumbnailUrl\":\"https:\/\/www.oarcanjo.net\/site\/wp-content\/uploads\/01-8-300x225.jpg\",\"datePublished\":\"2018-09-24T10:56:57+00:00\",\"dateModified\":\"2018-09-26T00:09:34+00:00\",\"breadcrumb\":{\"@id\":\"https:\/\/www.oarcanjo.net\/site\/nos-despedimos-de-madalena\/#breadcrumb\"},\"inLanguage\":\"pt-BR\",\"potentialAction\":[{\"@type\":\"ReadAction\",\"target\":[\"https:\/\/www.oarcanjo.net\/site\/nos-despedimos-de-madalena\/\"]}]},{\"@type\":\"ImageObject\",\"inLanguage\":\"pt-BR\",\"@id\":\"https:\/\/www.oarcanjo.net\/site\/nos-despedimos-de-madalena\/#primaryimage\",\"url\":\"https:\/\/www.oarcanjo.net\/site\/wp-content\/uploads\/01-8.jpg\",\"contentUrl\":\"https:\/\/www.oarcanjo.net\/site\/wp-content\/uploads\/01-8.jpg\",\"width\":575,\"height\":431,\"caption\":\"??????????????\"},{\"@type\":\"BreadcrumbList\",\"@id\":\"https:\/\/www.oarcanjo.net\/site\/nos-despedimos-de-madalena\/#breadcrumb\",\"itemListElement\":[{\"@type\":\"ListItem\",\"position\":1,\"name\":\"In\u00edcio\",\"item\":\"https:\/\/www.oarcanjo.net\/site\/\"},{\"@type\":\"ListItem\",\"position\":2,\"name\":\"Nos despedimos de Madalena\"}]},{\"@type\":\"WebSite\",\"@id\":\"https:\/\/www.oarcanjo.net\/site\/#website\",\"url\":\"https:\/\/www.oarcanjo.net\/site\/\",\"name\":\"O Arcanjo no ar\",\"description\":\"Site da Par\u00f3quia S\u00e3o Miguel Arcanjo (Arquidiocese de SP)\",\"publisher\":{\"@id\":\"https:\/\/www.oarcanjo.net\/site\/#organization\"},\"potentialAction\":[{\"@type\":\"SearchAction\",\"target\":{\"@type\":\"EntryPoint\",\"urlTemplate\":\"https:\/\/www.oarcanjo.net\/site\/?s={search_term_string}\"},\"query-input\":{\"@type\":\"PropertyValueSpecification\",\"valueRequired\":true,\"valueName\":\"search_term_string\"}}],\"inLanguage\":\"pt-BR\"},{\"@type\":\"Organization\",\"@id\":\"https:\/\/www.oarcanjo.net\/site\/#organization\",\"name\":\"Par\u00f3quia S\u00e3o Miguel Arcanjo\",\"url\":\"https:\/\/www.oarcanjo.net\/site\/\",\"logo\":{\"@type\":\"ImageObject\",\"inLanguage\":\"pt-BR\",\"@id\":\"https:\/\/www.oarcanjo.net\/site\/#\/schema\/logo\/image\/\",\"url\":\"https:\/\/www.oarcanjo.net\/site\/wp-content\/uploads\/LogoOArcanjo.png\",\"contentUrl\":\"https:\/\/www.oarcanjo.net\/site\/wp-content\/uploads\/LogoOArcanjo.png\",\"width\":319,\"height\":99,\"caption\":\"Par\u00f3quia S\u00e3o Miguel Arcanjo\"},\"image\":{\"@id\":\"https:\/\/www.oarcanjo.net\/site\/#\/schema\/logo\/image\/\"},\"sameAs\":[\"https:\/\/www.facebook.com\/OArcanjoNoAr\/\"]},{\"@type\":\"Person\",\"@id\":\"https:\/\/www.oarcanjo.net\/site\/#\/schema\/person\/f7870e710d8c8c30673de3a0ac2e451d\",\"name\":\"carlos\"}]}<\/script>\n<!-- \/ Yoast SEO plugin. -->","yoast_head_json":{"title":"Nos despedimos de Madalena - O Arcanjo no ar","robots":{"index":"index","follow":"follow","max-snippet":"max-snippet:-1","max-image-preview":"max-image-preview:large","max-video-preview":"max-video-preview:-1"},"canonical":"https:\/\/www.oarcanjo.net\/site\/nos-despedimos-de-madalena\/","og_locale":"pt_BR","og_type":"article","og_title":"Nos despedimos de Madalena - O Arcanjo no ar","og_description":"Neste s\u00e1bado nos despedimos de Madalena, muito querida da Comunidade e que teve caminhada destacada como catequista. Frequentava as missas na Capela da Universidade S\u00e3o Judas Tadeu. A missa deste domingo j\u00e1 teve especial inten\u00e7\u00e3o da Madalena, como tamb\u00e9m ser\u00e1 a do pr\u00f3ximo domingo. Aqui algumas fotos&nbsp; &nbsp; Em breve fotos e complemento deste post","og_url":"https:\/\/www.oarcanjo.net\/site\/nos-despedimos-de-madalena\/","og_site_name":"O Arcanjo no ar","article_publisher":"https:\/\/www.facebook.com\/OArcanjoNoAr\/","article_published_time":"2018-09-24T10:56:57+00:00","article_modified_time":"2018-09-26T00:09:34+00:00","og_image":[{"url":"https:\/\/www.oarcanjo.net\/site\/wp-content\/uploads\/01-8-300x225.jpg"}],"author":"carlos","twitter_card":"summary_large_image","twitter_misc":{"Escrito por":"carlos","Est. tempo de leitura":"1 minuto"},"schema":{"@context":"https:\/\/schema.org","@graph":[{"@type":"Article","@id":"https:\/\/www.oarcanjo.net\/site\/nos-despedimos-de-madalena\/#article","isPartOf":{"@id":"https:\/\/www.oarcanjo.net\/site\/nos-despedimos-de-madalena\/"},"author":{"name":"carlos","@id":"https:\/\/www.oarcanjo.net\/site\/#\/schema\/person\/f7870e710d8c8c30673de3a0ac2e451d"},"headline":"Nos despedimos de Madalena","datePublished":"2018-09-24T10:56:57+00:00","dateModified":"2018-09-26T00:09:34+00:00","mainEntityOfPage":{"@id":"https:\/\/www.oarcanjo.net\/site\/nos-despedimos-de-madalena\/"},"wordCount":128,"commentCount":0,"publisher":{"@id":"https:\/\/www.oarcanjo.net\/site\/#organization"},"image":{"@id":"https:\/\/www.oarcanjo.net\/site\/nos-despedimos-de-madalena\/#primaryimage"},"thumbnailUrl":"https:\/\/www.oarcanjo.net\/site\/wp-content\/uploads\/01-8-300x225.jpg","articleSection":["Rosto da comunidade"],"inLanguage":"pt-BR","potentialAction":[{"@type":"CommentAction","name":"Comment","target":["https:\/\/www.oarcanjo.net\/site\/nos-despedimos-de-madalena\/#respond"]}]},{"@type":"WebPage","@id":"https:\/\/www.oarcanjo.net\/site\/nos-despedimos-de-madalena\/","url":"https:\/\/www.oarcanjo.net\/site\/nos-despedimos-de-madalena\/","name":"Nos despedimos de Madalena - O Arcanjo no ar","isPartOf":{"@id":"https:\/\/www.oarcanjo.net\/site\/#website"},"primaryImageOfPage":{"@id":"https:\/\/www.oarcanjo.net\/site\/nos-despedimos-de-madalena\/#primaryimage"},"image":{"@id":"https:\/\/www.oarcanjo.net\/site\/nos-despedimos-de-madalena\/#primaryimage"},"thumbnailUrl":"https:\/\/www.oarcanjo.net\/site\/wp-content\/uploads\/01-8-300x225.jpg","datePublished":"2018-09-24T10:56:57+00:00","dateModified":"2018-09-26T00:09:34+00:00","breadcrumb":{"@id":"https:\/\/www.oarcanjo.net\/site\/nos-despedimos-de-madalena\/#breadcrumb"},"inLanguage":"pt-BR","potentialAction":[{"@type":"ReadAction","target":["https:\/\/www.oarcanjo.net\/site\/nos-despedimos-de-madalena\/"]}]},{"@type":"ImageObject","inLanguage":"pt-BR","@id":"https:\/\/www.oarcanjo.net\/site\/nos-despedimos-de-madalena\/#primaryimage","url":"https:\/\/www.oarcanjo.net\/site\/wp-content\/uploads\/01-8.jpg","contentUrl":"https:\/\/www.oarcanjo.net\/site\/wp-content\/uploads\/01-8.jpg","width":575,"height":431,"caption":"??????????????"},{"@type":"BreadcrumbList","@id":"https:\/\/www.oarcanjo.net\/site\/nos-despedimos-de-madalena\/#breadcrumb","itemListElement":[{"@type":"ListItem","position":1,"name":"In\u00edcio","item":"https:\/\/www.oarcanjo.net\/site\/"},{"@type":"ListItem","position":2,"name":"Nos despedimos de Madalena"}]},{"@type":"WebSite","@id":"https:\/\/www.oarcanjo.net\/site\/#website","url":"https:\/\/www.oarcanjo.net\/site\/","name":"O Arcanjo no ar","description":"Site da Par\u00f3quia S\u00e3o Miguel Arcanjo (Arquidiocese de SP)","publisher":{"@id":"https:\/\/www.oarcanjo.net\/site\/#organization"},"potentialAction":[{"@type":"SearchAction","target":{"@type":"EntryPoint","urlTemplate":"https:\/\/www.oarcanjo.net\/site\/?s={search_term_string}"},"query-input":{"@type":"PropertyValueSpecification","valueRequired":true,"valueName":"search_term_string"}}],"inLanguage":"pt-BR"},{"@type":"Organization","@id":"https:\/\/www.oarcanjo.net\/site\/#organization","name":"Par\u00f3quia S\u00e3o Miguel Arcanjo","url":"https:\/\/www.oarcanjo.net\/site\/","logo":{"@type":"ImageObject","inLanguage":"pt-BR","@id":"https:\/\/www.oarcanjo.net\/site\/#\/schema\/logo\/image\/","url":"https:\/\/www.oarcanjo.net\/site\/wp-content\/uploads\/LogoOArcanjo.png","contentUrl":"https:\/\/www.oarcanjo.net\/site\/wp-content\/uploads\/LogoOArcanjo.png","width":319,"height":99,"caption":"Par\u00f3quia S\u00e3o Miguel Arcanjo"},"image":{"@id":"https:\/\/www.oarcanjo.net\/site\/#\/schema\/logo\/image\/"},"sameAs":["https:\/\/www.facebook.com\/OArcanjoNoAr\/"]},{"@type":"Person","@id":"https:\/\/www.oarcanjo.net\/site\/#\/schema\/person\/f7870e710d8c8c30673de3a0ac2e451d","name":"carlos"}]}},"publishpress_future_action":{"enabled":false,"date":"2026-05-06 07:36:34","action":"category","newStatus":"draft","terms":[],"taxonomy":"category"},"publishpress_future_workflow_manual_trigger":{"enabledWorkflows":[]},"_links":{"self":[{"href":"https:\/\/www.oarcanjo.net\/site\/wp-json\/wp\/v2\/posts\/89811"}],"collection":[{"href":"https:\/\/www.oarcanjo.net\/site\/wp-json\/wp\/v2\/posts"}],"about":[{"href":"https:\/\/www.oarcanjo.net\/site\/wp-json\/wp\/v2\/types\/post"}],"author":[{"embeddable":true,"href":"https:\/\/www.oarcanjo.net\/site\/wp-json\/wp\/v2\/users\/10"}],"replies":[{"embeddable":true,"href":"https:\/\/www.oarcanjo.net\/site\/wp-json\/wp\/v2\/comments?post=89811"}],"version-history":[{"count":3,"href":"https:\/\/www.oarcanjo.net\/site\/wp-json\/wp\/v2\/posts\/89811\/revisions"}],"predecessor-version":[{"id":89991,"href":"https:\/\/www.oarcanjo.net\/site\/wp-json\/wp\/v2\/posts\/89811\/revisions\/89991"}],"wp:attachment":[{"href":"https:\/\/www.oarcanjo.net\/site\/wp-json\/wp\/v2\/media?parent=89811"}],"wp:term":[{"taxonomy":"category","embeddable":true,"href":"https:\/\/www.oarcanjo.net\/site\/wp-json\/wp\/v2\/categories?post=89811"},{"taxonomy":"post_tag","embeddable":true,"href":"https:\/\/www.oarcanjo.net\/site\/wp-json\/wp\/v2\/tags?post=89811"}],"curies":[{"name":"wp","href":"https:\/\/api.w.org\/{rel}","templated":true}]}}