
{"id":8985,"date":"2019-04-21T00:03:29","date_gmt":"2019-04-21T03:03:29","guid":{"rendered":"http:\/\/www.oarcanjo.net\/site\/?p=8985"},"modified":"2019-02-20T07:55:49","modified_gmt":"2019-02-20T10:55:49","slug":"sao-conrado-de-parzham","status":"publish","type":"post","link":"https:\/\/www.oarcanjo.net\/site\/sao-conrado-de-parzham\/","title":{"rendered":"S\u00e3o Conrado de Parzham"},"content":{"rendered":"<p><img loading=\"lazy\" decoding=\"async\" class=\"alignnone wp-image-60767 size-medium\" src=\"http:\/\/www.oarcanjo.net\/site\/wp-content\/uploads\/Sao-Conrado-de-Parzham-233x300.jpg\" alt=\"S\u00e3o Conrado de Parzham\" width=\"233\" height=\"300\" srcset=\"https:\/\/www.oarcanjo.net\/site\/wp-content\/uploads\/Sao-Conrado-de-Parzham-233x300.jpg 233w, https:\/\/www.oarcanjo.net\/site\/wp-content\/uploads\/Sao-Conrado-de-Parzham.jpg 500w\" sizes=\"(max-width: 233px) 100vw, 233px\" \/><\/p>\n<p>21 de Abril<\/p>\n<p>S\u00e3o Conrado de Parzham foi o segundo santo alem\u00e3o canonizado depois da separa\u00e7\u00e3o luterana da Igreja. O anterior fora tamb\u00e9m um capuchinho, S\u00e3o Fid\u00e9lis de Sigmaringa.<\/p>\n<p>Jo\u00e3o Birndorfer era o pen\u00faltimo dos dez filhos de Bartolomeu e Gertrudes, um casal de alem\u00e3es cat\u00f3licos de profunda f\u00e9, que nasceu na pequena aldeia de Parzhan, em 1818, na Baixa Baviera.<\/p>\n<p>Iniciou sua vida de ora\u00e7\u00e3o, humildade e caridade quando ainda era menino e chamava a aten\u00e7\u00e3o pelos longos momentos em que permanecia em contempla\u00e7\u00e3o e penit\u00eancia. Devemos ressaltar esses &#8220;longos momentos&#8221;, que eram, na verdade, todo o tempo em que n\u00e3o estava na escola ou trabalhando com os pais nas propriedades rurais que a fam\u00edlia possu\u00eda no vale do Rott, em Passavia.<\/p>\n<p>Jo\u00e3o tinha quatorze anos quando perdeu a m\u00e3e. Dois anos depois, ficou \u00f3rf\u00e3o tamb\u00e9m de pai e resolveu entregar-se de vez \u00e0 religi\u00e3o. At\u00e9 os trinta e um anos de idade, permaneceu trabalhando com a fam\u00edlia nos campos, mas, sentindo-se chamado \u00e0 vida religiosa, entrou para o mosteiro-santu\u00e1rio dos capuchinhos de Santa Ana em Altoetting, onde vestiu o h\u00e1bito de monge e assumiu o nome de Conrado, depois de dividir toda a sua fortuna com os pobres. Os anos que restaram de sua vida foram vividos trabalhando na mais completa humildade como porteiro daquele mosteiro-santu\u00e1rio.<\/p>\n<p>Foram quarenta e tr\u00eas anos de dedica\u00e7\u00e3o ao pr\u00f3ximo, principalmente quando se tratava de desamparados, mendigos, doentes, vi\u00favas, crian\u00e7as \u00f3rf\u00e3s etc. Devoto de Maria e da eucaristia, era dotado de muitos dons, dentre os quais o que mais se destacava era o da profecia. O mosteiro de Santa Ana recebia, anualmente, milhares de romeiros que procuravam o santu\u00e1rio ali existente e todos voltavam para suas terras louvando o conforto espiritual e a ajuda material que recebiam de Conrado.<\/p>\n<p>Ele, no seu minist\u00e9rio de evangeliza\u00e7\u00e3o quase silencioso, provocou um despertar de f\u00e9 na regi\u00e3o, cooperando com a obra ben\u00e9fica em favor da inf\u00e2ncia abandonada e perigosa, conhecida na \u00e9poca com o nome de Liebeswerk, ganhando em vida a fama de santidade.<\/p>\n<p>Morreu em 1894, ap\u00f3s longos anos de jejum e penit\u00eancias numa vida, \u00e0 primeira vista, rude, mas que era pautada na simplicidade crist\u00e3, paciente e operosa, voltada para o amor ao pr\u00f3ximo na figura de Jesus Crucificado, da Virgem Sant\u00edssima e da santa eucaristia.<\/p>\n<p>Aprovados os milagres atribu\u00eddos \u00e0 sua intercess\u00e3o, depois de sua morte, o papa Pio XI beatificou-o em 1930 e, depois de uma rapidez ins\u00f3lita no processo de canoniza\u00e7\u00e3o, em 1934 ele pr\u00f3prio o inscreveu no livro dos santos. A festa lit\u00fargica de s\u00e3o Conrado acontece no dia 21 de abril, dia de sua morte.<\/p>\n<div id=\"themify_builder_content-8985\" data-postid=\"8985\" class=\"themify_builder_content themify_builder_content-8985 themify_builder themify_builder_front\">\n\t<\/div>\n<!-- \/themify_builder_content -->","protected":false},"excerpt":{"rendered":"<p>21 de Abril S\u00e3o Conrado de Parzham foi o segundo santo alem\u00e3o canonizado depois da separa\u00e7\u00e3o luterana da Igreja. O anterior fora tamb\u00e9m um capuchinho, S\u00e3o Fid\u00e9lis de Sigmaringa. Jo\u00e3o Birndorfer era o pen\u00faltimo dos dez filhos de Bartolomeu e Gertrudes, um casal de alem\u00e3es cat\u00f3licos de profunda f\u00e9, que nasceu na pequena aldeia de [&hellip;]<\/p>\n","protected":false},"author":14,"featured_media":0,"comment_status":"open","ping_status":"open","sticky":false,"template":"","format":"standard","meta":{"ngg_post_thumbnail":0,"footnotes":""},"categories":[186],"tags":[],"yoast_head":"<!-- This site is optimized with the Yoast SEO plugin v23.5 - https:\/\/yoast.com\/wordpress\/plugins\/seo\/ -->\n<title>S\u00e3o Conrado de Parzham - O Arcanjo no ar<\/title>\n<meta name=\"robots\" content=\"index, follow, max-snippet:-1, max-image-preview:large, max-video-preview:-1\" \/>\n<link rel=\"canonical\" href=\"https:\/\/www.oarcanjo.net\/site\/sao-conrado-de-parzham\/\" \/>\n<meta property=\"og:locale\" content=\"pt_BR\" \/>\n<meta property=\"og:type\" content=\"article\" \/>\n<meta property=\"og:title\" content=\"S\u00e3o Conrado de Parzham - O Arcanjo no ar\" \/>\n<meta property=\"og:description\" content=\"21 de Abril S\u00e3o Conrado de Parzham foi o segundo santo alem\u00e3o canonizado depois da separa\u00e7\u00e3o luterana da Igreja. O anterior fora tamb\u00e9m um capuchinho, S\u00e3o Fid\u00e9lis de Sigmaringa. Jo\u00e3o Birndorfer era o pen\u00faltimo dos dez filhos de Bartolomeu e Gertrudes, um casal de alem\u00e3es cat\u00f3licos de profunda f\u00e9, que nasceu na pequena aldeia de [&hellip;]\" \/>\n<meta property=\"og:url\" content=\"https:\/\/www.oarcanjo.net\/site\/sao-conrado-de-parzham\/\" \/>\n<meta property=\"og:site_name\" content=\"O Arcanjo no ar\" \/>\n<meta property=\"article:publisher\" content=\"https:\/\/www.facebook.com\/OArcanjoNoAr\/\" \/>\n<meta property=\"article:published_time\" content=\"2019-04-21T03:03:29+00:00\" \/>\n<meta property=\"article:modified_time\" content=\"2019-02-20T10:55:49+00:00\" \/>\n<meta property=\"og:image\" content=\"http:\/\/www.oarcanjo.net\/site\/wp-content\/uploads\/Sao-Conrado-de-Parzham-233x300.jpg\" \/>\n<meta name=\"author\" content=\"danilo\" \/>\n<meta name=\"twitter:card\" content=\"summary_large_image\" \/>\n<meta name=\"twitter:label1\" content=\"Escrito por\" \/>\n\t<meta name=\"twitter:data1\" content=\"danilo\" \/>\n\t<meta name=\"twitter:label2\" content=\"Est. tempo de leitura\" \/>\n\t<meta name=\"twitter:data2\" content=\"2 minutos\" \/>\n<script type=\"application\/ld+json\" class=\"yoast-schema-graph\">{\"@context\":\"https:\/\/schema.org\",\"@graph\":[{\"@type\":\"Article\",\"@id\":\"https:\/\/www.oarcanjo.net\/site\/sao-conrado-de-parzham\/#article\",\"isPartOf\":{\"@id\":\"https:\/\/www.oarcanjo.net\/site\/sao-conrado-de-parzham\/\"},\"author\":{\"name\":\"danilo\",\"@id\":\"https:\/\/www.oarcanjo.net\/site\/#\/schema\/person\/5eb9480bedd2f3c97e430ce128c29c6c\"},\"headline\":\"S\u00e3o Conrado de Parzham\",\"datePublished\":\"2019-04-21T03:03:29+00:00\",\"dateModified\":\"2019-02-20T10:55:49+00:00\",\"mainEntityOfPage\":{\"@id\":\"https:\/\/www.oarcanjo.net\/site\/sao-conrado-de-parzham\/\"},\"wordCount\":480,\"commentCount\":0,\"publisher\":{\"@id\":\"https:\/\/www.oarcanjo.net\/site\/#organization\"},\"image\":{\"@id\":\"https:\/\/www.oarcanjo.net\/site\/sao-conrado-de-parzham\/#primaryimage\"},\"thumbnailUrl\":\"http:\/\/www.oarcanjo.net\/site\/wp-content\/uploads\/Sao-Conrado-de-Parzham-233x300.jpg\",\"articleSection\":[\"Testemunhos\"],\"inLanguage\":\"pt-BR\",\"potentialAction\":[{\"@type\":\"CommentAction\",\"name\":\"Comment\",\"target\":[\"https:\/\/www.oarcanjo.net\/site\/sao-conrado-de-parzham\/#respond\"]}]},{\"@type\":\"WebPage\",\"@id\":\"https:\/\/www.oarcanjo.net\/site\/sao-conrado-de-parzham\/\",\"url\":\"https:\/\/www.oarcanjo.net\/site\/sao-conrado-de-parzham\/\",\"name\":\"S\u00e3o Conrado de Parzham - O Arcanjo no ar\",\"isPartOf\":{\"@id\":\"https:\/\/www.oarcanjo.net\/site\/#website\"},\"primaryImageOfPage\":{\"@id\":\"https:\/\/www.oarcanjo.net\/site\/sao-conrado-de-parzham\/#primaryimage\"},\"image\":{\"@id\":\"https:\/\/www.oarcanjo.net\/site\/sao-conrado-de-parzham\/#primaryimage\"},\"thumbnailUrl\":\"http:\/\/www.oarcanjo.net\/site\/wp-content\/uploads\/Sao-Conrado-de-Parzham-233x300.jpg\",\"datePublished\":\"2019-04-21T03:03:29+00:00\",\"dateModified\":\"2019-02-20T10:55:49+00:00\",\"breadcrumb\":{\"@id\":\"https:\/\/www.oarcanjo.net\/site\/sao-conrado-de-parzham\/#breadcrumb\"},\"inLanguage\":\"pt-BR\",\"potentialAction\":[{\"@type\":\"ReadAction\",\"target\":[\"https:\/\/www.oarcanjo.net\/site\/sao-conrado-de-parzham\/\"]}]},{\"@type\":\"ImageObject\",\"inLanguage\":\"pt-BR\",\"@id\":\"https:\/\/www.oarcanjo.net\/site\/sao-conrado-de-parzham\/#primaryimage\",\"url\":\"https:\/\/www.oarcanjo.net\/site\/wp-content\/uploads\/Sao-Conrado-de-Parzham.jpg\",\"contentUrl\":\"https:\/\/www.oarcanjo.net\/site\/wp-content\/uploads\/Sao-Conrado-de-Parzham.jpg\",\"width\":500,\"height\":645,\"caption\":\"S\u00e3o Conrado de Parzham\"},{\"@type\":\"BreadcrumbList\",\"@id\":\"https:\/\/www.oarcanjo.net\/site\/sao-conrado-de-parzham\/#breadcrumb\",\"itemListElement\":[{\"@type\":\"ListItem\",\"position\":1,\"name\":\"In\u00edcio\",\"item\":\"https:\/\/www.oarcanjo.net\/site\/\"},{\"@type\":\"ListItem\",\"position\":2,\"name\":\"S\u00e3o Conrado de Parzham\"}]},{\"@type\":\"WebSite\",\"@id\":\"https:\/\/www.oarcanjo.net\/site\/#website\",\"url\":\"https:\/\/www.oarcanjo.net\/site\/\",\"name\":\"O Arcanjo no ar\",\"description\":\"Site da Par\u00f3quia S\u00e3o Miguel Arcanjo (Arquidiocese de SP)\",\"publisher\":{\"@id\":\"https:\/\/www.oarcanjo.net\/site\/#organization\"},\"potentialAction\":[{\"@type\":\"SearchAction\",\"target\":{\"@type\":\"EntryPoint\",\"urlTemplate\":\"https:\/\/www.oarcanjo.net\/site\/?s={search_term_string}\"},\"query-input\":{\"@type\":\"PropertyValueSpecification\",\"valueRequired\":true,\"valueName\":\"search_term_string\"}}],\"inLanguage\":\"pt-BR\"},{\"@type\":\"Organization\",\"@id\":\"https:\/\/www.oarcanjo.net\/site\/#organization\",\"name\":\"Par\u00f3quia S\u00e3o Miguel Arcanjo\",\"url\":\"https:\/\/www.oarcanjo.net\/site\/\",\"logo\":{\"@type\":\"ImageObject\",\"inLanguage\":\"pt-BR\",\"@id\":\"https:\/\/www.oarcanjo.net\/site\/#\/schema\/logo\/image\/\",\"url\":\"https:\/\/www.oarcanjo.net\/site\/wp-content\/uploads\/LogoOArcanjo.png\",\"contentUrl\":\"https:\/\/www.oarcanjo.net\/site\/wp-content\/uploads\/LogoOArcanjo.png\",\"width\":319,\"height\":99,\"caption\":\"Par\u00f3quia S\u00e3o Miguel Arcanjo\"},\"image\":{\"@id\":\"https:\/\/www.oarcanjo.net\/site\/#\/schema\/logo\/image\/\"},\"sameAs\":[\"https:\/\/www.facebook.com\/OArcanjoNoAr\/\"]},{\"@type\":\"Person\",\"@id\":\"https:\/\/www.oarcanjo.net\/site\/#\/schema\/person\/5eb9480bedd2f3c97e430ce128c29c6c\",\"name\":\"danilo\"}]}<\/script>\n<!-- \/ Yoast SEO plugin. -->","yoast_head_json":{"title":"S\u00e3o Conrado de Parzham - O Arcanjo no ar","robots":{"index":"index","follow":"follow","max-snippet":"max-snippet:-1","max-image-preview":"max-image-preview:large","max-video-preview":"max-video-preview:-1"},"canonical":"https:\/\/www.oarcanjo.net\/site\/sao-conrado-de-parzham\/","og_locale":"pt_BR","og_type":"article","og_title":"S\u00e3o Conrado de Parzham - O Arcanjo no ar","og_description":"21 de Abril S\u00e3o Conrado de Parzham foi o segundo santo alem\u00e3o canonizado depois da separa\u00e7\u00e3o luterana da Igreja. O anterior fora tamb\u00e9m um capuchinho, S\u00e3o Fid\u00e9lis de Sigmaringa. Jo\u00e3o Birndorfer era o pen\u00faltimo dos dez filhos de Bartolomeu e Gertrudes, um casal de alem\u00e3es cat\u00f3licos de profunda f\u00e9, que nasceu na pequena aldeia de [&hellip;]","og_url":"https:\/\/www.oarcanjo.net\/site\/sao-conrado-de-parzham\/","og_site_name":"O Arcanjo no ar","article_publisher":"https:\/\/www.facebook.com\/OArcanjoNoAr\/","article_published_time":"2019-04-21T03:03:29+00:00","article_modified_time":"2019-02-20T10:55:49+00:00","og_image":[{"url":"http:\/\/www.oarcanjo.net\/site\/wp-content\/uploads\/Sao-Conrado-de-Parzham-233x300.jpg"}],"author":"danilo","twitter_card":"summary_large_image","twitter_misc":{"Escrito por":"danilo","Est. tempo de leitura":"2 minutos"},"schema":{"@context":"https:\/\/schema.org","@graph":[{"@type":"Article","@id":"https:\/\/www.oarcanjo.net\/site\/sao-conrado-de-parzham\/#article","isPartOf":{"@id":"https:\/\/www.oarcanjo.net\/site\/sao-conrado-de-parzham\/"},"author":{"name":"danilo","@id":"https:\/\/www.oarcanjo.net\/site\/#\/schema\/person\/5eb9480bedd2f3c97e430ce128c29c6c"},"headline":"S\u00e3o Conrado de Parzham","datePublished":"2019-04-21T03:03:29+00:00","dateModified":"2019-02-20T10:55:49+00:00","mainEntityOfPage":{"@id":"https:\/\/www.oarcanjo.net\/site\/sao-conrado-de-parzham\/"},"wordCount":480,"commentCount":0,"publisher":{"@id":"https:\/\/www.oarcanjo.net\/site\/#organization"},"image":{"@id":"https:\/\/www.oarcanjo.net\/site\/sao-conrado-de-parzham\/#primaryimage"},"thumbnailUrl":"http:\/\/www.oarcanjo.net\/site\/wp-content\/uploads\/Sao-Conrado-de-Parzham-233x300.jpg","articleSection":["Testemunhos"],"inLanguage":"pt-BR","potentialAction":[{"@type":"CommentAction","name":"Comment","target":["https:\/\/www.oarcanjo.net\/site\/sao-conrado-de-parzham\/#respond"]}]},{"@type":"WebPage","@id":"https:\/\/www.oarcanjo.net\/site\/sao-conrado-de-parzham\/","url":"https:\/\/www.oarcanjo.net\/site\/sao-conrado-de-parzham\/","name":"S\u00e3o Conrado de Parzham - O Arcanjo no ar","isPartOf":{"@id":"https:\/\/www.oarcanjo.net\/site\/#website"},"primaryImageOfPage":{"@id":"https:\/\/www.oarcanjo.net\/site\/sao-conrado-de-parzham\/#primaryimage"},"image":{"@id":"https:\/\/www.oarcanjo.net\/site\/sao-conrado-de-parzham\/#primaryimage"},"thumbnailUrl":"http:\/\/www.oarcanjo.net\/site\/wp-content\/uploads\/Sao-Conrado-de-Parzham-233x300.jpg","datePublished":"2019-04-21T03:03:29+00:00","dateModified":"2019-02-20T10:55:49+00:00","breadcrumb":{"@id":"https:\/\/www.oarcanjo.net\/site\/sao-conrado-de-parzham\/#breadcrumb"},"inLanguage":"pt-BR","potentialAction":[{"@type":"ReadAction","target":["https:\/\/www.oarcanjo.net\/site\/sao-conrado-de-parzham\/"]}]},{"@type":"ImageObject","inLanguage":"pt-BR","@id":"https:\/\/www.oarcanjo.net\/site\/sao-conrado-de-parzham\/#primaryimage","url":"https:\/\/www.oarcanjo.net\/site\/wp-content\/uploads\/Sao-Conrado-de-Parzham.jpg","contentUrl":"https:\/\/www.oarcanjo.net\/site\/wp-content\/uploads\/Sao-Conrado-de-Parzham.jpg","width":500,"height":645,"caption":"S\u00e3o Conrado de Parzham"},{"@type":"BreadcrumbList","@id":"https:\/\/www.oarcanjo.net\/site\/sao-conrado-de-parzham\/#breadcrumb","itemListElement":[{"@type":"ListItem","position":1,"name":"In\u00edcio","item":"https:\/\/www.oarcanjo.net\/site\/"},{"@type":"ListItem","position":2,"name":"S\u00e3o Conrado de Parzham"}]},{"@type":"WebSite","@id":"https:\/\/www.oarcanjo.net\/site\/#website","url":"https:\/\/www.oarcanjo.net\/site\/","name":"O Arcanjo no ar","description":"Site da Par\u00f3quia S\u00e3o Miguel Arcanjo (Arquidiocese de SP)","publisher":{"@id":"https:\/\/www.oarcanjo.net\/site\/#organization"},"potentialAction":[{"@type":"SearchAction","target":{"@type":"EntryPoint","urlTemplate":"https:\/\/www.oarcanjo.net\/site\/?s={search_term_string}"},"query-input":{"@type":"PropertyValueSpecification","valueRequired":true,"valueName":"search_term_string"}}],"inLanguage":"pt-BR"},{"@type":"Organization","@id":"https:\/\/www.oarcanjo.net\/site\/#organization","name":"Par\u00f3quia S\u00e3o Miguel Arcanjo","url":"https:\/\/www.oarcanjo.net\/site\/","logo":{"@type":"ImageObject","inLanguage":"pt-BR","@id":"https:\/\/www.oarcanjo.net\/site\/#\/schema\/logo\/image\/","url":"https:\/\/www.oarcanjo.net\/site\/wp-content\/uploads\/LogoOArcanjo.png","contentUrl":"https:\/\/www.oarcanjo.net\/site\/wp-content\/uploads\/LogoOArcanjo.png","width":319,"height":99,"caption":"Par\u00f3quia S\u00e3o Miguel Arcanjo"},"image":{"@id":"https:\/\/www.oarcanjo.net\/site\/#\/schema\/logo\/image\/"},"sameAs":["https:\/\/www.facebook.com\/OArcanjoNoAr\/"]},{"@type":"Person","@id":"https:\/\/www.oarcanjo.net\/site\/#\/schema\/person\/5eb9480bedd2f3c97e430ce128c29c6c","name":"danilo"}]}},"publishpress_future_action":{"enabled":false,"date":"2026-05-07 16:47:10","action":"category","newStatus":"draft","terms":[],"taxonomy":"category"},"publishpress_future_workflow_manual_trigger":{"enabledWorkflows":[]},"_links":{"self":[{"href":"https:\/\/www.oarcanjo.net\/site\/wp-json\/wp\/v2\/posts\/8985"}],"collection":[{"href":"https:\/\/www.oarcanjo.net\/site\/wp-json\/wp\/v2\/posts"}],"about":[{"href":"https:\/\/www.oarcanjo.net\/site\/wp-json\/wp\/v2\/types\/post"}],"author":[{"embeddable":true,"href":"https:\/\/www.oarcanjo.net\/site\/wp-json\/wp\/v2\/users\/14"}],"replies":[{"embeddable":true,"href":"https:\/\/www.oarcanjo.net\/site\/wp-json\/wp\/v2\/comments?post=8985"}],"version-history":[{"count":1,"href":"https:\/\/www.oarcanjo.net\/site\/wp-json\/wp\/v2\/posts\/8985\/revisions"}],"predecessor-version":[{"id":92890,"href":"https:\/\/www.oarcanjo.net\/site\/wp-json\/wp\/v2\/posts\/8985\/revisions\/92890"}],"wp:attachment":[{"href":"https:\/\/www.oarcanjo.net\/site\/wp-json\/wp\/v2\/media?parent=8985"}],"wp:term":[{"taxonomy":"category","embeddable":true,"href":"https:\/\/www.oarcanjo.net\/site\/wp-json\/wp\/v2\/categories?post=8985"},{"taxonomy":"post_tag","embeddable":true,"href":"https:\/\/www.oarcanjo.net\/site\/wp-json\/wp\/v2\/tags?post=8985"}],"curies":[{"name":"wp","href":"https:\/\/api.w.org\/{rel}","templated":true}]}}