
{"id":8988,"date":"2019-04-22T00:06:50","date_gmt":"2019-04-22T03:06:50","guid":{"rendered":"http:\/\/www.oarcanjo.net\/site\/?p=8988"},"modified":"2019-02-20T07:55:56","modified_gmt":"2019-02-20T10:55:56","slug":"sao-caio","status":"publish","type":"post","link":"https:\/\/www.oarcanjo.net\/site\/sao-caio\/","title":{"rendered":"S\u00e3o Caio"},"content":{"rendered":"<p><img decoding=\"async\" src=\"http:\/\/4.bp.blogspot.com\/_iMPtMovrmdk\/Se9QpH2OCtI\/AAAAAAAAAtw\/kOp6L6igMg4\/s400\/S%C3%A3o+Caio.gif\" alt=\"\" \/><\/p>\n<p>22 de Abril<\/p>\n<p>No livro dos papas da Igreja, encontramos registrado que o papa Caio nasceu na Dalm\u00e1cia, atual territ\u00f3rio da B\u00f3snia, de fam\u00edlia crist\u00e3 da nobreza romana, ligada por parentesco ao imperador Diocleciano, irm\u00e3o do padre Gabino e tio de Suzana, ambos canonizados.<\/p>\n<p>Caio foi eleito no dia 17 de dezembro de 283. Governou a Igreja durante treze anos, num per\u00edodo de longa tr\u00e9gua nas persegui\u00e7\u00f5es anticrist\u00e3s, que j\u00e1 vinham sendo bem atenuadas. Tamb\u00e9m ocorria uma maior abertura na obten\u00e7\u00e3o de concess\u00f5es para as constru\u00e7\u00f5es de novas igrejas, bem como para as amplia\u00e7\u00f5es dos cemit\u00e9rios crist\u00e3os. Ele contou com a ajuda de seu irm\u00e3o, padre Gabino, e da sobrinha Suzana, que se havia consagrado a Cristo.<\/p>\n<p>Antes de ser escolhido papa, os dois irm\u00e3os sacerdotes tinham transformado em igreja a casa em que residiam. L\u00e1, ouviam os aflitos, pecadores; auxiliavam os pobres e doentes; celebravam as missas, distribu\u00edam a eucaristia e ministravam os sacramentos do batismo e do matrim\u00f4nio. Isso porque a Igreja n\u00e3o tinha direito \u00e0 propriedade, pois n\u00e3o era reconhecida pelo Imp\u00e9rio.<\/p>\n<p>O grande contratempo enfrentado pelo papa Caio deu-se no \u00e2mbito interno do pr\u00f3prio clero, devido \u00e0 crescente multiplica\u00e7\u00e3o de heresias, criando uma grande confus\u00e3o aos devotos crist\u00e3os. A \u00faltima, pela ordem cronol\u00f3gica, na \u00e9poca, foi a de &#8220;Mitra&#8221;. Esta heresia era do tipo manique\u00edsta, de origem asi\u00e1tica, pela qual Deus assumia em si a contraposi\u00e7\u00e3o celeste da luz e da treva. Tal heresia e outras ele baniu por completo, criando harmonia entre os crist\u00e3os.<\/p>\n<p>Conforme antigos escritos da Igreja, apesar do parentesco com o imperador o papa se recusou a ajudar Diocleciano, que pretendia receber a sobrinha dele como sua futura nora Segundo se verificou nos antigos escritos, esse teria sido o motivo da ira do soberano ao assinar o severo decreto que mandou matar todos os crist\u00e3os, come\u00e7ando pelos tr\u00eas parentes.<\/p>\n<p>Papa Caio morreu decapitado em 22 de abril de 296. A Igreja confirmou a sua santifica\u00e7\u00e3o e o seu mart\u00edrio, at\u00e9 pelo fato de Diocleciano ter encerrado por completo as persegui\u00e7\u00f5es somente no ano 303.<\/p>\n<p>As suas rel\u00edquias foram depositadas primeiro no cemit\u00e9rio de S\u00e3o Calisto. Depois, em 631, foram trasladadas para a igreja que foi erguida no local da casa onde ele viveu, em Roma. A Igreja o reverencia com o culto lit\u00fargico marcado para o dia de sua morte.<\/p>\n<div id=\"themify_builder_content-8988\" data-postid=\"8988\" class=\"themify_builder_content themify_builder_content-8988 themify_builder themify_builder_front\">\n\t<\/div>\n<!-- \/themify_builder_content -->","protected":false},"excerpt":{"rendered":"<p>22 de Abril No livro dos papas da Igreja, encontramos registrado que o papa Caio nasceu na Dalm\u00e1cia, atual territ\u00f3rio da B\u00f3snia, de fam\u00edlia crist\u00e3 da nobreza romana, ligada por parentesco ao imperador Diocleciano, irm\u00e3o do padre Gabino e tio de Suzana, ambos canonizados. Caio foi eleito no dia 17 de dezembro de 283. Governou [&hellip;]<\/p>\n","protected":false},"author":14,"featured_media":0,"comment_status":"open","ping_status":"open","sticky":false,"template":"","format":"standard","meta":{"ngg_post_thumbnail":0,"footnotes":""},"categories":[186],"tags":[],"yoast_head":"<!-- This site is optimized with the Yoast SEO plugin v23.5 - https:\/\/yoast.com\/wordpress\/plugins\/seo\/ -->\n<title>S\u00e3o Caio - O Arcanjo no ar<\/title>\n<meta name=\"robots\" content=\"index, follow, max-snippet:-1, max-image-preview:large, max-video-preview:-1\" \/>\n<link rel=\"canonical\" href=\"https:\/\/www.oarcanjo.net\/site\/sao-caio\/\" \/>\n<meta property=\"og:locale\" content=\"pt_BR\" \/>\n<meta property=\"og:type\" content=\"article\" \/>\n<meta property=\"og:title\" content=\"S\u00e3o Caio - O Arcanjo no ar\" \/>\n<meta property=\"og:description\" content=\"22 de Abril No livro dos papas da Igreja, encontramos registrado que o papa Caio nasceu na Dalm\u00e1cia, atual territ\u00f3rio da B\u00f3snia, de fam\u00edlia crist\u00e3 da nobreza romana, ligada por parentesco ao imperador Diocleciano, irm\u00e3o do padre Gabino e tio de Suzana, ambos canonizados. Caio foi eleito no dia 17 de dezembro de 283. Governou [&hellip;]\" \/>\n<meta property=\"og:url\" content=\"https:\/\/www.oarcanjo.net\/site\/sao-caio\/\" \/>\n<meta property=\"og:site_name\" content=\"O Arcanjo no ar\" \/>\n<meta property=\"article:publisher\" content=\"https:\/\/www.facebook.com\/OArcanjoNoAr\/\" \/>\n<meta property=\"article:published_time\" content=\"2019-04-22T03:06:50+00:00\" \/>\n<meta property=\"article:modified_time\" content=\"2019-02-20T10:55:56+00:00\" \/>\n<meta property=\"og:image\" content=\"http:\/\/4.bp.blogspot.com\/_iMPtMovrmdk\/Se9QpH2OCtI\/AAAAAAAAAtw\/kOp6L6igMg4\/s400\/S%C3%A3o+Caio.gif\" \/>\n<meta name=\"author\" content=\"danilo\" \/>\n<meta name=\"twitter:card\" content=\"summary_large_image\" \/>\n<meta name=\"twitter:label1\" content=\"Escrito por\" \/>\n\t<meta name=\"twitter:data1\" content=\"danilo\" \/>\n\t<meta name=\"twitter:label2\" content=\"Est. tempo de leitura\" \/>\n\t<meta name=\"twitter:data2\" content=\"2 minutos\" \/>\n<script type=\"application\/ld+json\" class=\"yoast-schema-graph\">{\"@context\":\"https:\/\/schema.org\",\"@graph\":[{\"@type\":\"Article\",\"@id\":\"https:\/\/www.oarcanjo.net\/site\/sao-caio\/#article\",\"isPartOf\":{\"@id\":\"https:\/\/www.oarcanjo.net\/site\/sao-caio\/\"},\"author\":{\"name\":\"danilo\",\"@id\":\"https:\/\/www.oarcanjo.net\/site\/#\/schema\/person\/5eb9480bedd2f3c97e430ce128c29c6c\"},\"headline\":\"S\u00e3o Caio\",\"datePublished\":\"2019-04-22T03:06:50+00:00\",\"dateModified\":\"2019-02-20T10:55:56+00:00\",\"mainEntityOfPage\":{\"@id\":\"https:\/\/www.oarcanjo.net\/site\/sao-caio\/\"},\"wordCount\":424,\"commentCount\":0,\"publisher\":{\"@id\":\"https:\/\/www.oarcanjo.net\/site\/#organization\"},\"image\":{\"@id\":\"https:\/\/www.oarcanjo.net\/site\/sao-caio\/#primaryimage\"},\"thumbnailUrl\":\"http:\/\/4.bp.blogspot.com\/_iMPtMovrmdk\/Se9QpH2OCtI\/AAAAAAAAAtw\/kOp6L6igMg4\/s400\/S%C3%A3o+Caio.gif\",\"articleSection\":[\"Testemunhos\"],\"inLanguage\":\"pt-BR\",\"potentialAction\":[{\"@type\":\"CommentAction\",\"name\":\"Comment\",\"target\":[\"https:\/\/www.oarcanjo.net\/site\/sao-caio\/#respond\"]}]},{\"@type\":\"WebPage\",\"@id\":\"https:\/\/www.oarcanjo.net\/site\/sao-caio\/\",\"url\":\"https:\/\/www.oarcanjo.net\/site\/sao-caio\/\",\"name\":\"S\u00e3o Caio - O Arcanjo no ar\",\"isPartOf\":{\"@id\":\"https:\/\/www.oarcanjo.net\/site\/#website\"},\"primaryImageOfPage\":{\"@id\":\"https:\/\/www.oarcanjo.net\/site\/sao-caio\/#primaryimage\"},\"image\":{\"@id\":\"https:\/\/www.oarcanjo.net\/site\/sao-caio\/#primaryimage\"},\"thumbnailUrl\":\"http:\/\/4.bp.blogspot.com\/_iMPtMovrmdk\/Se9QpH2OCtI\/AAAAAAAAAtw\/kOp6L6igMg4\/s400\/S%C3%A3o+Caio.gif\",\"datePublished\":\"2019-04-22T03:06:50+00:00\",\"dateModified\":\"2019-02-20T10:55:56+00:00\",\"breadcrumb\":{\"@id\":\"https:\/\/www.oarcanjo.net\/site\/sao-caio\/#breadcrumb\"},\"inLanguage\":\"pt-BR\",\"potentialAction\":[{\"@type\":\"ReadAction\",\"target\":[\"https:\/\/www.oarcanjo.net\/site\/sao-caio\/\"]}]},{\"@type\":\"ImageObject\",\"inLanguage\":\"pt-BR\",\"@id\":\"https:\/\/www.oarcanjo.net\/site\/sao-caio\/#primaryimage\",\"url\":\"http:\/\/4.bp.blogspot.com\/_iMPtMovrmdk\/Se9QpH2OCtI\/AAAAAAAAAtw\/kOp6L6igMg4\/s400\/S%C3%A3o+Caio.gif\",\"contentUrl\":\"http:\/\/4.bp.blogspot.com\/_iMPtMovrmdk\/Se9QpH2OCtI\/AAAAAAAAAtw\/kOp6L6igMg4\/s400\/S%C3%A3o+Caio.gif\"},{\"@type\":\"BreadcrumbList\",\"@id\":\"https:\/\/www.oarcanjo.net\/site\/sao-caio\/#breadcrumb\",\"itemListElement\":[{\"@type\":\"ListItem\",\"position\":1,\"name\":\"In\u00edcio\",\"item\":\"https:\/\/www.oarcanjo.net\/site\/\"},{\"@type\":\"ListItem\",\"position\":2,\"name\":\"S\u00e3o Caio\"}]},{\"@type\":\"WebSite\",\"@id\":\"https:\/\/www.oarcanjo.net\/site\/#website\",\"url\":\"https:\/\/www.oarcanjo.net\/site\/\",\"name\":\"O Arcanjo no ar\",\"description\":\"Site da Par\u00f3quia S\u00e3o Miguel Arcanjo (Arquidiocese de SP)\",\"publisher\":{\"@id\":\"https:\/\/www.oarcanjo.net\/site\/#organization\"},\"potentialAction\":[{\"@type\":\"SearchAction\",\"target\":{\"@type\":\"EntryPoint\",\"urlTemplate\":\"https:\/\/www.oarcanjo.net\/site\/?s={search_term_string}\"},\"query-input\":{\"@type\":\"PropertyValueSpecification\",\"valueRequired\":true,\"valueName\":\"search_term_string\"}}],\"inLanguage\":\"pt-BR\"},{\"@type\":\"Organization\",\"@id\":\"https:\/\/www.oarcanjo.net\/site\/#organization\",\"name\":\"Par\u00f3quia S\u00e3o Miguel Arcanjo\",\"url\":\"https:\/\/www.oarcanjo.net\/site\/\",\"logo\":{\"@type\":\"ImageObject\",\"inLanguage\":\"pt-BR\",\"@id\":\"https:\/\/www.oarcanjo.net\/site\/#\/schema\/logo\/image\/\",\"url\":\"https:\/\/www.oarcanjo.net\/site\/wp-content\/uploads\/LogoOArcanjo.png\",\"contentUrl\":\"https:\/\/www.oarcanjo.net\/site\/wp-content\/uploads\/LogoOArcanjo.png\",\"width\":319,\"height\":99,\"caption\":\"Par\u00f3quia S\u00e3o Miguel Arcanjo\"},\"image\":{\"@id\":\"https:\/\/www.oarcanjo.net\/site\/#\/schema\/logo\/image\/\"},\"sameAs\":[\"https:\/\/www.facebook.com\/OArcanjoNoAr\/\"]},{\"@type\":\"Person\",\"@id\":\"https:\/\/www.oarcanjo.net\/site\/#\/schema\/person\/5eb9480bedd2f3c97e430ce128c29c6c\",\"name\":\"danilo\"}]}<\/script>\n<!-- \/ Yoast SEO plugin. -->","yoast_head_json":{"title":"S\u00e3o Caio - O Arcanjo no ar","robots":{"index":"index","follow":"follow","max-snippet":"max-snippet:-1","max-image-preview":"max-image-preview:large","max-video-preview":"max-video-preview:-1"},"canonical":"https:\/\/www.oarcanjo.net\/site\/sao-caio\/","og_locale":"pt_BR","og_type":"article","og_title":"S\u00e3o Caio - O Arcanjo no ar","og_description":"22 de Abril No livro dos papas da Igreja, encontramos registrado que o papa Caio nasceu na Dalm\u00e1cia, atual territ\u00f3rio da B\u00f3snia, de fam\u00edlia crist\u00e3 da nobreza romana, ligada por parentesco ao imperador Diocleciano, irm\u00e3o do padre Gabino e tio de Suzana, ambos canonizados. Caio foi eleito no dia 17 de dezembro de 283. Governou [&hellip;]","og_url":"https:\/\/www.oarcanjo.net\/site\/sao-caio\/","og_site_name":"O Arcanjo no ar","article_publisher":"https:\/\/www.facebook.com\/OArcanjoNoAr\/","article_published_time":"2019-04-22T03:06:50+00:00","article_modified_time":"2019-02-20T10:55:56+00:00","og_image":[{"url":"http:\/\/4.bp.blogspot.com\/_iMPtMovrmdk\/Se9QpH2OCtI\/AAAAAAAAAtw\/kOp6L6igMg4\/s400\/S%C3%A3o+Caio.gif"}],"author":"danilo","twitter_card":"summary_large_image","twitter_misc":{"Escrito por":"danilo","Est. tempo de leitura":"2 minutos"},"schema":{"@context":"https:\/\/schema.org","@graph":[{"@type":"Article","@id":"https:\/\/www.oarcanjo.net\/site\/sao-caio\/#article","isPartOf":{"@id":"https:\/\/www.oarcanjo.net\/site\/sao-caio\/"},"author":{"name":"danilo","@id":"https:\/\/www.oarcanjo.net\/site\/#\/schema\/person\/5eb9480bedd2f3c97e430ce128c29c6c"},"headline":"S\u00e3o Caio","datePublished":"2019-04-22T03:06:50+00:00","dateModified":"2019-02-20T10:55:56+00:00","mainEntityOfPage":{"@id":"https:\/\/www.oarcanjo.net\/site\/sao-caio\/"},"wordCount":424,"commentCount":0,"publisher":{"@id":"https:\/\/www.oarcanjo.net\/site\/#organization"},"image":{"@id":"https:\/\/www.oarcanjo.net\/site\/sao-caio\/#primaryimage"},"thumbnailUrl":"http:\/\/4.bp.blogspot.com\/_iMPtMovrmdk\/Se9QpH2OCtI\/AAAAAAAAAtw\/kOp6L6igMg4\/s400\/S%C3%A3o+Caio.gif","articleSection":["Testemunhos"],"inLanguage":"pt-BR","potentialAction":[{"@type":"CommentAction","name":"Comment","target":["https:\/\/www.oarcanjo.net\/site\/sao-caio\/#respond"]}]},{"@type":"WebPage","@id":"https:\/\/www.oarcanjo.net\/site\/sao-caio\/","url":"https:\/\/www.oarcanjo.net\/site\/sao-caio\/","name":"S\u00e3o Caio - O Arcanjo no ar","isPartOf":{"@id":"https:\/\/www.oarcanjo.net\/site\/#website"},"primaryImageOfPage":{"@id":"https:\/\/www.oarcanjo.net\/site\/sao-caio\/#primaryimage"},"image":{"@id":"https:\/\/www.oarcanjo.net\/site\/sao-caio\/#primaryimage"},"thumbnailUrl":"http:\/\/4.bp.blogspot.com\/_iMPtMovrmdk\/Se9QpH2OCtI\/AAAAAAAAAtw\/kOp6L6igMg4\/s400\/S%C3%A3o+Caio.gif","datePublished":"2019-04-22T03:06:50+00:00","dateModified":"2019-02-20T10:55:56+00:00","breadcrumb":{"@id":"https:\/\/www.oarcanjo.net\/site\/sao-caio\/#breadcrumb"},"inLanguage":"pt-BR","potentialAction":[{"@type":"ReadAction","target":["https:\/\/www.oarcanjo.net\/site\/sao-caio\/"]}]},{"@type":"ImageObject","inLanguage":"pt-BR","@id":"https:\/\/www.oarcanjo.net\/site\/sao-caio\/#primaryimage","url":"http:\/\/4.bp.blogspot.com\/_iMPtMovrmdk\/Se9QpH2OCtI\/AAAAAAAAAtw\/kOp6L6igMg4\/s400\/S%C3%A3o+Caio.gif","contentUrl":"http:\/\/4.bp.blogspot.com\/_iMPtMovrmdk\/Se9QpH2OCtI\/AAAAAAAAAtw\/kOp6L6igMg4\/s400\/S%C3%A3o+Caio.gif"},{"@type":"BreadcrumbList","@id":"https:\/\/www.oarcanjo.net\/site\/sao-caio\/#breadcrumb","itemListElement":[{"@type":"ListItem","position":1,"name":"In\u00edcio","item":"https:\/\/www.oarcanjo.net\/site\/"},{"@type":"ListItem","position":2,"name":"S\u00e3o Caio"}]},{"@type":"WebSite","@id":"https:\/\/www.oarcanjo.net\/site\/#website","url":"https:\/\/www.oarcanjo.net\/site\/","name":"O Arcanjo no ar","description":"Site da Par\u00f3quia S\u00e3o Miguel Arcanjo (Arquidiocese de SP)","publisher":{"@id":"https:\/\/www.oarcanjo.net\/site\/#organization"},"potentialAction":[{"@type":"SearchAction","target":{"@type":"EntryPoint","urlTemplate":"https:\/\/www.oarcanjo.net\/site\/?s={search_term_string}"},"query-input":{"@type":"PropertyValueSpecification","valueRequired":true,"valueName":"search_term_string"}}],"inLanguage":"pt-BR"},{"@type":"Organization","@id":"https:\/\/www.oarcanjo.net\/site\/#organization","name":"Par\u00f3quia S\u00e3o Miguel Arcanjo","url":"https:\/\/www.oarcanjo.net\/site\/","logo":{"@type":"ImageObject","inLanguage":"pt-BR","@id":"https:\/\/www.oarcanjo.net\/site\/#\/schema\/logo\/image\/","url":"https:\/\/www.oarcanjo.net\/site\/wp-content\/uploads\/LogoOArcanjo.png","contentUrl":"https:\/\/www.oarcanjo.net\/site\/wp-content\/uploads\/LogoOArcanjo.png","width":319,"height":99,"caption":"Par\u00f3quia S\u00e3o Miguel Arcanjo"},"image":{"@id":"https:\/\/www.oarcanjo.net\/site\/#\/schema\/logo\/image\/"},"sameAs":["https:\/\/www.facebook.com\/OArcanjoNoAr\/"]},{"@type":"Person","@id":"https:\/\/www.oarcanjo.net\/site\/#\/schema\/person\/5eb9480bedd2f3c97e430ce128c29c6c","name":"danilo"}]}},"publishpress_future_action":{"enabled":false,"date":"2026-05-07 16:45:49","action":"category","newStatus":"draft","terms":[],"taxonomy":"category"},"publishpress_future_workflow_manual_trigger":{"enabledWorkflows":[]},"_links":{"self":[{"href":"https:\/\/www.oarcanjo.net\/site\/wp-json\/wp\/v2\/posts\/8988"}],"collection":[{"href":"https:\/\/www.oarcanjo.net\/site\/wp-json\/wp\/v2\/posts"}],"about":[{"href":"https:\/\/www.oarcanjo.net\/site\/wp-json\/wp\/v2\/types\/post"}],"author":[{"embeddable":true,"href":"https:\/\/www.oarcanjo.net\/site\/wp-json\/wp\/v2\/users\/14"}],"replies":[{"embeddable":true,"href":"https:\/\/www.oarcanjo.net\/site\/wp-json\/wp\/v2\/comments?post=8988"}],"version-history":[{"count":1,"href":"https:\/\/www.oarcanjo.net\/site\/wp-json\/wp\/v2\/posts\/8988\/revisions"}],"predecessor-version":[{"id":92892,"href":"https:\/\/www.oarcanjo.net\/site\/wp-json\/wp\/v2\/posts\/8988\/revisions\/92892"}],"wp:attachment":[{"href":"https:\/\/www.oarcanjo.net\/site\/wp-json\/wp\/v2\/media?parent=8988"}],"wp:term":[{"taxonomy":"category","embeddable":true,"href":"https:\/\/www.oarcanjo.net\/site\/wp-json\/wp\/v2\/categories?post=8988"},{"taxonomy":"post_tag","embeddable":true,"href":"https:\/\/www.oarcanjo.net\/site\/wp-json\/wp\/v2\/tags?post=8988"}],"curies":[{"name":"wp","href":"https:\/\/api.w.org\/{rel}","templated":true}]}}