
{"id":8990,"date":"2019-04-22T00:09:13","date_gmt":"2019-04-22T03:09:13","guid":{"rendered":"http:\/\/www.oarcanjo.net\/site\/?p=8990"},"modified":"2019-02-20T07:56:00","modified_gmt":"2019-02-20T10:56:00","slug":"sao-sotero","status":"publish","type":"post","link":"https:\/\/www.oarcanjo.net\/site\/sao-sotero\/","title":{"rendered":"S\u00e3o Sotero"},"content":{"rendered":"<p><img loading=\"lazy\" decoding=\"async\" class=\"alignnone size-full wp-image-60931\" src=\"http:\/\/www.oarcanjo.net\/site\/wp-content\/uploads\/Sao-Sotero.gif\" alt=\"S\u00e3o Sotero\" width=\"240\" height=\"240\" \/><\/p>\n<p>22 de Abril<\/p>\n<p>Poucas s\u00e3o as informa\u00e7\u00f5es biogr\u00e1ficas de Sotero. Foi papa entre 166 e 175, per\u00edodo em que ser crist\u00e3o era muito dif\u00edcil e perigoso. Ele foi eleito o sucessor do papa Aniceto, que morreu em 165. Nasceu na cidade de Fondi, na Camp\u00e2nia, It\u00e1lia, e seu pai se chamava Conc\u00f3rdio.<\/p>\n<p>Durante o seu pontificado, a Igreja ampliou-se bastante. Ele mesmo ordenou in\u00fameros di\u00e1conos, sacerdotes e bispos; e seu pontificado foi exemplar. Disciplinou, por meio das leis can\u00f4nicas, a participa\u00e7\u00e3o das mulheres na Igreja, que at\u00e9 ent\u00e3o n\u00e3o tinham seu caminho muito bem definido. Mas, sobretudo, o papa Sotero combateu com grande valentia e coragem as heresias que pairavam sobre a Igreja dos tempos iniciais do cristianismo.<\/p>\n<p>No seu tempo, foi extinta a heresia de Montano, que propunha um exagerado rigor de costumes. Era uma doutrina de medo e de pessimismo, porque o fim do mundo sempre poderia acontecer a qualquer momento. Supondo isso, todos os crist\u00e3os deveriam viver numa santidade irreal, renunciando ao matrim\u00f4nio e buscando o sofrimento da penit\u00eancia constante, porque, segundo Montano, a Igreja n\u00e3o tinha faculdades para perdoar os pecados. Essa doutrina, que tamb\u00e9m era defendida por Tertuliano e, principalmente, Novaciano, foi condenada pela Igreja na \u00e9poca do papa Sotero.<\/p>\n<p>Ele defendeu a doutrina ensinada por Jesus Cristo e que a Igreja sempre continuou praticando, ou seja, que para o pecador verdadeiramente arrependido n\u00e3o existe pecado, por maior que seja, a que n\u00e3o se possa conceder o perd\u00e3o. Assim, desapareceu o clima de rigor e pessimismo que tanto atormentava os crist\u00e3os, t\u00e3o contr\u00e1rio ao da doutrina do Evangelho, que prega o amor, o perd\u00e3o, a alegria e a esperan\u00e7a.<\/p>\n<p>Outra caracter\u00edstica do papa Sotero foi sua ardente caridade para com os necessitados. Ele desejava que se vivesse como os primeiros crist\u00e3os, citados nos textos dos ap\u00f3stolos, onde &#8220;tudo era comum entre eles&#8221; e onde &#8220;todos eram um s\u00f3 cora\u00e7\u00e3o e uma s\u00f3 alma&#8230;&#8221; Papa Sotero pedia esmolas para as dioceses mais ricas, para que fossem distribu\u00eddas entre as mais pobres e esfor\u00e7ava-se &#8220;por tratar a todos com palavras e obras, como um pai trata os seus filhos&#8221;.<\/p>\n<p>Ele foi um eloq\u00fcente defensor dos crist\u00e3os perseguidos e deixou isso registrado na carta que enviou especialmente para os de Corinto. Os vest\u00edgios dela foram encontrados quando Eus\u00e9bio de Cesar\u00e9ia entregou a ele a euf\u00f3rica resposta de Dion\u00edsio, em agradecimento pelo conforto que o valoroso papa levou aos cora\u00e7\u00f5es aflitos pela morte iminente.<\/p>\n<p>Provavelmente, foi este corajoso apoio que levou ao mart\u00edrio o papa Sotero, que morreu em 20 ou 22 de abril de 175, pela persegui\u00e7\u00e3o do imperador Marco Aur\u00e9lio. Segundo uma antiga tradi\u00e7\u00e3o, mantida pela Igreja, s\u00e3o Sotero \u00e9 homenageado no dia 22 de abril.<\/p>\n<div id=\"themify_builder_content-8990\" data-postid=\"8990\" class=\"themify_builder_content themify_builder_content-8990 themify_builder themify_builder_front\">\n\t<\/div>\n<!-- \/themify_builder_content -->","protected":false},"excerpt":{"rendered":"<p>22 de Abril Poucas s\u00e3o as informa\u00e7\u00f5es biogr\u00e1ficas de Sotero. Foi papa entre 166 e 175, per\u00edodo em que ser crist\u00e3o era muito dif\u00edcil e perigoso. Ele foi eleito o sucessor do papa Aniceto, que morreu em 165. Nasceu na cidade de Fondi, na Camp\u00e2nia, It\u00e1lia, e seu pai se chamava Conc\u00f3rdio. Durante o seu [&hellip;]<\/p>\n","protected":false},"author":14,"featured_media":0,"comment_status":"open","ping_status":"open","sticky":false,"template":"","format":"standard","meta":{"ngg_post_thumbnail":0,"footnotes":""},"categories":[186],"tags":[],"yoast_head":"<!-- This site is optimized with the Yoast SEO plugin v23.5 - https:\/\/yoast.com\/wordpress\/plugins\/seo\/ -->\n<title>S\u00e3o Sotero - O Arcanjo no ar<\/title>\n<meta name=\"robots\" content=\"index, follow, max-snippet:-1, max-image-preview:large, max-video-preview:-1\" \/>\n<link rel=\"canonical\" href=\"https:\/\/www.oarcanjo.net\/site\/sao-sotero\/\" \/>\n<meta property=\"og:locale\" content=\"pt_BR\" \/>\n<meta property=\"og:type\" content=\"article\" \/>\n<meta property=\"og:title\" content=\"S\u00e3o Sotero - O Arcanjo no ar\" \/>\n<meta property=\"og:description\" content=\"22 de Abril Poucas s\u00e3o as informa\u00e7\u00f5es biogr\u00e1ficas de Sotero. Foi papa entre 166 e 175, per\u00edodo em que ser crist\u00e3o era muito dif\u00edcil e perigoso. Ele foi eleito o sucessor do papa Aniceto, que morreu em 165. Nasceu na cidade de Fondi, na Camp\u00e2nia, It\u00e1lia, e seu pai se chamava Conc\u00f3rdio. Durante o seu [&hellip;]\" \/>\n<meta property=\"og:url\" content=\"https:\/\/www.oarcanjo.net\/site\/sao-sotero\/\" \/>\n<meta property=\"og:site_name\" content=\"O Arcanjo no ar\" \/>\n<meta property=\"article:publisher\" content=\"https:\/\/www.facebook.com\/OArcanjoNoAr\/\" \/>\n<meta property=\"article:published_time\" content=\"2019-04-22T03:09:13+00:00\" \/>\n<meta property=\"article:modified_time\" content=\"2019-02-20T10:56:00+00:00\" \/>\n<meta property=\"og:image\" content=\"http:\/\/www.oarcanjo.net\/site\/wp-content\/uploads\/Sao-Sotero.gif\" \/>\n<meta name=\"author\" content=\"danilo\" \/>\n<meta name=\"twitter:card\" content=\"summary_large_image\" \/>\n<meta name=\"twitter:label1\" content=\"Escrito por\" \/>\n\t<meta name=\"twitter:data1\" content=\"danilo\" \/>\n\t<meta name=\"twitter:label2\" content=\"Est. tempo de leitura\" \/>\n\t<meta name=\"twitter:data2\" content=\"2 minutos\" \/>\n<script type=\"application\/ld+json\" class=\"yoast-schema-graph\">{\"@context\":\"https:\/\/schema.org\",\"@graph\":[{\"@type\":\"Article\",\"@id\":\"https:\/\/www.oarcanjo.net\/site\/sao-sotero\/#article\",\"isPartOf\":{\"@id\":\"https:\/\/www.oarcanjo.net\/site\/sao-sotero\/\"},\"author\":{\"name\":\"danilo\",\"@id\":\"https:\/\/www.oarcanjo.net\/site\/#\/schema\/person\/5eb9480bedd2f3c97e430ce128c29c6c\"},\"headline\":\"S\u00e3o Sotero\",\"datePublished\":\"2019-04-22T03:09:13+00:00\",\"dateModified\":\"2019-02-20T10:56:00+00:00\",\"mainEntityOfPage\":{\"@id\":\"https:\/\/www.oarcanjo.net\/site\/sao-sotero\/\"},\"wordCount\":490,\"commentCount\":0,\"publisher\":{\"@id\":\"https:\/\/www.oarcanjo.net\/site\/#organization\"},\"image\":{\"@id\":\"https:\/\/www.oarcanjo.net\/site\/sao-sotero\/#primaryimage\"},\"thumbnailUrl\":\"http:\/\/www.oarcanjo.net\/site\/wp-content\/uploads\/Sao-Sotero.gif\",\"articleSection\":[\"Testemunhos\"],\"inLanguage\":\"pt-BR\",\"potentialAction\":[{\"@type\":\"CommentAction\",\"name\":\"Comment\",\"target\":[\"https:\/\/www.oarcanjo.net\/site\/sao-sotero\/#respond\"]}]},{\"@type\":\"WebPage\",\"@id\":\"https:\/\/www.oarcanjo.net\/site\/sao-sotero\/\",\"url\":\"https:\/\/www.oarcanjo.net\/site\/sao-sotero\/\",\"name\":\"S\u00e3o Sotero - O Arcanjo no ar\",\"isPartOf\":{\"@id\":\"https:\/\/www.oarcanjo.net\/site\/#website\"},\"primaryImageOfPage\":{\"@id\":\"https:\/\/www.oarcanjo.net\/site\/sao-sotero\/#primaryimage\"},\"image\":{\"@id\":\"https:\/\/www.oarcanjo.net\/site\/sao-sotero\/#primaryimage\"},\"thumbnailUrl\":\"http:\/\/www.oarcanjo.net\/site\/wp-content\/uploads\/Sao-Sotero.gif\",\"datePublished\":\"2019-04-22T03:09:13+00:00\",\"dateModified\":\"2019-02-20T10:56:00+00:00\",\"breadcrumb\":{\"@id\":\"https:\/\/www.oarcanjo.net\/site\/sao-sotero\/#breadcrumb\"},\"inLanguage\":\"pt-BR\",\"potentialAction\":[{\"@type\":\"ReadAction\",\"target\":[\"https:\/\/www.oarcanjo.net\/site\/sao-sotero\/\"]}]},{\"@type\":\"ImageObject\",\"inLanguage\":\"pt-BR\",\"@id\":\"https:\/\/www.oarcanjo.net\/site\/sao-sotero\/#primaryimage\",\"url\":\"https:\/\/www.oarcanjo.net\/site\/wp-content\/uploads\/Sao-Sotero.gif\",\"contentUrl\":\"https:\/\/www.oarcanjo.net\/site\/wp-content\/uploads\/Sao-Sotero.gif\",\"width\":240,\"height\":240,\"caption\":\"S\u00e3o Sotero\"},{\"@type\":\"BreadcrumbList\",\"@id\":\"https:\/\/www.oarcanjo.net\/site\/sao-sotero\/#breadcrumb\",\"itemListElement\":[{\"@type\":\"ListItem\",\"position\":1,\"name\":\"In\u00edcio\",\"item\":\"https:\/\/www.oarcanjo.net\/site\/\"},{\"@type\":\"ListItem\",\"position\":2,\"name\":\"S\u00e3o Sotero\"}]},{\"@type\":\"WebSite\",\"@id\":\"https:\/\/www.oarcanjo.net\/site\/#website\",\"url\":\"https:\/\/www.oarcanjo.net\/site\/\",\"name\":\"O Arcanjo no ar\",\"description\":\"Site da Par\u00f3quia S\u00e3o Miguel Arcanjo (Arquidiocese de SP)\",\"publisher\":{\"@id\":\"https:\/\/www.oarcanjo.net\/site\/#organization\"},\"potentialAction\":[{\"@type\":\"SearchAction\",\"target\":{\"@type\":\"EntryPoint\",\"urlTemplate\":\"https:\/\/www.oarcanjo.net\/site\/?s={search_term_string}\"},\"query-input\":{\"@type\":\"PropertyValueSpecification\",\"valueRequired\":true,\"valueName\":\"search_term_string\"}}],\"inLanguage\":\"pt-BR\"},{\"@type\":\"Organization\",\"@id\":\"https:\/\/www.oarcanjo.net\/site\/#organization\",\"name\":\"Par\u00f3quia S\u00e3o Miguel Arcanjo\",\"url\":\"https:\/\/www.oarcanjo.net\/site\/\",\"logo\":{\"@type\":\"ImageObject\",\"inLanguage\":\"pt-BR\",\"@id\":\"https:\/\/www.oarcanjo.net\/site\/#\/schema\/logo\/image\/\",\"url\":\"https:\/\/www.oarcanjo.net\/site\/wp-content\/uploads\/LogoOArcanjo.png\",\"contentUrl\":\"https:\/\/www.oarcanjo.net\/site\/wp-content\/uploads\/LogoOArcanjo.png\",\"width\":319,\"height\":99,\"caption\":\"Par\u00f3quia S\u00e3o Miguel Arcanjo\"},\"image\":{\"@id\":\"https:\/\/www.oarcanjo.net\/site\/#\/schema\/logo\/image\/\"},\"sameAs\":[\"https:\/\/www.facebook.com\/OArcanjoNoAr\/\"]},{\"@type\":\"Person\",\"@id\":\"https:\/\/www.oarcanjo.net\/site\/#\/schema\/person\/5eb9480bedd2f3c97e430ce128c29c6c\",\"name\":\"danilo\"}]}<\/script>\n<!-- \/ Yoast SEO plugin. -->","yoast_head_json":{"title":"S\u00e3o Sotero - O Arcanjo no ar","robots":{"index":"index","follow":"follow","max-snippet":"max-snippet:-1","max-image-preview":"max-image-preview:large","max-video-preview":"max-video-preview:-1"},"canonical":"https:\/\/www.oarcanjo.net\/site\/sao-sotero\/","og_locale":"pt_BR","og_type":"article","og_title":"S\u00e3o Sotero - O Arcanjo no ar","og_description":"22 de Abril Poucas s\u00e3o as informa\u00e7\u00f5es biogr\u00e1ficas de Sotero. Foi papa entre 166 e 175, per\u00edodo em que ser crist\u00e3o era muito dif\u00edcil e perigoso. Ele foi eleito o sucessor do papa Aniceto, que morreu em 165. Nasceu na cidade de Fondi, na Camp\u00e2nia, It\u00e1lia, e seu pai se chamava Conc\u00f3rdio. Durante o seu [&hellip;]","og_url":"https:\/\/www.oarcanjo.net\/site\/sao-sotero\/","og_site_name":"O Arcanjo no ar","article_publisher":"https:\/\/www.facebook.com\/OArcanjoNoAr\/","article_published_time":"2019-04-22T03:09:13+00:00","article_modified_time":"2019-02-20T10:56:00+00:00","og_image":[{"url":"http:\/\/www.oarcanjo.net\/site\/wp-content\/uploads\/Sao-Sotero.gif"}],"author":"danilo","twitter_card":"summary_large_image","twitter_misc":{"Escrito por":"danilo","Est. tempo de leitura":"2 minutos"},"schema":{"@context":"https:\/\/schema.org","@graph":[{"@type":"Article","@id":"https:\/\/www.oarcanjo.net\/site\/sao-sotero\/#article","isPartOf":{"@id":"https:\/\/www.oarcanjo.net\/site\/sao-sotero\/"},"author":{"name":"danilo","@id":"https:\/\/www.oarcanjo.net\/site\/#\/schema\/person\/5eb9480bedd2f3c97e430ce128c29c6c"},"headline":"S\u00e3o Sotero","datePublished":"2019-04-22T03:09:13+00:00","dateModified":"2019-02-20T10:56:00+00:00","mainEntityOfPage":{"@id":"https:\/\/www.oarcanjo.net\/site\/sao-sotero\/"},"wordCount":490,"commentCount":0,"publisher":{"@id":"https:\/\/www.oarcanjo.net\/site\/#organization"},"image":{"@id":"https:\/\/www.oarcanjo.net\/site\/sao-sotero\/#primaryimage"},"thumbnailUrl":"http:\/\/www.oarcanjo.net\/site\/wp-content\/uploads\/Sao-Sotero.gif","articleSection":["Testemunhos"],"inLanguage":"pt-BR","potentialAction":[{"@type":"CommentAction","name":"Comment","target":["https:\/\/www.oarcanjo.net\/site\/sao-sotero\/#respond"]}]},{"@type":"WebPage","@id":"https:\/\/www.oarcanjo.net\/site\/sao-sotero\/","url":"https:\/\/www.oarcanjo.net\/site\/sao-sotero\/","name":"S\u00e3o Sotero - O Arcanjo no ar","isPartOf":{"@id":"https:\/\/www.oarcanjo.net\/site\/#website"},"primaryImageOfPage":{"@id":"https:\/\/www.oarcanjo.net\/site\/sao-sotero\/#primaryimage"},"image":{"@id":"https:\/\/www.oarcanjo.net\/site\/sao-sotero\/#primaryimage"},"thumbnailUrl":"http:\/\/www.oarcanjo.net\/site\/wp-content\/uploads\/Sao-Sotero.gif","datePublished":"2019-04-22T03:09:13+00:00","dateModified":"2019-02-20T10:56:00+00:00","breadcrumb":{"@id":"https:\/\/www.oarcanjo.net\/site\/sao-sotero\/#breadcrumb"},"inLanguage":"pt-BR","potentialAction":[{"@type":"ReadAction","target":["https:\/\/www.oarcanjo.net\/site\/sao-sotero\/"]}]},{"@type":"ImageObject","inLanguage":"pt-BR","@id":"https:\/\/www.oarcanjo.net\/site\/sao-sotero\/#primaryimage","url":"https:\/\/www.oarcanjo.net\/site\/wp-content\/uploads\/Sao-Sotero.gif","contentUrl":"https:\/\/www.oarcanjo.net\/site\/wp-content\/uploads\/Sao-Sotero.gif","width":240,"height":240,"caption":"S\u00e3o Sotero"},{"@type":"BreadcrumbList","@id":"https:\/\/www.oarcanjo.net\/site\/sao-sotero\/#breadcrumb","itemListElement":[{"@type":"ListItem","position":1,"name":"In\u00edcio","item":"https:\/\/www.oarcanjo.net\/site\/"},{"@type":"ListItem","position":2,"name":"S\u00e3o Sotero"}]},{"@type":"WebSite","@id":"https:\/\/www.oarcanjo.net\/site\/#website","url":"https:\/\/www.oarcanjo.net\/site\/","name":"O Arcanjo no ar","description":"Site da Par\u00f3quia S\u00e3o Miguel Arcanjo (Arquidiocese de SP)","publisher":{"@id":"https:\/\/www.oarcanjo.net\/site\/#organization"},"potentialAction":[{"@type":"SearchAction","target":{"@type":"EntryPoint","urlTemplate":"https:\/\/www.oarcanjo.net\/site\/?s={search_term_string}"},"query-input":{"@type":"PropertyValueSpecification","valueRequired":true,"valueName":"search_term_string"}}],"inLanguage":"pt-BR"},{"@type":"Organization","@id":"https:\/\/www.oarcanjo.net\/site\/#organization","name":"Par\u00f3quia S\u00e3o Miguel Arcanjo","url":"https:\/\/www.oarcanjo.net\/site\/","logo":{"@type":"ImageObject","inLanguage":"pt-BR","@id":"https:\/\/www.oarcanjo.net\/site\/#\/schema\/logo\/image\/","url":"https:\/\/www.oarcanjo.net\/site\/wp-content\/uploads\/LogoOArcanjo.png","contentUrl":"https:\/\/www.oarcanjo.net\/site\/wp-content\/uploads\/LogoOArcanjo.png","width":319,"height":99,"caption":"Par\u00f3quia S\u00e3o Miguel Arcanjo"},"image":{"@id":"https:\/\/www.oarcanjo.net\/site\/#\/schema\/logo\/image\/"},"sameAs":["https:\/\/www.facebook.com\/OArcanjoNoAr\/"]},{"@type":"Person","@id":"https:\/\/www.oarcanjo.net\/site\/#\/schema\/person\/5eb9480bedd2f3c97e430ce128c29c6c","name":"danilo"}]}},"publishpress_future_action":{"enabled":false,"date":"2026-05-07 16:45:49","action":"category","newStatus":"draft","terms":[],"taxonomy":"category"},"publishpress_future_workflow_manual_trigger":{"enabledWorkflows":[]},"_links":{"self":[{"href":"https:\/\/www.oarcanjo.net\/site\/wp-json\/wp\/v2\/posts\/8990"}],"collection":[{"href":"https:\/\/www.oarcanjo.net\/site\/wp-json\/wp\/v2\/posts"}],"about":[{"href":"https:\/\/www.oarcanjo.net\/site\/wp-json\/wp\/v2\/types\/post"}],"author":[{"embeddable":true,"href":"https:\/\/www.oarcanjo.net\/site\/wp-json\/wp\/v2\/users\/14"}],"replies":[{"embeddable":true,"href":"https:\/\/www.oarcanjo.net\/site\/wp-json\/wp\/v2\/comments?post=8990"}],"version-history":[{"count":1,"href":"https:\/\/www.oarcanjo.net\/site\/wp-json\/wp\/v2\/posts\/8990\/revisions"}],"predecessor-version":[{"id":92893,"href":"https:\/\/www.oarcanjo.net\/site\/wp-json\/wp\/v2\/posts\/8990\/revisions\/92893"}],"wp:attachment":[{"href":"https:\/\/www.oarcanjo.net\/site\/wp-json\/wp\/v2\/media?parent=8990"}],"wp:term":[{"taxonomy":"category","embeddable":true,"href":"https:\/\/www.oarcanjo.net\/site\/wp-json\/wp\/v2\/categories?post=8990"},{"taxonomy":"post_tag","embeddable":true,"href":"https:\/\/www.oarcanjo.net\/site\/wp-json\/wp\/v2\/tags?post=8990"}],"curies":[{"name":"wp","href":"https:\/\/api.w.org\/{rel}","templated":true}]}}