
{"id":8992,"date":"2019-04-23T00:11:06","date_gmt":"2019-04-23T03:11:06","guid":{"rendered":"http:\/\/www.oarcanjo.net\/site\/?p=8992"},"modified":"2019-02-20T07:55:31","modified_gmt":"2019-02-20T10:55:31","slug":"sao-jorge","status":"publish","type":"post","link":"https:\/\/www.oarcanjo.net\/site\/sao-jorge\/","title":{"rendered":"S\u00e3o Jorge"},"content":{"rendered":"<p><img decoding=\"async\" src=\"http:\/\/vivaverve.files.wordpress.com\/2009\/04\/sao-jorge_111.jpg\" alt=\"\" \/><\/p>\n<p>23 de Abril<\/p>\n<p>A exist\u00eancia do popular\u00edssimo s\u00e3o Jorge, por vezes, foi colocada em d\u00favida. Talvez porque sua hist\u00f3ria sempre tenha sido mistura entre as tradi\u00e7\u00f5es crist\u00e3s e lendas, difundidas pelos pr\u00f3prios fi\u00e9is espalhados entre os quatro cantos do planeta.<\/p>\n<p>Contudo encontramos na Palestina os registros oficiais de seu testemunho de f\u00e9. O seu t\u00famulo est\u00e1 situado na cidade de Lida, pr\u00f3xima de Tel Aviv, Israel, onde foi decapitado no s\u00e9culo IV, e \u00e9 local de peregrina\u00e7\u00e3o desde essa \u00e9poca, n\u00e3o sendo interrompida nem mesmo durante o per\u00edodo das cruzadas. Ele foi escolhido como o padroeiro de G\u00eanova, de v\u00e1rias cidades da Espanha, Portugal, Litu\u00e2nia e Inglaterra e um sem n\u00famero de localidades no mundo todo. At\u00e9 hoje, possui muitos devotos fervorosos em todos os pa\u00edses cat\u00f3licos, inclusive no Brasil.<\/p>\n<p>A sua imagem de jovem guerreiro, montado no cavalo branco e enfrentando um terr\u00edvel drag\u00e3o, obviamente reporta \u00e0s v\u00e1rias lendas que narram esse feito extraordin\u00e1rio. A maioria delas diz que uma pequena cidade era atacada periodicamente pelo animal, que habitava um lago pr\u00f3ximo e fazia dezenas de v\u00edtimas com seu h\u00e1lito de fogo. Para que a popula\u00e7\u00e3o inteira n\u00e3o fosse destru\u00edda pelo drag\u00e3o, a cidade lhe oferecia v\u00edtimas jovens, sorteadas a cada ataque.<\/p>\n<p>Certo dia, chegou a vez da filha do rei, que foi levada pelo soberano em prantos \u00e0 margem do lago. De repente, apareceu o jovem guerreiro e matou o drag\u00e3o, salvando a princesa. Ou melhor, n\u00e3o o matou, mas o transformou em d\u00f3cil cordeirinho, que foi levado pela jovem numa corrente para dentro da cidade. Ali, o valoroso her\u00f3i informou que vinha da Capad\u00f3cia, chamava-se Jorge e acabara com o mal em nome de Jesus Cristo, levando a comunidade inteira \u00e0 convers\u00e3o.<\/p>\n<p>De fato, o que se sabe \u00e9 que o soldado Jorge foi denunciado como crist\u00e3o, preso, julgado e condenado \u00e0 morte. Entretanto o momento do mart\u00edrio tamb\u00e9m \u00e9 cercado de muitas tradi\u00e7\u00f5es. Conta a voz popular que ele foi cruelmente torturado, mas n\u00e3o sentiu dor. Foi ent\u00e3o enterrado vivo, mas nada sofreu. Ainda teve de caminhar descal\u00e7o sobre brasas, depois jogado e arrastado sobre elas, e mesmo assim nenhuma les\u00e3o danificou seu corpo, sendo ent\u00e3o decapitado pelos assustados torturadores. Jorge teria levado centenas de pessoas \u00e0 convers\u00e3o pela resist\u00eancia ao sofrimento e \u00e0 morte. At\u00e9 mesmo a mulher do ent\u00e3o imperador romano.<\/p>\n<p>S\u00e3o Jorge virou um s\u00edmbolo de for\u00e7a e f\u00e9 no enfrentamento do mal atrav\u00e9s dos tempos e principalmente nos dias atuais, onde a viol\u00eancia impera em todas as situa\u00e7\u00f5es de nossas vidas. Seu rito lit\u00fargico \u00e9 oficializado pela Igreja cat\u00f3lica e nunca esteve suspenso, como erroneamente chegou a ser divulgado nos anos 1960, quando sua celebra\u00e7\u00e3o passou a ser facultativa. A festa acontece no dia 23 de abril, tanto no Ocidente como no Oriente<\/p>\n<table border=\"0\" cellspacing=\"0\" cellpadding=\"0\" width=\"100%\">\n<tbody>\n<tr>\n<td>\n<table border=\"0\" cellspacing=\"0\" cellpadding=\"0\" width=\"90%\" align=\"center\">\n<tbody>\n<tr>\n<td width=\"9\" height=\"9\" align=\"left\" valign=\"top\"><img loading=\"lazy\" decoding=\"async\" src=\"http:\/\/www.paulinas.org.br\/diafeliz\/img\/cp_bd_box-1.gif\" alt=\"\" width=\"9\" height=\"9\" \/><\/td>\n<td height=\"9\" valign=\"top\"><img loading=\"lazy\" decoding=\"async\" src=\"http:\/\/www.paulinas.org.br\/diafeliz\/img\/espaco.gif\" alt=\"\" width=\"10\" height=\"9\" \/><\/td>\n<td width=\"9\" height=\"9\" align=\"right\" valign=\"top\"><img loading=\"lazy\" decoding=\"async\" src=\"http:\/\/www.paulinas.org.br\/diafeliz\/img\/cp_bd_box-2.gif\" alt=\"\" width=\"9\" height=\"9\" \/><\/td>\n<\/tr>\n<tr>\n<td width=\"9\"><img loading=\"lazy\" decoding=\"async\" src=\"http:\/\/www.paulinas.org.br\/diafeliz\/img\/espaco.gif\" alt=\"\" width=\"9\" height=\"9\" \/><\/td>\n<td align=\"left\" valign=\"top\">\n<table border=\"0\" cellspacing=\"0\" cellpadding=\"4\" width=\"100%\">\n<tbody>\n<tr>\n<td align=\"center\">\u00a0<\/td>\n<\/tr>\n<\/tbody>\n<\/table>\n<\/td>\n<td width=\"9\"><img loading=\"lazy\" decoding=\"async\" src=\"http:\/\/www.paulinas.org.br\/diafeliz\/img\/espaco.gif\" alt=\"\" width=\"9\" height=\"9\" \/><\/td>\n<\/tr>\n<tr>\n<td width=\"9\" height=\"9\" align=\"left\" valign=\"bottom\"><img loading=\"lazy\" decoding=\"async\" src=\"http:\/\/www.paulinas.org.br\/diafeliz\/img\/cp_bd_box-4.gif\" alt=\"\" width=\"9\" height=\"9\" \/><\/td>\n<td height=\"9\" valign=\"bottom\"><img loading=\"lazy\" decoding=\"async\" src=\"http:\/\/www.paulinas.org.br\/diafeliz\/img\/espaco.gif\" alt=\"\" width=\"10\" height=\"9\" \/><\/td>\n<td width=\"9\" height=\"9\" align=\"right\" valign=\"baseline\"><img loading=\"lazy\" decoding=\"async\" src=\"http:\/\/www.paulinas.org.br\/diafeliz\/img\/cp_bd_box-3.gif\" alt=\"\" width=\"9\" height=\"9\" \/><\/td>\n<\/tr>\n<\/tbody>\n<\/table>\n<\/td>\n<\/tr>\n<\/tbody>\n<\/table>\n<div id=\"themify_builder_content-8992\" data-postid=\"8992\" class=\"themify_builder_content themify_builder_content-8992 themify_builder themify_builder_front\">\n\t<\/div>\n<!-- \/themify_builder_content -->","protected":false},"excerpt":{"rendered":"<p>23 de Abril A exist\u00eancia do popular\u00edssimo s\u00e3o Jorge, por vezes, foi colocada em d\u00favida. Talvez porque sua hist\u00f3ria sempre tenha sido mistura entre as tradi\u00e7\u00f5es crist\u00e3s e lendas, difundidas pelos pr\u00f3prios fi\u00e9is espalhados entre os quatro cantos do planeta. Contudo encontramos na Palestina os registros oficiais de seu testemunho de f\u00e9. O seu t\u00famulo [&hellip;]<\/p>\n","protected":false},"author":14,"featured_media":0,"comment_status":"open","ping_status":"open","sticky":false,"template":"","format":"standard","meta":{"ngg_post_thumbnail":0,"footnotes":""},"categories":[186],"tags":[],"yoast_head":"<!-- This site is optimized with the Yoast SEO plugin v23.5 - https:\/\/yoast.com\/wordpress\/plugins\/seo\/ -->\n<title>S\u00e3o Jorge - O Arcanjo no ar<\/title>\n<meta name=\"robots\" content=\"index, follow, max-snippet:-1, max-image-preview:large, max-video-preview:-1\" \/>\n<link rel=\"canonical\" href=\"https:\/\/www.oarcanjo.net\/site\/sao-jorge\/\" \/>\n<meta property=\"og:locale\" content=\"pt_BR\" \/>\n<meta property=\"og:type\" content=\"article\" \/>\n<meta property=\"og:title\" content=\"S\u00e3o Jorge - O Arcanjo no ar\" \/>\n<meta property=\"og:description\" content=\"23 de Abril A exist\u00eancia do popular\u00edssimo s\u00e3o Jorge, por vezes, foi colocada em d\u00favida. Talvez porque sua hist\u00f3ria sempre tenha sido mistura entre as tradi\u00e7\u00f5es crist\u00e3s e lendas, difundidas pelos pr\u00f3prios fi\u00e9is espalhados entre os quatro cantos do planeta. Contudo encontramos na Palestina os registros oficiais de seu testemunho de f\u00e9. O seu t\u00famulo [&hellip;]\" \/>\n<meta property=\"og:url\" content=\"https:\/\/www.oarcanjo.net\/site\/sao-jorge\/\" \/>\n<meta property=\"og:site_name\" content=\"O Arcanjo no ar\" \/>\n<meta property=\"article:publisher\" content=\"https:\/\/www.facebook.com\/OArcanjoNoAr\/\" \/>\n<meta property=\"article:published_time\" content=\"2019-04-23T03:11:06+00:00\" \/>\n<meta property=\"article:modified_time\" content=\"2019-02-20T10:55:31+00:00\" \/>\n<meta property=\"og:image\" content=\"http:\/\/vivaverve.files.wordpress.com\/2009\/04\/sao-jorge_111.jpg\" \/>\n<meta name=\"author\" content=\"danilo\" \/>\n<meta name=\"twitter:card\" content=\"summary_large_image\" \/>\n<meta name=\"twitter:label1\" content=\"Escrito por\" \/>\n\t<meta name=\"twitter:data1\" content=\"danilo\" \/>\n\t<meta name=\"twitter:label2\" content=\"Est. tempo de leitura\" \/>\n\t<meta name=\"twitter:data2\" content=\"3 minutos\" \/>\n<script type=\"application\/ld+json\" class=\"yoast-schema-graph\">{\"@context\":\"https:\/\/schema.org\",\"@graph\":[{\"@type\":\"Article\",\"@id\":\"https:\/\/www.oarcanjo.net\/site\/sao-jorge\/#article\",\"isPartOf\":{\"@id\":\"https:\/\/www.oarcanjo.net\/site\/sao-jorge\/\"},\"author\":{\"name\":\"danilo\",\"@id\":\"https:\/\/www.oarcanjo.net\/site\/#\/schema\/person\/5eb9480bedd2f3c97e430ce128c29c6c\"},\"headline\":\"S\u00e3o Jorge\",\"datePublished\":\"2019-04-23T03:11:06+00:00\",\"dateModified\":\"2019-02-20T10:55:31+00:00\",\"mainEntityOfPage\":{\"@id\":\"https:\/\/www.oarcanjo.net\/site\/sao-jorge\/\"},\"wordCount\":512,\"commentCount\":1,\"publisher\":{\"@id\":\"https:\/\/www.oarcanjo.net\/site\/#organization\"},\"image\":{\"@id\":\"https:\/\/www.oarcanjo.net\/site\/sao-jorge\/#primaryimage\"},\"thumbnailUrl\":\"http:\/\/vivaverve.files.wordpress.com\/2009\/04\/sao-jorge_111.jpg\",\"articleSection\":[\"Testemunhos\"],\"inLanguage\":\"pt-BR\",\"potentialAction\":[{\"@type\":\"CommentAction\",\"name\":\"Comment\",\"target\":[\"https:\/\/www.oarcanjo.net\/site\/sao-jorge\/#respond\"]}]},{\"@type\":\"WebPage\",\"@id\":\"https:\/\/www.oarcanjo.net\/site\/sao-jorge\/\",\"url\":\"https:\/\/www.oarcanjo.net\/site\/sao-jorge\/\",\"name\":\"S\u00e3o Jorge - O Arcanjo no ar\",\"isPartOf\":{\"@id\":\"https:\/\/www.oarcanjo.net\/site\/#website\"},\"primaryImageOfPage\":{\"@id\":\"https:\/\/www.oarcanjo.net\/site\/sao-jorge\/#primaryimage\"},\"image\":{\"@id\":\"https:\/\/www.oarcanjo.net\/site\/sao-jorge\/#primaryimage\"},\"thumbnailUrl\":\"http:\/\/vivaverve.files.wordpress.com\/2009\/04\/sao-jorge_111.jpg\",\"datePublished\":\"2019-04-23T03:11:06+00:00\",\"dateModified\":\"2019-02-20T10:55:31+00:00\",\"breadcrumb\":{\"@id\":\"https:\/\/www.oarcanjo.net\/site\/sao-jorge\/#breadcrumb\"},\"inLanguage\":\"pt-BR\",\"potentialAction\":[{\"@type\":\"ReadAction\",\"target\":[\"https:\/\/www.oarcanjo.net\/site\/sao-jorge\/\"]}]},{\"@type\":\"ImageObject\",\"inLanguage\":\"pt-BR\",\"@id\":\"https:\/\/www.oarcanjo.net\/site\/sao-jorge\/#primaryimage\",\"url\":\"http:\/\/vivaverve.files.wordpress.com\/2009\/04\/sao-jorge_111.jpg\",\"contentUrl\":\"http:\/\/vivaverve.files.wordpress.com\/2009\/04\/sao-jorge_111.jpg\"},{\"@type\":\"BreadcrumbList\",\"@id\":\"https:\/\/www.oarcanjo.net\/site\/sao-jorge\/#breadcrumb\",\"itemListElement\":[{\"@type\":\"ListItem\",\"position\":1,\"name\":\"In\u00edcio\",\"item\":\"https:\/\/www.oarcanjo.net\/site\/\"},{\"@type\":\"ListItem\",\"position\":2,\"name\":\"S\u00e3o Jorge\"}]},{\"@type\":\"WebSite\",\"@id\":\"https:\/\/www.oarcanjo.net\/site\/#website\",\"url\":\"https:\/\/www.oarcanjo.net\/site\/\",\"name\":\"O Arcanjo no ar\",\"description\":\"Site da Par\u00f3quia S\u00e3o Miguel Arcanjo (Arquidiocese de SP)\",\"publisher\":{\"@id\":\"https:\/\/www.oarcanjo.net\/site\/#organization\"},\"potentialAction\":[{\"@type\":\"SearchAction\",\"target\":{\"@type\":\"EntryPoint\",\"urlTemplate\":\"https:\/\/www.oarcanjo.net\/site\/?s={search_term_string}\"},\"query-input\":{\"@type\":\"PropertyValueSpecification\",\"valueRequired\":true,\"valueName\":\"search_term_string\"}}],\"inLanguage\":\"pt-BR\"},{\"@type\":\"Organization\",\"@id\":\"https:\/\/www.oarcanjo.net\/site\/#organization\",\"name\":\"Par\u00f3quia S\u00e3o Miguel Arcanjo\",\"url\":\"https:\/\/www.oarcanjo.net\/site\/\",\"logo\":{\"@type\":\"ImageObject\",\"inLanguage\":\"pt-BR\",\"@id\":\"https:\/\/www.oarcanjo.net\/site\/#\/schema\/logo\/image\/\",\"url\":\"https:\/\/www.oarcanjo.net\/site\/wp-content\/uploads\/LogoOArcanjo.png\",\"contentUrl\":\"https:\/\/www.oarcanjo.net\/site\/wp-content\/uploads\/LogoOArcanjo.png\",\"width\":319,\"height\":99,\"caption\":\"Par\u00f3quia S\u00e3o Miguel Arcanjo\"},\"image\":{\"@id\":\"https:\/\/www.oarcanjo.net\/site\/#\/schema\/logo\/image\/\"},\"sameAs\":[\"https:\/\/www.facebook.com\/OArcanjoNoAr\/\"]},{\"@type\":\"Person\",\"@id\":\"https:\/\/www.oarcanjo.net\/site\/#\/schema\/person\/5eb9480bedd2f3c97e430ce128c29c6c\",\"name\":\"danilo\"}]}<\/script>\n<!-- \/ Yoast SEO plugin. -->","yoast_head_json":{"title":"S\u00e3o Jorge - O Arcanjo no ar","robots":{"index":"index","follow":"follow","max-snippet":"max-snippet:-1","max-image-preview":"max-image-preview:large","max-video-preview":"max-video-preview:-1"},"canonical":"https:\/\/www.oarcanjo.net\/site\/sao-jorge\/","og_locale":"pt_BR","og_type":"article","og_title":"S\u00e3o Jorge - O Arcanjo no ar","og_description":"23 de Abril A exist\u00eancia do popular\u00edssimo s\u00e3o Jorge, por vezes, foi colocada em d\u00favida. Talvez porque sua hist\u00f3ria sempre tenha sido mistura entre as tradi\u00e7\u00f5es crist\u00e3s e lendas, difundidas pelos pr\u00f3prios fi\u00e9is espalhados entre os quatro cantos do planeta. Contudo encontramos na Palestina os registros oficiais de seu testemunho de f\u00e9. O seu t\u00famulo [&hellip;]","og_url":"https:\/\/www.oarcanjo.net\/site\/sao-jorge\/","og_site_name":"O Arcanjo no ar","article_publisher":"https:\/\/www.facebook.com\/OArcanjoNoAr\/","article_published_time":"2019-04-23T03:11:06+00:00","article_modified_time":"2019-02-20T10:55:31+00:00","og_image":[{"url":"http:\/\/vivaverve.files.wordpress.com\/2009\/04\/sao-jorge_111.jpg"}],"author":"danilo","twitter_card":"summary_large_image","twitter_misc":{"Escrito por":"danilo","Est. tempo de leitura":"3 minutos"},"schema":{"@context":"https:\/\/schema.org","@graph":[{"@type":"Article","@id":"https:\/\/www.oarcanjo.net\/site\/sao-jorge\/#article","isPartOf":{"@id":"https:\/\/www.oarcanjo.net\/site\/sao-jorge\/"},"author":{"name":"danilo","@id":"https:\/\/www.oarcanjo.net\/site\/#\/schema\/person\/5eb9480bedd2f3c97e430ce128c29c6c"},"headline":"S\u00e3o Jorge","datePublished":"2019-04-23T03:11:06+00:00","dateModified":"2019-02-20T10:55:31+00:00","mainEntityOfPage":{"@id":"https:\/\/www.oarcanjo.net\/site\/sao-jorge\/"},"wordCount":512,"commentCount":1,"publisher":{"@id":"https:\/\/www.oarcanjo.net\/site\/#organization"},"image":{"@id":"https:\/\/www.oarcanjo.net\/site\/sao-jorge\/#primaryimage"},"thumbnailUrl":"http:\/\/vivaverve.files.wordpress.com\/2009\/04\/sao-jorge_111.jpg","articleSection":["Testemunhos"],"inLanguage":"pt-BR","potentialAction":[{"@type":"CommentAction","name":"Comment","target":["https:\/\/www.oarcanjo.net\/site\/sao-jorge\/#respond"]}]},{"@type":"WebPage","@id":"https:\/\/www.oarcanjo.net\/site\/sao-jorge\/","url":"https:\/\/www.oarcanjo.net\/site\/sao-jorge\/","name":"S\u00e3o Jorge - O Arcanjo no ar","isPartOf":{"@id":"https:\/\/www.oarcanjo.net\/site\/#website"},"primaryImageOfPage":{"@id":"https:\/\/www.oarcanjo.net\/site\/sao-jorge\/#primaryimage"},"image":{"@id":"https:\/\/www.oarcanjo.net\/site\/sao-jorge\/#primaryimage"},"thumbnailUrl":"http:\/\/vivaverve.files.wordpress.com\/2009\/04\/sao-jorge_111.jpg","datePublished":"2019-04-23T03:11:06+00:00","dateModified":"2019-02-20T10:55:31+00:00","breadcrumb":{"@id":"https:\/\/www.oarcanjo.net\/site\/sao-jorge\/#breadcrumb"},"inLanguage":"pt-BR","potentialAction":[{"@type":"ReadAction","target":["https:\/\/www.oarcanjo.net\/site\/sao-jorge\/"]}]},{"@type":"ImageObject","inLanguage":"pt-BR","@id":"https:\/\/www.oarcanjo.net\/site\/sao-jorge\/#primaryimage","url":"http:\/\/vivaverve.files.wordpress.com\/2009\/04\/sao-jorge_111.jpg","contentUrl":"http:\/\/vivaverve.files.wordpress.com\/2009\/04\/sao-jorge_111.jpg"},{"@type":"BreadcrumbList","@id":"https:\/\/www.oarcanjo.net\/site\/sao-jorge\/#breadcrumb","itemListElement":[{"@type":"ListItem","position":1,"name":"In\u00edcio","item":"https:\/\/www.oarcanjo.net\/site\/"},{"@type":"ListItem","position":2,"name":"S\u00e3o Jorge"}]},{"@type":"WebSite","@id":"https:\/\/www.oarcanjo.net\/site\/#website","url":"https:\/\/www.oarcanjo.net\/site\/","name":"O Arcanjo no ar","description":"Site da Par\u00f3quia S\u00e3o Miguel Arcanjo (Arquidiocese de SP)","publisher":{"@id":"https:\/\/www.oarcanjo.net\/site\/#organization"},"potentialAction":[{"@type":"SearchAction","target":{"@type":"EntryPoint","urlTemplate":"https:\/\/www.oarcanjo.net\/site\/?s={search_term_string}"},"query-input":{"@type":"PropertyValueSpecification","valueRequired":true,"valueName":"search_term_string"}}],"inLanguage":"pt-BR"},{"@type":"Organization","@id":"https:\/\/www.oarcanjo.net\/site\/#organization","name":"Par\u00f3quia S\u00e3o Miguel Arcanjo","url":"https:\/\/www.oarcanjo.net\/site\/","logo":{"@type":"ImageObject","inLanguage":"pt-BR","@id":"https:\/\/www.oarcanjo.net\/site\/#\/schema\/logo\/image\/","url":"https:\/\/www.oarcanjo.net\/site\/wp-content\/uploads\/LogoOArcanjo.png","contentUrl":"https:\/\/www.oarcanjo.net\/site\/wp-content\/uploads\/LogoOArcanjo.png","width":319,"height":99,"caption":"Par\u00f3quia S\u00e3o Miguel Arcanjo"},"image":{"@id":"https:\/\/www.oarcanjo.net\/site\/#\/schema\/logo\/image\/"},"sameAs":["https:\/\/www.facebook.com\/OArcanjoNoAr\/"]},{"@type":"Person","@id":"https:\/\/www.oarcanjo.net\/site\/#\/schema\/person\/5eb9480bedd2f3c97e430ce128c29c6c","name":"danilo"}]}},"publishpress_future_action":{"enabled":false,"date":"2026-05-07 16:45:42","action":"category","newStatus":"draft","terms":[],"taxonomy":"category"},"publishpress_future_workflow_manual_trigger":{"enabledWorkflows":[]},"_links":{"self":[{"href":"https:\/\/www.oarcanjo.net\/site\/wp-json\/wp\/v2\/posts\/8992"}],"collection":[{"href":"https:\/\/www.oarcanjo.net\/site\/wp-json\/wp\/v2\/posts"}],"about":[{"href":"https:\/\/www.oarcanjo.net\/site\/wp-json\/wp\/v2\/types\/post"}],"author":[{"embeddable":true,"href":"https:\/\/www.oarcanjo.net\/site\/wp-json\/wp\/v2\/users\/14"}],"replies":[{"embeddable":true,"href":"https:\/\/www.oarcanjo.net\/site\/wp-json\/wp\/v2\/comments?post=8992"}],"version-history":[{"count":1,"href":"https:\/\/www.oarcanjo.net\/site\/wp-json\/wp\/v2\/posts\/8992\/revisions"}],"predecessor-version":[{"id":92886,"href":"https:\/\/www.oarcanjo.net\/site\/wp-json\/wp\/v2\/posts\/8992\/revisions\/92886"}],"wp:attachment":[{"href":"https:\/\/www.oarcanjo.net\/site\/wp-json\/wp\/v2\/media?parent=8992"}],"wp:term":[{"taxonomy":"category","embeddable":true,"href":"https:\/\/www.oarcanjo.net\/site\/wp-json\/wp\/v2\/categories?post=8992"},{"taxonomy":"post_tag","embeddable":true,"href":"https:\/\/www.oarcanjo.net\/site\/wp-json\/wp\/v2\/tags?post=8992"}],"curies":[{"name":"wp","href":"https:\/\/api.w.org\/{rel}","templated":true}]}}