
{"id":8996,"date":"2019-04-23T00:16:45","date_gmt":"2019-04-23T03:16:45","guid":{"rendered":"http:\/\/www.oarcanjo.net\/site\/?p=8996"},"modified":"2019-02-20T07:55:05","modified_gmt":"2019-02-20T10:55:05","slug":"santo-adalberto","status":"publish","type":"post","link":"https:\/\/www.oarcanjo.net\/site\/santo-adalberto\/","title":{"rendered":"Santo Adalberto"},"content":{"rendered":"<p><img decoding=\"async\" src=\"http:\/\/3.bp.blogspot.com\/_K5-9KuKdEMg\/Se_YwBjt2lI\/AAAAAAAAAl4\/xwGc7m1ju4o\/s400\/Adalberto,+bispo+mt.jpg\" alt=\"\" \/><\/p>\n<p>23 de Abril<\/p>\n<p>Adalberto nasceu em 956, na Bo\u00eamia, atual Rep\u00fablica Checa, e era descendente da nobre fam\u00edlia dos pr\u00edncipes de Slavnik. Seu nome de batismo era Woytiech, isto \u00e9, &#8220;socorro do ex\u00e9rcito&#8221;. Ainda beb\u00ea, adoeceu gravemente, gerando uma promessa por parte dos pais: teria sua vida consagrada a Deus. Como recuperou a sa\u00fade, eles encaminharam seus estudos de forma que, mais tarde, se tornasse sacerdote. Foi educado pelo arcebispo Adalberto, da cidade de Magdeburgo, do qual tomou o nome, em 983, durante sua ordena\u00e7\u00e3o.<\/p>\n<p>Nesse mesmo ano, acompanhou a agonia do bispo de Praga, Diethmar I, que morreu pouco tempo depois. Seus contempor\u00e2neos o elegeram seu sucessor e, em sinal de humildade e de penit\u00eancia, entrou na cidade descal\u00e7o. Assim que tomou posse, procurou reestruturar a diocese. Adalberto dedicou-se totalmente \u00e0 prote\u00e7\u00e3o dos pobres e doentes.<\/p>\n<p>Diz a tradi\u00e7\u00e3o que ele, todos os dias, tinha \u00e0 mesa, nas refei\u00e7\u00f5es, a companhia de doze mendigos, em homenagem aos santos ap\u00f3stolos . Conta-se que, certa vez, uma mendiga pediu-lhe esmola e, como n\u00e3o tinha, ele lhe deu o pr\u00f3prio manto. Apesar desse exemplo vivo, seu rebanho insistia em viver totalmente fora dos padr\u00f5es crist\u00e3os.<\/p>\n<p>Desiludido, depois de seis anos ele resolveu abandonar a diocese, pedindo ao papa Jo\u00e3o XV que o afastasse do cargo. Entrou no mosteiro de S\u00e3o Bonif\u00e1cio, onde passou cinco anos, para de novo voltar a Praga e retomar, a pedido do papa, a dire\u00e7\u00e3o da diocese. Contudo, novamente o povo o repudiou por causa da disciplina crist\u00e3 correta que queria instaurar. Novamente decepcionado, retomou, angustiado, a vida de monge.<\/p>\n<p>Em obedi\u00eancia ao papa Greg\u00f3rio V, Adalberto assumiu pela terceira vez a diocese de Praga. Seu regresso foi tempestuoso. Os fi\u00e9is se revoltaram e impediram que entrasse na cidade. Seus parentes sofreram atentados, os bens foram confiscados, os castelos incendiados.<\/p>\n<p>Ele, ent\u00e3o, se refugiou na Pol\u00f4nia, onde, a pedido de seu amigo, duque Boleslao, seguiu com alguns sacerdotes em miss\u00e3o evangelizadora na Pr\u00fassia, que ainda era pag\u00e3. Adalberto fixou-se na cidade de Danzig e converteu praticamente toda a popula\u00e7\u00e3o. Por\u00e9m os sacerdotes pag\u00e3os, vendo acabar seu poder e influ\u00eancia, arquitetaram e executaram o assassinato de Adalberto e de todos os religiosos que o acompanhavam.<\/p>\n<p>Ele foi morto com sete golpes de lan\u00e7a e depois decapitado, na cidade de Tenkiten, no dia 23 de abril de 997. Os inimigos entregaram seu corpo ao duque Boleslao mediante pagamento em ouro. Adalberto foi enterrado no convento de Gniezno. Logo o seu t\u00famulo se tornou meta de peregrina\u00e7\u00e3o, com in\u00fameras gra\u00e7as acontecendo por sua intercess\u00e3o. No ano 999, o papa Silvestre II canonizou o primeiro bispo eslavo de Praga, Adalberto.<\/p>\n<p>Em 1039, suas rel\u00edquias foram trasladadas definitivamente para a catedral de Praga, para onde o primeiro pont\u00edfice eslavo da hist\u00f3ria crist\u00e3, Carol Wojtyla, ou papa Jo\u00e3o Paulo II, seguiu em peregrina\u00e7\u00e3o para as comemora\u00e7\u00f5es do mil\u00eanio da festa de santo Adalberto.<\/p>\n<div id=\"themify_builder_content-8996\" data-postid=\"8996\" class=\"themify_builder_content themify_builder_content-8996 themify_builder themify_builder_front\">\n\t<\/div>\n<!-- \/themify_builder_content -->","protected":false},"excerpt":{"rendered":"<p>23 de Abril Adalberto nasceu em 956, na Bo\u00eamia, atual Rep\u00fablica Checa, e era descendente da nobre fam\u00edlia dos pr\u00edncipes de Slavnik. Seu nome de batismo era Woytiech, isto \u00e9, &#8220;socorro do ex\u00e9rcito&#8221;. Ainda beb\u00ea, adoeceu gravemente, gerando uma promessa por parte dos pais: teria sua vida consagrada a Deus. Como recuperou a sa\u00fade, eles [&hellip;]<\/p>\n","protected":false},"author":14,"featured_media":0,"comment_status":"open","ping_status":"open","sticky":false,"template":"","format":"standard","meta":{"ngg_post_thumbnail":0,"footnotes":""},"categories":[186],"tags":[],"yoast_head":"<!-- This site is optimized with the Yoast SEO plugin v23.5 - https:\/\/yoast.com\/wordpress\/plugins\/seo\/ -->\n<title>Santo Adalberto - O Arcanjo no ar<\/title>\n<meta name=\"robots\" content=\"index, follow, max-snippet:-1, max-image-preview:large, max-video-preview:-1\" \/>\n<link rel=\"canonical\" href=\"https:\/\/www.oarcanjo.net\/site\/santo-adalberto\/\" \/>\n<meta property=\"og:locale\" content=\"pt_BR\" \/>\n<meta property=\"og:type\" content=\"article\" \/>\n<meta property=\"og:title\" content=\"Santo Adalberto - O Arcanjo no ar\" \/>\n<meta property=\"og:description\" content=\"23 de Abril Adalberto nasceu em 956, na Bo\u00eamia, atual Rep\u00fablica Checa, e era descendente da nobre fam\u00edlia dos pr\u00edncipes de Slavnik. Seu nome de batismo era Woytiech, isto \u00e9, &#8220;socorro do ex\u00e9rcito&#8221;. Ainda beb\u00ea, adoeceu gravemente, gerando uma promessa por parte dos pais: teria sua vida consagrada a Deus. Como recuperou a sa\u00fade, eles [&hellip;]\" \/>\n<meta property=\"og:url\" content=\"https:\/\/www.oarcanjo.net\/site\/santo-adalberto\/\" \/>\n<meta property=\"og:site_name\" content=\"O Arcanjo no ar\" \/>\n<meta property=\"article:publisher\" content=\"https:\/\/www.facebook.com\/OArcanjoNoAr\/\" \/>\n<meta property=\"article:published_time\" content=\"2019-04-23T03:16:45+00:00\" \/>\n<meta property=\"article:modified_time\" content=\"2019-02-20T10:55:05+00:00\" \/>\n<meta property=\"og:image\" content=\"http:\/\/3.bp.blogspot.com\/_K5-9KuKdEMg\/Se_YwBjt2lI\/AAAAAAAAAl4\/xwGc7m1ju4o\/s400\/Adalberto,+bispo+mt.jpg\" \/>\n<meta name=\"author\" content=\"danilo\" \/>\n<meta name=\"twitter:card\" content=\"summary_large_image\" \/>\n<meta name=\"twitter:label1\" content=\"Escrito por\" \/>\n\t<meta name=\"twitter:data1\" content=\"danilo\" \/>\n\t<meta name=\"twitter:label2\" content=\"Est. tempo de leitura\" \/>\n\t<meta name=\"twitter:data2\" content=\"3 minutos\" \/>\n<script type=\"application\/ld+json\" class=\"yoast-schema-graph\">{\"@context\":\"https:\/\/schema.org\",\"@graph\":[{\"@type\":\"Article\",\"@id\":\"https:\/\/www.oarcanjo.net\/site\/santo-adalberto\/#article\",\"isPartOf\":{\"@id\":\"https:\/\/www.oarcanjo.net\/site\/santo-adalberto\/\"},\"author\":{\"name\":\"danilo\",\"@id\":\"https:\/\/www.oarcanjo.net\/site\/#\/schema\/person\/5eb9480bedd2f3c97e430ce128c29c6c\"},\"headline\":\"Santo Adalberto\",\"datePublished\":\"2019-04-23T03:16:45+00:00\",\"dateModified\":\"2019-02-20T10:55:05+00:00\",\"mainEntityOfPage\":{\"@id\":\"https:\/\/www.oarcanjo.net\/site\/santo-adalberto\/\"},\"wordCount\":516,\"commentCount\":0,\"publisher\":{\"@id\":\"https:\/\/www.oarcanjo.net\/site\/#organization\"},\"image\":{\"@id\":\"https:\/\/www.oarcanjo.net\/site\/santo-adalberto\/#primaryimage\"},\"thumbnailUrl\":\"http:\/\/3.bp.blogspot.com\/_K5-9KuKdEMg\/Se_YwBjt2lI\/AAAAAAAAAl4\/xwGc7m1ju4o\/s400\/Adalberto,+bispo+mt.jpg\",\"articleSection\":[\"Testemunhos\"],\"inLanguage\":\"pt-BR\",\"potentialAction\":[{\"@type\":\"CommentAction\",\"name\":\"Comment\",\"target\":[\"https:\/\/www.oarcanjo.net\/site\/santo-adalberto\/#respond\"]}]},{\"@type\":\"WebPage\",\"@id\":\"https:\/\/www.oarcanjo.net\/site\/santo-adalberto\/\",\"url\":\"https:\/\/www.oarcanjo.net\/site\/santo-adalberto\/\",\"name\":\"Santo Adalberto - O Arcanjo no ar\",\"isPartOf\":{\"@id\":\"https:\/\/www.oarcanjo.net\/site\/#website\"},\"primaryImageOfPage\":{\"@id\":\"https:\/\/www.oarcanjo.net\/site\/santo-adalberto\/#primaryimage\"},\"image\":{\"@id\":\"https:\/\/www.oarcanjo.net\/site\/santo-adalberto\/#primaryimage\"},\"thumbnailUrl\":\"http:\/\/3.bp.blogspot.com\/_K5-9KuKdEMg\/Se_YwBjt2lI\/AAAAAAAAAl4\/xwGc7m1ju4o\/s400\/Adalberto,+bispo+mt.jpg\",\"datePublished\":\"2019-04-23T03:16:45+00:00\",\"dateModified\":\"2019-02-20T10:55:05+00:00\",\"breadcrumb\":{\"@id\":\"https:\/\/www.oarcanjo.net\/site\/santo-adalberto\/#breadcrumb\"},\"inLanguage\":\"pt-BR\",\"potentialAction\":[{\"@type\":\"ReadAction\",\"target\":[\"https:\/\/www.oarcanjo.net\/site\/santo-adalberto\/\"]}]},{\"@type\":\"ImageObject\",\"inLanguage\":\"pt-BR\",\"@id\":\"https:\/\/www.oarcanjo.net\/site\/santo-adalberto\/#primaryimage\",\"url\":\"http:\/\/3.bp.blogspot.com\/_K5-9KuKdEMg\/Se_YwBjt2lI\/AAAAAAAAAl4\/xwGc7m1ju4o\/s400\/Adalberto,+bispo+mt.jpg\",\"contentUrl\":\"http:\/\/3.bp.blogspot.com\/_K5-9KuKdEMg\/Se_YwBjt2lI\/AAAAAAAAAl4\/xwGc7m1ju4o\/s400\/Adalberto,+bispo+mt.jpg\"},{\"@type\":\"BreadcrumbList\",\"@id\":\"https:\/\/www.oarcanjo.net\/site\/santo-adalberto\/#breadcrumb\",\"itemListElement\":[{\"@type\":\"ListItem\",\"position\":1,\"name\":\"In\u00edcio\",\"item\":\"https:\/\/www.oarcanjo.net\/site\/\"},{\"@type\":\"ListItem\",\"position\":2,\"name\":\"Santo Adalberto\"}]},{\"@type\":\"WebSite\",\"@id\":\"https:\/\/www.oarcanjo.net\/site\/#website\",\"url\":\"https:\/\/www.oarcanjo.net\/site\/\",\"name\":\"O Arcanjo no ar\",\"description\":\"Site da Par\u00f3quia S\u00e3o Miguel Arcanjo (Arquidiocese de SP)\",\"publisher\":{\"@id\":\"https:\/\/www.oarcanjo.net\/site\/#organization\"},\"potentialAction\":[{\"@type\":\"SearchAction\",\"target\":{\"@type\":\"EntryPoint\",\"urlTemplate\":\"https:\/\/www.oarcanjo.net\/site\/?s={search_term_string}\"},\"query-input\":{\"@type\":\"PropertyValueSpecification\",\"valueRequired\":true,\"valueName\":\"search_term_string\"}}],\"inLanguage\":\"pt-BR\"},{\"@type\":\"Organization\",\"@id\":\"https:\/\/www.oarcanjo.net\/site\/#organization\",\"name\":\"Par\u00f3quia S\u00e3o Miguel Arcanjo\",\"url\":\"https:\/\/www.oarcanjo.net\/site\/\",\"logo\":{\"@type\":\"ImageObject\",\"inLanguage\":\"pt-BR\",\"@id\":\"https:\/\/www.oarcanjo.net\/site\/#\/schema\/logo\/image\/\",\"url\":\"https:\/\/www.oarcanjo.net\/site\/wp-content\/uploads\/LogoOArcanjo.png\",\"contentUrl\":\"https:\/\/www.oarcanjo.net\/site\/wp-content\/uploads\/LogoOArcanjo.png\",\"width\":319,\"height\":99,\"caption\":\"Par\u00f3quia S\u00e3o Miguel Arcanjo\"},\"image\":{\"@id\":\"https:\/\/www.oarcanjo.net\/site\/#\/schema\/logo\/image\/\"},\"sameAs\":[\"https:\/\/www.facebook.com\/OArcanjoNoAr\/\"]},{\"@type\":\"Person\",\"@id\":\"https:\/\/www.oarcanjo.net\/site\/#\/schema\/person\/5eb9480bedd2f3c97e430ce128c29c6c\",\"name\":\"danilo\"}]}<\/script>\n<!-- \/ Yoast SEO plugin. -->","yoast_head_json":{"title":"Santo Adalberto - O Arcanjo no ar","robots":{"index":"index","follow":"follow","max-snippet":"max-snippet:-1","max-image-preview":"max-image-preview:large","max-video-preview":"max-video-preview:-1"},"canonical":"https:\/\/www.oarcanjo.net\/site\/santo-adalberto\/","og_locale":"pt_BR","og_type":"article","og_title":"Santo Adalberto - O Arcanjo no ar","og_description":"23 de Abril Adalberto nasceu em 956, na Bo\u00eamia, atual Rep\u00fablica Checa, e era descendente da nobre fam\u00edlia dos pr\u00edncipes de Slavnik. Seu nome de batismo era Woytiech, isto \u00e9, &#8220;socorro do ex\u00e9rcito&#8221;. Ainda beb\u00ea, adoeceu gravemente, gerando uma promessa por parte dos pais: teria sua vida consagrada a Deus. Como recuperou a sa\u00fade, eles [&hellip;]","og_url":"https:\/\/www.oarcanjo.net\/site\/santo-adalberto\/","og_site_name":"O Arcanjo no ar","article_publisher":"https:\/\/www.facebook.com\/OArcanjoNoAr\/","article_published_time":"2019-04-23T03:16:45+00:00","article_modified_time":"2019-02-20T10:55:05+00:00","og_image":[{"url":"http:\/\/3.bp.blogspot.com\/_K5-9KuKdEMg\/Se_YwBjt2lI\/AAAAAAAAAl4\/xwGc7m1ju4o\/s400\/Adalberto,+bispo+mt.jpg"}],"author":"danilo","twitter_card":"summary_large_image","twitter_misc":{"Escrito por":"danilo","Est. tempo de leitura":"3 minutos"},"schema":{"@context":"https:\/\/schema.org","@graph":[{"@type":"Article","@id":"https:\/\/www.oarcanjo.net\/site\/santo-adalberto\/#article","isPartOf":{"@id":"https:\/\/www.oarcanjo.net\/site\/santo-adalberto\/"},"author":{"name":"danilo","@id":"https:\/\/www.oarcanjo.net\/site\/#\/schema\/person\/5eb9480bedd2f3c97e430ce128c29c6c"},"headline":"Santo Adalberto","datePublished":"2019-04-23T03:16:45+00:00","dateModified":"2019-02-20T10:55:05+00:00","mainEntityOfPage":{"@id":"https:\/\/www.oarcanjo.net\/site\/santo-adalberto\/"},"wordCount":516,"commentCount":0,"publisher":{"@id":"https:\/\/www.oarcanjo.net\/site\/#organization"},"image":{"@id":"https:\/\/www.oarcanjo.net\/site\/santo-adalberto\/#primaryimage"},"thumbnailUrl":"http:\/\/3.bp.blogspot.com\/_K5-9KuKdEMg\/Se_YwBjt2lI\/AAAAAAAAAl4\/xwGc7m1ju4o\/s400\/Adalberto,+bispo+mt.jpg","articleSection":["Testemunhos"],"inLanguage":"pt-BR","potentialAction":[{"@type":"CommentAction","name":"Comment","target":["https:\/\/www.oarcanjo.net\/site\/santo-adalberto\/#respond"]}]},{"@type":"WebPage","@id":"https:\/\/www.oarcanjo.net\/site\/santo-adalberto\/","url":"https:\/\/www.oarcanjo.net\/site\/santo-adalberto\/","name":"Santo Adalberto - O Arcanjo no ar","isPartOf":{"@id":"https:\/\/www.oarcanjo.net\/site\/#website"},"primaryImageOfPage":{"@id":"https:\/\/www.oarcanjo.net\/site\/santo-adalberto\/#primaryimage"},"image":{"@id":"https:\/\/www.oarcanjo.net\/site\/santo-adalberto\/#primaryimage"},"thumbnailUrl":"http:\/\/3.bp.blogspot.com\/_K5-9KuKdEMg\/Se_YwBjt2lI\/AAAAAAAAAl4\/xwGc7m1ju4o\/s400\/Adalberto,+bispo+mt.jpg","datePublished":"2019-04-23T03:16:45+00:00","dateModified":"2019-02-20T10:55:05+00:00","breadcrumb":{"@id":"https:\/\/www.oarcanjo.net\/site\/santo-adalberto\/#breadcrumb"},"inLanguage":"pt-BR","potentialAction":[{"@type":"ReadAction","target":["https:\/\/www.oarcanjo.net\/site\/santo-adalberto\/"]}]},{"@type":"ImageObject","inLanguage":"pt-BR","@id":"https:\/\/www.oarcanjo.net\/site\/santo-adalberto\/#primaryimage","url":"http:\/\/3.bp.blogspot.com\/_K5-9KuKdEMg\/Se_YwBjt2lI\/AAAAAAAAAl4\/xwGc7m1ju4o\/s400\/Adalberto,+bispo+mt.jpg","contentUrl":"http:\/\/3.bp.blogspot.com\/_K5-9KuKdEMg\/Se_YwBjt2lI\/AAAAAAAAAl4\/xwGc7m1ju4o\/s400\/Adalberto,+bispo+mt.jpg"},{"@type":"BreadcrumbList","@id":"https:\/\/www.oarcanjo.net\/site\/santo-adalberto\/#breadcrumb","itemListElement":[{"@type":"ListItem","position":1,"name":"In\u00edcio","item":"https:\/\/www.oarcanjo.net\/site\/"},{"@type":"ListItem","position":2,"name":"Santo Adalberto"}]},{"@type":"WebSite","@id":"https:\/\/www.oarcanjo.net\/site\/#website","url":"https:\/\/www.oarcanjo.net\/site\/","name":"O Arcanjo no ar","description":"Site da Par\u00f3quia S\u00e3o Miguel Arcanjo (Arquidiocese de SP)","publisher":{"@id":"https:\/\/www.oarcanjo.net\/site\/#organization"},"potentialAction":[{"@type":"SearchAction","target":{"@type":"EntryPoint","urlTemplate":"https:\/\/www.oarcanjo.net\/site\/?s={search_term_string}"},"query-input":{"@type":"PropertyValueSpecification","valueRequired":true,"valueName":"search_term_string"}}],"inLanguage":"pt-BR"},{"@type":"Organization","@id":"https:\/\/www.oarcanjo.net\/site\/#organization","name":"Par\u00f3quia S\u00e3o Miguel Arcanjo","url":"https:\/\/www.oarcanjo.net\/site\/","logo":{"@type":"ImageObject","inLanguage":"pt-BR","@id":"https:\/\/www.oarcanjo.net\/site\/#\/schema\/logo\/image\/","url":"https:\/\/www.oarcanjo.net\/site\/wp-content\/uploads\/LogoOArcanjo.png","contentUrl":"https:\/\/www.oarcanjo.net\/site\/wp-content\/uploads\/LogoOArcanjo.png","width":319,"height":99,"caption":"Par\u00f3quia S\u00e3o Miguel Arcanjo"},"image":{"@id":"https:\/\/www.oarcanjo.net\/site\/#\/schema\/logo\/image\/"},"sameAs":["https:\/\/www.facebook.com\/OArcanjoNoAr\/"]},{"@type":"Person","@id":"https:\/\/www.oarcanjo.net\/site\/#\/schema\/person\/5eb9480bedd2f3c97e430ce128c29c6c","name":"danilo"}]}},"publishpress_future_action":{"enabled":false,"date":"2026-05-07 16:45:43","action":"category","newStatus":"draft","terms":[],"taxonomy":"category"},"publishpress_future_workflow_manual_trigger":{"enabledWorkflows":[]},"_links":{"self":[{"href":"https:\/\/www.oarcanjo.net\/site\/wp-json\/wp\/v2\/posts\/8996"}],"collection":[{"href":"https:\/\/www.oarcanjo.net\/site\/wp-json\/wp\/v2\/posts"}],"about":[{"href":"https:\/\/www.oarcanjo.net\/site\/wp-json\/wp\/v2\/types\/post"}],"author":[{"embeddable":true,"href":"https:\/\/www.oarcanjo.net\/site\/wp-json\/wp\/v2\/users\/14"}],"replies":[{"embeddable":true,"href":"https:\/\/www.oarcanjo.net\/site\/wp-json\/wp\/v2\/comments?post=8996"}],"version-history":[{"count":1,"href":"https:\/\/www.oarcanjo.net\/site\/wp-json\/wp\/v2\/posts\/8996\/revisions"}],"predecessor-version":[{"id":92881,"href":"https:\/\/www.oarcanjo.net\/site\/wp-json\/wp\/v2\/posts\/8996\/revisions\/92881"}],"wp:attachment":[{"href":"https:\/\/www.oarcanjo.net\/site\/wp-json\/wp\/v2\/media?parent=8996"}],"wp:term":[{"taxonomy":"category","embeddable":true,"href":"https:\/\/www.oarcanjo.net\/site\/wp-json\/wp\/v2\/categories?post=8996"},{"taxonomy":"post_tag","embeddable":true,"href":"https:\/\/www.oarcanjo.net\/site\/wp-json\/wp\/v2\/tags?post=8996"}],"curies":[{"name":"wp","href":"https:\/\/api.w.org\/{rel}","templated":true}]}}