
{"id":8998,"date":"2019-04-24T00:19:57","date_gmt":"2019-04-24T03:19:57","guid":{"rendered":"http:\/\/www.oarcanjo.net\/site\/?p=8998"},"modified":"2019-02-12T17:56:45","modified_gmt":"2019-02-12T19:56:45","slug":"sao-fidelis-de-sigmaringen","status":"publish","type":"post","link":"https:\/\/www.oarcanjo.net\/site\/sao-fidelis-de-sigmaringen\/","title":{"rendered":"S\u00e3o Fidelis de Sigmaringen"},"content":{"rendered":"<p><img decoding=\"async\" src=\"http:\/\/lh5.ggpht.com\/_w1E-8y_k07Q\/SSNGD2U206I\/AAAAAAAAB6Y\/FkxLzZWPo_o\/S%C3%A3o+Fid%C3%A9lis+de+Sigmaringen-+24+de+Abril.jpg\" alt=\"\" \/><\/p>\n<p>24 de Abril<\/p>\n<p>Ele nasceu numa fam\u00edlia de nobres em 1577, na cidade de Sigmaringen, na Alemanha, e foi batizado com o nome de Marcos Reyd. Na Universidade de Friburgo, na Su\u00ed\u00e7a, estudou filosofia, direito civil e can\u00f4nico, onde se formou professor e advogado em 1601.<\/p>\n<p>Durante alguns anos, exerceu a profiss\u00e3o de advogado em Colmar, na Als\u00e1cia, recebendo o apelido de &#8220;advogado dos pobres&#8221;, porque n\u00e3o se negava a trabalhar gratuitamente aos que n\u00e3o tinham dinheiro para lhe pagar.<br \/>\nAt\u00e9 os trinta e quatro anos, n\u00e3o tinha ainda encontrado seu caminho definitivo, at\u00e9 que, em 1612, abandonou tudo e se tornou sacerdote. Ingressou na Ordem dos Frades Menores dos Capuchinhos de Friburgo, vestindo o h\u00e1bito e tomando o nome de Fidelis. Escreveu muito, e esses numerosos registros o fizeram um dos mestres da espiritualidade franciscana.<\/p>\n<p>Como era intelectual atuante, acabou assumindo miss\u00f5es importantes em favor da Igreja e, a mando pessoal do papa Greg\u00f3rio XV, foi enviado \u00e0 Su\u00ed\u00e7a, a fim de combater a heresia calvinista. Acusado de espionagem a servi\u00e7o do imperador austr\u00edaco, os calvinistas tramaram a sua morte, que ocorreu ap\u00f3s uma missa em Grusch, na qual pronunciara um fervoroso serm\u00e3o pela disciplina e obedi\u00eancia dos crist\u00e3os \u00e0 Santa S\u00e9.<\/p>\n<p>Em suas anota\u00e7\u00f5es, foi encontrado um bilhete escrito dez dias antes de sua morte, dizendo que sabia que seria assassinado, mas que morreria com alegria por amor a Nosso Senhor Jesus Cristo.<\/p>\n<p>Quando foi ferido, por um golpe de espada, pelos inimigos, p\u00f4s-se de joelhos, perdoou os seus assassinos e, rezando, aben\u00e7oou a todos antes de morrer, no dia 24 de abril de 1622.<br \/>\nO papa Bento XIV canonizou s\u00e3o Fidelis de Sigmaringen em 1724.<\/p>\n<div id=\"themify_builder_content-8998\" data-postid=\"8998\" class=\"themify_builder_content themify_builder_content-8998 themify_builder themify_builder_front\">\n\t<\/div>\n<!-- \/themify_builder_content -->","protected":false},"excerpt":{"rendered":"<p>24 de Abril Ele nasceu numa fam\u00edlia de nobres em 1577, na cidade de Sigmaringen, na Alemanha, e foi batizado com o nome de Marcos Reyd. Na Universidade de Friburgo, na Su\u00ed\u00e7a, estudou filosofia, direito civil e can\u00f4nico, onde se formou professor e advogado em 1601. Durante alguns anos, exerceu a profiss\u00e3o de advogado em [&hellip;]<\/p>\n","protected":false},"author":14,"featured_media":0,"comment_status":"open","ping_status":"open","sticky":false,"template":"","format":"standard","meta":{"ngg_post_thumbnail":0,"footnotes":""},"categories":[186],"tags":[],"yoast_head":"<!-- This site is optimized with the Yoast SEO plugin v23.5 - https:\/\/yoast.com\/wordpress\/plugins\/seo\/ -->\n<title>S\u00e3o Fidelis de Sigmaringen - O Arcanjo no ar<\/title>\n<meta name=\"robots\" content=\"index, follow, max-snippet:-1, max-image-preview:large, max-video-preview:-1\" \/>\n<link rel=\"canonical\" href=\"https:\/\/www.oarcanjo.net\/site\/sao-fidelis-de-sigmaringen\/\" \/>\n<meta property=\"og:locale\" content=\"pt_BR\" \/>\n<meta property=\"og:type\" content=\"article\" \/>\n<meta property=\"og:title\" content=\"S\u00e3o Fidelis de Sigmaringen - O Arcanjo no ar\" \/>\n<meta property=\"og:description\" content=\"24 de Abril Ele nasceu numa fam\u00edlia de nobres em 1577, na cidade de Sigmaringen, na Alemanha, e foi batizado com o nome de Marcos Reyd. Na Universidade de Friburgo, na Su\u00ed\u00e7a, estudou filosofia, direito civil e can\u00f4nico, onde se formou professor e advogado em 1601. Durante alguns anos, exerceu a profiss\u00e3o de advogado em [&hellip;]\" \/>\n<meta property=\"og:url\" content=\"https:\/\/www.oarcanjo.net\/site\/sao-fidelis-de-sigmaringen\/\" \/>\n<meta property=\"og:site_name\" content=\"O Arcanjo no ar\" \/>\n<meta property=\"article:publisher\" content=\"https:\/\/www.facebook.com\/OArcanjoNoAr\/\" \/>\n<meta property=\"article:published_time\" content=\"2019-04-24T03:19:57+00:00\" \/>\n<meta property=\"article:modified_time\" content=\"2019-02-12T19:56:45+00:00\" \/>\n<meta property=\"og:image\" content=\"http:\/\/lh5.ggpht.com\/_w1E-8y_k07Q\/SSNGD2U206I\/AAAAAAAAB6Y\/FkxLzZWPo_o\/S%C3%A3o+Fid%C3%A9lis+de+Sigmaringen-+24+de+Abril.jpg\" \/>\n<meta name=\"author\" content=\"danilo\" \/>\n<meta name=\"twitter:card\" content=\"summary_large_image\" \/>\n<meta name=\"twitter:label1\" content=\"Escrito por\" \/>\n\t<meta name=\"twitter:data1\" content=\"danilo\" \/>\n\t<meta name=\"twitter:label2\" content=\"Est. tempo de leitura\" \/>\n\t<meta name=\"twitter:data2\" content=\"1 minuto\" \/>\n<script type=\"application\/ld+json\" class=\"yoast-schema-graph\">{\"@context\":\"https:\/\/schema.org\",\"@graph\":[{\"@type\":\"Article\",\"@id\":\"https:\/\/www.oarcanjo.net\/site\/sao-fidelis-de-sigmaringen\/#article\",\"isPartOf\":{\"@id\":\"https:\/\/www.oarcanjo.net\/site\/sao-fidelis-de-sigmaringen\/\"},\"author\":{\"name\":\"danilo\",\"@id\":\"https:\/\/www.oarcanjo.net\/site\/#\/schema\/person\/5eb9480bedd2f3c97e430ce128c29c6c\"},\"headline\":\"S\u00e3o Fidelis de Sigmaringen\",\"datePublished\":\"2019-04-24T03:19:57+00:00\",\"dateModified\":\"2019-02-12T19:56:45+00:00\",\"mainEntityOfPage\":{\"@id\":\"https:\/\/www.oarcanjo.net\/site\/sao-fidelis-de-sigmaringen\/\"},\"wordCount\":296,\"commentCount\":0,\"publisher\":{\"@id\":\"https:\/\/www.oarcanjo.net\/site\/#organization\"},\"image\":{\"@id\":\"https:\/\/www.oarcanjo.net\/site\/sao-fidelis-de-sigmaringen\/#primaryimage\"},\"thumbnailUrl\":\"http:\/\/lh5.ggpht.com\/_w1E-8y_k07Q\/SSNGD2U206I\/AAAAAAAAB6Y\/FkxLzZWPo_o\/S%C3%A3o+Fid%C3%A9lis+de+Sigmaringen-+24+de+Abril.jpg\",\"articleSection\":[\"Testemunhos\"],\"inLanguage\":\"pt-BR\",\"potentialAction\":[{\"@type\":\"CommentAction\",\"name\":\"Comment\",\"target\":[\"https:\/\/www.oarcanjo.net\/site\/sao-fidelis-de-sigmaringen\/#respond\"]}]},{\"@type\":\"WebPage\",\"@id\":\"https:\/\/www.oarcanjo.net\/site\/sao-fidelis-de-sigmaringen\/\",\"url\":\"https:\/\/www.oarcanjo.net\/site\/sao-fidelis-de-sigmaringen\/\",\"name\":\"S\u00e3o Fidelis de Sigmaringen - O Arcanjo no ar\",\"isPartOf\":{\"@id\":\"https:\/\/www.oarcanjo.net\/site\/#website\"},\"primaryImageOfPage\":{\"@id\":\"https:\/\/www.oarcanjo.net\/site\/sao-fidelis-de-sigmaringen\/#primaryimage\"},\"image\":{\"@id\":\"https:\/\/www.oarcanjo.net\/site\/sao-fidelis-de-sigmaringen\/#primaryimage\"},\"thumbnailUrl\":\"http:\/\/lh5.ggpht.com\/_w1E-8y_k07Q\/SSNGD2U206I\/AAAAAAAAB6Y\/FkxLzZWPo_o\/S%C3%A3o+Fid%C3%A9lis+de+Sigmaringen-+24+de+Abril.jpg\",\"datePublished\":\"2019-04-24T03:19:57+00:00\",\"dateModified\":\"2019-02-12T19:56:45+00:00\",\"breadcrumb\":{\"@id\":\"https:\/\/www.oarcanjo.net\/site\/sao-fidelis-de-sigmaringen\/#breadcrumb\"},\"inLanguage\":\"pt-BR\",\"potentialAction\":[{\"@type\":\"ReadAction\",\"target\":[\"https:\/\/www.oarcanjo.net\/site\/sao-fidelis-de-sigmaringen\/\"]}]},{\"@type\":\"ImageObject\",\"inLanguage\":\"pt-BR\",\"@id\":\"https:\/\/www.oarcanjo.net\/site\/sao-fidelis-de-sigmaringen\/#primaryimage\",\"url\":\"http:\/\/lh5.ggpht.com\/_w1E-8y_k07Q\/SSNGD2U206I\/AAAAAAAAB6Y\/FkxLzZWPo_o\/S%C3%A3o+Fid%C3%A9lis+de+Sigmaringen-+24+de+Abril.jpg\",\"contentUrl\":\"http:\/\/lh5.ggpht.com\/_w1E-8y_k07Q\/SSNGD2U206I\/AAAAAAAAB6Y\/FkxLzZWPo_o\/S%C3%A3o+Fid%C3%A9lis+de+Sigmaringen-+24+de+Abril.jpg\"},{\"@type\":\"BreadcrumbList\",\"@id\":\"https:\/\/www.oarcanjo.net\/site\/sao-fidelis-de-sigmaringen\/#breadcrumb\",\"itemListElement\":[{\"@type\":\"ListItem\",\"position\":1,\"name\":\"In\u00edcio\",\"item\":\"https:\/\/www.oarcanjo.net\/site\/\"},{\"@type\":\"ListItem\",\"position\":2,\"name\":\"S\u00e3o Fidelis de Sigmaringen\"}]},{\"@type\":\"WebSite\",\"@id\":\"https:\/\/www.oarcanjo.net\/site\/#website\",\"url\":\"https:\/\/www.oarcanjo.net\/site\/\",\"name\":\"O Arcanjo no ar\",\"description\":\"Site da Par\u00f3quia S\u00e3o Miguel Arcanjo (Arquidiocese de SP)\",\"publisher\":{\"@id\":\"https:\/\/www.oarcanjo.net\/site\/#organization\"},\"potentialAction\":[{\"@type\":\"SearchAction\",\"target\":{\"@type\":\"EntryPoint\",\"urlTemplate\":\"https:\/\/www.oarcanjo.net\/site\/?s={search_term_string}\"},\"query-input\":{\"@type\":\"PropertyValueSpecification\",\"valueRequired\":true,\"valueName\":\"search_term_string\"}}],\"inLanguage\":\"pt-BR\"},{\"@type\":\"Organization\",\"@id\":\"https:\/\/www.oarcanjo.net\/site\/#organization\",\"name\":\"Par\u00f3quia S\u00e3o Miguel Arcanjo\",\"url\":\"https:\/\/www.oarcanjo.net\/site\/\",\"logo\":{\"@type\":\"ImageObject\",\"inLanguage\":\"pt-BR\",\"@id\":\"https:\/\/www.oarcanjo.net\/site\/#\/schema\/logo\/image\/\",\"url\":\"https:\/\/www.oarcanjo.net\/site\/wp-content\/uploads\/LogoOArcanjo.png\",\"contentUrl\":\"https:\/\/www.oarcanjo.net\/site\/wp-content\/uploads\/LogoOArcanjo.png\",\"width\":319,\"height\":99,\"caption\":\"Par\u00f3quia S\u00e3o Miguel Arcanjo\"},\"image\":{\"@id\":\"https:\/\/www.oarcanjo.net\/site\/#\/schema\/logo\/image\/\"},\"sameAs\":[\"https:\/\/www.facebook.com\/OArcanjoNoAr\/\"]},{\"@type\":\"Person\",\"@id\":\"https:\/\/www.oarcanjo.net\/site\/#\/schema\/person\/5eb9480bedd2f3c97e430ce128c29c6c\",\"name\":\"danilo\"}]}<\/script>\n<!-- \/ Yoast SEO plugin. -->","yoast_head_json":{"title":"S\u00e3o Fidelis de Sigmaringen - O Arcanjo no ar","robots":{"index":"index","follow":"follow","max-snippet":"max-snippet:-1","max-image-preview":"max-image-preview:large","max-video-preview":"max-video-preview:-1"},"canonical":"https:\/\/www.oarcanjo.net\/site\/sao-fidelis-de-sigmaringen\/","og_locale":"pt_BR","og_type":"article","og_title":"S\u00e3o Fidelis de Sigmaringen - O Arcanjo no ar","og_description":"24 de Abril Ele nasceu numa fam\u00edlia de nobres em 1577, na cidade de Sigmaringen, na Alemanha, e foi batizado com o nome de Marcos Reyd. Na Universidade de Friburgo, na Su\u00ed\u00e7a, estudou filosofia, direito civil e can\u00f4nico, onde se formou professor e advogado em 1601. Durante alguns anos, exerceu a profiss\u00e3o de advogado em [&hellip;]","og_url":"https:\/\/www.oarcanjo.net\/site\/sao-fidelis-de-sigmaringen\/","og_site_name":"O Arcanjo no ar","article_publisher":"https:\/\/www.facebook.com\/OArcanjoNoAr\/","article_published_time":"2019-04-24T03:19:57+00:00","article_modified_time":"2019-02-12T19:56:45+00:00","og_image":[{"url":"http:\/\/lh5.ggpht.com\/_w1E-8y_k07Q\/SSNGD2U206I\/AAAAAAAAB6Y\/FkxLzZWPo_o\/S%C3%A3o+Fid%C3%A9lis+de+Sigmaringen-+24+de+Abril.jpg"}],"author":"danilo","twitter_card":"summary_large_image","twitter_misc":{"Escrito por":"danilo","Est. tempo de leitura":"1 minuto"},"schema":{"@context":"https:\/\/schema.org","@graph":[{"@type":"Article","@id":"https:\/\/www.oarcanjo.net\/site\/sao-fidelis-de-sigmaringen\/#article","isPartOf":{"@id":"https:\/\/www.oarcanjo.net\/site\/sao-fidelis-de-sigmaringen\/"},"author":{"name":"danilo","@id":"https:\/\/www.oarcanjo.net\/site\/#\/schema\/person\/5eb9480bedd2f3c97e430ce128c29c6c"},"headline":"S\u00e3o Fidelis de Sigmaringen","datePublished":"2019-04-24T03:19:57+00:00","dateModified":"2019-02-12T19:56:45+00:00","mainEntityOfPage":{"@id":"https:\/\/www.oarcanjo.net\/site\/sao-fidelis-de-sigmaringen\/"},"wordCount":296,"commentCount":0,"publisher":{"@id":"https:\/\/www.oarcanjo.net\/site\/#organization"},"image":{"@id":"https:\/\/www.oarcanjo.net\/site\/sao-fidelis-de-sigmaringen\/#primaryimage"},"thumbnailUrl":"http:\/\/lh5.ggpht.com\/_w1E-8y_k07Q\/SSNGD2U206I\/AAAAAAAAB6Y\/FkxLzZWPo_o\/S%C3%A3o+Fid%C3%A9lis+de+Sigmaringen-+24+de+Abril.jpg","articleSection":["Testemunhos"],"inLanguage":"pt-BR","potentialAction":[{"@type":"CommentAction","name":"Comment","target":["https:\/\/www.oarcanjo.net\/site\/sao-fidelis-de-sigmaringen\/#respond"]}]},{"@type":"WebPage","@id":"https:\/\/www.oarcanjo.net\/site\/sao-fidelis-de-sigmaringen\/","url":"https:\/\/www.oarcanjo.net\/site\/sao-fidelis-de-sigmaringen\/","name":"S\u00e3o Fidelis de Sigmaringen - O Arcanjo no ar","isPartOf":{"@id":"https:\/\/www.oarcanjo.net\/site\/#website"},"primaryImageOfPage":{"@id":"https:\/\/www.oarcanjo.net\/site\/sao-fidelis-de-sigmaringen\/#primaryimage"},"image":{"@id":"https:\/\/www.oarcanjo.net\/site\/sao-fidelis-de-sigmaringen\/#primaryimage"},"thumbnailUrl":"http:\/\/lh5.ggpht.com\/_w1E-8y_k07Q\/SSNGD2U206I\/AAAAAAAAB6Y\/FkxLzZWPo_o\/S%C3%A3o+Fid%C3%A9lis+de+Sigmaringen-+24+de+Abril.jpg","datePublished":"2019-04-24T03:19:57+00:00","dateModified":"2019-02-12T19:56:45+00:00","breadcrumb":{"@id":"https:\/\/www.oarcanjo.net\/site\/sao-fidelis-de-sigmaringen\/#breadcrumb"},"inLanguage":"pt-BR","potentialAction":[{"@type":"ReadAction","target":["https:\/\/www.oarcanjo.net\/site\/sao-fidelis-de-sigmaringen\/"]}]},{"@type":"ImageObject","inLanguage":"pt-BR","@id":"https:\/\/www.oarcanjo.net\/site\/sao-fidelis-de-sigmaringen\/#primaryimage","url":"http:\/\/lh5.ggpht.com\/_w1E-8y_k07Q\/SSNGD2U206I\/AAAAAAAAB6Y\/FkxLzZWPo_o\/S%C3%A3o+Fid%C3%A9lis+de+Sigmaringen-+24+de+Abril.jpg","contentUrl":"http:\/\/lh5.ggpht.com\/_w1E-8y_k07Q\/SSNGD2U206I\/AAAAAAAAB6Y\/FkxLzZWPo_o\/S%C3%A3o+Fid%C3%A9lis+de+Sigmaringen-+24+de+Abril.jpg"},{"@type":"BreadcrumbList","@id":"https:\/\/www.oarcanjo.net\/site\/sao-fidelis-de-sigmaringen\/#breadcrumb","itemListElement":[{"@type":"ListItem","position":1,"name":"In\u00edcio","item":"https:\/\/www.oarcanjo.net\/site\/"},{"@type":"ListItem","position":2,"name":"S\u00e3o Fidelis de Sigmaringen"}]},{"@type":"WebSite","@id":"https:\/\/www.oarcanjo.net\/site\/#website","url":"https:\/\/www.oarcanjo.net\/site\/","name":"O Arcanjo no ar","description":"Site da Par\u00f3quia S\u00e3o Miguel Arcanjo (Arquidiocese de SP)","publisher":{"@id":"https:\/\/www.oarcanjo.net\/site\/#organization"},"potentialAction":[{"@type":"SearchAction","target":{"@type":"EntryPoint","urlTemplate":"https:\/\/www.oarcanjo.net\/site\/?s={search_term_string}"},"query-input":{"@type":"PropertyValueSpecification","valueRequired":true,"valueName":"search_term_string"}}],"inLanguage":"pt-BR"},{"@type":"Organization","@id":"https:\/\/www.oarcanjo.net\/site\/#organization","name":"Par\u00f3quia S\u00e3o Miguel Arcanjo","url":"https:\/\/www.oarcanjo.net\/site\/","logo":{"@type":"ImageObject","inLanguage":"pt-BR","@id":"https:\/\/www.oarcanjo.net\/site\/#\/schema\/logo\/image\/","url":"https:\/\/www.oarcanjo.net\/site\/wp-content\/uploads\/LogoOArcanjo.png","contentUrl":"https:\/\/www.oarcanjo.net\/site\/wp-content\/uploads\/LogoOArcanjo.png","width":319,"height":99,"caption":"Par\u00f3quia S\u00e3o Miguel Arcanjo"},"image":{"@id":"https:\/\/www.oarcanjo.net\/site\/#\/schema\/logo\/image\/"},"sameAs":["https:\/\/www.facebook.com\/OArcanjoNoAr\/"]},{"@type":"Person","@id":"https:\/\/www.oarcanjo.net\/site\/#\/schema\/person\/5eb9480bedd2f3c97e430ce128c29c6c","name":"danilo"}]}},"publishpress_future_action":{"enabled":false,"date":"2026-05-07 16:47:10","action":"category","newStatus":"draft","terms":[],"taxonomy":"category"},"publishpress_future_workflow_manual_trigger":{"enabledWorkflows":[]},"_links":{"self":[{"href":"https:\/\/www.oarcanjo.net\/site\/wp-json\/wp\/v2\/posts\/8998"}],"collection":[{"href":"https:\/\/www.oarcanjo.net\/site\/wp-json\/wp\/v2\/posts"}],"about":[{"href":"https:\/\/www.oarcanjo.net\/site\/wp-json\/wp\/v2\/types\/post"}],"author":[{"embeddable":true,"href":"https:\/\/www.oarcanjo.net\/site\/wp-json\/wp\/v2\/users\/14"}],"replies":[{"embeddable":true,"href":"https:\/\/www.oarcanjo.net\/site\/wp-json\/wp\/v2\/comments?post=8998"}],"version-history":[{"count":1,"href":"https:\/\/www.oarcanjo.net\/site\/wp-json\/wp\/v2\/posts\/8998\/revisions"}],"predecessor-version":[{"id":92802,"href":"https:\/\/www.oarcanjo.net\/site\/wp-json\/wp\/v2\/posts\/8998\/revisions\/92802"}],"wp:attachment":[{"href":"https:\/\/www.oarcanjo.net\/site\/wp-json\/wp\/v2\/media?parent=8998"}],"wp:term":[{"taxonomy":"category","embeddable":true,"href":"https:\/\/www.oarcanjo.net\/site\/wp-json\/wp\/v2\/categories?post=8998"},{"taxonomy":"post_tag","embeddable":true,"href":"https:\/\/www.oarcanjo.net\/site\/wp-json\/wp\/v2\/tags?post=8998"}],"curies":[{"name":"wp","href":"https:\/\/api.w.org\/{rel}","templated":true}]}}