
{"id":9000,"date":"2014-04-24T00:22:07","date_gmt":"2014-04-24T03:22:07","guid":{"rendered":"http:\/\/www.oarcanjo.net\/site\/?p=9000"},"modified":"2014-04-04T08:14:15","modified_gmt":"2014-04-04T11:14:15","slug":"sao-bento-menni","status":"publish","type":"post","link":"https:\/\/www.oarcanjo.net\/site\/sao-bento-menni\/","title":{"rendered":"S\u00e3o Bento Menni"},"content":{"rendered":"<p><img loading=\"lazy\" decoding=\"async\" src=\"http:\/\/www.hospitaleiras.org\/Index\/Bento3_1.jpg\" alt=\"\" width=\"413\" height=\"594\" \/><\/p>\n<p>24 de Abril<\/p>\n<p>\u00c2ngelo H\u00e9rcules Menni nasceu no dia 11 de mar\u00e7o de 1841, em Mil\u00e3o, na It\u00e1lia, sendo o quinto dos quinze irm\u00e3os. A fam\u00edlia do casal de negociantes Luiz e Luiza era de crist\u00e3os fervorosos, onde se rezava o Ros\u00e1rio todas as noites, se praticava a caridade e todos os sacramentos.<\/p>\n<p>Foi esse ambiente familiar, somado a quatro epis\u00f3dios, que fizeram o jovem \u00c2ngelo optar por tornar-se um sacerdote. Foram eles: a ora\u00e7\u00e3o di\u00e1ria diante de um quadro de Maria, a Sant\u00edssima M\u00e3e de Jesus; alguns exerc\u00edcios espirituais aos dezessete anos de idade; os conselhos de um eremita de sua cidade natal; e o exemplo dos irm\u00e3os de S\u00e3o Jo\u00e3o de Deus tratando os soldados que chegavam \u00e0 esta\u00e7\u00e3o de Mil\u00e3o, feridos na batalha de Magenta, servi\u00e7o que ele pr\u00f3prio praticou.<\/p>\n<p>Aos dezenove anos de idade, entrou na Ordem Hospitaleira de S\u00e3o Jo\u00e3o de Deus, trocando o nome de batismo pelo de Bento. Iniciou os estudos filos\u00f3ficos e teol\u00f3gicos no Semin\u00e1rio de Lodi e depois foi conclu\u00ed-los no Col\u00e9gio Romano, atual Pontif\u00edcia Universidade Gregoriana de Roma. Foi ordenado sacerdote em 1866.<\/p>\n<p>Nessa ocasi\u00e3o, o papa Pio IX confiou-lhe a dif\u00edcil miss\u00e3o de restaurar a Ordem Hospitaleira na Espanha; ali\u00e1s, a escolha n\u00e3o poderia ter sido mais feliz. Este jovem religioso, que tinha apenas vinte e cinco anos, chegou em Barcelona em 1867. Ali come\u00e7ou a restaura\u00e7\u00e3o da Ordem, que tinha sido suprimida pelo liberalismo, tanto na Espanha como em Portugal. Depois de dar nova vida \u00e0 Ordem na Espanha, continuou com a sua restaura\u00e7\u00e3o em Portugal e no M\u00e9xico, j\u00e1 no princ\u00edpio do s\u00e9culo XX.<\/p>\n<p>Bento foi um homem de generosidade e caridade inesgot\u00e1veis e de excepcionais predicados de comando e administra\u00e7\u00e3o. Em 31 de maio de 1881, juntamente com duas religiosas, fundou a Congrega\u00e7\u00e3o das Irm\u00e3s Hospitaleiras do Sagrado Cora\u00e7\u00e3o de Jesus, especializada na assist\u00eancia aos doentes psiqui\u00e1tricos.<br \/>\nEstava em Paris quanto adoeceu, vindo a falecer no dia 24 de abril de 1914, na cidade de Dinan. As suas rel\u00edquias mortais est\u00e3o guardadas na capela da Casa-m\u00e3e de Ciempozuelos, em Madri, Espanha.<\/p>\n<p>Em 1985, o papa Jo\u00e3o Paulo II declarou-o beato, e, em 1999, o mesmo pont\u00edfice canonizou s\u00e3o Bento Menni, proclamando-o &#8220;profeta da hospitalidade&#8221;<\/p>\n<div id=\"themify_builder_content-9000\" data-postid=\"9000\" class=\"themify_builder_content themify_builder_content-9000 themify_builder themify_builder_front\">\n\t<\/div>\n<!-- \/themify_builder_content -->","protected":false},"excerpt":{"rendered":"<p>24 de Abril \u00c2ngelo H\u00e9rcules Menni nasceu no dia 11 de mar\u00e7o de 1841, em Mil\u00e3o, na It\u00e1lia, sendo o quinto dos quinze irm\u00e3os. A fam\u00edlia do casal de negociantes Luiz e Luiza era de crist\u00e3os fervorosos, onde se rezava o Ros\u00e1rio todas as noites, se praticava a caridade e todos os sacramentos. Foi esse [&hellip;]<\/p>\n","protected":false},"author":14,"featured_media":0,"comment_status":"open","ping_status":"open","sticky":false,"template":"","format":"standard","meta":{"ngg_post_thumbnail":0,"footnotes":""},"categories":[186],"tags":[],"yoast_head":"<!-- This site is optimized with the Yoast SEO plugin v23.5 - https:\/\/yoast.com\/wordpress\/plugins\/seo\/ -->\n<title>S\u00e3o Bento Menni - O Arcanjo no ar<\/title>\n<meta name=\"robots\" content=\"index, follow, max-snippet:-1, max-image-preview:large, max-video-preview:-1\" \/>\n<link rel=\"canonical\" href=\"https:\/\/www.oarcanjo.net\/site\/sao-bento-menni\/\" \/>\n<meta property=\"og:locale\" content=\"pt_BR\" \/>\n<meta property=\"og:type\" content=\"article\" \/>\n<meta property=\"og:title\" content=\"S\u00e3o Bento Menni - O Arcanjo no ar\" \/>\n<meta property=\"og:description\" content=\"24 de Abril \u00c2ngelo H\u00e9rcules Menni nasceu no dia 11 de mar\u00e7o de 1841, em Mil\u00e3o, na It\u00e1lia, sendo o quinto dos quinze irm\u00e3os. A fam\u00edlia do casal de negociantes Luiz e Luiza era de crist\u00e3os fervorosos, onde se rezava o Ros\u00e1rio todas as noites, se praticava a caridade e todos os sacramentos. Foi esse [&hellip;]\" \/>\n<meta property=\"og:url\" content=\"https:\/\/www.oarcanjo.net\/site\/sao-bento-menni\/\" \/>\n<meta property=\"og:site_name\" content=\"O Arcanjo no ar\" \/>\n<meta property=\"article:publisher\" content=\"https:\/\/www.facebook.com\/OArcanjoNoAr\/\" \/>\n<meta property=\"article:published_time\" content=\"2014-04-24T03:22:07+00:00\" \/>\n<meta property=\"article:modified_time\" content=\"2014-04-04T11:14:15+00:00\" \/>\n<meta property=\"og:image\" content=\"http:\/\/www.hospitaleiras.org\/Index\/Bento3_1.jpg\" \/>\n<meta name=\"author\" content=\"danilo\" \/>\n<meta name=\"twitter:card\" content=\"summary_large_image\" \/>\n<meta name=\"twitter:label1\" content=\"Escrito por\" \/>\n\t<meta name=\"twitter:data1\" content=\"danilo\" \/>\n\t<meta name=\"twitter:label2\" content=\"Est. tempo de leitura\" \/>\n\t<meta name=\"twitter:data2\" content=\"2 minutos\" \/>\n<script type=\"application\/ld+json\" class=\"yoast-schema-graph\">{\"@context\":\"https:\/\/schema.org\",\"@graph\":[{\"@type\":\"Article\",\"@id\":\"https:\/\/www.oarcanjo.net\/site\/sao-bento-menni\/#article\",\"isPartOf\":{\"@id\":\"https:\/\/www.oarcanjo.net\/site\/sao-bento-menni\/\"},\"author\":{\"name\":\"danilo\",\"@id\":\"https:\/\/www.oarcanjo.net\/site\/#\/schema\/person\/5eb9480bedd2f3c97e430ce128c29c6c\"},\"headline\":\"S\u00e3o Bento Menni\",\"datePublished\":\"2014-04-24T03:22:07+00:00\",\"dateModified\":\"2014-04-04T11:14:15+00:00\",\"mainEntityOfPage\":{\"@id\":\"https:\/\/www.oarcanjo.net\/site\/sao-bento-menni\/\"},\"wordCount\":412,\"commentCount\":0,\"publisher\":{\"@id\":\"https:\/\/www.oarcanjo.net\/site\/#organization\"},\"image\":{\"@id\":\"https:\/\/www.oarcanjo.net\/site\/sao-bento-menni\/#primaryimage\"},\"thumbnailUrl\":\"http:\/\/www.hospitaleiras.org\/Index\/Bento3_1.jpg\",\"articleSection\":[\"Testemunhos\"],\"inLanguage\":\"pt-BR\",\"potentialAction\":[{\"@type\":\"CommentAction\",\"name\":\"Comment\",\"target\":[\"https:\/\/www.oarcanjo.net\/site\/sao-bento-menni\/#respond\"]}]},{\"@type\":\"WebPage\",\"@id\":\"https:\/\/www.oarcanjo.net\/site\/sao-bento-menni\/\",\"url\":\"https:\/\/www.oarcanjo.net\/site\/sao-bento-menni\/\",\"name\":\"S\u00e3o Bento Menni - O Arcanjo no ar\",\"isPartOf\":{\"@id\":\"https:\/\/www.oarcanjo.net\/site\/#website\"},\"primaryImageOfPage\":{\"@id\":\"https:\/\/www.oarcanjo.net\/site\/sao-bento-menni\/#primaryimage\"},\"image\":{\"@id\":\"https:\/\/www.oarcanjo.net\/site\/sao-bento-menni\/#primaryimage\"},\"thumbnailUrl\":\"http:\/\/www.hospitaleiras.org\/Index\/Bento3_1.jpg\",\"datePublished\":\"2014-04-24T03:22:07+00:00\",\"dateModified\":\"2014-04-04T11:14:15+00:00\",\"breadcrumb\":{\"@id\":\"https:\/\/www.oarcanjo.net\/site\/sao-bento-menni\/#breadcrumb\"},\"inLanguage\":\"pt-BR\",\"potentialAction\":[{\"@type\":\"ReadAction\",\"target\":[\"https:\/\/www.oarcanjo.net\/site\/sao-bento-menni\/\"]}]},{\"@type\":\"ImageObject\",\"inLanguage\":\"pt-BR\",\"@id\":\"https:\/\/www.oarcanjo.net\/site\/sao-bento-menni\/#primaryimage\",\"url\":\"http:\/\/www.hospitaleiras.org\/Index\/Bento3_1.jpg\",\"contentUrl\":\"http:\/\/www.hospitaleiras.org\/Index\/Bento3_1.jpg\"},{\"@type\":\"BreadcrumbList\",\"@id\":\"https:\/\/www.oarcanjo.net\/site\/sao-bento-menni\/#breadcrumb\",\"itemListElement\":[{\"@type\":\"ListItem\",\"position\":1,\"name\":\"In\u00edcio\",\"item\":\"https:\/\/www.oarcanjo.net\/site\/\"},{\"@type\":\"ListItem\",\"position\":2,\"name\":\"S\u00e3o Bento Menni\"}]},{\"@type\":\"WebSite\",\"@id\":\"https:\/\/www.oarcanjo.net\/site\/#website\",\"url\":\"https:\/\/www.oarcanjo.net\/site\/\",\"name\":\"O Arcanjo no ar\",\"description\":\"Site da Par\u00f3quia S\u00e3o Miguel Arcanjo (Arquidiocese de SP)\",\"publisher\":{\"@id\":\"https:\/\/www.oarcanjo.net\/site\/#organization\"},\"potentialAction\":[{\"@type\":\"SearchAction\",\"target\":{\"@type\":\"EntryPoint\",\"urlTemplate\":\"https:\/\/www.oarcanjo.net\/site\/?s={search_term_string}\"},\"query-input\":{\"@type\":\"PropertyValueSpecification\",\"valueRequired\":true,\"valueName\":\"search_term_string\"}}],\"inLanguage\":\"pt-BR\"},{\"@type\":\"Organization\",\"@id\":\"https:\/\/www.oarcanjo.net\/site\/#organization\",\"name\":\"Par\u00f3quia S\u00e3o Miguel Arcanjo\",\"url\":\"https:\/\/www.oarcanjo.net\/site\/\",\"logo\":{\"@type\":\"ImageObject\",\"inLanguage\":\"pt-BR\",\"@id\":\"https:\/\/www.oarcanjo.net\/site\/#\/schema\/logo\/image\/\",\"url\":\"https:\/\/www.oarcanjo.net\/site\/wp-content\/uploads\/LogoOArcanjo.png\",\"contentUrl\":\"https:\/\/www.oarcanjo.net\/site\/wp-content\/uploads\/LogoOArcanjo.png\",\"width\":319,\"height\":99,\"caption\":\"Par\u00f3quia S\u00e3o Miguel Arcanjo\"},\"image\":{\"@id\":\"https:\/\/www.oarcanjo.net\/site\/#\/schema\/logo\/image\/\"},\"sameAs\":[\"https:\/\/www.facebook.com\/OArcanjoNoAr\/\"]},{\"@type\":\"Person\",\"@id\":\"https:\/\/www.oarcanjo.net\/site\/#\/schema\/person\/5eb9480bedd2f3c97e430ce128c29c6c\",\"name\":\"danilo\"}]}<\/script>\n<!-- \/ Yoast SEO plugin. -->","yoast_head_json":{"title":"S\u00e3o Bento Menni - O Arcanjo no ar","robots":{"index":"index","follow":"follow","max-snippet":"max-snippet:-1","max-image-preview":"max-image-preview:large","max-video-preview":"max-video-preview:-1"},"canonical":"https:\/\/www.oarcanjo.net\/site\/sao-bento-menni\/","og_locale":"pt_BR","og_type":"article","og_title":"S\u00e3o Bento Menni - O Arcanjo no ar","og_description":"24 de Abril \u00c2ngelo H\u00e9rcules Menni nasceu no dia 11 de mar\u00e7o de 1841, em Mil\u00e3o, na It\u00e1lia, sendo o quinto dos quinze irm\u00e3os. A fam\u00edlia do casal de negociantes Luiz e Luiza era de crist\u00e3os fervorosos, onde se rezava o Ros\u00e1rio todas as noites, se praticava a caridade e todos os sacramentos. Foi esse [&hellip;]","og_url":"https:\/\/www.oarcanjo.net\/site\/sao-bento-menni\/","og_site_name":"O Arcanjo no ar","article_publisher":"https:\/\/www.facebook.com\/OArcanjoNoAr\/","article_published_time":"2014-04-24T03:22:07+00:00","article_modified_time":"2014-04-04T11:14:15+00:00","og_image":[{"url":"http:\/\/www.hospitaleiras.org\/Index\/Bento3_1.jpg"}],"author":"danilo","twitter_card":"summary_large_image","twitter_misc":{"Escrito por":"danilo","Est. tempo de leitura":"2 minutos"},"schema":{"@context":"https:\/\/schema.org","@graph":[{"@type":"Article","@id":"https:\/\/www.oarcanjo.net\/site\/sao-bento-menni\/#article","isPartOf":{"@id":"https:\/\/www.oarcanjo.net\/site\/sao-bento-menni\/"},"author":{"name":"danilo","@id":"https:\/\/www.oarcanjo.net\/site\/#\/schema\/person\/5eb9480bedd2f3c97e430ce128c29c6c"},"headline":"S\u00e3o Bento Menni","datePublished":"2014-04-24T03:22:07+00:00","dateModified":"2014-04-04T11:14:15+00:00","mainEntityOfPage":{"@id":"https:\/\/www.oarcanjo.net\/site\/sao-bento-menni\/"},"wordCount":412,"commentCount":0,"publisher":{"@id":"https:\/\/www.oarcanjo.net\/site\/#organization"},"image":{"@id":"https:\/\/www.oarcanjo.net\/site\/sao-bento-menni\/#primaryimage"},"thumbnailUrl":"http:\/\/www.hospitaleiras.org\/Index\/Bento3_1.jpg","articleSection":["Testemunhos"],"inLanguage":"pt-BR","potentialAction":[{"@type":"CommentAction","name":"Comment","target":["https:\/\/www.oarcanjo.net\/site\/sao-bento-menni\/#respond"]}]},{"@type":"WebPage","@id":"https:\/\/www.oarcanjo.net\/site\/sao-bento-menni\/","url":"https:\/\/www.oarcanjo.net\/site\/sao-bento-menni\/","name":"S\u00e3o Bento Menni - O Arcanjo no ar","isPartOf":{"@id":"https:\/\/www.oarcanjo.net\/site\/#website"},"primaryImageOfPage":{"@id":"https:\/\/www.oarcanjo.net\/site\/sao-bento-menni\/#primaryimage"},"image":{"@id":"https:\/\/www.oarcanjo.net\/site\/sao-bento-menni\/#primaryimage"},"thumbnailUrl":"http:\/\/www.hospitaleiras.org\/Index\/Bento3_1.jpg","datePublished":"2014-04-24T03:22:07+00:00","dateModified":"2014-04-04T11:14:15+00:00","breadcrumb":{"@id":"https:\/\/www.oarcanjo.net\/site\/sao-bento-menni\/#breadcrumb"},"inLanguage":"pt-BR","potentialAction":[{"@type":"ReadAction","target":["https:\/\/www.oarcanjo.net\/site\/sao-bento-menni\/"]}]},{"@type":"ImageObject","inLanguage":"pt-BR","@id":"https:\/\/www.oarcanjo.net\/site\/sao-bento-menni\/#primaryimage","url":"http:\/\/www.hospitaleiras.org\/Index\/Bento3_1.jpg","contentUrl":"http:\/\/www.hospitaleiras.org\/Index\/Bento3_1.jpg"},{"@type":"BreadcrumbList","@id":"https:\/\/www.oarcanjo.net\/site\/sao-bento-menni\/#breadcrumb","itemListElement":[{"@type":"ListItem","position":1,"name":"In\u00edcio","item":"https:\/\/www.oarcanjo.net\/site\/"},{"@type":"ListItem","position":2,"name":"S\u00e3o Bento Menni"}]},{"@type":"WebSite","@id":"https:\/\/www.oarcanjo.net\/site\/#website","url":"https:\/\/www.oarcanjo.net\/site\/","name":"O Arcanjo no ar","description":"Site da Par\u00f3quia S\u00e3o Miguel Arcanjo (Arquidiocese de SP)","publisher":{"@id":"https:\/\/www.oarcanjo.net\/site\/#organization"},"potentialAction":[{"@type":"SearchAction","target":{"@type":"EntryPoint","urlTemplate":"https:\/\/www.oarcanjo.net\/site\/?s={search_term_string}"},"query-input":{"@type":"PropertyValueSpecification","valueRequired":true,"valueName":"search_term_string"}}],"inLanguage":"pt-BR"},{"@type":"Organization","@id":"https:\/\/www.oarcanjo.net\/site\/#organization","name":"Par\u00f3quia S\u00e3o Miguel Arcanjo","url":"https:\/\/www.oarcanjo.net\/site\/","logo":{"@type":"ImageObject","inLanguage":"pt-BR","@id":"https:\/\/www.oarcanjo.net\/site\/#\/schema\/logo\/image\/","url":"https:\/\/www.oarcanjo.net\/site\/wp-content\/uploads\/LogoOArcanjo.png","contentUrl":"https:\/\/www.oarcanjo.net\/site\/wp-content\/uploads\/LogoOArcanjo.png","width":319,"height":99,"caption":"Par\u00f3quia S\u00e3o Miguel Arcanjo"},"image":{"@id":"https:\/\/www.oarcanjo.net\/site\/#\/schema\/logo\/image\/"},"sameAs":["https:\/\/www.facebook.com\/OArcanjoNoAr\/"]},{"@type":"Person","@id":"https:\/\/www.oarcanjo.net\/site\/#\/schema\/person\/5eb9480bedd2f3c97e430ce128c29c6c","name":"danilo"}]}},"publishpress_future_action":{"enabled":false,"date":"2026-05-08 03:32:15","action":"category","newStatus":"draft","terms":[],"taxonomy":"category"},"publishpress_future_workflow_manual_trigger":{"enabledWorkflows":[]},"_links":{"self":[{"href":"https:\/\/www.oarcanjo.net\/site\/wp-json\/wp\/v2\/posts\/9000"}],"collection":[{"href":"https:\/\/www.oarcanjo.net\/site\/wp-json\/wp\/v2\/posts"}],"about":[{"href":"https:\/\/www.oarcanjo.net\/site\/wp-json\/wp\/v2\/types\/post"}],"author":[{"embeddable":true,"href":"https:\/\/www.oarcanjo.net\/site\/wp-json\/wp\/v2\/users\/14"}],"replies":[{"embeddable":true,"href":"https:\/\/www.oarcanjo.net\/site\/wp-json\/wp\/v2\/comments?post=9000"}],"version-history":[{"count":0,"href":"https:\/\/www.oarcanjo.net\/site\/wp-json\/wp\/v2\/posts\/9000\/revisions"}],"wp:attachment":[{"href":"https:\/\/www.oarcanjo.net\/site\/wp-json\/wp\/v2\/media?parent=9000"}],"wp:term":[{"taxonomy":"category","embeddable":true,"href":"https:\/\/www.oarcanjo.net\/site\/wp-json\/wp\/v2\/categories?post=9000"},{"taxonomy":"post_tag","embeddable":true,"href":"https:\/\/www.oarcanjo.net\/site\/wp-json\/wp\/v2\/tags?post=9000"}],"curies":[{"name":"wp","href":"https:\/\/api.w.org\/{rel}","templated":true}]}}