
{"id":9002,"date":"2014-04-24T00:23:50","date_gmt":"2014-04-24T03:23:50","guid":{"rendered":"http:\/\/www.oarcanjo.net\/site\/?p=9002"},"modified":"2014-04-04T08:14:21","modified_gmt":"2014-04-04T11:14:21","slug":"santa-maria-eufrasia-pelletier","status":"publish","type":"post","link":"https:\/\/www.oarcanjo.net\/site\/santa-maria-eufrasia-pelletier\/","title":{"rendered":"Santa Maria Eufr\u00e1sia Pelletier"},"content":{"rendered":"<p><img decoding=\"async\" src=\"http:\/\/4.bp.blogspot.com\/_z-c0Sh5Zlrs\/SJKFgbwW7QI\/AAAAAAAABOQ\/h0g4TGTyuYE\/s400\/Santa+Maria+Eufr%C3%A1sia+Pelletier.jpg\" alt=\"\" \/><\/p>\n<p>24 de Abril<\/p>\n<p>Batizada com o nome de Rosa Virginia Pelletier, ela nasceu na ilha de Noirmontier, regi\u00e3o da Vandea, Fran\u00e7a, no dia 31 de julho de 1796. Cresceu onde foi o centro da Revolu\u00e7\u00e3o Francesa, sendo educada pelas ursulinas de Chavanhe e, depois, freq\u00fcentou o Instituto da Associa\u00e7\u00e3o Crist\u00e3 de Tours.<\/p>\n<p>Aos dezesseis anos, entrou no mosteiro de Tours, na Ordem de Nossa Senhora da Caridade do Ref\u00fagio, fundada, em 1641, por s\u00e3o Jo\u00e3o Eudes, destinada \u00e0 reabilita\u00e7\u00e3o das jovens e das mulheres em perigo moral e para a reeduca\u00e7\u00e3o crist\u00e3 de todas que l\u00e1 pediam abrigo e prote\u00e7\u00e3o.<\/p>\n<p>Em 1817, fez os votos de profiss\u00e3o de f\u00e9 e tomou o nome de Maria de Santa Eufr\u00e1sia e, aos vinte e nove anos, foi nomeada superiora desse mosteiro. Ali fundou a Obra das &#8220;Madalenas&#8221;, onde as mo\u00e7as que voltavam para o caminho correto podiam aderir \u00e0 vida religiosa, nos moldes das carmelitas, seguindo relativamente o Regulamento, vestindo o h\u00e1bito e tendo uma ala pr\u00f3pria no mosteiro.<\/p>\n<p>Em 1829, fundou, em Angers, um novo Ref\u00fagio, nome usado pelas carmelitas para designar uma Casa da sua ordem, do qual se tornou superiora depois de dois anos. Dessa forma, deu um grande impulso para a continua\u00e7\u00e3o do trabalho de reden\u00e7\u00e3o das mo\u00e7as no desvio da vida. Assim, a Casa de Angers tornou-se a Casa-m\u00e3e de uma organiza\u00e7\u00e3o paralela \u00e0 ordem de Nossa Senhora da Caridade, submetida a essa ordem, mas com mosteiros com autonomia separada.<\/p>\n<p>Estava fundada a Ordem de Nossa Senhora do Bom Pastor, da qual se tornou a superiora geral at\u00e9 o fim da vida. Ela encontrou muitas resist\u00eancias, por\u00e9m, em 1835, o papa Greg\u00f3rio XVI, que concordava com ela, aprovou a nova ordem.<\/p>\n<p>A sua obra foi t\u00e3o vigorosa que Maria Eufr\u00e1sia fundou mais Casas do que todos os fundadores de ordens da Igreja. Foram 111 entre 1829 e 1868, ano em que morreu, vitimada por um tumor que lhe causou muito sofrimento, no dia 24 de abril.<\/p>\n<p>Foi beatificada em 1933 e canonizada sete anos depois. Uma est\u00e1tua de santa Maria Eufr\u00e1sia Pelletier foi colocada na bas\u00edlica de S\u00e3o Pedro, no Vaticano, com muita justi\u00e7a entre os grandes fundadores de ordens da Igreja. Sua festa \u00e9 realizada no dia de sua morte.<\/p>\n<div id=\"themify_builder_content-9002\" data-postid=\"9002\" class=\"themify_builder_content themify_builder_content-9002 themify_builder themify_builder_front\">\n\t<\/div>\n<!-- \/themify_builder_content -->","protected":false},"excerpt":{"rendered":"<p>24 de Abril Batizada com o nome de Rosa Virginia Pelletier, ela nasceu na ilha de Noirmontier, regi\u00e3o da Vandea, Fran\u00e7a, no dia 31 de julho de 1796. Cresceu onde foi o centro da Revolu\u00e7\u00e3o Francesa, sendo educada pelas ursulinas de Chavanhe e, depois, freq\u00fcentou o Instituto da Associa\u00e7\u00e3o Crist\u00e3 de Tours. Aos dezesseis anos, [&hellip;]<\/p>\n","protected":false},"author":14,"featured_media":0,"comment_status":"open","ping_status":"open","sticky":false,"template":"","format":"standard","meta":{"ngg_post_thumbnail":0,"footnotes":""},"categories":[186],"tags":[],"yoast_head":"<!-- This site is optimized with the Yoast SEO plugin v23.5 - https:\/\/yoast.com\/wordpress\/plugins\/seo\/ -->\n<title>Santa Maria Eufr\u00e1sia Pelletier - O Arcanjo no ar<\/title>\n<meta name=\"robots\" content=\"index, follow, max-snippet:-1, max-image-preview:large, max-video-preview:-1\" \/>\n<link rel=\"canonical\" href=\"https:\/\/www.oarcanjo.net\/site\/santa-maria-eufrasia-pelletier\/\" \/>\n<meta property=\"og:locale\" content=\"pt_BR\" \/>\n<meta property=\"og:type\" content=\"article\" \/>\n<meta property=\"og:title\" content=\"Santa Maria Eufr\u00e1sia Pelletier - O Arcanjo no ar\" \/>\n<meta property=\"og:description\" content=\"24 de Abril Batizada com o nome de Rosa Virginia Pelletier, ela nasceu na ilha de Noirmontier, regi\u00e3o da Vandea, Fran\u00e7a, no dia 31 de julho de 1796. Cresceu onde foi o centro da Revolu\u00e7\u00e3o Francesa, sendo educada pelas ursulinas de Chavanhe e, depois, freq\u00fcentou o Instituto da Associa\u00e7\u00e3o Crist\u00e3 de Tours. Aos dezesseis anos, [&hellip;]\" \/>\n<meta property=\"og:url\" content=\"https:\/\/www.oarcanjo.net\/site\/santa-maria-eufrasia-pelletier\/\" \/>\n<meta property=\"og:site_name\" content=\"O Arcanjo no ar\" \/>\n<meta property=\"article:publisher\" content=\"https:\/\/www.facebook.com\/OArcanjoNoAr\/\" \/>\n<meta property=\"article:published_time\" content=\"2014-04-24T03:23:50+00:00\" \/>\n<meta property=\"article:modified_time\" content=\"2014-04-04T11:14:21+00:00\" \/>\n<meta property=\"og:image\" content=\"http:\/\/4.bp.blogspot.com\/_z-c0Sh5Zlrs\/SJKFgbwW7QI\/AAAAAAAABOQ\/h0g4TGTyuYE\/s400\/Santa+Maria+Eufr%C3%A1sia+Pelletier.jpg\" \/>\n<meta name=\"author\" content=\"danilo\" \/>\n<meta name=\"twitter:card\" content=\"summary_large_image\" \/>\n<meta name=\"twitter:label1\" content=\"Escrito por\" \/>\n\t<meta name=\"twitter:data1\" content=\"danilo\" \/>\n\t<meta name=\"twitter:label2\" content=\"Est. tempo de leitura\" \/>\n\t<meta name=\"twitter:data2\" content=\"2 minutos\" \/>\n<script type=\"application\/ld+json\" class=\"yoast-schema-graph\">{\"@context\":\"https:\/\/schema.org\",\"@graph\":[{\"@type\":\"Article\",\"@id\":\"https:\/\/www.oarcanjo.net\/site\/santa-maria-eufrasia-pelletier\/#article\",\"isPartOf\":{\"@id\":\"https:\/\/www.oarcanjo.net\/site\/santa-maria-eufrasia-pelletier\/\"},\"author\":{\"name\":\"danilo\",\"@id\":\"https:\/\/www.oarcanjo.net\/site\/#\/schema\/person\/5eb9480bedd2f3c97e430ce128c29c6c\"},\"headline\":\"Santa Maria Eufr\u00e1sia Pelletier\",\"datePublished\":\"2014-04-24T03:23:50+00:00\",\"dateModified\":\"2014-04-04T11:14:21+00:00\",\"mainEntityOfPage\":{\"@id\":\"https:\/\/www.oarcanjo.net\/site\/santa-maria-eufrasia-pelletier\/\"},\"wordCount\":395,\"commentCount\":0,\"publisher\":{\"@id\":\"https:\/\/www.oarcanjo.net\/site\/#organization\"},\"image\":{\"@id\":\"https:\/\/www.oarcanjo.net\/site\/santa-maria-eufrasia-pelletier\/#primaryimage\"},\"thumbnailUrl\":\"http:\/\/4.bp.blogspot.com\/_z-c0Sh5Zlrs\/SJKFgbwW7QI\/AAAAAAAABOQ\/h0g4TGTyuYE\/s400\/Santa+Maria+Eufr%C3%A1sia+Pelletier.jpg\",\"articleSection\":[\"Testemunhos\"],\"inLanguage\":\"pt-BR\",\"potentialAction\":[{\"@type\":\"CommentAction\",\"name\":\"Comment\",\"target\":[\"https:\/\/www.oarcanjo.net\/site\/santa-maria-eufrasia-pelletier\/#respond\"]}]},{\"@type\":\"WebPage\",\"@id\":\"https:\/\/www.oarcanjo.net\/site\/santa-maria-eufrasia-pelletier\/\",\"url\":\"https:\/\/www.oarcanjo.net\/site\/santa-maria-eufrasia-pelletier\/\",\"name\":\"Santa Maria Eufr\u00e1sia Pelletier - O Arcanjo no ar\",\"isPartOf\":{\"@id\":\"https:\/\/www.oarcanjo.net\/site\/#website\"},\"primaryImageOfPage\":{\"@id\":\"https:\/\/www.oarcanjo.net\/site\/santa-maria-eufrasia-pelletier\/#primaryimage\"},\"image\":{\"@id\":\"https:\/\/www.oarcanjo.net\/site\/santa-maria-eufrasia-pelletier\/#primaryimage\"},\"thumbnailUrl\":\"http:\/\/4.bp.blogspot.com\/_z-c0Sh5Zlrs\/SJKFgbwW7QI\/AAAAAAAABOQ\/h0g4TGTyuYE\/s400\/Santa+Maria+Eufr%C3%A1sia+Pelletier.jpg\",\"datePublished\":\"2014-04-24T03:23:50+00:00\",\"dateModified\":\"2014-04-04T11:14:21+00:00\",\"breadcrumb\":{\"@id\":\"https:\/\/www.oarcanjo.net\/site\/santa-maria-eufrasia-pelletier\/#breadcrumb\"},\"inLanguage\":\"pt-BR\",\"potentialAction\":[{\"@type\":\"ReadAction\",\"target\":[\"https:\/\/www.oarcanjo.net\/site\/santa-maria-eufrasia-pelletier\/\"]}]},{\"@type\":\"ImageObject\",\"inLanguage\":\"pt-BR\",\"@id\":\"https:\/\/www.oarcanjo.net\/site\/santa-maria-eufrasia-pelletier\/#primaryimage\",\"url\":\"http:\/\/4.bp.blogspot.com\/_z-c0Sh5Zlrs\/SJKFgbwW7QI\/AAAAAAAABOQ\/h0g4TGTyuYE\/s400\/Santa+Maria+Eufr%C3%A1sia+Pelletier.jpg\",\"contentUrl\":\"http:\/\/4.bp.blogspot.com\/_z-c0Sh5Zlrs\/SJKFgbwW7QI\/AAAAAAAABOQ\/h0g4TGTyuYE\/s400\/Santa+Maria+Eufr%C3%A1sia+Pelletier.jpg\"},{\"@type\":\"BreadcrumbList\",\"@id\":\"https:\/\/www.oarcanjo.net\/site\/santa-maria-eufrasia-pelletier\/#breadcrumb\",\"itemListElement\":[{\"@type\":\"ListItem\",\"position\":1,\"name\":\"In\u00edcio\",\"item\":\"https:\/\/www.oarcanjo.net\/site\/\"},{\"@type\":\"ListItem\",\"position\":2,\"name\":\"Santa Maria Eufr\u00e1sia Pelletier\"}]},{\"@type\":\"WebSite\",\"@id\":\"https:\/\/www.oarcanjo.net\/site\/#website\",\"url\":\"https:\/\/www.oarcanjo.net\/site\/\",\"name\":\"O Arcanjo no ar\",\"description\":\"Site da Par\u00f3quia S\u00e3o Miguel Arcanjo (Arquidiocese de SP)\",\"publisher\":{\"@id\":\"https:\/\/www.oarcanjo.net\/site\/#organization\"},\"potentialAction\":[{\"@type\":\"SearchAction\",\"target\":{\"@type\":\"EntryPoint\",\"urlTemplate\":\"https:\/\/www.oarcanjo.net\/site\/?s={search_term_string}\"},\"query-input\":{\"@type\":\"PropertyValueSpecification\",\"valueRequired\":true,\"valueName\":\"search_term_string\"}}],\"inLanguage\":\"pt-BR\"},{\"@type\":\"Organization\",\"@id\":\"https:\/\/www.oarcanjo.net\/site\/#organization\",\"name\":\"Par\u00f3quia S\u00e3o Miguel Arcanjo\",\"url\":\"https:\/\/www.oarcanjo.net\/site\/\",\"logo\":{\"@type\":\"ImageObject\",\"inLanguage\":\"pt-BR\",\"@id\":\"https:\/\/www.oarcanjo.net\/site\/#\/schema\/logo\/image\/\",\"url\":\"https:\/\/www.oarcanjo.net\/site\/wp-content\/uploads\/LogoOArcanjo.png\",\"contentUrl\":\"https:\/\/www.oarcanjo.net\/site\/wp-content\/uploads\/LogoOArcanjo.png\",\"width\":319,\"height\":99,\"caption\":\"Par\u00f3quia S\u00e3o Miguel Arcanjo\"},\"image\":{\"@id\":\"https:\/\/www.oarcanjo.net\/site\/#\/schema\/logo\/image\/\"},\"sameAs\":[\"https:\/\/www.facebook.com\/OArcanjoNoAr\/\"]},{\"@type\":\"Person\",\"@id\":\"https:\/\/www.oarcanjo.net\/site\/#\/schema\/person\/5eb9480bedd2f3c97e430ce128c29c6c\",\"name\":\"danilo\"}]}<\/script>\n<!-- \/ Yoast SEO plugin. -->","yoast_head_json":{"title":"Santa Maria Eufr\u00e1sia Pelletier - O Arcanjo no ar","robots":{"index":"index","follow":"follow","max-snippet":"max-snippet:-1","max-image-preview":"max-image-preview:large","max-video-preview":"max-video-preview:-1"},"canonical":"https:\/\/www.oarcanjo.net\/site\/santa-maria-eufrasia-pelletier\/","og_locale":"pt_BR","og_type":"article","og_title":"Santa Maria Eufr\u00e1sia Pelletier - O Arcanjo no ar","og_description":"24 de Abril Batizada com o nome de Rosa Virginia Pelletier, ela nasceu na ilha de Noirmontier, regi\u00e3o da Vandea, Fran\u00e7a, no dia 31 de julho de 1796. Cresceu onde foi o centro da Revolu\u00e7\u00e3o Francesa, sendo educada pelas ursulinas de Chavanhe e, depois, freq\u00fcentou o Instituto da Associa\u00e7\u00e3o Crist\u00e3 de Tours. Aos dezesseis anos, [&hellip;]","og_url":"https:\/\/www.oarcanjo.net\/site\/santa-maria-eufrasia-pelletier\/","og_site_name":"O Arcanjo no ar","article_publisher":"https:\/\/www.facebook.com\/OArcanjoNoAr\/","article_published_time":"2014-04-24T03:23:50+00:00","article_modified_time":"2014-04-04T11:14:21+00:00","og_image":[{"url":"http:\/\/4.bp.blogspot.com\/_z-c0Sh5Zlrs\/SJKFgbwW7QI\/AAAAAAAABOQ\/h0g4TGTyuYE\/s400\/Santa+Maria+Eufr%C3%A1sia+Pelletier.jpg"}],"author":"danilo","twitter_card":"summary_large_image","twitter_misc":{"Escrito por":"danilo","Est. tempo de leitura":"2 minutos"},"schema":{"@context":"https:\/\/schema.org","@graph":[{"@type":"Article","@id":"https:\/\/www.oarcanjo.net\/site\/santa-maria-eufrasia-pelletier\/#article","isPartOf":{"@id":"https:\/\/www.oarcanjo.net\/site\/santa-maria-eufrasia-pelletier\/"},"author":{"name":"danilo","@id":"https:\/\/www.oarcanjo.net\/site\/#\/schema\/person\/5eb9480bedd2f3c97e430ce128c29c6c"},"headline":"Santa Maria Eufr\u00e1sia Pelletier","datePublished":"2014-04-24T03:23:50+00:00","dateModified":"2014-04-04T11:14:21+00:00","mainEntityOfPage":{"@id":"https:\/\/www.oarcanjo.net\/site\/santa-maria-eufrasia-pelletier\/"},"wordCount":395,"commentCount":0,"publisher":{"@id":"https:\/\/www.oarcanjo.net\/site\/#organization"},"image":{"@id":"https:\/\/www.oarcanjo.net\/site\/santa-maria-eufrasia-pelletier\/#primaryimage"},"thumbnailUrl":"http:\/\/4.bp.blogspot.com\/_z-c0Sh5Zlrs\/SJKFgbwW7QI\/AAAAAAAABOQ\/h0g4TGTyuYE\/s400\/Santa+Maria+Eufr%C3%A1sia+Pelletier.jpg","articleSection":["Testemunhos"],"inLanguage":"pt-BR","potentialAction":[{"@type":"CommentAction","name":"Comment","target":["https:\/\/www.oarcanjo.net\/site\/santa-maria-eufrasia-pelletier\/#respond"]}]},{"@type":"WebPage","@id":"https:\/\/www.oarcanjo.net\/site\/santa-maria-eufrasia-pelletier\/","url":"https:\/\/www.oarcanjo.net\/site\/santa-maria-eufrasia-pelletier\/","name":"Santa Maria Eufr\u00e1sia Pelletier - O Arcanjo no ar","isPartOf":{"@id":"https:\/\/www.oarcanjo.net\/site\/#website"},"primaryImageOfPage":{"@id":"https:\/\/www.oarcanjo.net\/site\/santa-maria-eufrasia-pelletier\/#primaryimage"},"image":{"@id":"https:\/\/www.oarcanjo.net\/site\/santa-maria-eufrasia-pelletier\/#primaryimage"},"thumbnailUrl":"http:\/\/4.bp.blogspot.com\/_z-c0Sh5Zlrs\/SJKFgbwW7QI\/AAAAAAAABOQ\/h0g4TGTyuYE\/s400\/Santa+Maria+Eufr%C3%A1sia+Pelletier.jpg","datePublished":"2014-04-24T03:23:50+00:00","dateModified":"2014-04-04T11:14:21+00:00","breadcrumb":{"@id":"https:\/\/www.oarcanjo.net\/site\/santa-maria-eufrasia-pelletier\/#breadcrumb"},"inLanguage":"pt-BR","potentialAction":[{"@type":"ReadAction","target":["https:\/\/www.oarcanjo.net\/site\/santa-maria-eufrasia-pelletier\/"]}]},{"@type":"ImageObject","inLanguage":"pt-BR","@id":"https:\/\/www.oarcanjo.net\/site\/santa-maria-eufrasia-pelletier\/#primaryimage","url":"http:\/\/4.bp.blogspot.com\/_z-c0Sh5Zlrs\/SJKFgbwW7QI\/AAAAAAAABOQ\/h0g4TGTyuYE\/s400\/Santa+Maria+Eufr%C3%A1sia+Pelletier.jpg","contentUrl":"http:\/\/4.bp.blogspot.com\/_z-c0Sh5Zlrs\/SJKFgbwW7QI\/AAAAAAAABOQ\/h0g4TGTyuYE\/s400\/Santa+Maria+Eufr%C3%A1sia+Pelletier.jpg"},{"@type":"BreadcrumbList","@id":"https:\/\/www.oarcanjo.net\/site\/santa-maria-eufrasia-pelletier\/#breadcrumb","itemListElement":[{"@type":"ListItem","position":1,"name":"In\u00edcio","item":"https:\/\/www.oarcanjo.net\/site\/"},{"@type":"ListItem","position":2,"name":"Santa Maria Eufr\u00e1sia Pelletier"}]},{"@type":"WebSite","@id":"https:\/\/www.oarcanjo.net\/site\/#website","url":"https:\/\/www.oarcanjo.net\/site\/","name":"O Arcanjo no ar","description":"Site da Par\u00f3quia S\u00e3o Miguel Arcanjo (Arquidiocese de SP)","publisher":{"@id":"https:\/\/www.oarcanjo.net\/site\/#organization"},"potentialAction":[{"@type":"SearchAction","target":{"@type":"EntryPoint","urlTemplate":"https:\/\/www.oarcanjo.net\/site\/?s={search_term_string}"},"query-input":{"@type":"PropertyValueSpecification","valueRequired":true,"valueName":"search_term_string"}}],"inLanguage":"pt-BR"},{"@type":"Organization","@id":"https:\/\/www.oarcanjo.net\/site\/#organization","name":"Par\u00f3quia S\u00e3o Miguel Arcanjo","url":"https:\/\/www.oarcanjo.net\/site\/","logo":{"@type":"ImageObject","inLanguage":"pt-BR","@id":"https:\/\/www.oarcanjo.net\/site\/#\/schema\/logo\/image\/","url":"https:\/\/www.oarcanjo.net\/site\/wp-content\/uploads\/LogoOArcanjo.png","contentUrl":"https:\/\/www.oarcanjo.net\/site\/wp-content\/uploads\/LogoOArcanjo.png","width":319,"height":99,"caption":"Par\u00f3quia S\u00e3o Miguel Arcanjo"},"image":{"@id":"https:\/\/www.oarcanjo.net\/site\/#\/schema\/logo\/image\/"},"sameAs":["https:\/\/www.facebook.com\/OArcanjoNoAr\/"]},{"@type":"Person","@id":"https:\/\/www.oarcanjo.net\/site\/#\/schema\/person\/5eb9480bedd2f3c97e430ce128c29c6c","name":"danilo"}]}},"publishpress_future_action":{"enabled":false,"date":"2026-05-08 04:43:17","action":"category","newStatus":"draft","terms":[],"taxonomy":"category"},"publishpress_future_workflow_manual_trigger":{"enabledWorkflows":[]},"_links":{"self":[{"href":"https:\/\/www.oarcanjo.net\/site\/wp-json\/wp\/v2\/posts\/9002"}],"collection":[{"href":"https:\/\/www.oarcanjo.net\/site\/wp-json\/wp\/v2\/posts"}],"about":[{"href":"https:\/\/www.oarcanjo.net\/site\/wp-json\/wp\/v2\/types\/post"}],"author":[{"embeddable":true,"href":"https:\/\/www.oarcanjo.net\/site\/wp-json\/wp\/v2\/users\/14"}],"replies":[{"embeddable":true,"href":"https:\/\/www.oarcanjo.net\/site\/wp-json\/wp\/v2\/comments?post=9002"}],"version-history":[{"count":0,"href":"https:\/\/www.oarcanjo.net\/site\/wp-json\/wp\/v2\/posts\/9002\/revisions"}],"wp:attachment":[{"href":"https:\/\/www.oarcanjo.net\/site\/wp-json\/wp\/v2\/media?parent=9002"}],"wp:term":[{"taxonomy":"category","embeddable":true,"href":"https:\/\/www.oarcanjo.net\/site\/wp-json\/wp\/v2\/categories?post=9002"},{"taxonomy":"post_tag","embeddable":true,"href":"https:\/\/www.oarcanjo.net\/site\/wp-json\/wp\/v2\/tags?post=9002"}],"curies":[{"name":"wp","href":"https:\/\/api.w.org\/{rel}","templated":true}]}}