
{"id":9013,"date":"2019-04-27T00:38:00","date_gmt":"2019-04-27T03:38:00","guid":{"rendered":"http:\/\/www.oarcanjo.net\/site\/?p=9013"},"modified":"2019-02-20T07:55:01","modified_gmt":"2019-02-20T10:55:01","slug":"santa-zita","status":"publish","type":"post","link":"https:\/\/www.oarcanjo.net\/site\/santa-zita\/","title":{"rendered":"Santa Zita"},"content":{"rendered":"<p><img decoding=\"async\" src=\"http:\/\/www.guia.heu.nom.br\/images\/Santa%20Zita.jpg\" alt=\"\" \/><\/p>\n<p>26 de Abril<\/p>\n<p>Zita foi empregada dom\u00e9stica durante trinta anos em Luca, na It\u00e1lia. Hoje em dia, as comunidades de baixa renda sofrem grande injusti\u00e7a social, principalmente quando trabalham em servi\u00e7os dom\u00e9sticos, como ela, mas no s\u00e9culo XIII as coisas eram bem piores.<\/p>\n<p>Zita nasceu em 1218, no povoado de Monsagrati, pr\u00f3ximo a Luca, e, como tantas outras meninas, ela foi colocada para trabalhar em casa de nobres ricos. Era a \u00fanica forma de uma mo\u00e7a n\u00e3o se tornar um peso para a fam\u00edlia, pobre e numerosa. Ela n\u00e3o ganharia sal\u00e1rio, trabalharia praticamente como uma escrava, mas teria comida, roupa e, quem sabe, at\u00e9 um dote para conseguir um bom casamento, se a fam\u00edlia que lhe desse acolhida se afei\u00e7oasse a ela e tivesse interesse em v\u00ea-la casada.<\/p>\n<p>Zita tinha apenas doze anos quando isso aconteceu. E a fam\u00edlia para quem foi servir n\u00e3o costumava tratar bem seus criados. Ela sofreu muito, principalmente nos primeiros tempos. Era maltratada pelos patr\u00f5es e pelos demais empregados. Por\u00e9m ag\u00fcentou tudo com humildade e f\u00e9, rezando muito e praticando muita caridade. Ali\u00e1s, foi o que tornou Zita famosa entre os pobres: a caridade crist\u00e3. Tudo que ganhava dos patr\u00f5es, um pouco de dinheiro, alimentos extras e roupas, dava aos necessitados. A conseq\u00fc\u00eancia disso foi que, em pouco tempo, Zita dirigia a casa e comandava toda a criadagem. Conquistou a simpatia e a confian\u00e7a dos patr\u00f5es e a inveja de outros criados.<\/p>\n<p>Certa vez, Zita foi acusada de estar dando pertences da despensa da casa para os mendigos, por uma das criadas que invejavam sua posi\u00e7\u00e3o junto aos donos da mans\u00e3o. Talvez n\u00e3o fosse verdade, mas dificilmente a mo\u00e7a poderia provar isso aos patr\u00f5es. Assim, quando o patriarca da casa perguntou o que levava escondido no avental, ela respondeu: &#8220;s\u00e3o flores&#8221;, e soltando o avental uma chuva delas cobriu os seus p\u00e9s. Esta \u00e9 uma de suas tradi\u00e7\u00f5es mais antigas citadas pelos seus fervorosos devotos.<\/p>\n<p>A sua vida foi uma obra de dedica\u00e7\u00e3o total aos pobres e doentes que durou at\u00e9 sua morte, no dia 27 de abril de 1278. Todavia, sua interfer\u00eancia a favor deles n\u00e3o terminou nesse dia. O seu t\u00famulo, na bas\u00edlica de S\u00e3o Frediano, conserva at\u00e9 hoje o seu corpo, que repousa intacto, como foi constatado na sua \u00faltima exuma\u00e7\u00e3o, em 1652, e se tornou um lugar de gra\u00e7as e de muitos milagres comprovados e aceitos. Acontecimentos que serviram para confirmar sua canoniza\u00e7\u00e3o em 1696, pelo papa Inoc\u00eancio XII.<\/p>\n<p>Apesar da condi\u00e7\u00e3o social humilde e desrespeitada, a vida de santa Zita marcou de tal forma a hist\u00f3ria da cidade que ela foi elevada \u00e0 condi\u00e7\u00e3o de sua padroeira. E foi uma vida t\u00e3o exemplar que at\u00e9 Dante Alighieria a cita na Divina Com\u00e9dia. O papa Pio XII proclamou-a padroeira das empregadas dom\u00e9sticas.<\/p>\n<p><img loading=\"lazy\" decoding=\"async\" src=\"http:\/\/www.welcometuscany.it\/tuscany_photo_gallery\/lucca_san_frediano_santa_zita.jpg\" border=\"4\" alt=\"The Mummified body of St. Zita Patron saint of domestic servants\" width=\"549\" height=\"263\" \/><\/p>\n<div id=\"themify_builder_content-9013\" data-postid=\"9013\" class=\"themify_builder_content themify_builder_content-9013 themify_builder themify_builder_front\">\n\t<\/div>\n<!-- \/themify_builder_content -->","protected":false},"excerpt":{"rendered":"<p>26 de Abril Zita foi empregada dom\u00e9stica durante trinta anos em Luca, na It\u00e1lia. Hoje em dia, as comunidades de baixa renda sofrem grande injusti\u00e7a social, principalmente quando trabalham em servi\u00e7os dom\u00e9sticos, como ela, mas no s\u00e9culo XIII as coisas eram bem piores. Zita nasceu em 1218, no povoado de Monsagrati, pr\u00f3ximo a Luca, e, [&hellip;]<\/p>\n","protected":false},"author":14,"featured_media":0,"comment_status":"open","ping_status":"open","sticky":false,"template":"","format":"standard","meta":{"ngg_post_thumbnail":0,"footnotes":""},"categories":[186],"tags":[],"yoast_head":"<!-- This site is optimized with the Yoast SEO plugin v23.5 - https:\/\/yoast.com\/wordpress\/plugins\/seo\/ -->\n<title>Santa Zita - O Arcanjo no ar<\/title>\n<meta name=\"robots\" content=\"index, follow, max-snippet:-1, max-image-preview:large, max-video-preview:-1\" \/>\n<link rel=\"canonical\" href=\"https:\/\/www.oarcanjo.net\/site\/santa-zita\/\" \/>\n<meta property=\"og:locale\" content=\"pt_BR\" \/>\n<meta property=\"og:type\" content=\"article\" \/>\n<meta property=\"og:title\" content=\"Santa Zita - O Arcanjo no ar\" \/>\n<meta property=\"og:description\" content=\"26 de Abril Zita foi empregada dom\u00e9stica durante trinta anos em Luca, na It\u00e1lia. Hoje em dia, as comunidades de baixa renda sofrem grande injusti\u00e7a social, principalmente quando trabalham em servi\u00e7os dom\u00e9sticos, como ela, mas no s\u00e9culo XIII as coisas eram bem piores. Zita nasceu em 1218, no povoado de Monsagrati, pr\u00f3ximo a Luca, e, [&hellip;]\" \/>\n<meta property=\"og:url\" content=\"https:\/\/www.oarcanjo.net\/site\/santa-zita\/\" \/>\n<meta property=\"og:site_name\" content=\"O Arcanjo no ar\" \/>\n<meta property=\"article:publisher\" content=\"https:\/\/www.facebook.com\/OArcanjoNoAr\/\" \/>\n<meta property=\"article:published_time\" content=\"2019-04-27T03:38:00+00:00\" \/>\n<meta property=\"article:modified_time\" content=\"2019-02-20T10:55:01+00:00\" \/>\n<meta property=\"og:image\" content=\"http:\/\/www.guia.heu.nom.br\/images\/Santa%20Zita.jpg\" \/>\n<meta name=\"author\" content=\"danilo\" \/>\n<meta name=\"twitter:card\" content=\"summary_large_image\" \/>\n<meta name=\"twitter:label1\" content=\"Escrito por\" \/>\n\t<meta name=\"twitter:data1\" content=\"danilo\" \/>\n\t<meta name=\"twitter:label2\" content=\"Est. tempo de leitura\" \/>\n\t<meta name=\"twitter:data2\" content=\"3 minutos\" \/>\n<script type=\"application\/ld+json\" class=\"yoast-schema-graph\">{\"@context\":\"https:\/\/schema.org\",\"@graph\":[{\"@type\":\"Article\",\"@id\":\"https:\/\/www.oarcanjo.net\/site\/santa-zita\/#article\",\"isPartOf\":{\"@id\":\"https:\/\/www.oarcanjo.net\/site\/santa-zita\/\"},\"author\":{\"name\":\"danilo\",\"@id\":\"https:\/\/www.oarcanjo.net\/site\/#\/schema\/person\/5eb9480bedd2f3c97e430ce128c29c6c\"},\"headline\":\"Santa Zita\",\"datePublished\":\"2019-04-27T03:38:00+00:00\",\"dateModified\":\"2019-02-20T10:55:01+00:00\",\"mainEntityOfPage\":{\"@id\":\"https:\/\/www.oarcanjo.net\/site\/santa-zita\/\"},\"wordCount\":504,\"commentCount\":0,\"publisher\":{\"@id\":\"https:\/\/www.oarcanjo.net\/site\/#organization\"},\"image\":{\"@id\":\"https:\/\/www.oarcanjo.net\/site\/santa-zita\/#primaryimage\"},\"thumbnailUrl\":\"http:\/\/www.guia.heu.nom.br\/images\/Santa%20Zita.jpg\",\"articleSection\":[\"Testemunhos\"],\"inLanguage\":\"pt-BR\",\"potentialAction\":[{\"@type\":\"CommentAction\",\"name\":\"Comment\",\"target\":[\"https:\/\/www.oarcanjo.net\/site\/santa-zita\/#respond\"]}]},{\"@type\":\"WebPage\",\"@id\":\"https:\/\/www.oarcanjo.net\/site\/santa-zita\/\",\"url\":\"https:\/\/www.oarcanjo.net\/site\/santa-zita\/\",\"name\":\"Santa Zita - O Arcanjo no ar\",\"isPartOf\":{\"@id\":\"https:\/\/www.oarcanjo.net\/site\/#website\"},\"primaryImageOfPage\":{\"@id\":\"https:\/\/www.oarcanjo.net\/site\/santa-zita\/#primaryimage\"},\"image\":{\"@id\":\"https:\/\/www.oarcanjo.net\/site\/santa-zita\/#primaryimage\"},\"thumbnailUrl\":\"http:\/\/www.guia.heu.nom.br\/images\/Santa%20Zita.jpg\",\"datePublished\":\"2019-04-27T03:38:00+00:00\",\"dateModified\":\"2019-02-20T10:55:01+00:00\",\"breadcrumb\":{\"@id\":\"https:\/\/www.oarcanjo.net\/site\/santa-zita\/#breadcrumb\"},\"inLanguage\":\"pt-BR\",\"potentialAction\":[{\"@type\":\"ReadAction\",\"target\":[\"https:\/\/www.oarcanjo.net\/site\/santa-zita\/\"]}]},{\"@type\":\"ImageObject\",\"inLanguage\":\"pt-BR\",\"@id\":\"https:\/\/www.oarcanjo.net\/site\/santa-zita\/#primaryimage\",\"url\":\"http:\/\/www.guia.heu.nom.br\/images\/Santa%20Zita.jpg\",\"contentUrl\":\"http:\/\/www.guia.heu.nom.br\/images\/Santa%20Zita.jpg\"},{\"@type\":\"BreadcrumbList\",\"@id\":\"https:\/\/www.oarcanjo.net\/site\/santa-zita\/#breadcrumb\",\"itemListElement\":[{\"@type\":\"ListItem\",\"position\":1,\"name\":\"In\u00edcio\",\"item\":\"https:\/\/www.oarcanjo.net\/site\/\"},{\"@type\":\"ListItem\",\"position\":2,\"name\":\"Santa Zita\"}]},{\"@type\":\"WebSite\",\"@id\":\"https:\/\/www.oarcanjo.net\/site\/#website\",\"url\":\"https:\/\/www.oarcanjo.net\/site\/\",\"name\":\"O Arcanjo no ar\",\"description\":\"Site da Par\u00f3quia S\u00e3o Miguel Arcanjo (Arquidiocese de SP)\",\"publisher\":{\"@id\":\"https:\/\/www.oarcanjo.net\/site\/#organization\"},\"potentialAction\":[{\"@type\":\"SearchAction\",\"target\":{\"@type\":\"EntryPoint\",\"urlTemplate\":\"https:\/\/www.oarcanjo.net\/site\/?s={search_term_string}\"},\"query-input\":{\"@type\":\"PropertyValueSpecification\",\"valueRequired\":true,\"valueName\":\"search_term_string\"}}],\"inLanguage\":\"pt-BR\"},{\"@type\":\"Organization\",\"@id\":\"https:\/\/www.oarcanjo.net\/site\/#organization\",\"name\":\"Par\u00f3quia S\u00e3o Miguel Arcanjo\",\"url\":\"https:\/\/www.oarcanjo.net\/site\/\",\"logo\":{\"@type\":\"ImageObject\",\"inLanguage\":\"pt-BR\",\"@id\":\"https:\/\/www.oarcanjo.net\/site\/#\/schema\/logo\/image\/\",\"url\":\"https:\/\/www.oarcanjo.net\/site\/wp-content\/uploads\/LogoOArcanjo.png\",\"contentUrl\":\"https:\/\/www.oarcanjo.net\/site\/wp-content\/uploads\/LogoOArcanjo.png\",\"width\":319,\"height\":99,\"caption\":\"Par\u00f3quia S\u00e3o Miguel Arcanjo\"},\"image\":{\"@id\":\"https:\/\/www.oarcanjo.net\/site\/#\/schema\/logo\/image\/\"},\"sameAs\":[\"https:\/\/www.facebook.com\/OArcanjoNoAr\/\"]},{\"@type\":\"Person\",\"@id\":\"https:\/\/www.oarcanjo.net\/site\/#\/schema\/person\/5eb9480bedd2f3c97e430ce128c29c6c\",\"name\":\"danilo\"}]}<\/script>\n<!-- \/ Yoast SEO plugin. -->","yoast_head_json":{"title":"Santa Zita - O Arcanjo no ar","robots":{"index":"index","follow":"follow","max-snippet":"max-snippet:-1","max-image-preview":"max-image-preview:large","max-video-preview":"max-video-preview:-1"},"canonical":"https:\/\/www.oarcanjo.net\/site\/santa-zita\/","og_locale":"pt_BR","og_type":"article","og_title":"Santa Zita - O Arcanjo no ar","og_description":"26 de Abril Zita foi empregada dom\u00e9stica durante trinta anos em Luca, na It\u00e1lia. Hoje em dia, as comunidades de baixa renda sofrem grande injusti\u00e7a social, principalmente quando trabalham em servi\u00e7os dom\u00e9sticos, como ela, mas no s\u00e9culo XIII as coisas eram bem piores. Zita nasceu em 1218, no povoado de Monsagrati, pr\u00f3ximo a Luca, e, [&hellip;]","og_url":"https:\/\/www.oarcanjo.net\/site\/santa-zita\/","og_site_name":"O Arcanjo no ar","article_publisher":"https:\/\/www.facebook.com\/OArcanjoNoAr\/","article_published_time":"2019-04-27T03:38:00+00:00","article_modified_time":"2019-02-20T10:55:01+00:00","og_image":[{"url":"http:\/\/www.guia.heu.nom.br\/images\/Santa%20Zita.jpg"}],"author":"danilo","twitter_card":"summary_large_image","twitter_misc":{"Escrito por":"danilo","Est. tempo de leitura":"3 minutos"},"schema":{"@context":"https:\/\/schema.org","@graph":[{"@type":"Article","@id":"https:\/\/www.oarcanjo.net\/site\/santa-zita\/#article","isPartOf":{"@id":"https:\/\/www.oarcanjo.net\/site\/santa-zita\/"},"author":{"name":"danilo","@id":"https:\/\/www.oarcanjo.net\/site\/#\/schema\/person\/5eb9480bedd2f3c97e430ce128c29c6c"},"headline":"Santa Zita","datePublished":"2019-04-27T03:38:00+00:00","dateModified":"2019-02-20T10:55:01+00:00","mainEntityOfPage":{"@id":"https:\/\/www.oarcanjo.net\/site\/santa-zita\/"},"wordCount":504,"commentCount":0,"publisher":{"@id":"https:\/\/www.oarcanjo.net\/site\/#organization"},"image":{"@id":"https:\/\/www.oarcanjo.net\/site\/santa-zita\/#primaryimage"},"thumbnailUrl":"http:\/\/www.guia.heu.nom.br\/images\/Santa%20Zita.jpg","articleSection":["Testemunhos"],"inLanguage":"pt-BR","potentialAction":[{"@type":"CommentAction","name":"Comment","target":["https:\/\/www.oarcanjo.net\/site\/santa-zita\/#respond"]}]},{"@type":"WebPage","@id":"https:\/\/www.oarcanjo.net\/site\/santa-zita\/","url":"https:\/\/www.oarcanjo.net\/site\/santa-zita\/","name":"Santa Zita - O Arcanjo no ar","isPartOf":{"@id":"https:\/\/www.oarcanjo.net\/site\/#website"},"primaryImageOfPage":{"@id":"https:\/\/www.oarcanjo.net\/site\/santa-zita\/#primaryimage"},"image":{"@id":"https:\/\/www.oarcanjo.net\/site\/santa-zita\/#primaryimage"},"thumbnailUrl":"http:\/\/www.guia.heu.nom.br\/images\/Santa%20Zita.jpg","datePublished":"2019-04-27T03:38:00+00:00","dateModified":"2019-02-20T10:55:01+00:00","breadcrumb":{"@id":"https:\/\/www.oarcanjo.net\/site\/santa-zita\/#breadcrumb"},"inLanguage":"pt-BR","potentialAction":[{"@type":"ReadAction","target":["https:\/\/www.oarcanjo.net\/site\/santa-zita\/"]}]},{"@type":"ImageObject","inLanguage":"pt-BR","@id":"https:\/\/www.oarcanjo.net\/site\/santa-zita\/#primaryimage","url":"http:\/\/www.guia.heu.nom.br\/images\/Santa%20Zita.jpg","contentUrl":"http:\/\/www.guia.heu.nom.br\/images\/Santa%20Zita.jpg"},{"@type":"BreadcrumbList","@id":"https:\/\/www.oarcanjo.net\/site\/santa-zita\/#breadcrumb","itemListElement":[{"@type":"ListItem","position":1,"name":"In\u00edcio","item":"https:\/\/www.oarcanjo.net\/site\/"},{"@type":"ListItem","position":2,"name":"Santa Zita"}]},{"@type":"WebSite","@id":"https:\/\/www.oarcanjo.net\/site\/#website","url":"https:\/\/www.oarcanjo.net\/site\/","name":"O Arcanjo no ar","description":"Site da Par\u00f3quia S\u00e3o Miguel Arcanjo (Arquidiocese de SP)","publisher":{"@id":"https:\/\/www.oarcanjo.net\/site\/#organization"},"potentialAction":[{"@type":"SearchAction","target":{"@type":"EntryPoint","urlTemplate":"https:\/\/www.oarcanjo.net\/site\/?s={search_term_string}"},"query-input":{"@type":"PropertyValueSpecification","valueRequired":true,"valueName":"search_term_string"}}],"inLanguage":"pt-BR"},{"@type":"Organization","@id":"https:\/\/www.oarcanjo.net\/site\/#organization","name":"Par\u00f3quia S\u00e3o Miguel Arcanjo","url":"https:\/\/www.oarcanjo.net\/site\/","logo":{"@type":"ImageObject","inLanguage":"pt-BR","@id":"https:\/\/www.oarcanjo.net\/site\/#\/schema\/logo\/image\/","url":"https:\/\/www.oarcanjo.net\/site\/wp-content\/uploads\/LogoOArcanjo.png","contentUrl":"https:\/\/www.oarcanjo.net\/site\/wp-content\/uploads\/LogoOArcanjo.png","width":319,"height":99,"caption":"Par\u00f3quia S\u00e3o Miguel Arcanjo"},"image":{"@id":"https:\/\/www.oarcanjo.net\/site\/#\/schema\/logo\/image\/"},"sameAs":["https:\/\/www.facebook.com\/OArcanjoNoAr\/"]},{"@type":"Person","@id":"https:\/\/www.oarcanjo.net\/site\/#\/schema\/person\/5eb9480bedd2f3c97e430ce128c29c6c","name":"danilo"}]}},"publishpress_future_action":{"enabled":false,"date":"2026-05-07 15:22:31","action":"category","newStatus":"draft","terms":[],"taxonomy":"category"},"publishpress_future_workflow_manual_trigger":{"enabledWorkflows":[]},"_links":{"self":[{"href":"https:\/\/www.oarcanjo.net\/site\/wp-json\/wp\/v2\/posts\/9013"}],"collection":[{"href":"https:\/\/www.oarcanjo.net\/site\/wp-json\/wp\/v2\/posts"}],"about":[{"href":"https:\/\/www.oarcanjo.net\/site\/wp-json\/wp\/v2\/types\/post"}],"author":[{"embeddable":true,"href":"https:\/\/www.oarcanjo.net\/site\/wp-json\/wp\/v2\/users\/14"}],"replies":[{"embeddable":true,"href":"https:\/\/www.oarcanjo.net\/site\/wp-json\/wp\/v2\/comments?post=9013"}],"version-history":[{"count":1,"href":"https:\/\/www.oarcanjo.net\/site\/wp-json\/wp\/v2\/posts\/9013\/revisions"}],"predecessor-version":[{"id":92880,"href":"https:\/\/www.oarcanjo.net\/site\/wp-json\/wp\/v2\/posts\/9013\/revisions\/92880"}],"wp:attachment":[{"href":"https:\/\/www.oarcanjo.net\/site\/wp-json\/wp\/v2\/media?parent=9013"}],"wp:term":[{"taxonomy":"category","embeddable":true,"href":"https:\/\/www.oarcanjo.net\/site\/wp-json\/wp\/v2\/categories?post=9013"},{"taxonomy":"post_tag","embeddable":true,"href":"https:\/\/www.oarcanjo.net\/site\/wp-json\/wp\/v2\/tags?post=9013"}],"curies":[{"name":"wp","href":"https:\/\/api.w.org\/{rel}","templated":true}]}}