
{"id":9015,"date":"2019-04-27T00:41:15","date_gmt":"2019-04-27T03:41:15","guid":{"rendered":"http:\/\/www.oarcanjo.net\/site\/?p=9015"},"modified":"2019-02-20T07:55:23","modified_gmt":"2019-02-20T10:55:23","slug":"bem-aventurado-tiago-alberione-2","status":"publish","type":"post","link":"https:\/\/www.oarcanjo.net\/site\/bem-aventurado-tiago-alberione-2\/","title":{"rendered":"Bem-aventurado Tiago Alberione"},"content":{"rendered":"<p><img decoding=\"async\" src=\"http:\/\/2.bp.blogspot.com\/_SfRRwjkRFz8\/Sw2ChfvVHRI\/AAAAAAAAE-Q\/mRpJ0kiaoKw\/s1600\/alberione1.jpg\" alt=\"\" \/><\/p>\n<p>26 de Abril<\/p>\n<p>Fundador da Fam\u00edlia Paulina,cuja miss\u00e3o \u00e9 &#8220;Viver e comunicar Jesus Cristo&#8221;<\/p>\n<p>Padre Tiago Alberione, Fundador da Fam\u00edlia Paulina, foi um dos mais carism\u00e1ticos ap\u00f3stolos do s\u00e9culo XX. Nascido em San Lorenzo di Fossano (Cuneo), no dia 4 de abril de 1884, recebeu o batismo j\u00e1 no dia seguinte. A fam\u00edlia Alberione, constitu\u00edda por Miguel e Teresa Allocco e por seis filhos, era do meio rural, profundamente crist\u00e3 e trabalhadora.<br \/>\nO pequeno Tiago, o quarto filho, desde cedo passa pela experi\u00eancia do chamado de Deus: na primeira s\u00e9rie do ensino prim\u00e1rio, perguntado pela professora o que faria quando se tornasse adulto, ele responde: Vou tornar-me padre! Os anos da inf\u00e2ncia se encaminham nessa dire\u00e7\u00e3o.<br \/>\nCom 16 anos, Tiago \u00e9 recebido no Semin\u00e1rio de Alba. Desde logo se encontra com aquele que para ele ser\u00e1 pai, guia, amigo e conselheiro por 46 anos: o c\u00f4nego Francisco Chiesa.<br \/>\nNo final do Ano Santo de 1900, j\u00e1 estimulado pela enc\u00edclica de Le\u00e3o XIII Tametsi futura (Ainda que se trate de coisas futuras), Tiago vive a experi\u00eancia decisiva de sua exist\u00eancia. Na noite de 31 de dezembro de 1900, noite que divide os dois s\u00e9culos, p\u00f5e-se a rezar por quatro horas diante do Sant\u00edssimo Sacramento e, na luz de Deus, projeta o seu futuro. Uma &#8220;luz especial&#8221; veio ao seu encontro, desprendendo-se da H\u00f3stia e a partir daquele momento ele se sente &#8220;profundamente comprometido a fazer alguma coisa para o Senhor e para as pessoas do novo s\u00e9culo&#8221;: &#8220;o compromisso de servir \u00e0 Igreja&#8221;, valendo-se dos novos meios colocados \u00e0 disposi\u00e7\u00e3o pelo engenho humano.<br \/>\nNo dia 29 de junho de 1907 foi ordenado sacerdote. Como passo seguinte, uma breve, mas significativa experi\u00eancia pastoral em Narzole (Cuneo), na qualidade de vice-p\u00e1roco. L\u00e1 encontra o bem jovem Jos\u00e9 Giaccardo, que para ele ser\u00e1 o que foi Tim\u00f3teo para o Ap\u00f3stolo Paulo. Ainda em Narzole, Padre Alberione amadurece sua reflex\u00e3o sobre o que pode fazer a mulher engajada no apostolado.<br \/>\nNo Semin\u00e1rio de Alba desempenha o papel de Diretor Espiritual dos seminaristas maiores (fil\u00f3sofos e te\u00f3logos) e menores (estudantes do ensino m\u00e9dio), e de professor de diversas disciplinas. Disp\u00f5e-se a pregar, a catequizar, a dar confer\u00eancias nas par\u00f3quias da diocese. Dedica tamb\u00e9m bastante tempo ao estudo da realidade da sociedade civil e eclesial do seu tempo e \u00e0s novas necessidades que se projetam.<br \/>\nConclui que o Senhor o convoca para uma nova miss\u00e3o: pregar o Evangelho a todos os povos, segundo o esp\u00edrito do Ap\u00f3stolo Paulo, usando os modernos meios da comunica\u00e7\u00e3o. Justificam essa dire\u00e7\u00e3o os seus dois livros: Apontamentos de teologia pastoral (1912) e A mulher associada ao zelo sacerdotal (1911-1915).<br \/>\nEssa miss\u00e3o, para ser desenvolvida com carisma e continuidade, deve ser assumida por pessoas consagradas, considerando-se que &#8220;as obras de Deus se edificam mediante as pessoas que s\u00e3o de Deus&#8221;. Desse modo, no dia 20 de agosto de 1914, enquanto em Roma morria o sumo pont\u00edfice, Pio X, em Alba, o Padre Alberione dava in\u00edcio \u00e0 &#8220;Fam\u00edlia Paulina&#8221; com a funda\u00e7\u00e3o da Pia Sociedade S\u00e3o Paulo. O come\u00e7o \u00e9 marcado pela extrema pobreza, em conformidade com a pedagogia divina: &#8220;inicia-se sempre no pres\u00e9pio&#8221;.<br \/>\nA fam\u00edlia humana &#8211; na qual o Padre Alberione se inspira &#8211; \u00e9 constitu\u00edda por irm\u00e3os e irm\u00e3s. A primeira mulher a seguir o Padre Alberione \u00e9 uma mo\u00e7a de vinte anos, de Castagnito (Cuneo): Teresa Merlo. Com o apoio dela, Alberione d\u00e1 in\u00edcio \u00e0 congrega\u00e7\u00e3o das Filhas de S\u00e3o Paulo (1915). Pouco a pouco, a &#8220;Fam\u00edlia&#8221; cresce, as voca\u00e7\u00f5es masculinas e femininas aumentam, o apostolado toma seu curso e assume sua forma.<br \/>\nEm 1918 (dezembro) registra-se o primeiro envio das &#8220;filhas&#8221; para Susa: inicia-se uma hist\u00f3ria muito corajosa de f\u00e9 e de empreendimento, que gera tamb\u00e9m um estilo caracter\u00edstico, denominado (estilo) &#8220;paulino&#8221;.Em 1923, quando o Padre Alberione adoece gravemente e o diagn\u00f3stico m\u00e9dico n\u00e3o sugere um quadro de esperan\u00e7as, o Fundador, milagrosamente, retoma o caminho: &#8220;Foi S\u00e3o Paulo quem me curou&#8221;, dir\u00e1 em seguida. A partir daquele per\u00edodo aparece nas capelas paulinas a inscri\u00e7\u00e3o que em sonho ou em revela\u00e7\u00e3o o Divino Mestre dirige ao Fundador: N\u00e3o temam &#8211; Eu estou com voc\u00eas &#8211; Daqui quero iluminar &#8211; Arrependam-se dos pecados.<br \/>\nNo ano seguinte vem \u00e0 luz a segunda congrega\u00e7\u00e3o feminina: as Pias Disc\u00edpulas do Divino Mestre, para o apostolado eucar\u00edstico, sacerdotal e lit\u00fargico. Para orient\u00e1-las na nova voca\u00e7\u00e3o, Padre Alberione chama a jovem Irm\u00e3 M. Escol\u00e1stica Rivata, que morrer\u00e1 nonagen\u00e1ria, em odor de santidade.<br \/>\nAo mesmo tempo cresce o edif\u00edcio espiritual: o Fundador inculca o esp\u00edrito de dedica\u00e7\u00e3o mediante &#8220;devo\u00e7\u00f5es&#8221; de grande peso apost\u00f3lico: a Jesus Mestre e Pastor &#8220;Verdade, Caminho e Vida&#8221;; a Maria M\u00e3e, Mestra e Rainha dos Ap\u00f3stolos; a S\u00e3o Paulo ap\u00f3stolo. \u00c9 exatamente a refer\u00eancia ao Ap\u00f3stolo que caracteriza na Igreja as novas institui\u00e7\u00f5es como &#8220;Fam\u00edlia Paulina&#8221;. A meta que o Fundador quer que seja assumida como desafio primordial, \u00e9 a conformidade plena com Cristo: abra\u00e7ar por inteiro o Cristo Verdade Caminho e Vida em toda a pessoa, mente, vontade, cora\u00e7\u00e3o e for\u00e7as f\u00edsicas. Diretriz sintetizada em um pequeno volume: Donec formetur Christus in vobis (1932).<br \/>\nEm outubro de 1938, Padre Alberione funda a terceira congrega\u00e7\u00e3o feminina: as Irm\u00e3s de Jesus Bom Pastor ou &#8220;Pastorinhas&#8221;, que se dedicam ao apostolado pastoral destinado a auxiliar os Pastores.<br \/>\nO desvelo do Fundador \u00e9 sempre o mesmo: quer que todos entendam que &#8220;o primeiro cuidado da Fam\u00edlia Paulina deve ser a santidade de vida, o segundo a pureza de doutrina&#8221;. Sob essa luz deve ser entendido o seu projeto de uma enciclop\u00e9dia sobre Jesus Mestre (1959).<br \/>\nO pequeno volume Abundantes divitiae gratiae suae (As abundantes riquezas da sua gra\u00e7a), \u00e9 considerado como a &#8220;hist\u00f3ria carism\u00e1tica da Fam\u00edlia Paulina&#8221;. Fam\u00edlia que foi se completando entre 1957 e 1960, com a funda\u00e7\u00e3o da quarta congrega\u00e7\u00e3o feminina, o Instituto Rainha dos Ap\u00f3stolos para as Voca\u00e7\u00f5es (Irm\u00e3s Apostolinas) e dos Institutos de vida secular consagrada: S\u00e3o Gabriel Arcanjo, Nossa Senhora da Anuncia\u00e7\u00e3o, Jesus Sacerdote e Sagrada Fam\u00edlia. Dez Institui\u00e7\u00f5es (inclusive os Cooperadores Paulinos) unidas entre si pelo mesmo ideal de santidade e de apostolado: viver e anunciar Jesus Cristo Caminho, Verdade e Vida.<br \/>\nNos anos de 1962-1965, o Padre Alberione foi protagonista silencioso, mas atento do Conc\u00edlio Vaticano II, cujas sess\u00f5es ele participou diariamente.<br \/>\nPadre Alberione viveu 87 anos. No dia 26 de novembro de 1971 deixou a terra para assumir o seu lugar na Casa do Pai. As suas \u00faltimas horas tiveram o conforto da visita e da b\u00ean\u00e7\u00e3o do papa Paulo VI, que jamais ocultou a sua admira\u00e7\u00e3o e venera\u00e7\u00e3o pelo Padre Alberione. \u00c9 sempre comovente o testemunho que deu na Audi\u00eancia concedida \u00e0 Fam\u00edlia Paulina em 28 de junho de 1969 (o Fundador tinha 85 anos):<br \/>\n\u00abA\u00ed est\u00e1 ele: humilde, silencioso, incans\u00e1vel, sempre vigilante, sempre entretido com os seus pensamentos, que se mobilizam entre a ora\u00e7\u00e3o e a a\u00e7\u00e3o, sempre atento para perscrutar os &#8220;sinais dos tempos&#8221;.<br \/>\nEm 25 de junho de 1996 o papa Jo\u00e3o Paulo II assinou o Decreto por meio do qual eram reconhecidas as virtudes her\u00f3icas de Alberione.<br \/>\nFoi beatificado por Jo\u00e3o Paulo II, aos 27 de Abril de 2003, na Pra\u00e7a de S. Pedro, em Roma.<br \/>\nFonte: www.vatican.va<br \/>\nOra\u00e7\u00e3o<br \/>\nSenhor, glorificai na vossa Igreja o bem-aventurado Tiago Alberione.<br \/>\nQue ele seja para n\u00f3s exemplo e intercessor no caminho de nossa santifica\u00e7\u00e3o e de nosso apostolado.<br \/>\nAjudai-nos em nosso trabalho de evangeliza\u00e7\u00e3o,<br \/>\na fim de que a presen\u00e7a de Jesus Mestre,<br \/>\nse irradie no mundo por meio de Maria, M\u00e3e e Rainha dos Ap\u00f3stolos.<br \/>\nConcedei-me a gra\u00e7as que agora vos pe\u00e7o&#8230;<\/p>\n<p>Pai-nosso. Ave Maria, Gl\u00f3ria ao Pai&#8230;<br \/>\nJesus Mestre Verdade, Caminho e Vida, tende piedade de n\u00f3s.<br \/>\nRainha dos Ap\u00f3stolos, rogai por n\u00f3s.<br \/>\nS\u00e3o Paulo Ap\u00f3stolo, rogai por n\u00f3s.<br \/>\nDe todo o pecado, livrai-nos, senhor.<\/p>\n<p>Gra\u00e7as por intercess\u00e3o do Bem-aventurado Tiago Alberione, sejam comunicadas por escrito:<br \/>\nSuperior Provincial &#8211; Rua Francisco Cruz, 199 &#8211; S\u00e3o Paulo<\/p>\n<p><img loading=\"lazy\" decoding=\"async\" src=\"http:\/\/erivaldodantas.wordpress.com\/files\/2008\/08\/anigif1.gif\" alt=\"\" width=\"450\" height=\"426\" \/><\/p>\n<div id=\"themify_builder_content-9015\" data-postid=\"9015\" class=\"themify_builder_content themify_builder_content-9015 themify_builder themify_builder_front\">\n\t<\/div>\n<!-- \/themify_builder_content -->","protected":false},"excerpt":{"rendered":"<p>26 de Abril Fundador da Fam\u00edlia Paulina,cuja miss\u00e3o \u00e9 &#8220;Viver e comunicar Jesus Cristo&#8221; Padre Tiago Alberione, Fundador da Fam\u00edlia Paulina, foi um dos mais carism\u00e1ticos ap\u00f3stolos do s\u00e9culo XX. Nascido em San Lorenzo di Fossano (Cuneo), no dia 4 de abril de 1884, recebeu o batismo j\u00e1 no dia seguinte. A fam\u00edlia Alberione, constitu\u00edda [&hellip;]<\/p>\n","protected":false},"author":14,"featured_media":0,"comment_status":"open","ping_status":"open","sticky":false,"template":"","format":"standard","meta":{"ngg_post_thumbnail":0,"footnotes":""},"categories":[186],"tags":[],"yoast_head":"<!-- This site is optimized with the Yoast SEO plugin v23.5 - https:\/\/yoast.com\/wordpress\/plugins\/seo\/ -->\n<title>Bem-aventurado Tiago Alberione - O Arcanjo no ar<\/title>\n<meta name=\"robots\" content=\"index, follow, max-snippet:-1, max-image-preview:large, max-video-preview:-1\" \/>\n<link rel=\"canonical\" href=\"https:\/\/www.oarcanjo.net\/site\/bem-aventurado-tiago-alberione-2\/\" \/>\n<meta property=\"og:locale\" content=\"pt_BR\" \/>\n<meta property=\"og:type\" content=\"article\" \/>\n<meta property=\"og:title\" content=\"Bem-aventurado Tiago Alberione - O Arcanjo no ar\" \/>\n<meta property=\"og:description\" content=\"26 de Abril Fundador da Fam\u00edlia Paulina,cuja miss\u00e3o \u00e9 &#8220;Viver e comunicar Jesus Cristo&#8221; Padre Tiago Alberione, Fundador da Fam\u00edlia Paulina, foi um dos mais carism\u00e1ticos ap\u00f3stolos do s\u00e9culo XX. Nascido em San Lorenzo di Fossano (Cuneo), no dia 4 de abril de 1884, recebeu o batismo j\u00e1 no dia seguinte. A fam\u00edlia Alberione, constitu\u00edda [&hellip;]\" \/>\n<meta property=\"og:url\" content=\"https:\/\/www.oarcanjo.net\/site\/bem-aventurado-tiago-alberione-2\/\" \/>\n<meta property=\"og:site_name\" content=\"O Arcanjo no ar\" \/>\n<meta property=\"article:publisher\" content=\"https:\/\/www.facebook.com\/OArcanjoNoAr\/\" \/>\n<meta property=\"article:published_time\" content=\"2019-04-27T03:41:15+00:00\" \/>\n<meta property=\"article:modified_time\" content=\"2019-02-20T10:55:23+00:00\" \/>\n<meta property=\"og:image\" content=\"http:\/\/2.bp.blogspot.com\/_SfRRwjkRFz8\/Sw2ChfvVHRI\/AAAAAAAAE-Q\/mRpJ0kiaoKw\/s1600\/alberione1.jpg\" \/>\n<meta name=\"author\" content=\"danilo\" \/>\n<meta name=\"twitter:card\" content=\"summary_large_image\" \/>\n<meta name=\"twitter:label1\" content=\"Escrito por\" \/>\n\t<meta name=\"twitter:data1\" content=\"danilo\" \/>\n\t<meta name=\"twitter:label2\" content=\"Est. tempo de leitura\" \/>\n\t<meta name=\"twitter:data2\" content=\"7 minutos\" \/>\n<script type=\"application\/ld+json\" class=\"yoast-schema-graph\">{\"@context\":\"https:\/\/schema.org\",\"@graph\":[{\"@type\":\"Article\",\"@id\":\"https:\/\/www.oarcanjo.net\/site\/bem-aventurado-tiago-alberione-2\/#article\",\"isPartOf\":{\"@id\":\"https:\/\/www.oarcanjo.net\/site\/bem-aventurado-tiago-alberione-2\/\"},\"author\":{\"name\":\"danilo\",\"@id\":\"https:\/\/www.oarcanjo.net\/site\/#\/schema\/person\/5eb9480bedd2f3c97e430ce128c29c6c\"},\"headline\":\"Bem-aventurado Tiago Alberione\",\"datePublished\":\"2019-04-27T03:41:15+00:00\",\"dateModified\":\"2019-02-20T10:55:23+00:00\",\"mainEntityOfPage\":{\"@id\":\"https:\/\/www.oarcanjo.net\/site\/bem-aventurado-tiago-alberione-2\/\"},\"wordCount\":1413,\"commentCount\":1,\"publisher\":{\"@id\":\"https:\/\/www.oarcanjo.net\/site\/#organization\"},\"image\":{\"@id\":\"https:\/\/www.oarcanjo.net\/site\/bem-aventurado-tiago-alberione-2\/#primaryimage\"},\"thumbnailUrl\":\"http:\/\/2.bp.blogspot.com\/_SfRRwjkRFz8\/Sw2ChfvVHRI\/AAAAAAAAE-Q\/mRpJ0kiaoKw\/s1600\/alberione1.jpg\",\"articleSection\":[\"Testemunhos\"],\"inLanguage\":\"pt-BR\",\"potentialAction\":[{\"@type\":\"CommentAction\",\"name\":\"Comment\",\"target\":[\"https:\/\/www.oarcanjo.net\/site\/bem-aventurado-tiago-alberione-2\/#respond\"]}]},{\"@type\":\"WebPage\",\"@id\":\"https:\/\/www.oarcanjo.net\/site\/bem-aventurado-tiago-alberione-2\/\",\"url\":\"https:\/\/www.oarcanjo.net\/site\/bem-aventurado-tiago-alberione-2\/\",\"name\":\"Bem-aventurado Tiago Alberione - O Arcanjo no ar\",\"isPartOf\":{\"@id\":\"https:\/\/www.oarcanjo.net\/site\/#website\"},\"primaryImageOfPage\":{\"@id\":\"https:\/\/www.oarcanjo.net\/site\/bem-aventurado-tiago-alberione-2\/#primaryimage\"},\"image\":{\"@id\":\"https:\/\/www.oarcanjo.net\/site\/bem-aventurado-tiago-alberione-2\/#primaryimage\"},\"thumbnailUrl\":\"http:\/\/2.bp.blogspot.com\/_SfRRwjkRFz8\/Sw2ChfvVHRI\/AAAAAAAAE-Q\/mRpJ0kiaoKw\/s1600\/alberione1.jpg\",\"datePublished\":\"2019-04-27T03:41:15+00:00\",\"dateModified\":\"2019-02-20T10:55:23+00:00\",\"breadcrumb\":{\"@id\":\"https:\/\/www.oarcanjo.net\/site\/bem-aventurado-tiago-alberione-2\/#breadcrumb\"},\"inLanguage\":\"pt-BR\",\"potentialAction\":[{\"@type\":\"ReadAction\",\"target\":[\"https:\/\/www.oarcanjo.net\/site\/bem-aventurado-tiago-alberione-2\/\"]}]},{\"@type\":\"ImageObject\",\"inLanguage\":\"pt-BR\",\"@id\":\"https:\/\/www.oarcanjo.net\/site\/bem-aventurado-tiago-alberione-2\/#primaryimage\",\"url\":\"http:\/\/2.bp.blogspot.com\/_SfRRwjkRFz8\/Sw2ChfvVHRI\/AAAAAAAAE-Q\/mRpJ0kiaoKw\/s1600\/alberione1.jpg\",\"contentUrl\":\"http:\/\/2.bp.blogspot.com\/_SfRRwjkRFz8\/Sw2ChfvVHRI\/AAAAAAAAE-Q\/mRpJ0kiaoKw\/s1600\/alberione1.jpg\"},{\"@type\":\"BreadcrumbList\",\"@id\":\"https:\/\/www.oarcanjo.net\/site\/bem-aventurado-tiago-alberione-2\/#breadcrumb\",\"itemListElement\":[{\"@type\":\"ListItem\",\"position\":1,\"name\":\"In\u00edcio\",\"item\":\"https:\/\/www.oarcanjo.net\/site\/\"},{\"@type\":\"ListItem\",\"position\":2,\"name\":\"Bem-aventurado Tiago Alberione\"}]},{\"@type\":\"WebSite\",\"@id\":\"https:\/\/www.oarcanjo.net\/site\/#website\",\"url\":\"https:\/\/www.oarcanjo.net\/site\/\",\"name\":\"O Arcanjo no ar\",\"description\":\"Site da Par\u00f3quia S\u00e3o Miguel Arcanjo (Arquidiocese de SP)\",\"publisher\":{\"@id\":\"https:\/\/www.oarcanjo.net\/site\/#organization\"},\"potentialAction\":[{\"@type\":\"SearchAction\",\"target\":{\"@type\":\"EntryPoint\",\"urlTemplate\":\"https:\/\/www.oarcanjo.net\/site\/?s={search_term_string}\"},\"query-input\":{\"@type\":\"PropertyValueSpecification\",\"valueRequired\":true,\"valueName\":\"search_term_string\"}}],\"inLanguage\":\"pt-BR\"},{\"@type\":\"Organization\",\"@id\":\"https:\/\/www.oarcanjo.net\/site\/#organization\",\"name\":\"Par\u00f3quia S\u00e3o Miguel Arcanjo\",\"url\":\"https:\/\/www.oarcanjo.net\/site\/\",\"logo\":{\"@type\":\"ImageObject\",\"inLanguage\":\"pt-BR\",\"@id\":\"https:\/\/www.oarcanjo.net\/site\/#\/schema\/logo\/image\/\",\"url\":\"https:\/\/www.oarcanjo.net\/site\/wp-content\/uploads\/LogoOArcanjo.png\",\"contentUrl\":\"https:\/\/www.oarcanjo.net\/site\/wp-content\/uploads\/LogoOArcanjo.png\",\"width\":319,\"height\":99,\"caption\":\"Par\u00f3quia S\u00e3o Miguel Arcanjo\"},\"image\":{\"@id\":\"https:\/\/www.oarcanjo.net\/site\/#\/schema\/logo\/image\/\"},\"sameAs\":[\"https:\/\/www.facebook.com\/OArcanjoNoAr\/\"]},{\"@type\":\"Person\",\"@id\":\"https:\/\/www.oarcanjo.net\/site\/#\/schema\/person\/5eb9480bedd2f3c97e430ce128c29c6c\",\"name\":\"danilo\"}]}<\/script>\n<!-- \/ Yoast SEO plugin. -->","yoast_head_json":{"title":"Bem-aventurado Tiago Alberione - O Arcanjo no ar","robots":{"index":"index","follow":"follow","max-snippet":"max-snippet:-1","max-image-preview":"max-image-preview:large","max-video-preview":"max-video-preview:-1"},"canonical":"https:\/\/www.oarcanjo.net\/site\/bem-aventurado-tiago-alberione-2\/","og_locale":"pt_BR","og_type":"article","og_title":"Bem-aventurado Tiago Alberione - O Arcanjo no ar","og_description":"26 de Abril Fundador da Fam\u00edlia Paulina,cuja miss\u00e3o \u00e9 &#8220;Viver e comunicar Jesus Cristo&#8221; Padre Tiago Alberione, Fundador da Fam\u00edlia Paulina, foi um dos mais carism\u00e1ticos ap\u00f3stolos do s\u00e9culo XX. Nascido em San Lorenzo di Fossano (Cuneo), no dia 4 de abril de 1884, recebeu o batismo j\u00e1 no dia seguinte. A fam\u00edlia Alberione, constitu\u00edda [&hellip;]","og_url":"https:\/\/www.oarcanjo.net\/site\/bem-aventurado-tiago-alberione-2\/","og_site_name":"O Arcanjo no ar","article_publisher":"https:\/\/www.facebook.com\/OArcanjoNoAr\/","article_published_time":"2019-04-27T03:41:15+00:00","article_modified_time":"2019-02-20T10:55:23+00:00","og_image":[{"url":"http:\/\/2.bp.blogspot.com\/_SfRRwjkRFz8\/Sw2ChfvVHRI\/AAAAAAAAE-Q\/mRpJ0kiaoKw\/s1600\/alberione1.jpg"}],"author":"danilo","twitter_card":"summary_large_image","twitter_misc":{"Escrito por":"danilo","Est. tempo de leitura":"7 minutos"},"schema":{"@context":"https:\/\/schema.org","@graph":[{"@type":"Article","@id":"https:\/\/www.oarcanjo.net\/site\/bem-aventurado-tiago-alberione-2\/#article","isPartOf":{"@id":"https:\/\/www.oarcanjo.net\/site\/bem-aventurado-tiago-alberione-2\/"},"author":{"name":"danilo","@id":"https:\/\/www.oarcanjo.net\/site\/#\/schema\/person\/5eb9480bedd2f3c97e430ce128c29c6c"},"headline":"Bem-aventurado Tiago Alberione","datePublished":"2019-04-27T03:41:15+00:00","dateModified":"2019-02-20T10:55:23+00:00","mainEntityOfPage":{"@id":"https:\/\/www.oarcanjo.net\/site\/bem-aventurado-tiago-alberione-2\/"},"wordCount":1413,"commentCount":1,"publisher":{"@id":"https:\/\/www.oarcanjo.net\/site\/#organization"},"image":{"@id":"https:\/\/www.oarcanjo.net\/site\/bem-aventurado-tiago-alberione-2\/#primaryimage"},"thumbnailUrl":"http:\/\/2.bp.blogspot.com\/_SfRRwjkRFz8\/Sw2ChfvVHRI\/AAAAAAAAE-Q\/mRpJ0kiaoKw\/s1600\/alberione1.jpg","articleSection":["Testemunhos"],"inLanguage":"pt-BR","potentialAction":[{"@type":"CommentAction","name":"Comment","target":["https:\/\/www.oarcanjo.net\/site\/bem-aventurado-tiago-alberione-2\/#respond"]}]},{"@type":"WebPage","@id":"https:\/\/www.oarcanjo.net\/site\/bem-aventurado-tiago-alberione-2\/","url":"https:\/\/www.oarcanjo.net\/site\/bem-aventurado-tiago-alberione-2\/","name":"Bem-aventurado Tiago Alberione - O Arcanjo no ar","isPartOf":{"@id":"https:\/\/www.oarcanjo.net\/site\/#website"},"primaryImageOfPage":{"@id":"https:\/\/www.oarcanjo.net\/site\/bem-aventurado-tiago-alberione-2\/#primaryimage"},"image":{"@id":"https:\/\/www.oarcanjo.net\/site\/bem-aventurado-tiago-alberione-2\/#primaryimage"},"thumbnailUrl":"http:\/\/2.bp.blogspot.com\/_SfRRwjkRFz8\/Sw2ChfvVHRI\/AAAAAAAAE-Q\/mRpJ0kiaoKw\/s1600\/alberione1.jpg","datePublished":"2019-04-27T03:41:15+00:00","dateModified":"2019-02-20T10:55:23+00:00","breadcrumb":{"@id":"https:\/\/www.oarcanjo.net\/site\/bem-aventurado-tiago-alberione-2\/#breadcrumb"},"inLanguage":"pt-BR","potentialAction":[{"@type":"ReadAction","target":["https:\/\/www.oarcanjo.net\/site\/bem-aventurado-tiago-alberione-2\/"]}]},{"@type":"ImageObject","inLanguage":"pt-BR","@id":"https:\/\/www.oarcanjo.net\/site\/bem-aventurado-tiago-alberione-2\/#primaryimage","url":"http:\/\/2.bp.blogspot.com\/_SfRRwjkRFz8\/Sw2ChfvVHRI\/AAAAAAAAE-Q\/mRpJ0kiaoKw\/s1600\/alberione1.jpg","contentUrl":"http:\/\/2.bp.blogspot.com\/_SfRRwjkRFz8\/Sw2ChfvVHRI\/AAAAAAAAE-Q\/mRpJ0kiaoKw\/s1600\/alberione1.jpg"},{"@type":"BreadcrumbList","@id":"https:\/\/www.oarcanjo.net\/site\/bem-aventurado-tiago-alberione-2\/#breadcrumb","itemListElement":[{"@type":"ListItem","position":1,"name":"In\u00edcio","item":"https:\/\/www.oarcanjo.net\/site\/"},{"@type":"ListItem","position":2,"name":"Bem-aventurado Tiago Alberione"}]},{"@type":"WebSite","@id":"https:\/\/www.oarcanjo.net\/site\/#website","url":"https:\/\/www.oarcanjo.net\/site\/","name":"O Arcanjo no ar","description":"Site da Par\u00f3quia S\u00e3o Miguel Arcanjo (Arquidiocese de SP)","publisher":{"@id":"https:\/\/www.oarcanjo.net\/site\/#organization"},"potentialAction":[{"@type":"SearchAction","target":{"@type":"EntryPoint","urlTemplate":"https:\/\/www.oarcanjo.net\/site\/?s={search_term_string}"},"query-input":{"@type":"PropertyValueSpecification","valueRequired":true,"valueName":"search_term_string"}}],"inLanguage":"pt-BR"},{"@type":"Organization","@id":"https:\/\/www.oarcanjo.net\/site\/#organization","name":"Par\u00f3quia S\u00e3o Miguel Arcanjo","url":"https:\/\/www.oarcanjo.net\/site\/","logo":{"@type":"ImageObject","inLanguage":"pt-BR","@id":"https:\/\/www.oarcanjo.net\/site\/#\/schema\/logo\/image\/","url":"https:\/\/www.oarcanjo.net\/site\/wp-content\/uploads\/LogoOArcanjo.png","contentUrl":"https:\/\/www.oarcanjo.net\/site\/wp-content\/uploads\/LogoOArcanjo.png","width":319,"height":99,"caption":"Par\u00f3quia S\u00e3o Miguel Arcanjo"},"image":{"@id":"https:\/\/www.oarcanjo.net\/site\/#\/schema\/logo\/image\/"},"sameAs":["https:\/\/www.facebook.com\/OArcanjoNoAr\/"]},{"@type":"Person","@id":"https:\/\/www.oarcanjo.net\/site\/#\/schema\/person\/5eb9480bedd2f3c97e430ce128c29c6c","name":"danilo"}]}},"publishpress_future_action":{"enabled":false,"date":"2026-05-07 15:22:31","action":"category","newStatus":"draft","terms":[],"taxonomy":"category"},"publishpress_future_workflow_manual_trigger":{"enabledWorkflows":[]},"_links":{"self":[{"href":"https:\/\/www.oarcanjo.net\/site\/wp-json\/wp\/v2\/posts\/9015"}],"collection":[{"href":"https:\/\/www.oarcanjo.net\/site\/wp-json\/wp\/v2\/posts"}],"about":[{"href":"https:\/\/www.oarcanjo.net\/site\/wp-json\/wp\/v2\/types\/post"}],"author":[{"embeddable":true,"href":"https:\/\/www.oarcanjo.net\/site\/wp-json\/wp\/v2\/users\/14"}],"replies":[{"embeddable":true,"href":"https:\/\/www.oarcanjo.net\/site\/wp-json\/wp\/v2\/comments?post=9015"}],"version-history":[{"count":1,"href":"https:\/\/www.oarcanjo.net\/site\/wp-json\/wp\/v2\/posts\/9015\/revisions"}],"predecessor-version":[{"id":92885,"href":"https:\/\/www.oarcanjo.net\/site\/wp-json\/wp\/v2\/posts\/9015\/revisions\/92885"}],"wp:attachment":[{"href":"https:\/\/www.oarcanjo.net\/site\/wp-json\/wp\/v2\/media?parent=9015"}],"wp:term":[{"taxonomy":"category","embeddable":true,"href":"https:\/\/www.oarcanjo.net\/site\/wp-json\/wp\/v2\/categories?post=9015"},{"taxonomy":"post_tag","embeddable":true,"href":"https:\/\/www.oarcanjo.net\/site\/wp-json\/wp\/v2\/tags?post=9015"}],"curies":[{"name":"wp","href":"https:\/\/api.w.org\/{rel}","templated":true}]}}