
{"id":9021,"date":"2019-04-28T00:45:26","date_gmt":"2019-04-28T03:45:26","guid":{"rendered":"http:\/\/www.oarcanjo.net\/site\/?p=9021"},"modified":"2019-02-20T07:58:28","modified_gmt":"2019-02-20T10:58:28","slug":"sao-pedro-chanel","status":"publish","type":"post","link":"https:\/\/www.oarcanjo.net\/site\/sao-pedro-chanel\/","title":{"rendered":"S\u00e3o Pedro Chanel"},"content":{"rendered":"<p><img decoding=\"async\" src=\"http:\/\/images.evangelizo.org\/images\/santibeati\/P\/San_Pietro_Chanel_Sacerdote_e_martire\/San_Pietro_Chanel.jpg\" alt=\"\" \/><\/p>\n<p>28 de Abril<\/p>\n<p>Pedro nasceu no dia 12 de julho de 1803, na pequena Cuet, Fran\u00e7a. Levado pelas m\u00e3os do zeloso p\u00e1roco, iniciou os estudos no semin\u00e1rio local e, em 1824, foi para o de Bourg, onde tr\u00eas anos depois se ordenou sacerdote.<\/p>\n<p>Desde jovem, queria ser mission\u00e1rio evangelizador, mas primeiro teve de trabalhar como p\u00e1roco de Amberieu e Gex, pois havia car\u00eancia de padres em sua p\u00e1tria. Juntou-se a outros padres que tinham a mesma voca\u00e7\u00e3o e trabalhavam sob uma nova congrega\u00e7\u00e3o, a dos maristas, dos quais foi um dos primeiros membros, e logo conseguiu embarcar para a Oceania, em 1827, na companhia de um irm\u00e3o leigo, Nic\u00e9zio.<\/p>\n<p>Foi um trabalho lento e paciente. Os costumes eram muito diferentes, a cultura t\u00e3o antag\u00f4nica \u00e0 do Ocidente, que primeiro ele teve de entender o povo para depois pregar a palavra de Cristo. Por\u00e9m, assim que iniciou a evangeliza\u00e7\u00e3o, muitos jovens passaram a procur\u00e1-lo. O trabalho foi se expandindo e, logo, grande parte da popula\u00e7\u00e3o havia se convertido.<\/p>\n<p>Ao perceber que v\u00e1rios membros de sua fam\u00edlia haviam aderido ao cristianismo, Musumuso, o genro do cacique, matou Pedro Chanel a bordoadas de tacape. Era o dia 28 de abril de 1841.<\/p>\n<p>Foi o fim da vida terrestre para o marista, entretanto a semente que plantara, Musumuso n\u00e3o poderia matar. Quando o mission\u00e1rio Pedro Chanel desembarcou na min\u00fascula ilha de Futuna, um fragmento das ilhas Fiji entre o Equador e o Tr\u00f3pico de Capric\u00f3rnio, n\u00e3o se pode dizer que o lugar fosse um para\u00edso.<\/p>\n<p>A pequena ilha \u00e9 dividida em duas por uma montanha central, e cada lado era habitado por uma tribo, que vivia em guerra permanente, uma contra a outra. Hoje o local \u00e9, sim, um para\u00edso para os milhares de turistas que a visitam anualmente e para a popula\u00e7\u00e3o, que \u00e9 totalmente cat\u00f3lica e vive na paz no Senhor.<\/p>\n<p>E se hoje \u00e9 assim, muito se deve \u00e0 semente plantada pelo trabalho de Pedro Chanel, que por esse ideal deu seu testemunho de f\u00e9. O novo m\u00e1rtir crist\u00e3o foi beatificado em 1889 e inscrito no Martirol\u00f3gio Romano em 1954, sendo declarado padroeiro da Oceania.<\/p>\n<div id=\"themify_builder_content-9021\" data-postid=\"9021\" class=\"themify_builder_content themify_builder_content-9021 themify_builder themify_builder_front\">\n\t<\/div>\n<!-- \/themify_builder_content -->","protected":false},"excerpt":{"rendered":"<p>28 de Abril Pedro nasceu no dia 12 de julho de 1803, na pequena Cuet, Fran\u00e7a. Levado pelas m\u00e3os do zeloso p\u00e1roco, iniciou os estudos no semin\u00e1rio local e, em 1824, foi para o de Bourg, onde tr\u00eas anos depois se ordenou sacerdote. Desde jovem, queria ser mission\u00e1rio evangelizador, mas primeiro teve de trabalhar como [&hellip;]<\/p>\n","protected":false},"author":14,"featured_media":0,"comment_status":"open","ping_status":"open","sticky":false,"template":"","format":"standard","meta":{"ngg_post_thumbnail":0,"footnotes":""},"categories":[186],"tags":[],"yoast_head":"<!-- This site is optimized with the Yoast SEO plugin v23.5 - https:\/\/yoast.com\/wordpress\/plugins\/seo\/ -->\n<title>S\u00e3o Pedro Chanel - O Arcanjo no ar<\/title>\n<meta name=\"robots\" content=\"index, follow, max-snippet:-1, max-image-preview:large, max-video-preview:-1\" \/>\n<link rel=\"canonical\" href=\"https:\/\/www.oarcanjo.net\/site\/sao-pedro-chanel\/\" \/>\n<meta property=\"og:locale\" content=\"pt_BR\" \/>\n<meta property=\"og:type\" content=\"article\" \/>\n<meta property=\"og:title\" content=\"S\u00e3o Pedro Chanel - O Arcanjo no ar\" \/>\n<meta property=\"og:description\" content=\"28 de Abril Pedro nasceu no dia 12 de julho de 1803, na pequena Cuet, Fran\u00e7a. Levado pelas m\u00e3os do zeloso p\u00e1roco, iniciou os estudos no semin\u00e1rio local e, em 1824, foi para o de Bourg, onde tr\u00eas anos depois se ordenou sacerdote. Desde jovem, queria ser mission\u00e1rio evangelizador, mas primeiro teve de trabalhar como [&hellip;]\" \/>\n<meta property=\"og:url\" content=\"https:\/\/www.oarcanjo.net\/site\/sao-pedro-chanel\/\" \/>\n<meta property=\"og:site_name\" content=\"O Arcanjo no ar\" \/>\n<meta property=\"article:publisher\" content=\"https:\/\/www.facebook.com\/OArcanjoNoAr\/\" \/>\n<meta property=\"article:published_time\" content=\"2019-04-28T03:45:26+00:00\" \/>\n<meta property=\"article:modified_time\" content=\"2019-02-20T10:58:28+00:00\" \/>\n<meta property=\"og:image\" content=\"http:\/\/images.evangelizo.org\/images\/santibeati\/P\/San_Pietro_Chanel_Sacerdote_e_martire\/San_Pietro_Chanel.jpg\" \/>\n<meta name=\"author\" content=\"danilo\" \/>\n<meta name=\"twitter:card\" content=\"summary_large_image\" \/>\n<meta name=\"twitter:label1\" content=\"Escrito por\" \/>\n\t<meta name=\"twitter:data1\" content=\"danilo\" \/>\n\t<meta name=\"twitter:label2\" content=\"Est. tempo de leitura\" \/>\n\t<meta name=\"twitter:data2\" content=\"2 minutos\" \/>\n<script type=\"application\/ld+json\" class=\"yoast-schema-graph\">{\"@context\":\"https:\/\/schema.org\",\"@graph\":[{\"@type\":\"Article\",\"@id\":\"https:\/\/www.oarcanjo.net\/site\/sao-pedro-chanel\/#article\",\"isPartOf\":{\"@id\":\"https:\/\/www.oarcanjo.net\/site\/sao-pedro-chanel\/\"},\"author\":{\"name\":\"danilo\",\"@id\":\"https:\/\/www.oarcanjo.net\/site\/#\/schema\/person\/5eb9480bedd2f3c97e430ce128c29c6c\"},\"headline\":\"S\u00e3o Pedro Chanel\",\"datePublished\":\"2019-04-28T03:45:26+00:00\",\"dateModified\":\"2019-02-20T10:58:28+00:00\",\"mainEntityOfPage\":{\"@id\":\"https:\/\/www.oarcanjo.net\/site\/sao-pedro-chanel\/\"},\"wordCount\":377,\"commentCount\":0,\"publisher\":{\"@id\":\"https:\/\/www.oarcanjo.net\/site\/#organization\"},\"image\":{\"@id\":\"https:\/\/www.oarcanjo.net\/site\/sao-pedro-chanel\/#primaryimage\"},\"thumbnailUrl\":\"http:\/\/images.evangelizo.org\/images\/santibeati\/P\/San_Pietro_Chanel_Sacerdote_e_martire\/San_Pietro_Chanel.jpg\",\"articleSection\":[\"Testemunhos\"],\"inLanguage\":\"pt-BR\",\"potentialAction\":[{\"@type\":\"CommentAction\",\"name\":\"Comment\",\"target\":[\"https:\/\/www.oarcanjo.net\/site\/sao-pedro-chanel\/#respond\"]}]},{\"@type\":\"WebPage\",\"@id\":\"https:\/\/www.oarcanjo.net\/site\/sao-pedro-chanel\/\",\"url\":\"https:\/\/www.oarcanjo.net\/site\/sao-pedro-chanel\/\",\"name\":\"S\u00e3o Pedro Chanel - O Arcanjo no ar\",\"isPartOf\":{\"@id\":\"https:\/\/www.oarcanjo.net\/site\/#website\"},\"primaryImageOfPage\":{\"@id\":\"https:\/\/www.oarcanjo.net\/site\/sao-pedro-chanel\/#primaryimage\"},\"image\":{\"@id\":\"https:\/\/www.oarcanjo.net\/site\/sao-pedro-chanel\/#primaryimage\"},\"thumbnailUrl\":\"http:\/\/images.evangelizo.org\/images\/santibeati\/P\/San_Pietro_Chanel_Sacerdote_e_martire\/San_Pietro_Chanel.jpg\",\"datePublished\":\"2019-04-28T03:45:26+00:00\",\"dateModified\":\"2019-02-20T10:58:28+00:00\",\"breadcrumb\":{\"@id\":\"https:\/\/www.oarcanjo.net\/site\/sao-pedro-chanel\/#breadcrumb\"},\"inLanguage\":\"pt-BR\",\"potentialAction\":[{\"@type\":\"ReadAction\",\"target\":[\"https:\/\/www.oarcanjo.net\/site\/sao-pedro-chanel\/\"]}]},{\"@type\":\"ImageObject\",\"inLanguage\":\"pt-BR\",\"@id\":\"https:\/\/www.oarcanjo.net\/site\/sao-pedro-chanel\/#primaryimage\",\"url\":\"http:\/\/images.evangelizo.org\/images\/santibeati\/P\/San_Pietro_Chanel_Sacerdote_e_martire\/San_Pietro_Chanel.jpg\",\"contentUrl\":\"http:\/\/images.evangelizo.org\/images\/santibeati\/P\/San_Pietro_Chanel_Sacerdote_e_martire\/San_Pietro_Chanel.jpg\"},{\"@type\":\"BreadcrumbList\",\"@id\":\"https:\/\/www.oarcanjo.net\/site\/sao-pedro-chanel\/#breadcrumb\",\"itemListElement\":[{\"@type\":\"ListItem\",\"position\":1,\"name\":\"In\u00edcio\",\"item\":\"https:\/\/www.oarcanjo.net\/site\/\"},{\"@type\":\"ListItem\",\"position\":2,\"name\":\"S\u00e3o Pedro Chanel\"}]},{\"@type\":\"WebSite\",\"@id\":\"https:\/\/www.oarcanjo.net\/site\/#website\",\"url\":\"https:\/\/www.oarcanjo.net\/site\/\",\"name\":\"O Arcanjo no ar\",\"description\":\"Site da Par\u00f3quia S\u00e3o Miguel Arcanjo (Arquidiocese de SP)\",\"publisher\":{\"@id\":\"https:\/\/www.oarcanjo.net\/site\/#organization\"},\"potentialAction\":[{\"@type\":\"SearchAction\",\"target\":{\"@type\":\"EntryPoint\",\"urlTemplate\":\"https:\/\/www.oarcanjo.net\/site\/?s={search_term_string}\"},\"query-input\":{\"@type\":\"PropertyValueSpecification\",\"valueRequired\":true,\"valueName\":\"search_term_string\"}}],\"inLanguage\":\"pt-BR\"},{\"@type\":\"Organization\",\"@id\":\"https:\/\/www.oarcanjo.net\/site\/#organization\",\"name\":\"Par\u00f3quia S\u00e3o Miguel Arcanjo\",\"url\":\"https:\/\/www.oarcanjo.net\/site\/\",\"logo\":{\"@type\":\"ImageObject\",\"inLanguage\":\"pt-BR\",\"@id\":\"https:\/\/www.oarcanjo.net\/site\/#\/schema\/logo\/image\/\",\"url\":\"https:\/\/www.oarcanjo.net\/site\/wp-content\/uploads\/LogoOArcanjo.png\",\"contentUrl\":\"https:\/\/www.oarcanjo.net\/site\/wp-content\/uploads\/LogoOArcanjo.png\",\"width\":319,\"height\":99,\"caption\":\"Par\u00f3quia S\u00e3o Miguel Arcanjo\"},\"image\":{\"@id\":\"https:\/\/www.oarcanjo.net\/site\/#\/schema\/logo\/image\/\"},\"sameAs\":[\"https:\/\/www.facebook.com\/OArcanjoNoAr\/\"]},{\"@type\":\"Person\",\"@id\":\"https:\/\/www.oarcanjo.net\/site\/#\/schema\/person\/5eb9480bedd2f3c97e430ce128c29c6c\",\"name\":\"danilo\"}]}<\/script>\n<!-- \/ Yoast SEO plugin. -->","yoast_head_json":{"title":"S\u00e3o Pedro Chanel - O Arcanjo no ar","robots":{"index":"index","follow":"follow","max-snippet":"max-snippet:-1","max-image-preview":"max-image-preview:large","max-video-preview":"max-video-preview:-1"},"canonical":"https:\/\/www.oarcanjo.net\/site\/sao-pedro-chanel\/","og_locale":"pt_BR","og_type":"article","og_title":"S\u00e3o Pedro Chanel - O Arcanjo no ar","og_description":"28 de Abril Pedro nasceu no dia 12 de julho de 1803, na pequena Cuet, Fran\u00e7a. Levado pelas m\u00e3os do zeloso p\u00e1roco, iniciou os estudos no semin\u00e1rio local e, em 1824, foi para o de Bourg, onde tr\u00eas anos depois se ordenou sacerdote. Desde jovem, queria ser mission\u00e1rio evangelizador, mas primeiro teve de trabalhar como [&hellip;]","og_url":"https:\/\/www.oarcanjo.net\/site\/sao-pedro-chanel\/","og_site_name":"O Arcanjo no ar","article_publisher":"https:\/\/www.facebook.com\/OArcanjoNoAr\/","article_published_time":"2019-04-28T03:45:26+00:00","article_modified_time":"2019-02-20T10:58:28+00:00","og_image":[{"url":"http:\/\/images.evangelizo.org\/images\/santibeati\/P\/San_Pietro_Chanel_Sacerdote_e_martire\/San_Pietro_Chanel.jpg"}],"author":"danilo","twitter_card":"summary_large_image","twitter_misc":{"Escrito por":"danilo","Est. tempo de leitura":"2 minutos"},"schema":{"@context":"https:\/\/schema.org","@graph":[{"@type":"Article","@id":"https:\/\/www.oarcanjo.net\/site\/sao-pedro-chanel\/#article","isPartOf":{"@id":"https:\/\/www.oarcanjo.net\/site\/sao-pedro-chanel\/"},"author":{"name":"danilo","@id":"https:\/\/www.oarcanjo.net\/site\/#\/schema\/person\/5eb9480bedd2f3c97e430ce128c29c6c"},"headline":"S\u00e3o Pedro Chanel","datePublished":"2019-04-28T03:45:26+00:00","dateModified":"2019-02-20T10:58:28+00:00","mainEntityOfPage":{"@id":"https:\/\/www.oarcanjo.net\/site\/sao-pedro-chanel\/"},"wordCount":377,"commentCount":0,"publisher":{"@id":"https:\/\/www.oarcanjo.net\/site\/#organization"},"image":{"@id":"https:\/\/www.oarcanjo.net\/site\/sao-pedro-chanel\/#primaryimage"},"thumbnailUrl":"http:\/\/images.evangelizo.org\/images\/santibeati\/P\/San_Pietro_Chanel_Sacerdote_e_martire\/San_Pietro_Chanel.jpg","articleSection":["Testemunhos"],"inLanguage":"pt-BR","potentialAction":[{"@type":"CommentAction","name":"Comment","target":["https:\/\/www.oarcanjo.net\/site\/sao-pedro-chanel\/#respond"]}]},{"@type":"WebPage","@id":"https:\/\/www.oarcanjo.net\/site\/sao-pedro-chanel\/","url":"https:\/\/www.oarcanjo.net\/site\/sao-pedro-chanel\/","name":"S\u00e3o Pedro Chanel - O Arcanjo no ar","isPartOf":{"@id":"https:\/\/www.oarcanjo.net\/site\/#website"},"primaryImageOfPage":{"@id":"https:\/\/www.oarcanjo.net\/site\/sao-pedro-chanel\/#primaryimage"},"image":{"@id":"https:\/\/www.oarcanjo.net\/site\/sao-pedro-chanel\/#primaryimage"},"thumbnailUrl":"http:\/\/images.evangelizo.org\/images\/santibeati\/P\/San_Pietro_Chanel_Sacerdote_e_martire\/San_Pietro_Chanel.jpg","datePublished":"2019-04-28T03:45:26+00:00","dateModified":"2019-02-20T10:58:28+00:00","breadcrumb":{"@id":"https:\/\/www.oarcanjo.net\/site\/sao-pedro-chanel\/#breadcrumb"},"inLanguage":"pt-BR","potentialAction":[{"@type":"ReadAction","target":["https:\/\/www.oarcanjo.net\/site\/sao-pedro-chanel\/"]}]},{"@type":"ImageObject","inLanguage":"pt-BR","@id":"https:\/\/www.oarcanjo.net\/site\/sao-pedro-chanel\/#primaryimage","url":"http:\/\/images.evangelizo.org\/images\/santibeati\/P\/San_Pietro_Chanel_Sacerdote_e_martire\/San_Pietro_Chanel.jpg","contentUrl":"http:\/\/images.evangelizo.org\/images\/santibeati\/P\/San_Pietro_Chanel_Sacerdote_e_martire\/San_Pietro_Chanel.jpg"},{"@type":"BreadcrumbList","@id":"https:\/\/www.oarcanjo.net\/site\/sao-pedro-chanel\/#breadcrumb","itemListElement":[{"@type":"ListItem","position":1,"name":"In\u00edcio","item":"https:\/\/www.oarcanjo.net\/site\/"},{"@type":"ListItem","position":2,"name":"S\u00e3o Pedro Chanel"}]},{"@type":"WebSite","@id":"https:\/\/www.oarcanjo.net\/site\/#website","url":"https:\/\/www.oarcanjo.net\/site\/","name":"O Arcanjo no ar","description":"Site da Par\u00f3quia S\u00e3o Miguel Arcanjo (Arquidiocese de SP)","publisher":{"@id":"https:\/\/www.oarcanjo.net\/site\/#organization"},"potentialAction":[{"@type":"SearchAction","target":{"@type":"EntryPoint","urlTemplate":"https:\/\/www.oarcanjo.net\/site\/?s={search_term_string}"},"query-input":{"@type":"PropertyValueSpecification","valueRequired":true,"valueName":"search_term_string"}}],"inLanguage":"pt-BR"},{"@type":"Organization","@id":"https:\/\/www.oarcanjo.net\/site\/#organization","name":"Par\u00f3quia S\u00e3o Miguel Arcanjo","url":"https:\/\/www.oarcanjo.net\/site\/","logo":{"@type":"ImageObject","inLanguage":"pt-BR","@id":"https:\/\/www.oarcanjo.net\/site\/#\/schema\/logo\/image\/","url":"https:\/\/www.oarcanjo.net\/site\/wp-content\/uploads\/LogoOArcanjo.png","contentUrl":"https:\/\/www.oarcanjo.net\/site\/wp-content\/uploads\/LogoOArcanjo.png","width":319,"height":99,"caption":"Par\u00f3quia S\u00e3o Miguel Arcanjo"},"image":{"@id":"https:\/\/www.oarcanjo.net\/site\/#\/schema\/logo\/image\/"},"sameAs":["https:\/\/www.facebook.com\/OArcanjoNoAr\/"]},{"@type":"Person","@id":"https:\/\/www.oarcanjo.net\/site\/#\/schema\/person\/5eb9480bedd2f3c97e430ce128c29c6c","name":"danilo"}]}},"publishpress_future_action":{"enabled":false,"date":"2026-05-07 15:21:09","action":"category","newStatus":"draft","terms":[],"taxonomy":"category"},"publishpress_future_workflow_manual_trigger":{"enabledWorkflows":[]},"_links":{"self":[{"href":"https:\/\/www.oarcanjo.net\/site\/wp-json\/wp\/v2\/posts\/9021"}],"collection":[{"href":"https:\/\/www.oarcanjo.net\/site\/wp-json\/wp\/v2\/posts"}],"about":[{"href":"https:\/\/www.oarcanjo.net\/site\/wp-json\/wp\/v2\/types\/post"}],"author":[{"embeddable":true,"href":"https:\/\/www.oarcanjo.net\/site\/wp-json\/wp\/v2\/users\/14"}],"replies":[{"embeddable":true,"href":"https:\/\/www.oarcanjo.net\/site\/wp-json\/wp\/v2\/comments?post=9021"}],"version-history":[{"count":1,"href":"https:\/\/www.oarcanjo.net\/site\/wp-json\/wp\/v2\/posts\/9021\/revisions"}],"predecessor-version":[{"id":92911,"href":"https:\/\/www.oarcanjo.net\/site\/wp-json\/wp\/v2\/posts\/9021\/revisions\/92911"}],"wp:attachment":[{"href":"https:\/\/www.oarcanjo.net\/site\/wp-json\/wp\/v2\/media?parent=9021"}],"wp:term":[{"taxonomy":"category","embeddable":true,"href":"https:\/\/www.oarcanjo.net\/site\/wp-json\/wp\/v2\/categories?post=9021"},{"taxonomy":"post_tag","embeddable":true,"href":"https:\/\/www.oarcanjo.net\/site\/wp-json\/wp\/v2\/tags?post=9021"}],"curies":[{"name":"wp","href":"https:\/\/api.w.org\/{rel}","templated":true}]}}