
{"id":9023,"date":"2019-04-28T00:46:59","date_gmt":"2019-04-28T03:46:59","guid":{"rendered":"http:\/\/www.oarcanjo.net\/site\/?p=9023"},"modified":"2019-02-20T07:58:31","modified_gmt":"2019-02-20T10:58:31","slug":"sao-luis-maria-grignion-de-montfort","status":"publish","type":"post","link":"https:\/\/www.oarcanjo.net\/site\/sao-luis-maria-grignion-de-montfort\/","title":{"rendered":"S\u00e3o Lu\u00eds Maria Grignion de Montfort"},"content":{"rendered":"<p><img decoding=\"async\" src=\"http:\/\/blog.cancaonova.com\/fatimahoje\/files\/2008\/04\/yhst-88016479224295_1947_2347387.jpg\" alt=\"\" \/><\/p>\n<p>28 de Abril<\/p>\n<p>Fundou a Companhia de Maria<\/p>\n<p>Lu\u00eds Maria Grignion nasceu em Montfort, Fran\u00e7a, em 1673. Descendente de uma fam\u00edlia crist\u00e3 bem situada, recebeu uma excelente instru\u00e7\u00e3o e educa\u00e7\u00e3o. Ainda menino, decidiu seguir o caminho da f\u00e9 e vestiu o h\u00e1bito de sacerdote em 1700.<\/p>\n<p>Seu maior desejo era ser um mission\u00e1rio no Canad\u00e1, mas acabou sendo enviado a Poitiers, ali mesmo na Fran\u00e7a. Logo ficou famoso devido \u00e0 sua prepara\u00e7\u00e3o doutrinal e o discurso f\u00e1cil e atraente. Todos queriam ouvir suas palavras, mas sua caridade era outra: cuidar de pacientes com doen\u00e7as repugnantes.<\/p>\n<p>A id\u00e9ia de ser mission\u00e1rio n\u00e3o o abandonava. Mesmo contrariando seu superior, foi pedir permiss\u00e3o diretamente ao papa. Para tanto, fez uma viagem a p\u00e9, ida e volta, de Poitiers a Roma. Entretanto, o papa Clemente XI disse-lhe que havia urg\u00eancia, naquele momento, em pregar aos franceses, que viviam sob o conflito entre Roma e a doutrina jansenista, uma nova heresia.<\/p>\n<p>Lu\u00eds Maria obedeceu e passou a pregar nas cidades e no meio rural e, quando necess\u00e1rio, confrontava os doutores jansenistas com discurso igualmente douto, munido de sua autoridade teol\u00f3gica. Ainda assim, sua linguagem era extremamente acess\u00edvel aos mais humildes, adaptado ao seu cotidiano, \u00e0 sensibilidade popular, combinada com o exemplo de uma conduta coerente e crist\u00e3. Usava de um discurso fraterno, convidando o povo a adorar e confiar num Jesus amigo, em vez de tem\u00ea-lo como um r\u00edgido juiz. Outra caracter\u00edstica muito importante de sua prega\u00e7\u00e3o era a devo\u00e7\u00e3o extremada a Maria Sant\u00edssima.<\/p>\n<p>Embora a Igreja daquele tempo estivesse questionando certos aspectos do culto mariano, ele pregava a venera\u00e7\u00e3o sem excessos, firme e constante a Maria, a M\u00e3e de Deus. Por meio dela \u00e9 que Jesus fez o seu primeiro milagre nas bodas de Can\u00e1. Esse argumento, de fato, sempre esteve muito presente em todos os seus escritos e exorta\u00e7\u00f5es, como o tratado da &#8220;Verdadeira devo\u00e7\u00e3o \u00e0 Santa Virgem&#8221;, e todos eles relacionados com a pr\u00e1tica do Ros\u00e1rio. Seus textos foram publicados em 1842 e tornaram-se os fundamentos da piedade mariana. Em meados de 1712, Lu\u00eds Maria de Montfort elaborou as Regras e fundou uma nova ordem masculina: a dos Mission\u00e1rios da Companhia de Maria.<\/p>\n<p>Esses religiosos, chamados habitualmente de montfortianos, estenderam, aos poucos, as suas atividades pela Europa, Am\u00e9rica e \u00c1frica. Contudo seu fundador acompanhou apenas o seu in\u00edcio, porque morreu no dia 28 de abril de 1716, poucos anos depois de sua aprova\u00e7\u00e3o. Em 1947, o papa Pio XII proclamou-o santo.<\/p>\n<div id=\"themify_builder_content-9023\" data-postid=\"9023\" class=\"themify_builder_content themify_builder_content-9023 themify_builder themify_builder_front\">\n\t<\/div>\n<!-- \/themify_builder_content -->","protected":false},"excerpt":{"rendered":"<p>28 de Abril Fundou a Companhia de Maria Lu\u00eds Maria Grignion nasceu em Montfort, Fran\u00e7a, em 1673. Descendente de uma fam\u00edlia crist\u00e3 bem situada, recebeu uma excelente instru\u00e7\u00e3o e educa\u00e7\u00e3o. Ainda menino, decidiu seguir o caminho da f\u00e9 e vestiu o h\u00e1bito de sacerdote em 1700. Seu maior desejo era ser um mission\u00e1rio no Canad\u00e1, [&hellip;]<\/p>\n","protected":false},"author":14,"featured_media":0,"comment_status":"open","ping_status":"open","sticky":false,"template":"","format":"standard","meta":{"ngg_post_thumbnail":0,"footnotes":""},"categories":[186],"tags":[],"yoast_head":"<!-- This site is optimized with the Yoast SEO plugin v23.5 - https:\/\/yoast.com\/wordpress\/plugins\/seo\/ -->\n<title>S\u00e3o Lu\u00eds Maria Grignion de Montfort - O Arcanjo no ar<\/title>\n<meta name=\"robots\" content=\"index, follow, max-snippet:-1, max-image-preview:large, max-video-preview:-1\" \/>\n<link rel=\"canonical\" href=\"https:\/\/www.oarcanjo.net\/site\/sao-luis-maria-grignion-de-montfort\/\" \/>\n<meta property=\"og:locale\" content=\"pt_BR\" \/>\n<meta property=\"og:type\" content=\"article\" \/>\n<meta property=\"og:title\" content=\"S\u00e3o Lu\u00eds Maria Grignion de Montfort - O Arcanjo no ar\" \/>\n<meta property=\"og:description\" content=\"28 de Abril Fundou a Companhia de Maria Lu\u00eds Maria Grignion nasceu em Montfort, Fran\u00e7a, em 1673. Descendente de uma fam\u00edlia crist\u00e3 bem situada, recebeu uma excelente instru\u00e7\u00e3o e educa\u00e7\u00e3o. Ainda menino, decidiu seguir o caminho da f\u00e9 e vestiu o h\u00e1bito de sacerdote em 1700. Seu maior desejo era ser um mission\u00e1rio no Canad\u00e1, [&hellip;]\" \/>\n<meta property=\"og:url\" content=\"https:\/\/www.oarcanjo.net\/site\/sao-luis-maria-grignion-de-montfort\/\" \/>\n<meta property=\"og:site_name\" content=\"O Arcanjo no ar\" \/>\n<meta property=\"article:publisher\" content=\"https:\/\/www.facebook.com\/OArcanjoNoAr\/\" \/>\n<meta property=\"article:published_time\" content=\"2019-04-28T03:46:59+00:00\" \/>\n<meta property=\"article:modified_time\" content=\"2019-02-20T10:58:31+00:00\" \/>\n<meta property=\"og:image\" content=\"http:\/\/blog.cancaonova.com\/fatimahoje\/files\/2008\/04\/yhst-88016479224295_1947_2347387.jpg\" \/>\n<meta name=\"author\" content=\"danilo\" \/>\n<meta name=\"twitter:card\" content=\"summary_large_image\" \/>\n<meta name=\"twitter:label1\" content=\"Escrito por\" \/>\n\t<meta name=\"twitter:data1\" content=\"danilo\" \/>\n\t<meta name=\"twitter:label2\" content=\"Est. tempo de leitura\" \/>\n\t<meta name=\"twitter:data2\" content=\"2 minutos\" \/>\n<script type=\"application\/ld+json\" class=\"yoast-schema-graph\">{\"@context\":\"https:\/\/schema.org\",\"@graph\":[{\"@type\":\"Article\",\"@id\":\"https:\/\/www.oarcanjo.net\/site\/sao-luis-maria-grignion-de-montfort\/#article\",\"isPartOf\":{\"@id\":\"https:\/\/www.oarcanjo.net\/site\/sao-luis-maria-grignion-de-montfort\/\"},\"author\":{\"name\":\"danilo\",\"@id\":\"https:\/\/www.oarcanjo.net\/site\/#\/schema\/person\/5eb9480bedd2f3c97e430ce128c29c6c\"},\"headline\":\"S\u00e3o Lu\u00eds Maria Grignion de Montfort\",\"datePublished\":\"2019-04-28T03:46:59+00:00\",\"dateModified\":\"2019-02-20T10:58:31+00:00\",\"mainEntityOfPage\":{\"@id\":\"https:\/\/www.oarcanjo.net\/site\/sao-luis-maria-grignion-de-montfort\/\"},\"wordCount\":442,\"commentCount\":0,\"publisher\":{\"@id\":\"https:\/\/www.oarcanjo.net\/site\/#organization\"},\"image\":{\"@id\":\"https:\/\/www.oarcanjo.net\/site\/sao-luis-maria-grignion-de-montfort\/#primaryimage\"},\"thumbnailUrl\":\"http:\/\/blog.cancaonova.com\/fatimahoje\/files\/2008\/04\/yhst-88016479224295_1947_2347387.jpg\",\"articleSection\":[\"Testemunhos\"],\"inLanguage\":\"pt-BR\",\"potentialAction\":[{\"@type\":\"CommentAction\",\"name\":\"Comment\",\"target\":[\"https:\/\/www.oarcanjo.net\/site\/sao-luis-maria-grignion-de-montfort\/#respond\"]}]},{\"@type\":\"WebPage\",\"@id\":\"https:\/\/www.oarcanjo.net\/site\/sao-luis-maria-grignion-de-montfort\/\",\"url\":\"https:\/\/www.oarcanjo.net\/site\/sao-luis-maria-grignion-de-montfort\/\",\"name\":\"S\u00e3o Lu\u00eds Maria Grignion de Montfort - O Arcanjo no ar\",\"isPartOf\":{\"@id\":\"https:\/\/www.oarcanjo.net\/site\/#website\"},\"primaryImageOfPage\":{\"@id\":\"https:\/\/www.oarcanjo.net\/site\/sao-luis-maria-grignion-de-montfort\/#primaryimage\"},\"image\":{\"@id\":\"https:\/\/www.oarcanjo.net\/site\/sao-luis-maria-grignion-de-montfort\/#primaryimage\"},\"thumbnailUrl\":\"http:\/\/blog.cancaonova.com\/fatimahoje\/files\/2008\/04\/yhst-88016479224295_1947_2347387.jpg\",\"datePublished\":\"2019-04-28T03:46:59+00:00\",\"dateModified\":\"2019-02-20T10:58:31+00:00\",\"breadcrumb\":{\"@id\":\"https:\/\/www.oarcanjo.net\/site\/sao-luis-maria-grignion-de-montfort\/#breadcrumb\"},\"inLanguage\":\"pt-BR\",\"potentialAction\":[{\"@type\":\"ReadAction\",\"target\":[\"https:\/\/www.oarcanjo.net\/site\/sao-luis-maria-grignion-de-montfort\/\"]}]},{\"@type\":\"ImageObject\",\"inLanguage\":\"pt-BR\",\"@id\":\"https:\/\/www.oarcanjo.net\/site\/sao-luis-maria-grignion-de-montfort\/#primaryimage\",\"url\":\"http:\/\/blog.cancaonova.com\/fatimahoje\/files\/2008\/04\/yhst-88016479224295_1947_2347387.jpg\",\"contentUrl\":\"http:\/\/blog.cancaonova.com\/fatimahoje\/files\/2008\/04\/yhst-88016479224295_1947_2347387.jpg\"},{\"@type\":\"BreadcrumbList\",\"@id\":\"https:\/\/www.oarcanjo.net\/site\/sao-luis-maria-grignion-de-montfort\/#breadcrumb\",\"itemListElement\":[{\"@type\":\"ListItem\",\"position\":1,\"name\":\"In\u00edcio\",\"item\":\"https:\/\/www.oarcanjo.net\/site\/\"},{\"@type\":\"ListItem\",\"position\":2,\"name\":\"S\u00e3o Lu\u00eds Maria Grignion de Montfort\"}]},{\"@type\":\"WebSite\",\"@id\":\"https:\/\/www.oarcanjo.net\/site\/#website\",\"url\":\"https:\/\/www.oarcanjo.net\/site\/\",\"name\":\"O Arcanjo no ar\",\"description\":\"Site da Par\u00f3quia S\u00e3o Miguel Arcanjo (Arquidiocese de SP)\",\"publisher\":{\"@id\":\"https:\/\/www.oarcanjo.net\/site\/#organization\"},\"potentialAction\":[{\"@type\":\"SearchAction\",\"target\":{\"@type\":\"EntryPoint\",\"urlTemplate\":\"https:\/\/www.oarcanjo.net\/site\/?s={search_term_string}\"},\"query-input\":{\"@type\":\"PropertyValueSpecification\",\"valueRequired\":true,\"valueName\":\"search_term_string\"}}],\"inLanguage\":\"pt-BR\"},{\"@type\":\"Organization\",\"@id\":\"https:\/\/www.oarcanjo.net\/site\/#organization\",\"name\":\"Par\u00f3quia S\u00e3o Miguel Arcanjo\",\"url\":\"https:\/\/www.oarcanjo.net\/site\/\",\"logo\":{\"@type\":\"ImageObject\",\"inLanguage\":\"pt-BR\",\"@id\":\"https:\/\/www.oarcanjo.net\/site\/#\/schema\/logo\/image\/\",\"url\":\"https:\/\/www.oarcanjo.net\/site\/wp-content\/uploads\/LogoOArcanjo.png\",\"contentUrl\":\"https:\/\/www.oarcanjo.net\/site\/wp-content\/uploads\/LogoOArcanjo.png\",\"width\":319,\"height\":99,\"caption\":\"Par\u00f3quia S\u00e3o Miguel Arcanjo\"},\"image\":{\"@id\":\"https:\/\/www.oarcanjo.net\/site\/#\/schema\/logo\/image\/\"},\"sameAs\":[\"https:\/\/www.facebook.com\/OArcanjoNoAr\/\"]},{\"@type\":\"Person\",\"@id\":\"https:\/\/www.oarcanjo.net\/site\/#\/schema\/person\/5eb9480bedd2f3c97e430ce128c29c6c\",\"name\":\"danilo\"}]}<\/script>\n<!-- \/ Yoast SEO plugin. -->","yoast_head_json":{"title":"S\u00e3o Lu\u00eds Maria Grignion de Montfort - O Arcanjo no ar","robots":{"index":"index","follow":"follow","max-snippet":"max-snippet:-1","max-image-preview":"max-image-preview:large","max-video-preview":"max-video-preview:-1"},"canonical":"https:\/\/www.oarcanjo.net\/site\/sao-luis-maria-grignion-de-montfort\/","og_locale":"pt_BR","og_type":"article","og_title":"S\u00e3o Lu\u00eds Maria Grignion de Montfort - O Arcanjo no ar","og_description":"28 de Abril Fundou a Companhia de Maria Lu\u00eds Maria Grignion nasceu em Montfort, Fran\u00e7a, em 1673. Descendente de uma fam\u00edlia crist\u00e3 bem situada, recebeu uma excelente instru\u00e7\u00e3o e educa\u00e7\u00e3o. Ainda menino, decidiu seguir o caminho da f\u00e9 e vestiu o h\u00e1bito de sacerdote em 1700. Seu maior desejo era ser um mission\u00e1rio no Canad\u00e1, [&hellip;]","og_url":"https:\/\/www.oarcanjo.net\/site\/sao-luis-maria-grignion-de-montfort\/","og_site_name":"O Arcanjo no ar","article_publisher":"https:\/\/www.facebook.com\/OArcanjoNoAr\/","article_published_time":"2019-04-28T03:46:59+00:00","article_modified_time":"2019-02-20T10:58:31+00:00","og_image":[{"url":"http:\/\/blog.cancaonova.com\/fatimahoje\/files\/2008\/04\/yhst-88016479224295_1947_2347387.jpg"}],"author":"danilo","twitter_card":"summary_large_image","twitter_misc":{"Escrito por":"danilo","Est. tempo de leitura":"2 minutos"},"schema":{"@context":"https:\/\/schema.org","@graph":[{"@type":"Article","@id":"https:\/\/www.oarcanjo.net\/site\/sao-luis-maria-grignion-de-montfort\/#article","isPartOf":{"@id":"https:\/\/www.oarcanjo.net\/site\/sao-luis-maria-grignion-de-montfort\/"},"author":{"name":"danilo","@id":"https:\/\/www.oarcanjo.net\/site\/#\/schema\/person\/5eb9480bedd2f3c97e430ce128c29c6c"},"headline":"S\u00e3o Lu\u00eds Maria Grignion de Montfort","datePublished":"2019-04-28T03:46:59+00:00","dateModified":"2019-02-20T10:58:31+00:00","mainEntityOfPage":{"@id":"https:\/\/www.oarcanjo.net\/site\/sao-luis-maria-grignion-de-montfort\/"},"wordCount":442,"commentCount":0,"publisher":{"@id":"https:\/\/www.oarcanjo.net\/site\/#organization"},"image":{"@id":"https:\/\/www.oarcanjo.net\/site\/sao-luis-maria-grignion-de-montfort\/#primaryimage"},"thumbnailUrl":"http:\/\/blog.cancaonova.com\/fatimahoje\/files\/2008\/04\/yhst-88016479224295_1947_2347387.jpg","articleSection":["Testemunhos"],"inLanguage":"pt-BR","potentialAction":[{"@type":"CommentAction","name":"Comment","target":["https:\/\/www.oarcanjo.net\/site\/sao-luis-maria-grignion-de-montfort\/#respond"]}]},{"@type":"WebPage","@id":"https:\/\/www.oarcanjo.net\/site\/sao-luis-maria-grignion-de-montfort\/","url":"https:\/\/www.oarcanjo.net\/site\/sao-luis-maria-grignion-de-montfort\/","name":"S\u00e3o Lu\u00eds Maria Grignion de Montfort - O Arcanjo no ar","isPartOf":{"@id":"https:\/\/www.oarcanjo.net\/site\/#website"},"primaryImageOfPage":{"@id":"https:\/\/www.oarcanjo.net\/site\/sao-luis-maria-grignion-de-montfort\/#primaryimage"},"image":{"@id":"https:\/\/www.oarcanjo.net\/site\/sao-luis-maria-grignion-de-montfort\/#primaryimage"},"thumbnailUrl":"http:\/\/blog.cancaonova.com\/fatimahoje\/files\/2008\/04\/yhst-88016479224295_1947_2347387.jpg","datePublished":"2019-04-28T03:46:59+00:00","dateModified":"2019-02-20T10:58:31+00:00","breadcrumb":{"@id":"https:\/\/www.oarcanjo.net\/site\/sao-luis-maria-grignion-de-montfort\/#breadcrumb"},"inLanguage":"pt-BR","potentialAction":[{"@type":"ReadAction","target":["https:\/\/www.oarcanjo.net\/site\/sao-luis-maria-grignion-de-montfort\/"]}]},{"@type":"ImageObject","inLanguage":"pt-BR","@id":"https:\/\/www.oarcanjo.net\/site\/sao-luis-maria-grignion-de-montfort\/#primaryimage","url":"http:\/\/blog.cancaonova.com\/fatimahoje\/files\/2008\/04\/yhst-88016479224295_1947_2347387.jpg","contentUrl":"http:\/\/blog.cancaonova.com\/fatimahoje\/files\/2008\/04\/yhst-88016479224295_1947_2347387.jpg"},{"@type":"BreadcrumbList","@id":"https:\/\/www.oarcanjo.net\/site\/sao-luis-maria-grignion-de-montfort\/#breadcrumb","itemListElement":[{"@type":"ListItem","position":1,"name":"In\u00edcio","item":"https:\/\/www.oarcanjo.net\/site\/"},{"@type":"ListItem","position":2,"name":"S\u00e3o Lu\u00eds Maria Grignion de Montfort"}]},{"@type":"WebSite","@id":"https:\/\/www.oarcanjo.net\/site\/#website","url":"https:\/\/www.oarcanjo.net\/site\/","name":"O Arcanjo no ar","description":"Site da Par\u00f3quia S\u00e3o Miguel Arcanjo (Arquidiocese de SP)","publisher":{"@id":"https:\/\/www.oarcanjo.net\/site\/#organization"},"potentialAction":[{"@type":"SearchAction","target":{"@type":"EntryPoint","urlTemplate":"https:\/\/www.oarcanjo.net\/site\/?s={search_term_string}"},"query-input":{"@type":"PropertyValueSpecification","valueRequired":true,"valueName":"search_term_string"}}],"inLanguage":"pt-BR"},{"@type":"Organization","@id":"https:\/\/www.oarcanjo.net\/site\/#organization","name":"Par\u00f3quia S\u00e3o Miguel Arcanjo","url":"https:\/\/www.oarcanjo.net\/site\/","logo":{"@type":"ImageObject","inLanguage":"pt-BR","@id":"https:\/\/www.oarcanjo.net\/site\/#\/schema\/logo\/image\/","url":"https:\/\/www.oarcanjo.net\/site\/wp-content\/uploads\/LogoOArcanjo.png","contentUrl":"https:\/\/www.oarcanjo.net\/site\/wp-content\/uploads\/LogoOArcanjo.png","width":319,"height":99,"caption":"Par\u00f3quia S\u00e3o Miguel Arcanjo"},"image":{"@id":"https:\/\/www.oarcanjo.net\/site\/#\/schema\/logo\/image\/"},"sameAs":["https:\/\/www.facebook.com\/OArcanjoNoAr\/"]},{"@type":"Person","@id":"https:\/\/www.oarcanjo.net\/site\/#\/schema\/person\/5eb9480bedd2f3c97e430ce128c29c6c","name":"danilo"}]}},"publishpress_future_action":{"enabled":false,"date":"2026-05-07 15:21:38","action":"category","newStatus":"draft","terms":[],"taxonomy":"category"},"publishpress_future_workflow_manual_trigger":{"enabledWorkflows":[]},"_links":{"self":[{"href":"https:\/\/www.oarcanjo.net\/site\/wp-json\/wp\/v2\/posts\/9023"}],"collection":[{"href":"https:\/\/www.oarcanjo.net\/site\/wp-json\/wp\/v2\/posts"}],"about":[{"href":"https:\/\/www.oarcanjo.net\/site\/wp-json\/wp\/v2\/types\/post"}],"author":[{"embeddable":true,"href":"https:\/\/www.oarcanjo.net\/site\/wp-json\/wp\/v2\/users\/14"}],"replies":[{"embeddable":true,"href":"https:\/\/www.oarcanjo.net\/site\/wp-json\/wp\/v2\/comments?post=9023"}],"version-history":[{"count":1,"href":"https:\/\/www.oarcanjo.net\/site\/wp-json\/wp\/v2\/posts\/9023\/revisions"}],"predecessor-version":[{"id":92912,"href":"https:\/\/www.oarcanjo.net\/site\/wp-json\/wp\/v2\/posts\/9023\/revisions\/92912"}],"wp:attachment":[{"href":"https:\/\/www.oarcanjo.net\/site\/wp-json\/wp\/v2\/media?parent=9023"}],"wp:term":[{"taxonomy":"category","embeddable":true,"href":"https:\/\/www.oarcanjo.net\/site\/wp-json\/wp\/v2\/categories?post=9023"},{"taxonomy":"post_tag","embeddable":true,"href":"https:\/\/www.oarcanjo.net\/site\/wp-json\/wp\/v2\/tags?post=9023"}],"curies":[{"name":"wp","href":"https:\/\/api.w.org\/{rel}","templated":true}]}}