
{"id":9025,"date":"2019-04-28T00:48:27","date_gmt":"2019-04-28T03:48:27","guid":{"rendered":"http:\/\/www.oarcanjo.net\/site\/?p=9025"},"modified":"2019-02-20T07:54:46","modified_gmt":"2019-02-20T10:54:46","slug":"santa-joana-gianna-baretta-molla","status":"publish","type":"post","link":"https:\/\/www.oarcanjo.net\/site\/santa-joana-gianna-baretta-molla\/","title":{"rendered":"Santa Joana (Gianna) Baretta Molla"},"content":{"rendered":"<p><img loading=\"lazy\" decoding=\"async\" src=\"http:\/\/www.operadellavita.it\/+++04.02.2007.santa%20gianna%20beretta%20molla%20con%20due%20figli.jpg\" alt=\"\" width=\"473\" height=\"594\" \/><\/p>\n<p>28 de Abril<\/p>\n<p>Na fam\u00edlia italiana dos Baretta de Mil\u00e3o, os treze filhos foram reduzidos a oito pela epidemia da gripe espanhola e por duas mortes ocorridas na primeira inf\u00e2ncia. Desses oito, sa\u00edram uma pianista, dois engenheiros, quatro m\u00e9dicos e uma farmac\u00eautica. Um dos engenheiros, Jos\u00e9, depois se fez sacerdote, e dois m\u00e9dicos fizeram-se religiosos mission\u00e1rios: madre Virg\u00ednia e padre Alberto.<\/p>\n<p>Gianna Baretta, para n\u00f3s Joana, a pen\u00faltima dos oito, nasceu no dia 4 de outubro de 1922 na cidade de Magenta, onde cresceu e se formou m\u00e9dica cirurgi\u00e3, com especializa\u00e7\u00e3o em pediatria, conclu\u00edda 1952. Por\u00e9m preferiu exercer cl\u00ednica geral, atendendo especialmente os velhos abandonados e carentes. Para ela, tudo era dever, tudo era sagrado: &#8220;Quem toca o corpo de um paciente, toca o corpo de Cristo&#8221;, dizia.<\/p>\n<p>Em 1955, ela se casa com Pedro Molla. O casal vive na tradi\u00e7\u00e3o religiosa familiar: missa, ora\u00e7\u00e3o e eucaristia, inserida com harmonia na Modernidade. Joana ama esquiar na neve, pintar e a m\u00fasica tamb\u00e9m. Ela freq\u00fcenta o teatro e os concertos com o marido, importante diretor industrial, sempre muito ocupado.<\/p>\n<p>Residem em Magenta mesmo, onde Joana participa ativamente tamb\u00e9m da vida local da Associa\u00e7\u00e3o Cat\u00f3lica Feminina. Os retiros espirituais s\u00e3o momentos de forte interioriza\u00e7\u00e3o e ela \u00e9 a verdadeira colaboradora dessas novidades felizes da comunidade cat\u00f3lica. Vive essa atribui\u00e7\u00e3o como sua miss\u00e3o de m\u00e9dica.<\/p>\n<p>Nascem os filhos: Pedro Luiz , Maria Rita e Laura . No m\u00eas de setembro de 1961, no in\u00edcio da quarta gravidez, \u00e9 hospitalizada e ent\u00e3o \u00e9 descoberto um fibroma no \u00fatero. Diante da gravidade, sempre mais evidente, do caso, a \u00fanica perspectiva de sobreviver \u00e9 renunciar \u00e0 gravidez, para n\u00e3o deixar \u00f3rf\u00e3os os tr\u00eas filhos. Mas Joana possui valores crist\u00e3os firmemente consolidados e coloca em primeiro lugar o direito \u00e0 vida. E assim decide, com o pre\u00e7o da sua vida, ter o beb\u00ea.<\/p>\n<p>Joana Emanuela nasce e sua m\u00e3e ainda a segura nos bra\u00e7os antes de morrer, no dia 28 de abril de 1962. Uma morte que \u00e9 uma mensagem iluminada do amor em Cristo.<\/p>\n<p>Ap\u00f3s sua morte, o marido l\u00ea as anota\u00e7\u00f5es pessoais de Joana que antecediam os retiros espirituais, e descobre sua conex\u00e3o indissol\u00favel com o amor, o sacrif\u00edcio e a f\u00e9 inabal\u00e1vel.<\/p>\n<p>Ao proclamar santa Joana Baretta Molla, em 2004, o papa Jo\u00e3o Paulo II quis exaltar, juntamente com seu hero\u00edsmo final, a sua exist\u00eancia inteira, os ensinamentos de toda uma vida no seguimento de Jesus, exemplo para os casais modernos.<\/p>\n<p>Joana Emanuela, a filha nascida do seu sacrif\u00edcio, em pronunciamento nessa ocasi\u00e3o, disse: &#8220;Sinto em mim a for\u00e7a e a coragem de viver, sinto que a vida me sorri&#8221;. Ela ainda disse que rende homenagem \u00e0 m\u00e3e &#8220;dedicando a minha vida \u00e0 cura e assist\u00eancia aos anci\u00e3os&#8221;.<\/p>\n<p><img loading=\"lazy\" decoding=\"async\" src=\"http:\/\/www.gesuiti.it\/moscati\/Img\/Gianna_PP.jpg\" alt=\"\" width=\"215\" height=\"288\" \/><img loading=\"lazy\" decoding=\"async\" src=\"http:\/\/www.gesuiti.it\/moscati\/Img\/G_Emanuela.jpg\" alt=\"\" width=\"175\" height=\"245\" \/><\/p>\n<p>Ora\u00e7\u00e3o<\/p>\n<p>Santa, m\u00e9dica esposa e m\u00e3e,<br \/>\nVencedora por sua op\u00e7\u00e3o corajosa.<br \/>\nN\u00e3o hesitou em escolher pela vida,<br \/>\nEsperou em Deus e isso a fez milagrosa.<\/p>\n<p>Oh Gianna: que o ventre materno seja sempre<br \/>\nComo um c\u00e9u para as obras divinas que nascer\u00e3o.<br \/>\nRogue pelas mulheres brasileiras:<br \/>\nQue as m\u00e3es n\u00e3o abortem seus filhos,<br \/>\nE que a luta em defesa da vida<br \/>\nN\u00e3o se torne em v\u00e3o!!<\/p>\n<p>Que os beb\u00eas anenc\u00e9falos n\u00e3o sejam abortados,<br \/>\nComo Marcela de Jesus, tenham seu tempo de vida respeitado.<br \/>\nE antes de partirem para a casa do Pai,<br \/>\nSintam-se valorosos e amados.<\/p>\n<p>Que os nascituros concebidos em tempo infeliz,<br \/>\nOu em momento de viol\u00eancia sexual,<br \/>\nE os ignorados pelo pai homem,<br \/>\nSejam acolhidos por suas m\u00e3es.<br \/>\nD\u00ea a eles o direito de nascer<br \/>\nProtegendo-os contra todo o mal!<\/p>\n<p>Santa Gianna mulher e m\u00e9dica,<br \/>\nAjude-nos no apelo as mulheres m\u00e3es e homens pais<br \/>\nPara n\u00e3o abandonarem seus filhos embri\u00f5es<br \/>\nCongelados a pesquisas que sabemos sem sucesso.<br \/>\nMas tamb\u00e9m que os filhos embri\u00f5es n\u00e3o sejam descartados.<br \/>\nRogue para que sejam adotados<br \/>\nE se tornem ent\u00e3o seres humanos consagrados.<\/p>\n<p>Santa Gianna esposa e m\u00e3e,<br \/>\nQue as fam\u00edlias tenham p\u00e3o!<br \/>\nInterceda as Senhor pelas mulheres m\u00e3es<br \/>\nPara que n\u00e3o matem seus filhos por Deus planejado<br \/>\nE n\u00e3o permita que no Brasil<br \/>\nO aborto seja legalizado!!<\/p>\n<div id=\"themify_builder_content-9025\" data-postid=\"9025\" class=\"themify_builder_content themify_builder_content-9025 themify_builder themify_builder_front\">\n\t<\/div>\n<!-- \/themify_builder_content -->","protected":false},"excerpt":{"rendered":"<p>28 de Abril Na fam\u00edlia italiana dos Baretta de Mil\u00e3o, os treze filhos foram reduzidos a oito pela epidemia da gripe espanhola e por duas mortes ocorridas na primeira inf\u00e2ncia. Desses oito, sa\u00edram uma pianista, dois engenheiros, quatro m\u00e9dicos e uma farmac\u00eautica. Um dos engenheiros, Jos\u00e9, depois se fez sacerdote, e dois m\u00e9dicos fizeram-se religiosos [&hellip;]<\/p>\n","protected":false},"author":14,"featured_media":0,"comment_status":"open","ping_status":"open","sticky":false,"template":"","format":"standard","meta":{"ngg_post_thumbnail":0,"footnotes":""},"categories":[186],"tags":[],"yoast_head":"<!-- This site is optimized with the Yoast SEO plugin v23.5 - https:\/\/yoast.com\/wordpress\/plugins\/seo\/ -->\n<title>Santa Joana (Gianna) Baretta Molla - O Arcanjo no ar<\/title>\n<meta name=\"robots\" content=\"index, follow, max-snippet:-1, max-image-preview:large, max-video-preview:-1\" \/>\n<link rel=\"canonical\" href=\"https:\/\/www.oarcanjo.net\/site\/santa-joana-gianna-baretta-molla\/\" \/>\n<meta property=\"og:locale\" content=\"pt_BR\" \/>\n<meta property=\"og:type\" content=\"article\" \/>\n<meta property=\"og:title\" content=\"Santa Joana (Gianna) Baretta Molla - O Arcanjo no ar\" \/>\n<meta property=\"og:description\" content=\"28 de Abril Na fam\u00edlia italiana dos Baretta de Mil\u00e3o, os treze filhos foram reduzidos a oito pela epidemia da gripe espanhola e por duas mortes ocorridas na primeira inf\u00e2ncia. Desses oito, sa\u00edram uma pianista, dois engenheiros, quatro m\u00e9dicos e uma farmac\u00eautica. Um dos engenheiros, Jos\u00e9, depois se fez sacerdote, e dois m\u00e9dicos fizeram-se religiosos [&hellip;]\" \/>\n<meta property=\"og:url\" content=\"https:\/\/www.oarcanjo.net\/site\/santa-joana-gianna-baretta-molla\/\" \/>\n<meta property=\"og:site_name\" content=\"O Arcanjo no ar\" \/>\n<meta property=\"article:publisher\" content=\"https:\/\/www.facebook.com\/OArcanjoNoAr\/\" \/>\n<meta property=\"article:published_time\" content=\"2019-04-28T03:48:27+00:00\" \/>\n<meta property=\"article:modified_time\" content=\"2019-02-20T10:54:46+00:00\" \/>\n<meta property=\"og:image\" content=\"http:\/\/www.operadellavita.it\/+++04.02.2007.santa%20gianna%20beretta%20molla%20con%20due%20figli.jpg\" \/>\n<meta name=\"author\" content=\"danilo\" \/>\n<meta name=\"twitter:card\" content=\"summary_large_image\" \/>\n<meta name=\"twitter:label1\" content=\"Escrito por\" \/>\n\t<meta name=\"twitter:data1\" content=\"danilo\" \/>\n\t<meta name=\"twitter:label2\" content=\"Est. tempo de leitura\" \/>\n\t<meta name=\"twitter:data2\" content=\"4 minutos\" \/>\n<script type=\"application\/ld+json\" class=\"yoast-schema-graph\">{\"@context\":\"https:\/\/schema.org\",\"@graph\":[{\"@type\":\"Article\",\"@id\":\"https:\/\/www.oarcanjo.net\/site\/santa-joana-gianna-baretta-molla\/#article\",\"isPartOf\":{\"@id\":\"https:\/\/www.oarcanjo.net\/site\/santa-joana-gianna-baretta-molla\/\"},\"author\":{\"name\":\"danilo\",\"@id\":\"https:\/\/www.oarcanjo.net\/site\/#\/schema\/person\/5eb9480bedd2f3c97e430ce128c29c6c\"},\"headline\":\"Santa Joana (Gianna) Baretta Molla\",\"datePublished\":\"2019-04-28T03:48:27+00:00\",\"dateModified\":\"2019-02-20T10:54:46+00:00\",\"mainEntityOfPage\":{\"@id\":\"https:\/\/www.oarcanjo.net\/site\/santa-joana-gianna-baretta-molla\/\"},\"wordCount\":739,\"commentCount\":0,\"publisher\":{\"@id\":\"https:\/\/www.oarcanjo.net\/site\/#organization\"},\"image\":{\"@id\":\"https:\/\/www.oarcanjo.net\/site\/santa-joana-gianna-baretta-molla\/#primaryimage\"},\"thumbnailUrl\":\"http:\/\/www.operadellavita.it\/+++04.02.2007.santa%20gianna%20beretta%20molla%20con%20due%20figli.jpg\",\"articleSection\":[\"Testemunhos\"],\"inLanguage\":\"pt-BR\",\"potentialAction\":[{\"@type\":\"CommentAction\",\"name\":\"Comment\",\"target\":[\"https:\/\/www.oarcanjo.net\/site\/santa-joana-gianna-baretta-molla\/#respond\"]}]},{\"@type\":\"WebPage\",\"@id\":\"https:\/\/www.oarcanjo.net\/site\/santa-joana-gianna-baretta-molla\/\",\"url\":\"https:\/\/www.oarcanjo.net\/site\/santa-joana-gianna-baretta-molla\/\",\"name\":\"Santa Joana (Gianna) Baretta Molla - O Arcanjo no ar\",\"isPartOf\":{\"@id\":\"https:\/\/www.oarcanjo.net\/site\/#website\"},\"primaryImageOfPage\":{\"@id\":\"https:\/\/www.oarcanjo.net\/site\/santa-joana-gianna-baretta-molla\/#primaryimage\"},\"image\":{\"@id\":\"https:\/\/www.oarcanjo.net\/site\/santa-joana-gianna-baretta-molla\/#primaryimage\"},\"thumbnailUrl\":\"http:\/\/www.operadellavita.it\/+++04.02.2007.santa%20gianna%20beretta%20molla%20con%20due%20figli.jpg\",\"datePublished\":\"2019-04-28T03:48:27+00:00\",\"dateModified\":\"2019-02-20T10:54:46+00:00\",\"breadcrumb\":{\"@id\":\"https:\/\/www.oarcanjo.net\/site\/santa-joana-gianna-baretta-molla\/#breadcrumb\"},\"inLanguage\":\"pt-BR\",\"potentialAction\":[{\"@type\":\"ReadAction\",\"target\":[\"https:\/\/www.oarcanjo.net\/site\/santa-joana-gianna-baretta-molla\/\"]}]},{\"@type\":\"ImageObject\",\"inLanguage\":\"pt-BR\",\"@id\":\"https:\/\/www.oarcanjo.net\/site\/santa-joana-gianna-baretta-molla\/#primaryimage\",\"url\":\"http:\/\/www.operadellavita.it\/+++04.02.2007.santa%20gianna%20beretta%20molla%20con%20due%20figli.jpg\",\"contentUrl\":\"http:\/\/www.operadellavita.it\/+++04.02.2007.santa%20gianna%20beretta%20molla%20con%20due%20figli.jpg\"},{\"@type\":\"BreadcrumbList\",\"@id\":\"https:\/\/www.oarcanjo.net\/site\/santa-joana-gianna-baretta-molla\/#breadcrumb\",\"itemListElement\":[{\"@type\":\"ListItem\",\"position\":1,\"name\":\"In\u00edcio\",\"item\":\"https:\/\/www.oarcanjo.net\/site\/\"},{\"@type\":\"ListItem\",\"position\":2,\"name\":\"Santa Joana (Gianna) Baretta Molla\"}]},{\"@type\":\"WebSite\",\"@id\":\"https:\/\/www.oarcanjo.net\/site\/#website\",\"url\":\"https:\/\/www.oarcanjo.net\/site\/\",\"name\":\"O Arcanjo no ar\",\"description\":\"Site da Par\u00f3quia S\u00e3o Miguel Arcanjo (Arquidiocese de SP)\",\"publisher\":{\"@id\":\"https:\/\/www.oarcanjo.net\/site\/#organization\"},\"potentialAction\":[{\"@type\":\"SearchAction\",\"target\":{\"@type\":\"EntryPoint\",\"urlTemplate\":\"https:\/\/www.oarcanjo.net\/site\/?s={search_term_string}\"},\"query-input\":{\"@type\":\"PropertyValueSpecification\",\"valueRequired\":true,\"valueName\":\"search_term_string\"}}],\"inLanguage\":\"pt-BR\"},{\"@type\":\"Organization\",\"@id\":\"https:\/\/www.oarcanjo.net\/site\/#organization\",\"name\":\"Par\u00f3quia S\u00e3o Miguel Arcanjo\",\"url\":\"https:\/\/www.oarcanjo.net\/site\/\",\"logo\":{\"@type\":\"ImageObject\",\"inLanguage\":\"pt-BR\",\"@id\":\"https:\/\/www.oarcanjo.net\/site\/#\/schema\/logo\/image\/\",\"url\":\"https:\/\/www.oarcanjo.net\/site\/wp-content\/uploads\/LogoOArcanjo.png\",\"contentUrl\":\"https:\/\/www.oarcanjo.net\/site\/wp-content\/uploads\/LogoOArcanjo.png\",\"width\":319,\"height\":99,\"caption\":\"Par\u00f3quia S\u00e3o Miguel Arcanjo\"},\"image\":{\"@id\":\"https:\/\/www.oarcanjo.net\/site\/#\/schema\/logo\/image\/\"},\"sameAs\":[\"https:\/\/www.facebook.com\/OArcanjoNoAr\/\"]},{\"@type\":\"Person\",\"@id\":\"https:\/\/www.oarcanjo.net\/site\/#\/schema\/person\/5eb9480bedd2f3c97e430ce128c29c6c\",\"name\":\"danilo\"}]}<\/script>\n<!-- \/ Yoast SEO plugin. -->","yoast_head_json":{"title":"Santa Joana (Gianna) Baretta Molla - O Arcanjo no ar","robots":{"index":"index","follow":"follow","max-snippet":"max-snippet:-1","max-image-preview":"max-image-preview:large","max-video-preview":"max-video-preview:-1"},"canonical":"https:\/\/www.oarcanjo.net\/site\/santa-joana-gianna-baretta-molla\/","og_locale":"pt_BR","og_type":"article","og_title":"Santa Joana (Gianna) Baretta Molla - O Arcanjo no ar","og_description":"28 de Abril Na fam\u00edlia italiana dos Baretta de Mil\u00e3o, os treze filhos foram reduzidos a oito pela epidemia da gripe espanhola e por duas mortes ocorridas na primeira inf\u00e2ncia. Desses oito, sa\u00edram uma pianista, dois engenheiros, quatro m\u00e9dicos e uma farmac\u00eautica. Um dos engenheiros, Jos\u00e9, depois se fez sacerdote, e dois m\u00e9dicos fizeram-se religiosos [&hellip;]","og_url":"https:\/\/www.oarcanjo.net\/site\/santa-joana-gianna-baretta-molla\/","og_site_name":"O Arcanjo no ar","article_publisher":"https:\/\/www.facebook.com\/OArcanjoNoAr\/","article_published_time":"2019-04-28T03:48:27+00:00","article_modified_time":"2019-02-20T10:54:46+00:00","og_image":[{"url":"http:\/\/www.operadellavita.it\/+++04.02.2007.santa%20gianna%20beretta%20molla%20con%20due%20figli.jpg"}],"author":"danilo","twitter_card":"summary_large_image","twitter_misc":{"Escrito por":"danilo","Est. tempo de leitura":"4 minutos"},"schema":{"@context":"https:\/\/schema.org","@graph":[{"@type":"Article","@id":"https:\/\/www.oarcanjo.net\/site\/santa-joana-gianna-baretta-molla\/#article","isPartOf":{"@id":"https:\/\/www.oarcanjo.net\/site\/santa-joana-gianna-baretta-molla\/"},"author":{"name":"danilo","@id":"https:\/\/www.oarcanjo.net\/site\/#\/schema\/person\/5eb9480bedd2f3c97e430ce128c29c6c"},"headline":"Santa Joana (Gianna) Baretta Molla","datePublished":"2019-04-28T03:48:27+00:00","dateModified":"2019-02-20T10:54:46+00:00","mainEntityOfPage":{"@id":"https:\/\/www.oarcanjo.net\/site\/santa-joana-gianna-baretta-molla\/"},"wordCount":739,"commentCount":0,"publisher":{"@id":"https:\/\/www.oarcanjo.net\/site\/#organization"},"image":{"@id":"https:\/\/www.oarcanjo.net\/site\/santa-joana-gianna-baretta-molla\/#primaryimage"},"thumbnailUrl":"http:\/\/www.operadellavita.it\/+++04.02.2007.santa%20gianna%20beretta%20molla%20con%20due%20figli.jpg","articleSection":["Testemunhos"],"inLanguage":"pt-BR","potentialAction":[{"@type":"CommentAction","name":"Comment","target":["https:\/\/www.oarcanjo.net\/site\/santa-joana-gianna-baretta-molla\/#respond"]}]},{"@type":"WebPage","@id":"https:\/\/www.oarcanjo.net\/site\/santa-joana-gianna-baretta-molla\/","url":"https:\/\/www.oarcanjo.net\/site\/santa-joana-gianna-baretta-molla\/","name":"Santa Joana (Gianna) Baretta Molla - O Arcanjo no ar","isPartOf":{"@id":"https:\/\/www.oarcanjo.net\/site\/#website"},"primaryImageOfPage":{"@id":"https:\/\/www.oarcanjo.net\/site\/santa-joana-gianna-baretta-molla\/#primaryimage"},"image":{"@id":"https:\/\/www.oarcanjo.net\/site\/santa-joana-gianna-baretta-molla\/#primaryimage"},"thumbnailUrl":"http:\/\/www.operadellavita.it\/+++04.02.2007.santa%20gianna%20beretta%20molla%20con%20due%20figli.jpg","datePublished":"2019-04-28T03:48:27+00:00","dateModified":"2019-02-20T10:54:46+00:00","breadcrumb":{"@id":"https:\/\/www.oarcanjo.net\/site\/santa-joana-gianna-baretta-molla\/#breadcrumb"},"inLanguage":"pt-BR","potentialAction":[{"@type":"ReadAction","target":["https:\/\/www.oarcanjo.net\/site\/santa-joana-gianna-baretta-molla\/"]}]},{"@type":"ImageObject","inLanguage":"pt-BR","@id":"https:\/\/www.oarcanjo.net\/site\/santa-joana-gianna-baretta-molla\/#primaryimage","url":"http:\/\/www.operadellavita.it\/+++04.02.2007.santa%20gianna%20beretta%20molla%20con%20due%20figli.jpg","contentUrl":"http:\/\/www.operadellavita.it\/+++04.02.2007.santa%20gianna%20beretta%20molla%20con%20due%20figli.jpg"},{"@type":"BreadcrumbList","@id":"https:\/\/www.oarcanjo.net\/site\/santa-joana-gianna-baretta-molla\/#breadcrumb","itemListElement":[{"@type":"ListItem","position":1,"name":"In\u00edcio","item":"https:\/\/www.oarcanjo.net\/site\/"},{"@type":"ListItem","position":2,"name":"Santa Joana (Gianna) Baretta Molla"}]},{"@type":"WebSite","@id":"https:\/\/www.oarcanjo.net\/site\/#website","url":"https:\/\/www.oarcanjo.net\/site\/","name":"O Arcanjo no ar","description":"Site da Par\u00f3quia S\u00e3o Miguel Arcanjo (Arquidiocese de SP)","publisher":{"@id":"https:\/\/www.oarcanjo.net\/site\/#organization"},"potentialAction":[{"@type":"SearchAction","target":{"@type":"EntryPoint","urlTemplate":"https:\/\/www.oarcanjo.net\/site\/?s={search_term_string}"},"query-input":{"@type":"PropertyValueSpecification","valueRequired":true,"valueName":"search_term_string"}}],"inLanguage":"pt-BR"},{"@type":"Organization","@id":"https:\/\/www.oarcanjo.net\/site\/#organization","name":"Par\u00f3quia S\u00e3o Miguel Arcanjo","url":"https:\/\/www.oarcanjo.net\/site\/","logo":{"@type":"ImageObject","inLanguage":"pt-BR","@id":"https:\/\/www.oarcanjo.net\/site\/#\/schema\/logo\/image\/","url":"https:\/\/www.oarcanjo.net\/site\/wp-content\/uploads\/LogoOArcanjo.png","contentUrl":"https:\/\/www.oarcanjo.net\/site\/wp-content\/uploads\/LogoOArcanjo.png","width":319,"height":99,"caption":"Par\u00f3quia S\u00e3o Miguel Arcanjo"},"image":{"@id":"https:\/\/www.oarcanjo.net\/site\/#\/schema\/logo\/image\/"},"sameAs":["https:\/\/www.facebook.com\/OArcanjoNoAr\/"]},{"@type":"Person","@id":"https:\/\/www.oarcanjo.net\/site\/#\/schema\/person\/5eb9480bedd2f3c97e430ce128c29c6c","name":"danilo"}]}},"publishpress_future_action":{"enabled":false,"date":"2026-05-07 15:21:58","action":"category","newStatus":"draft","terms":[],"taxonomy":"category"},"publishpress_future_workflow_manual_trigger":{"enabledWorkflows":[]},"_links":{"self":[{"href":"https:\/\/www.oarcanjo.net\/site\/wp-json\/wp\/v2\/posts\/9025"}],"collection":[{"href":"https:\/\/www.oarcanjo.net\/site\/wp-json\/wp\/v2\/posts"}],"about":[{"href":"https:\/\/www.oarcanjo.net\/site\/wp-json\/wp\/v2\/types\/post"}],"author":[{"embeddable":true,"href":"https:\/\/www.oarcanjo.net\/site\/wp-json\/wp\/v2\/users\/14"}],"replies":[{"embeddable":true,"href":"https:\/\/www.oarcanjo.net\/site\/wp-json\/wp\/v2\/comments?post=9025"}],"version-history":[{"count":1,"href":"https:\/\/www.oarcanjo.net\/site\/wp-json\/wp\/v2\/posts\/9025\/revisions"}],"predecessor-version":[{"id":92877,"href":"https:\/\/www.oarcanjo.net\/site\/wp-json\/wp\/v2\/posts\/9025\/revisions\/92877"}],"wp:attachment":[{"href":"https:\/\/www.oarcanjo.net\/site\/wp-json\/wp\/v2\/media?parent=9025"}],"wp:term":[{"taxonomy":"category","embeddable":true,"href":"https:\/\/www.oarcanjo.net\/site\/wp-json\/wp\/v2\/categories?post=9025"},{"taxonomy":"post_tag","embeddable":true,"href":"https:\/\/www.oarcanjo.net\/site\/wp-json\/wp\/v2\/tags?post=9025"}],"curies":[{"name":"wp","href":"https:\/\/api.w.org\/{rel}","templated":true}]}}