
{"id":9030,"date":"2019-04-29T00:04:07","date_gmt":"2019-04-29T03:04:07","guid":{"rendered":"http:\/\/www.oarcanjo.net\/site\/?p=9030"},"modified":"2019-03-24T17:03:43","modified_gmt":"2019-03-24T20:03:43","slug":"santa-catarina-de-sena-2","status":"publish","type":"post","link":"https:\/\/www.oarcanjo.net\/site\/santa-catarina-de-sena-2\/","title":{"rendered":"Santa Catarina de Sena"},"content":{"rendered":"<p>29 de Abril<\/p>\n<p>Catarina era apenas uma irm\u00e3 leiga da Ordem Terceira Dominicana. Mesmo analfabeta, talvez tenha sido a figura feminina mais impressionante do cristianismo do segundo mil\u00eanio. Nasceu em 25 de mar\u00e7o de 1347, em Sena, na It\u00e1lia. Seus pais eram muito pobres e ela era uma dos vinte e cinco filhos do casal. Fica f\u00e1cil imaginar a inf\u00e2ncia conturbada que Catarina teve. Al\u00e9m de n\u00e3o poder estudar, cresceu franzina, fraca e viveu sempre doente. Mas, mesmo que n\u00e3o fosse assim t\u00e3o debilitada, certamente a sua miss\u00e3o apost\u00f3lica a teria fragilizado. Carregava no corpo os estigmas da Paix\u00e3o de Cristo.<\/p>\n<p>Desejando seguir o caminho da perfei\u00e7\u00e3o, aos sete anos de idade consagrou sua virgindade a Deus. Tinha vis\u00f5es durante as ora\u00e7\u00f5es contemplativas e fazia rigorosas penit\u00eancias, mesmo contra a oposi\u00e7\u00e3o familiar. Aos quinze anos, Catarina ingressou na Ordem Terceira de S\u00e3o Domingos. Durante as ora\u00e7\u00f5es contemplativas, envolvia-se em \u00eaxtase, de tal forma que s\u00f3 esse fato possibilitou que convertesse centenas de almas durante a juventude. J\u00e1 adulta e atuante, come\u00e7ou por ditar cartas ao povo, orientando suas atitudes, convocando para a caridade, o entendimento e a paz. Foi ent\u00e3o que enfrentou a primeira dificuldade que muitos achariam imposs\u00edvel de ser vencida: o cisma cat\u00f3lico.<\/p>\n<p>Dois papas disputavam o trono de Pedro, dividindo a Igreja e fazendo sofrer a popula\u00e7\u00e3o cat\u00f3lica em todo o mundo. Ela viajou por toda a It\u00e1lia e outros pa\u00edses, ditou cartas a reis, pr\u00edncipes e governantes cat\u00f3licos, cardeais e bispos, e conseguiu que o papa leg\u00edtimo, Urbano VI, retomasse sua posi\u00e7\u00e3o e voltasse para Roma. Fazia setenta anos que o papado estava em Avignon e n\u00e3o em Roma, e a C\u00faria sofria influ\u00eancias francesas.<\/p>\n<p>Outra dificuldade, intranspon\u00edvel para muitos, que enfrentou serenamente e com firmeza, foi a peste, que matou pelo menos um ter\u00e7o da popula\u00e7\u00e3o europ\u00e9ia. Ela tanto lutou pelos doentes, tantos curou com as pr\u00f3prias m\u00e3os e ora\u00e7\u00f5es, que converteu mais algumas centenas de pag\u00e3os. Suas atitudes n\u00e3o deixaram de causar perplexidade em seus contempor\u00e2neos. Estava \u00e0 frente, muitos s\u00e9culos, dos padr\u00f5es de sua \u00e9poca, quando a participa\u00e7\u00e3o da mulher na Igreja era quase nula ou inexistente.<\/p>\n<p>Em meio a tudo isso, deixou obras liter\u00e1rias ditadas e editadas de alto valor hist\u00f3rico, m\u00edstico e religioso, como o livro &#8220;Di\u00e1logo sobre a Divina Provid\u00eancia&#8221;, lido, estudado e respeitado at\u00e9 hoje. Catarina de Sena morreu no dia 29 de abril de 1380, ap\u00f3s sofrer um derrame aos trinta e tr\u00eas anos de idade. Sua cabe\u00e7a est\u00e1 em Sena, onde se mant\u00e9m sua casa, e seu corpo est\u00e1 em Roma, na Igreja de Santa Maria Sopra Minerva. Foi declarada &#8220;doutora da Igreja&#8221; pelo papa Paulo VI em 1970.<\/p>\n<p><img decoding=\"async\" alt=\"\" src=\"http:\/\/farm5.static.flickr.com\/4070\/4428878770_f5da24144e.jpg\"><\/p>\n<p>&nbsp;<\/p>\n<div id=\"themify_builder_content-9030\" data-postid=\"9030\" class=\"themify_builder_content themify_builder_content-9030 themify_builder themify_builder_front\">\n\t<\/div>\n<!-- \/themify_builder_content -->","protected":false},"excerpt":{"rendered":"<p>29 de Abril Catarina era apenas uma irm\u00e3 leiga da Ordem Terceira Dominicana. Mesmo analfabeta, talvez tenha sido a figura feminina mais impressionante do cristianismo do segundo mil\u00eanio. Nasceu em 25 de mar\u00e7o de 1347, em Sena, na It\u00e1lia. Seus pais eram muito pobres e ela era uma dos vinte e cinco filhos do casal. [&hellip;]<\/p>\n","protected":false},"author":14,"featured_media":87611,"comment_status":"open","ping_status":"open","sticky":false,"template":"","format":"standard","meta":{"ngg_post_thumbnail":0,"footnotes":""},"categories":[186,280],"tags":[],"yoast_head":"<!-- This site is optimized with the Yoast SEO plugin v23.5 - https:\/\/yoast.com\/wordpress\/plugins\/seo\/ -->\n<title>Santa Catarina de Sena - O Arcanjo no ar<\/title>\n<meta name=\"robots\" content=\"index, follow, max-snippet:-1, max-image-preview:large, max-video-preview:-1\" \/>\n<link rel=\"canonical\" href=\"https:\/\/www.oarcanjo.net\/site\/santa-catarina-de-sena-2\/\" \/>\n<meta property=\"og:locale\" content=\"pt_BR\" \/>\n<meta property=\"og:type\" content=\"article\" \/>\n<meta property=\"og:title\" content=\"Santa Catarina de Sena - O Arcanjo no ar\" \/>\n<meta property=\"og:description\" content=\"29 de Abril Catarina era apenas uma irm\u00e3 leiga da Ordem Terceira Dominicana. Mesmo analfabeta, talvez tenha sido a figura feminina mais impressionante do cristianismo do segundo mil\u00eanio. Nasceu em 25 de mar\u00e7o de 1347, em Sena, na It\u00e1lia. Seus pais eram muito pobres e ela era uma dos vinte e cinco filhos do casal. [&hellip;]\" \/>\n<meta property=\"og:url\" content=\"https:\/\/www.oarcanjo.net\/site\/santa-catarina-de-sena-2\/\" \/>\n<meta property=\"og:site_name\" content=\"O Arcanjo no ar\" \/>\n<meta property=\"article:publisher\" content=\"https:\/\/www.facebook.com\/OArcanjoNoAr\/\" \/>\n<meta property=\"article:published_time\" content=\"2019-04-29T03:04:07+00:00\" \/>\n<meta property=\"article:modified_time\" content=\"2019-03-24T20:03:43+00:00\" \/>\n<meta property=\"og:image\" content=\"https:\/\/www.oarcanjo.net\/site\/wp-content\/uploads\/20180429SantaCatarina.png\" \/>\n\t<meta property=\"og:image:width\" content=\"1039\" \/>\n\t<meta property=\"og:image:height\" content=\"583\" \/>\n\t<meta property=\"og:image:type\" content=\"image\/png\" \/>\n<meta name=\"author\" content=\"danilo\" \/>\n<meta name=\"twitter:card\" content=\"summary_large_image\" \/>\n<meta name=\"twitter:label1\" content=\"Escrito por\" \/>\n\t<meta name=\"twitter:data1\" content=\"danilo\" \/>\n\t<meta name=\"twitter:label2\" content=\"Est. tempo de leitura\" \/>\n\t<meta name=\"twitter:data2\" content=\"2 minutos\" \/>\n<script type=\"application\/ld+json\" class=\"yoast-schema-graph\">{\"@context\":\"https:\/\/schema.org\",\"@graph\":[{\"@type\":\"Article\",\"@id\":\"https:\/\/www.oarcanjo.net\/site\/santa-catarina-de-sena-2\/#article\",\"isPartOf\":{\"@id\":\"https:\/\/www.oarcanjo.net\/site\/santa-catarina-de-sena-2\/\"},\"author\":{\"name\":\"danilo\",\"@id\":\"https:\/\/www.oarcanjo.net\/site\/#\/schema\/person\/5eb9480bedd2f3c97e430ce128c29c6c\"},\"headline\":\"Santa Catarina de Sena\",\"datePublished\":\"2019-04-29T03:04:07+00:00\",\"dateModified\":\"2019-03-24T20:03:43+00:00\",\"mainEntityOfPage\":{\"@id\":\"https:\/\/www.oarcanjo.net\/site\/santa-catarina-de-sena-2\/\"},\"wordCount\":496,\"commentCount\":2,\"publisher\":{\"@id\":\"https:\/\/www.oarcanjo.net\/site\/#organization\"},\"image\":{\"@id\":\"https:\/\/www.oarcanjo.net\/site\/santa-catarina-de-sena-2\/#primaryimage\"},\"thumbnailUrl\":\"https:\/\/www.oarcanjo.net\/site\/wp-content\/uploads\/20180429SantaCatarina.png\",\"articleSection\":[\"Testemunhos\",\"V\u00eddeos\"],\"inLanguage\":\"pt-BR\",\"potentialAction\":[{\"@type\":\"CommentAction\",\"name\":\"Comment\",\"target\":[\"https:\/\/www.oarcanjo.net\/site\/santa-catarina-de-sena-2\/#respond\"]}]},{\"@type\":\"WebPage\",\"@id\":\"https:\/\/www.oarcanjo.net\/site\/santa-catarina-de-sena-2\/\",\"url\":\"https:\/\/www.oarcanjo.net\/site\/santa-catarina-de-sena-2\/\",\"name\":\"Santa Catarina de Sena - O Arcanjo no ar\",\"isPartOf\":{\"@id\":\"https:\/\/www.oarcanjo.net\/site\/#website\"},\"primaryImageOfPage\":{\"@id\":\"https:\/\/www.oarcanjo.net\/site\/santa-catarina-de-sena-2\/#primaryimage\"},\"image\":{\"@id\":\"https:\/\/www.oarcanjo.net\/site\/santa-catarina-de-sena-2\/#primaryimage\"},\"thumbnailUrl\":\"https:\/\/www.oarcanjo.net\/site\/wp-content\/uploads\/20180429SantaCatarina.png\",\"datePublished\":\"2019-04-29T03:04:07+00:00\",\"dateModified\":\"2019-03-24T20:03:43+00:00\",\"breadcrumb\":{\"@id\":\"https:\/\/www.oarcanjo.net\/site\/santa-catarina-de-sena-2\/#breadcrumb\"},\"inLanguage\":\"pt-BR\",\"potentialAction\":[{\"@type\":\"ReadAction\",\"target\":[\"https:\/\/www.oarcanjo.net\/site\/santa-catarina-de-sena-2\/\"]}]},{\"@type\":\"ImageObject\",\"inLanguage\":\"pt-BR\",\"@id\":\"https:\/\/www.oarcanjo.net\/site\/santa-catarina-de-sena-2\/#primaryimage\",\"url\":\"https:\/\/www.oarcanjo.net\/site\/wp-content\/uploads\/20180429SantaCatarina.png\",\"contentUrl\":\"https:\/\/www.oarcanjo.net\/site\/wp-content\/uploads\/20180429SantaCatarina.png\",\"width\":1039,\"height\":583},{\"@type\":\"BreadcrumbList\",\"@id\":\"https:\/\/www.oarcanjo.net\/site\/santa-catarina-de-sena-2\/#breadcrumb\",\"itemListElement\":[{\"@type\":\"ListItem\",\"position\":1,\"name\":\"In\u00edcio\",\"item\":\"https:\/\/www.oarcanjo.net\/site\/\"},{\"@type\":\"ListItem\",\"position\":2,\"name\":\"Santa Catarina de Sena\"}]},{\"@type\":\"WebSite\",\"@id\":\"https:\/\/www.oarcanjo.net\/site\/#website\",\"url\":\"https:\/\/www.oarcanjo.net\/site\/\",\"name\":\"O Arcanjo no ar\",\"description\":\"Site da Par\u00f3quia S\u00e3o Miguel Arcanjo (Arquidiocese de SP)\",\"publisher\":{\"@id\":\"https:\/\/www.oarcanjo.net\/site\/#organization\"},\"potentialAction\":[{\"@type\":\"SearchAction\",\"target\":{\"@type\":\"EntryPoint\",\"urlTemplate\":\"https:\/\/www.oarcanjo.net\/site\/?s={search_term_string}\"},\"query-input\":{\"@type\":\"PropertyValueSpecification\",\"valueRequired\":true,\"valueName\":\"search_term_string\"}}],\"inLanguage\":\"pt-BR\"},{\"@type\":\"Organization\",\"@id\":\"https:\/\/www.oarcanjo.net\/site\/#organization\",\"name\":\"Par\u00f3quia S\u00e3o Miguel Arcanjo\",\"url\":\"https:\/\/www.oarcanjo.net\/site\/\",\"logo\":{\"@type\":\"ImageObject\",\"inLanguage\":\"pt-BR\",\"@id\":\"https:\/\/www.oarcanjo.net\/site\/#\/schema\/logo\/image\/\",\"url\":\"https:\/\/www.oarcanjo.net\/site\/wp-content\/uploads\/LogoOArcanjo.png\",\"contentUrl\":\"https:\/\/www.oarcanjo.net\/site\/wp-content\/uploads\/LogoOArcanjo.png\",\"width\":319,\"height\":99,\"caption\":\"Par\u00f3quia S\u00e3o Miguel Arcanjo\"},\"image\":{\"@id\":\"https:\/\/www.oarcanjo.net\/site\/#\/schema\/logo\/image\/\"},\"sameAs\":[\"https:\/\/www.facebook.com\/OArcanjoNoAr\/\"]},{\"@type\":\"Person\",\"@id\":\"https:\/\/www.oarcanjo.net\/site\/#\/schema\/person\/5eb9480bedd2f3c97e430ce128c29c6c\",\"name\":\"danilo\"}]}<\/script>\n<!-- \/ Yoast SEO plugin. -->","yoast_head_json":{"title":"Santa Catarina de Sena - O Arcanjo no ar","robots":{"index":"index","follow":"follow","max-snippet":"max-snippet:-1","max-image-preview":"max-image-preview:large","max-video-preview":"max-video-preview:-1"},"canonical":"https:\/\/www.oarcanjo.net\/site\/santa-catarina-de-sena-2\/","og_locale":"pt_BR","og_type":"article","og_title":"Santa Catarina de Sena - O Arcanjo no ar","og_description":"29 de Abril Catarina era apenas uma irm\u00e3 leiga da Ordem Terceira Dominicana. Mesmo analfabeta, talvez tenha sido a figura feminina mais impressionante do cristianismo do segundo mil\u00eanio. Nasceu em 25 de mar\u00e7o de 1347, em Sena, na It\u00e1lia. Seus pais eram muito pobres e ela era uma dos vinte e cinco filhos do casal. [&hellip;]","og_url":"https:\/\/www.oarcanjo.net\/site\/santa-catarina-de-sena-2\/","og_site_name":"O Arcanjo no ar","article_publisher":"https:\/\/www.facebook.com\/OArcanjoNoAr\/","article_published_time":"2019-04-29T03:04:07+00:00","article_modified_time":"2019-03-24T20:03:43+00:00","og_image":[{"width":1039,"height":583,"url":"https:\/\/www.oarcanjo.net\/site\/wp-content\/uploads\/20180429SantaCatarina.png","type":"image\/png"}],"author":"danilo","twitter_card":"summary_large_image","twitter_misc":{"Escrito por":"danilo","Est. tempo de leitura":"2 minutos"},"schema":{"@context":"https:\/\/schema.org","@graph":[{"@type":"Article","@id":"https:\/\/www.oarcanjo.net\/site\/santa-catarina-de-sena-2\/#article","isPartOf":{"@id":"https:\/\/www.oarcanjo.net\/site\/santa-catarina-de-sena-2\/"},"author":{"name":"danilo","@id":"https:\/\/www.oarcanjo.net\/site\/#\/schema\/person\/5eb9480bedd2f3c97e430ce128c29c6c"},"headline":"Santa Catarina de Sena","datePublished":"2019-04-29T03:04:07+00:00","dateModified":"2019-03-24T20:03:43+00:00","mainEntityOfPage":{"@id":"https:\/\/www.oarcanjo.net\/site\/santa-catarina-de-sena-2\/"},"wordCount":496,"commentCount":2,"publisher":{"@id":"https:\/\/www.oarcanjo.net\/site\/#organization"},"image":{"@id":"https:\/\/www.oarcanjo.net\/site\/santa-catarina-de-sena-2\/#primaryimage"},"thumbnailUrl":"https:\/\/www.oarcanjo.net\/site\/wp-content\/uploads\/20180429SantaCatarina.png","articleSection":["Testemunhos","V\u00eddeos"],"inLanguage":"pt-BR","potentialAction":[{"@type":"CommentAction","name":"Comment","target":["https:\/\/www.oarcanjo.net\/site\/santa-catarina-de-sena-2\/#respond"]}]},{"@type":"WebPage","@id":"https:\/\/www.oarcanjo.net\/site\/santa-catarina-de-sena-2\/","url":"https:\/\/www.oarcanjo.net\/site\/santa-catarina-de-sena-2\/","name":"Santa Catarina de Sena - O Arcanjo no ar","isPartOf":{"@id":"https:\/\/www.oarcanjo.net\/site\/#website"},"primaryImageOfPage":{"@id":"https:\/\/www.oarcanjo.net\/site\/santa-catarina-de-sena-2\/#primaryimage"},"image":{"@id":"https:\/\/www.oarcanjo.net\/site\/santa-catarina-de-sena-2\/#primaryimage"},"thumbnailUrl":"https:\/\/www.oarcanjo.net\/site\/wp-content\/uploads\/20180429SantaCatarina.png","datePublished":"2019-04-29T03:04:07+00:00","dateModified":"2019-03-24T20:03:43+00:00","breadcrumb":{"@id":"https:\/\/www.oarcanjo.net\/site\/santa-catarina-de-sena-2\/#breadcrumb"},"inLanguage":"pt-BR","potentialAction":[{"@type":"ReadAction","target":["https:\/\/www.oarcanjo.net\/site\/santa-catarina-de-sena-2\/"]}]},{"@type":"ImageObject","inLanguage":"pt-BR","@id":"https:\/\/www.oarcanjo.net\/site\/santa-catarina-de-sena-2\/#primaryimage","url":"https:\/\/www.oarcanjo.net\/site\/wp-content\/uploads\/20180429SantaCatarina.png","contentUrl":"https:\/\/www.oarcanjo.net\/site\/wp-content\/uploads\/20180429SantaCatarina.png","width":1039,"height":583},{"@type":"BreadcrumbList","@id":"https:\/\/www.oarcanjo.net\/site\/santa-catarina-de-sena-2\/#breadcrumb","itemListElement":[{"@type":"ListItem","position":1,"name":"In\u00edcio","item":"https:\/\/www.oarcanjo.net\/site\/"},{"@type":"ListItem","position":2,"name":"Santa Catarina de Sena"}]},{"@type":"WebSite","@id":"https:\/\/www.oarcanjo.net\/site\/#website","url":"https:\/\/www.oarcanjo.net\/site\/","name":"O Arcanjo no ar","description":"Site da Par\u00f3quia S\u00e3o Miguel Arcanjo (Arquidiocese de SP)","publisher":{"@id":"https:\/\/www.oarcanjo.net\/site\/#organization"},"potentialAction":[{"@type":"SearchAction","target":{"@type":"EntryPoint","urlTemplate":"https:\/\/www.oarcanjo.net\/site\/?s={search_term_string}"},"query-input":{"@type":"PropertyValueSpecification","valueRequired":true,"valueName":"search_term_string"}}],"inLanguage":"pt-BR"},{"@type":"Organization","@id":"https:\/\/www.oarcanjo.net\/site\/#organization","name":"Par\u00f3quia S\u00e3o Miguel Arcanjo","url":"https:\/\/www.oarcanjo.net\/site\/","logo":{"@type":"ImageObject","inLanguage":"pt-BR","@id":"https:\/\/www.oarcanjo.net\/site\/#\/schema\/logo\/image\/","url":"https:\/\/www.oarcanjo.net\/site\/wp-content\/uploads\/LogoOArcanjo.png","contentUrl":"https:\/\/www.oarcanjo.net\/site\/wp-content\/uploads\/LogoOArcanjo.png","width":319,"height":99,"caption":"Par\u00f3quia S\u00e3o Miguel Arcanjo"},"image":{"@id":"https:\/\/www.oarcanjo.net\/site\/#\/schema\/logo\/image\/"},"sameAs":["https:\/\/www.facebook.com\/OArcanjoNoAr\/"]},{"@type":"Person","@id":"https:\/\/www.oarcanjo.net\/site\/#\/schema\/person\/5eb9480bedd2f3c97e430ce128c29c6c","name":"danilo"}]}},"publishpress_future_action":{"enabled":false,"date":"2026-05-07 15:21:06","action":"category","newStatus":"draft","terms":[],"taxonomy":"category"},"publishpress_future_workflow_manual_trigger":{"enabledWorkflows":[]},"_links":{"self":[{"href":"https:\/\/www.oarcanjo.net\/site\/wp-json\/wp\/v2\/posts\/9030"}],"collection":[{"href":"https:\/\/www.oarcanjo.net\/site\/wp-json\/wp\/v2\/posts"}],"about":[{"href":"https:\/\/www.oarcanjo.net\/site\/wp-json\/wp\/v2\/types\/post"}],"author":[{"embeddable":true,"href":"https:\/\/www.oarcanjo.net\/site\/wp-json\/wp\/v2\/users\/14"}],"replies":[{"embeddable":true,"href":"https:\/\/www.oarcanjo.net\/site\/wp-json\/wp\/v2\/comments?post=9030"}],"version-history":[{"count":1,"href":"https:\/\/www.oarcanjo.net\/site\/wp-json\/wp\/v2\/posts\/9030\/revisions"}],"predecessor-version":[{"id":93021,"href":"https:\/\/www.oarcanjo.net\/site\/wp-json\/wp\/v2\/posts\/9030\/revisions\/93021"}],"wp:featuredmedia":[{"embeddable":true,"href":"https:\/\/www.oarcanjo.net\/site\/wp-json\/wp\/v2\/media\/87611"}],"wp:attachment":[{"href":"https:\/\/www.oarcanjo.net\/site\/wp-json\/wp\/v2\/media?parent=9030"}],"wp:term":[{"taxonomy":"category","embeddable":true,"href":"https:\/\/www.oarcanjo.net\/site\/wp-json\/wp\/v2\/categories?post=9030"},{"taxonomy":"post_tag","embeddable":true,"href":"https:\/\/www.oarcanjo.net\/site\/wp-json\/wp\/v2\/tags?post=9030"}],"curies":[{"name":"wp","href":"https:\/\/api.w.org\/{rel}","templated":true}]}}