
{"id":9035,"date":"2019-04-29T00:04:50","date_gmt":"2019-04-29T03:04:50","guid":{"rendered":"http:\/\/www.oarcanjo.net\/site\/?p=9035"},"modified":"2019-02-20T07:54:56","modified_gmt":"2019-02-20T10:54:56","slug":"sao-pedro-de-verona","status":"publish","type":"post","link":"https:\/\/www.oarcanjo.net\/site\/sao-pedro-de-verona\/","title":{"rendered":"S\u00e3o Pedro de Verona"},"content":{"rendered":"<p><img decoding=\"async\" src=\"http:\/\/2.bp.blogspot.com\/_z-c0Sh5Zlrs\/SJKKCN_RJKI\/AAAAAAAABPo\/zp22dqUpHRw\/s400\/S%C3%A3o+Pedro+de+Verona.jpg\" alt=\"\" \/><\/p>\n<p>29 de Abril<\/p>\n<p>Pedro nasceu em Verona no ano de 1205. Seus pais eram hereges maniqueus, adeptos da doutrina religiosa her\u00e9tica do persa Mani, Manes ou Maniqueu, caracterizada pela concep\u00e7\u00e3o dualista do mundo, em que esp\u00edrito e mat\u00e9ria representam, respectivamente, o bem e o mal.<\/p>\n<p>Entretanto, o \u00fanico col\u00e9gio que havia no local era cat\u00f3lico e l\u00e1 o menino n\u00e3o s\u00f3 aprendeu as ci\u00eancias da vida como os caminhos da alma. Pedro se converteu e se separou da fam\u00edlia, indo para Bolonha para terminar os estudos. Ali acabava de ser fundada a Ordem dos Dominicanos, onde ele logo foi aceito, recebendo a miss\u00e3o de evangelizar. Foi o que fez, viajando por toda a It\u00e1lia, espalhando suas palavras fortes e um discurso de f\u00e9 que convertiam as massas. Todas as suas prega\u00e7\u00f5es eram acompanhadas de gra\u00e7as, que impressionavam toda comunidade por onde passava. E isso logo despertou a ira dos hereges.<\/p>\n<p>Primeiro inventaram uma cal\u00fania contra ele. Achando que aquilo era uma prova de Deus, Pedro n\u00e3o tentou provar inoc\u00eancia. Aguardou que Jesus achasse a hora certa de revelar a verdade. Foi afastado da prega\u00e7\u00e3o por um bom tempo, at\u00e9 que a mentira se desfez sozinha, e ele foi chamado de volta e aclamado pela comunidade.<\/p>\n<p>Voltando \u00e0s viagens evangelizadoras, seus inimigos o afrontaram de novo tentando provar que suas gra\u00e7as n\u00e3o passavam de um embuste. Um homem fingiu estar doente, e outro foi buscar Pedro. Este, percebendo logo o que se passava, rezou e pediu a Deus que, se o homem estivesse mesmo doente, ficasse curado. Mas, se a doen\u00e7a fosse falsa, ent\u00e3o que ficasse doente de verdade. O maniqueu foi tomado por uma febre violent\u00edssima, que s\u00f3 passou quando a armadilha foi confessada publicamente. Perdoado por Pedro, o homem se converteu na mesma hora. Pedro anunciou, ainda, n\u00e3o s\u00f3 o dia de sua morte, como as circunst\u00e2ncias em que ela ocorreria. E, mesmo tendo esse conhecimento, n\u00e3o deixou de fazer a viagem que seria fatal.<\/p>\n<p>No dia 29 de abril de 1252, indo da cidade de Como para Mil\u00e3o, foi morto com uma machadada por um maniqueu que o emboscou. O nome do assassino era Carin, que, mais tarde, confessou o crime e, cheio de remorso, se internou como penitente no convento dominicano de Forli.<\/p>\n<p>Imediatamente, o seu culto se difundiu em meio a como\u00e7\u00e3o e espanto dos fi\u00e9is, que passaram a visitar o seu t\u00famulo, onde as gra\u00e7as aconteciam em profus\u00e3o. Apenas onze meses depois, o papa Inocente IV canonizou-o, fixando a festa de s\u00e3o Pedro de Verona para o dia de sua morte.<\/p>\n<div id=\"themify_builder_content-9035\" data-postid=\"9035\" class=\"themify_builder_content themify_builder_content-9035 themify_builder themify_builder_front\">\n\t<\/div>\n<!-- \/themify_builder_content -->","protected":false},"excerpt":{"rendered":"<p>29 de Abril Pedro nasceu em Verona no ano de 1205. Seus pais eram hereges maniqueus, adeptos da doutrina religiosa her\u00e9tica do persa Mani, Manes ou Maniqueu, caracterizada pela concep\u00e7\u00e3o dualista do mundo, em que esp\u00edrito e mat\u00e9ria representam, respectivamente, o bem e o mal. Entretanto, o \u00fanico col\u00e9gio que havia no local era cat\u00f3lico [&hellip;]<\/p>\n","protected":false},"author":14,"featured_media":0,"comment_status":"open","ping_status":"open","sticky":false,"template":"","format":"standard","meta":{"ngg_post_thumbnail":0,"footnotes":""},"categories":[186],"tags":[],"yoast_head":"<!-- This site is optimized with the Yoast SEO plugin v23.5 - https:\/\/yoast.com\/wordpress\/plugins\/seo\/ -->\n<title>S\u00e3o Pedro de Verona - O Arcanjo no ar<\/title>\n<meta name=\"robots\" content=\"index, follow, max-snippet:-1, max-image-preview:large, max-video-preview:-1\" \/>\n<link rel=\"canonical\" href=\"https:\/\/www.oarcanjo.net\/site\/sao-pedro-de-verona\/\" \/>\n<meta property=\"og:locale\" content=\"pt_BR\" \/>\n<meta property=\"og:type\" content=\"article\" \/>\n<meta property=\"og:title\" content=\"S\u00e3o Pedro de Verona - O Arcanjo no ar\" \/>\n<meta property=\"og:description\" content=\"29 de Abril Pedro nasceu em Verona no ano de 1205. Seus pais eram hereges maniqueus, adeptos da doutrina religiosa her\u00e9tica do persa Mani, Manes ou Maniqueu, caracterizada pela concep\u00e7\u00e3o dualista do mundo, em que esp\u00edrito e mat\u00e9ria representam, respectivamente, o bem e o mal. Entretanto, o \u00fanico col\u00e9gio que havia no local era cat\u00f3lico [&hellip;]\" \/>\n<meta property=\"og:url\" content=\"https:\/\/www.oarcanjo.net\/site\/sao-pedro-de-verona\/\" \/>\n<meta property=\"og:site_name\" content=\"O Arcanjo no ar\" \/>\n<meta property=\"article:publisher\" content=\"https:\/\/www.facebook.com\/OArcanjoNoAr\/\" \/>\n<meta property=\"article:published_time\" content=\"2019-04-29T03:04:50+00:00\" \/>\n<meta property=\"article:modified_time\" content=\"2019-02-20T10:54:56+00:00\" \/>\n<meta property=\"og:image\" content=\"http:\/\/2.bp.blogspot.com\/_z-c0Sh5Zlrs\/SJKKCN_RJKI\/AAAAAAAABPo\/zp22dqUpHRw\/s400\/S%C3%A3o+Pedro+de+Verona.jpg\" \/>\n<meta name=\"author\" content=\"danilo\" \/>\n<meta name=\"twitter:card\" content=\"summary_large_image\" \/>\n<meta name=\"twitter:label1\" content=\"Escrito por\" \/>\n\t<meta name=\"twitter:data1\" content=\"danilo\" \/>\n\t<meta name=\"twitter:label2\" content=\"Est. tempo de leitura\" \/>\n\t<meta name=\"twitter:data2\" content=\"2 minutos\" \/>\n<script type=\"application\/ld+json\" class=\"yoast-schema-graph\">{\"@context\":\"https:\/\/schema.org\",\"@graph\":[{\"@type\":\"Article\",\"@id\":\"https:\/\/www.oarcanjo.net\/site\/sao-pedro-de-verona\/#article\",\"isPartOf\":{\"@id\":\"https:\/\/www.oarcanjo.net\/site\/sao-pedro-de-verona\/\"},\"author\":{\"name\":\"danilo\",\"@id\":\"https:\/\/www.oarcanjo.net\/site\/#\/schema\/person\/5eb9480bedd2f3c97e430ce128c29c6c\"},\"headline\":\"S\u00e3o Pedro de Verona\",\"datePublished\":\"2019-04-29T03:04:50+00:00\",\"dateModified\":\"2019-02-20T10:54:56+00:00\",\"mainEntityOfPage\":{\"@id\":\"https:\/\/www.oarcanjo.net\/site\/sao-pedro-de-verona\/\"},\"wordCount\":459,\"commentCount\":0,\"publisher\":{\"@id\":\"https:\/\/www.oarcanjo.net\/site\/#organization\"},\"image\":{\"@id\":\"https:\/\/www.oarcanjo.net\/site\/sao-pedro-de-verona\/#primaryimage\"},\"thumbnailUrl\":\"http:\/\/2.bp.blogspot.com\/_z-c0Sh5Zlrs\/SJKKCN_RJKI\/AAAAAAAABPo\/zp22dqUpHRw\/s400\/S%C3%A3o+Pedro+de+Verona.jpg\",\"articleSection\":[\"Testemunhos\"],\"inLanguage\":\"pt-BR\",\"potentialAction\":[{\"@type\":\"CommentAction\",\"name\":\"Comment\",\"target\":[\"https:\/\/www.oarcanjo.net\/site\/sao-pedro-de-verona\/#respond\"]}]},{\"@type\":\"WebPage\",\"@id\":\"https:\/\/www.oarcanjo.net\/site\/sao-pedro-de-verona\/\",\"url\":\"https:\/\/www.oarcanjo.net\/site\/sao-pedro-de-verona\/\",\"name\":\"S\u00e3o Pedro de Verona - O Arcanjo no ar\",\"isPartOf\":{\"@id\":\"https:\/\/www.oarcanjo.net\/site\/#website\"},\"primaryImageOfPage\":{\"@id\":\"https:\/\/www.oarcanjo.net\/site\/sao-pedro-de-verona\/#primaryimage\"},\"image\":{\"@id\":\"https:\/\/www.oarcanjo.net\/site\/sao-pedro-de-verona\/#primaryimage\"},\"thumbnailUrl\":\"http:\/\/2.bp.blogspot.com\/_z-c0Sh5Zlrs\/SJKKCN_RJKI\/AAAAAAAABPo\/zp22dqUpHRw\/s400\/S%C3%A3o+Pedro+de+Verona.jpg\",\"datePublished\":\"2019-04-29T03:04:50+00:00\",\"dateModified\":\"2019-02-20T10:54:56+00:00\",\"breadcrumb\":{\"@id\":\"https:\/\/www.oarcanjo.net\/site\/sao-pedro-de-verona\/#breadcrumb\"},\"inLanguage\":\"pt-BR\",\"potentialAction\":[{\"@type\":\"ReadAction\",\"target\":[\"https:\/\/www.oarcanjo.net\/site\/sao-pedro-de-verona\/\"]}]},{\"@type\":\"ImageObject\",\"inLanguage\":\"pt-BR\",\"@id\":\"https:\/\/www.oarcanjo.net\/site\/sao-pedro-de-verona\/#primaryimage\",\"url\":\"http:\/\/2.bp.blogspot.com\/_z-c0Sh5Zlrs\/SJKKCN_RJKI\/AAAAAAAABPo\/zp22dqUpHRw\/s400\/S%C3%A3o+Pedro+de+Verona.jpg\",\"contentUrl\":\"http:\/\/2.bp.blogspot.com\/_z-c0Sh5Zlrs\/SJKKCN_RJKI\/AAAAAAAABPo\/zp22dqUpHRw\/s400\/S%C3%A3o+Pedro+de+Verona.jpg\"},{\"@type\":\"BreadcrumbList\",\"@id\":\"https:\/\/www.oarcanjo.net\/site\/sao-pedro-de-verona\/#breadcrumb\",\"itemListElement\":[{\"@type\":\"ListItem\",\"position\":1,\"name\":\"In\u00edcio\",\"item\":\"https:\/\/www.oarcanjo.net\/site\/\"},{\"@type\":\"ListItem\",\"position\":2,\"name\":\"S\u00e3o Pedro de Verona\"}]},{\"@type\":\"WebSite\",\"@id\":\"https:\/\/www.oarcanjo.net\/site\/#website\",\"url\":\"https:\/\/www.oarcanjo.net\/site\/\",\"name\":\"O Arcanjo no ar\",\"description\":\"Site da Par\u00f3quia S\u00e3o Miguel Arcanjo (Arquidiocese de SP)\",\"publisher\":{\"@id\":\"https:\/\/www.oarcanjo.net\/site\/#organization\"},\"potentialAction\":[{\"@type\":\"SearchAction\",\"target\":{\"@type\":\"EntryPoint\",\"urlTemplate\":\"https:\/\/www.oarcanjo.net\/site\/?s={search_term_string}\"},\"query-input\":{\"@type\":\"PropertyValueSpecification\",\"valueRequired\":true,\"valueName\":\"search_term_string\"}}],\"inLanguage\":\"pt-BR\"},{\"@type\":\"Organization\",\"@id\":\"https:\/\/www.oarcanjo.net\/site\/#organization\",\"name\":\"Par\u00f3quia S\u00e3o Miguel Arcanjo\",\"url\":\"https:\/\/www.oarcanjo.net\/site\/\",\"logo\":{\"@type\":\"ImageObject\",\"inLanguage\":\"pt-BR\",\"@id\":\"https:\/\/www.oarcanjo.net\/site\/#\/schema\/logo\/image\/\",\"url\":\"https:\/\/www.oarcanjo.net\/site\/wp-content\/uploads\/LogoOArcanjo.png\",\"contentUrl\":\"https:\/\/www.oarcanjo.net\/site\/wp-content\/uploads\/LogoOArcanjo.png\",\"width\":319,\"height\":99,\"caption\":\"Par\u00f3quia S\u00e3o Miguel Arcanjo\"},\"image\":{\"@id\":\"https:\/\/www.oarcanjo.net\/site\/#\/schema\/logo\/image\/\"},\"sameAs\":[\"https:\/\/www.facebook.com\/OArcanjoNoAr\/\"]},{\"@type\":\"Person\",\"@id\":\"https:\/\/www.oarcanjo.net\/site\/#\/schema\/person\/5eb9480bedd2f3c97e430ce128c29c6c\",\"name\":\"danilo\"}]}<\/script>\n<!-- \/ Yoast SEO plugin. -->","yoast_head_json":{"title":"S\u00e3o Pedro de Verona - O Arcanjo no ar","robots":{"index":"index","follow":"follow","max-snippet":"max-snippet:-1","max-image-preview":"max-image-preview:large","max-video-preview":"max-video-preview:-1"},"canonical":"https:\/\/www.oarcanjo.net\/site\/sao-pedro-de-verona\/","og_locale":"pt_BR","og_type":"article","og_title":"S\u00e3o Pedro de Verona - O Arcanjo no ar","og_description":"29 de Abril Pedro nasceu em Verona no ano de 1205. Seus pais eram hereges maniqueus, adeptos da doutrina religiosa her\u00e9tica do persa Mani, Manes ou Maniqueu, caracterizada pela concep\u00e7\u00e3o dualista do mundo, em que esp\u00edrito e mat\u00e9ria representam, respectivamente, o bem e o mal. Entretanto, o \u00fanico col\u00e9gio que havia no local era cat\u00f3lico [&hellip;]","og_url":"https:\/\/www.oarcanjo.net\/site\/sao-pedro-de-verona\/","og_site_name":"O Arcanjo no ar","article_publisher":"https:\/\/www.facebook.com\/OArcanjoNoAr\/","article_published_time":"2019-04-29T03:04:50+00:00","article_modified_time":"2019-02-20T10:54:56+00:00","og_image":[{"url":"http:\/\/2.bp.blogspot.com\/_z-c0Sh5Zlrs\/SJKKCN_RJKI\/AAAAAAAABPo\/zp22dqUpHRw\/s400\/S%C3%A3o+Pedro+de+Verona.jpg"}],"author":"danilo","twitter_card":"summary_large_image","twitter_misc":{"Escrito por":"danilo","Est. tempo de leitura":"2 minutos"},"schema":{"@context":"https:\/\/schema.org","@graph":[{"@type":"Article","@id":"https:\/\/www.oarcanjo.net\/site\/sao-pedro-de-verona\/#article","isPartOf":{"@id":"https:\/\/www.oarcanjo.net\/site\/sao-pedro-de-verona\/"},"author":{"name":"danilo","@id":"https:\/\/www.oarcanjo.net\/site\/#\/schema\/person\/5eb9480bedd2f3c97e430ce128c29c6c"},"headline":"S\u00e3o Pedro de Verona","datePublished":"2019-04-29T03:04:50+00:00","dateModified":"2019-02-20T10:54:56+00:00","mainEntityOfPage":{"@id":"https:\/\/www.oarcanjo.net\/site\/sao-pedro-de-verona\/"},"wordCount":459,"commentCount":0,"publisher":{"@id":"https:\/\/www.oarcanjo.net\/site\/#organization"},"image":{"@id":"https:\/\/www.oarcanjo.net\/site\/sao-pedro-de-verona\/#primaryimage"},"thumbnailUrl":"http:\/\/2.bp.blogspot.com\/_z-c0Sh5Zlrs\/SJKKCN_RJKI\/AAAAAAAABPo\/zp22dqUpHRw\/s400\/S%C3%A3o+Pedro+de+Verona.jpg","articleSection":["Testemunhos"],"inLanguage":"pt-BR","potentialAction":[{"@type":"CommentAction","name":"Comment","target":["https:\/\/www.oarcanjo.net\/site\/sao-pedro-de-verona\/#respond"]}]},{"@type":"WebPage","@id":"https:\/\/www.oarcanjo.net\/site\/sao-pedro-de-verona\/","url":"https:\/\/www.oarcanjo.net\/site\/sao-pedro-de-verona\/","name":"S\u00e3o Pedro de Verona - O Arcanjo no ar","isPartOf":{"@id":"https:\/\/www.oarcanjo.net\/site\/#website"},"primaryImageOfPage":{"@id":"https:\/\/www.oarcanjo.net\/site\/sao-pedro-de-verona\/#primaryimage"},"image":{"@id":"https:\/\/www.oarcanjo.net\/site\/sao-pedro-de-verona\/#primaryimage"},"thumbnailUrl":"http:\/\/2.bp.blogspot.com\/_z-c0Sh5Zlrs\/SJKKCN_RJKI\/AAAAAAAABPo\/zp22dqUpHRw\/s400\/S%C3%A3o+Pedro+de+Verona.jpg","datePublished":"2019-04-29T03:04:50+00:00","dateModified":"2019-02-20T10:54:56+00:00","breadcrumb":{"@id":"https:\/\/www.oarcanjo.net\/site\/sao-pedro-de-verona\/#breadcrumb"},"inLanguage":"pt-BR","potentialAction":[{"@type":"ReadAction","target":["https:\/\/www.oarcanjo.net\/site\/sao-pedro-de-verona\/"]}]},{"@type":"ImageObject","inLanguage":"pt-BR","@id":"https:\/\/www.oarcanjo.net\/site\/sao-pedro-de-verona\/#primaryimage","url":"http:\/\/2.bp.blogspot.com\/_z-c0Sh5Zlrs\/SJKKCN_RJKI\/AAAAAAAABPo\/zp22dqUpHRw\/s400\/S%C3%A3o+Pedro+de+Verona.jpg","contentUrl":"http:\/\/2.bp.blogspot.com\/_z-c0Sh5Zlrs\/SJKKCN_RJKI\/AAAAAAAABPo\/zp22dqUpHRw\/s400\/S%C3%A3o+Pedro+de+Verona.jpg"},{"@type":"BreadcrumbList","@id":"https:\/\/www.oarcanjo.net\/site\/sao-pedro-de-verona\/#breadcrumb","itemListElement":[{"@type":"ListItem","position":1,"name":"In\u00edcio","item":"https:\/\/www.oarcanjo.net\/site\/"},{"@type":"ListItem","position":2,"name":"S\u00e3o Pedro de Verona"}]},{"@type":"WebSite","@id":"https:\/\/www.oarcanjo.net\/site\/#website","url":"https:\/\/www.oarcanjo.net\/site\/","name":"O Arcanjo no ar","description":"Site da Par\u00f3quia S\u00e3o Miguel Arcanjo (Arquidiocese de SP)","publisher":{"@id":"https:\/\/www.oarcanjo.net\/site\/#organization"},"potentialAction":[{"@type":"SearchAction","target":{"@type":"EntryPoint","urlTemplate":"https:\/\/www.oarcanjo.net\/site\/?s={search_term_string}"},"query-input":{"@type":"PropertyValueSpecification","valueRequired":true,"valueName":"search_term_string"}}],"inLanguage":"pt-BR"},{"@type":"Organization","@id":"https:\/\/www.oarcanjo.net\/site\/#organization","name":"Par\u00f3quia S\u00e3o Miguel Arcanjo","url":"https:\/\/www.oarcanjo.net\/site\/","logo":{"@type":"ImageObject","inLanguage":"pt-BR","@id":"https:\/\/www.oarcanjo.net\/site\/#\/schema\/logo\/image\/","url":"https:\/\/www.oarcanjo.net\/site\/wp-content\/uploads\/LogoOArcanjo.png","contentUrl":"https:\/\/www.oarcanjo.net\/site\/wp-content\/uploads\/LogoOArcanjo.png","width":319,"height":99,"caption":"Par\u00f3quia S\u00e3o Miguel Arcanjo"},"image":{"@id":"https:\/\/www.oarcanjo.net\/site\/#\/schema\/logo\/image\/"},"sameAs":["https:\/\/www.facebook.com\/OArcanjoNoAr\/"]},{"@type":"Person","@id":"https:\/\/www.oarcanjo.net\/site\/#\/schema\/person\/5eb9480bedd2f3c97e430ce128c29c6c","name":"danilo"}]}},"publishpress_future_action":{"enabled":false,"date":"2026-05-07 16:45:14","action":"category","newStatus":"draft","terms":[],"taxonomy":"category"},"publishpress_future_workflow_manual_trigger":{"enabledWorkflows":[]},"_links":{"self":[{"href":"https:\/\/www.oarcanjo.net\/site\/wp-json\/wp\/v2\/posts\/9035"}],"collection":[{"href":"https:\/\/www.oarcanjo.net\/site\/wp-json\/wp\/v2\/posts"}],"about":[{"href":"https:\/\/www.oarcanjo.net\/site\/wp-json\/wp\/v2\/types\/post"}],"author":[{"embeddable":true,"href":"https:\/\/www.oarcanjo.net\/site\/wp-json\/wp\/v2\/users\/14"}],"replies":[{"embeddable":true,"href":"https:\/\/www.oarcanjo.net\/site\/wp-json\/wp\/v2\/comments?post=9035"}],"version-history":[{"count":1,"href":"https:\/\/www.oarcanjo.net\/site\/wp-json\/wp\/v2\/posts\/9035\/revisions"}],"predecessor-version":[{"id":92879,"href":"https:\/\/www.oarcanjo.net\/site\/wp-json\/wp\/v2\/posts\/9035\/revisions\/92879"}],"wp:attachment":[{"href":"https:\/\/www.oarcanjo.net\/site\/wp-json\/wp\/v2\/media?parent=9035"}],"wp:term":[{"taxonomy":"category","embeddable":true,"href":"https:\/\/www.oarcanjo.net\/site\/wp-json\/wp\/v2\/categories?post=9035"},{"taxonomy":"post_tag","embeddable":true,"href":"https:\/\/www.oarcanjo.net\/site\/wp-json\/wp\/v2\/tags?post=9035"}],"curies":[{"name":"wp","href":"https:\/\/api.w.org\/{rel}","templated":true}]}}