
{"id":90518,"date":"2018-10-14T08:35:10","date_gmt":"2018-10-14T11:35:10","guid":{"rendered":"https:\/\/www.oarcanjo.net\/site\/?p=90518"},"modified":"2018-10-14T08:35:10","modified_gmt":"2018-10-14T11:35:10","slug":"dom-oscar-romero-e-sua-canonizacao-para-a-america-latina","status":"publish","type":"post","link":"https:\/\/www.oarcanjo.net\/site\/dom-oscar-romero-e-sua-canonizacao-para-a-america-latina\/","title":{"rendered":"Dom Oscar Romero e sua canoniza\u00e7\u00e3o para a Am\u00e9rica Latina"},"content":{"rendered":"<p>Rafael Moreno<\/p>\n<p>N\u00e3o h\u00e1 d\u00favida de que muitos salvadorenhos, latino-americanos e mesmo europeus, h\u00e1 v\u00e1rios anos, reconhecem e veneram dom Oscar Romero&nbsp;como santo, mas o que significa a canoniza\u00e7\u00e3o para eles? Tentarei responder a essa pergunta a partir de minha experi\u00eancia de ter vivido e trabalhado com dom Romero, como seu secret\u00e1rio de Assuntos Sociais, quando era arcebispo de San Salvador.<\/p>\n<p>Sua canoniza\u00e7\u00e3o como uma reivindica\u00e7\u00e3o oficial da Igreja a ele e a muitas outras v\u00edtimas que promovem a justi\u00e7a.<\/p>\n<p>Me parece muito importante que o Papa Francisco&nbsp;reconhe\u00e7a oficialmente, perante o mundo, a santidade do arcebispo m\u00e1rtir, testemunhando que sua vida foi \u201cimita\u00e7\u00e3o exemplar de Cristo e \u00e9 digna de admira\u00e7\u00e3o dos fi\u00e9is\u201d. Essa reivindica\u00e7\u00e3o tamb\u00e9m deve ser uma oportunidade para dignificar tantas pessoas que, como ele, em qualquer lugar do mundo, deram suas vidas promovendo a justi\u00e7a.<\/p>\n<p>Este reconhecimento eclesial \u00e9 necess\u00e1rio no seu caso, porque, infelizmente, como afirma o pr\u00f3prio Papa, antes e depois de seu mart\u00edrio Romero \u201cfoi difamado, caluniado e seu nome foi manchado at\u00e9 mesmo por seus irm\u00e3os no sacerd\u00f3cio e ao episcopado\u201d.<\/p>\n<p>Estas cal\u00fanias fizeram com que o Vaticano, atrav\u00e9s da Congrega\u00e7\u00e3o para os Bispos, enviasse em duas ocasi\u00f5es (1978 e 1979) visitadores apost\u00f3licos para revisar o comportamento de dom Romero, como arcebispo de San Salvador. O Papa nunca lhe pediu formalmente para se retratar do que ele fazia ou dizia, rejeitou o pedido para remov\u00ea-lo, mas lhe nomeou um bispo auxiliar com plena autoridade e n\u00e3o questionou ou investigou os bispos que o acusaram. O grande m\u00e9rito do questionado foi que, apesar de tudo isso, permaneceu unido ao Papa e fiel ao seu lema episcopal \u201cSentir com a Igreja\u201d.<\/p>\n<p>As mesmas cal\u00fanias conseguiram, depois do mart\u00edrio de dom Romero, congelar no Vaticano seu processo de beatifica\u00e7\u00e3o, at\u00e9 chegar ao pontificado de Jorge Bergoglio.<\/p>\n<p>Sua canoniza\u00e7\u00e3o como motiva\u00e7\u00e3o para os bispos e sacerdotes serem aut\u00eanticos Pastores, Profetas e Promotores do Reino de Deus.<\/p>\n<p>O Papa Francisco, na carta de beatifica\u00e7\u00e3o do Bispo M\u00e1rtir, nos d\u00e1 motivos para promover este triplo P como parte da devo\u00e7\u00e3o a S\u00e3o Romero, caracterizando-o como:<\/p>\n<p>Pastor de acordo com o cora\u00e7\u00e3o de Cristo:&nbsp;Dom Romero merece essa qualifica\u00e7\u00e3o n\u00e3o s\u00f3 porque ele deu a vida por suas ovelhas, mas porque se entregou plenamente para conhec\u00ea-las at\u00e9 cheirar a ovelhas. Ele foi o primeiro Arcebispo a visitar todas as aldeias, mesmo as mais remotas e pequenas de sua Arquidiocese. Celebrava suas celebra\u00e7\u00f5es de padroeiros, convivendo com seus habitantes. Ele amava as suas ovelhas e as suas ovelhas sentiam-se amadas, ouvidas, compreendidas, protegidas, guiadas pelo seu Pastor. Prova disso foram as centenas de cartas que recebia semanalmente, nas quais contavam suas tristezas, preocupa\u00e7\u00f5es, aspira\u00e7\u00f5es, consultando sobre suas d\u00favidas. Cartas que dom Romero insistiu em responder de maneira personalizada. Para este fim, ele confiou a duas freiras para sublinhar os aspectos mais importantes de cada uma delas e ampliar o breve coment\u00e1rio que ele mesmo escreveu na margem.<\/p>\n<p>Evangelizador e pai dos pobres: n\u00e3o h\u00e1 d\u00favida de que dom Romero conquistou a consci\u00eancia e o cora\u00e7\u00e3o do povo salvadorenho atrav\u00e9s de sua prega\u00e7\u00e3o. Suas homilias dominicais, transmitidas pela Radio del Arzobispado (YSAX), foram o programa de r\u00e1dio de maior audi\u00eancia em El Salvador. Seu impacto decisivo foi devido, em parte, porque ele era um excelente orador, mas acima de tudo porque ele sabia como encarnar a Palavra no aqui e agora de seu tempo e comunic\u00e1-la em uma linguagem popular. Suas homilias dominicais consistiam em tr\u00eas partes: a explica\u00e7\u00e3o das leituras, o relat\u00f3rio sobre a sua atividade pastoral semanal e julgamento prof\u00e9tico sobre os principais acontecimentos da semana, \u00e0 luz da doutrina social da Igreja. Cada uma dessas partes preparava de forma respons\u00e1vel: para a primeira lia v\u00e1rios coment\u00e1rios de exegetas e te\u00f3logos sobre os textos b\u00edblicos, meditada para descobrir como eles poderiam ser uma Boa Nova no presente; para a segunda, recolhia as mo\u00e7\u00f5es experimentadas ou os resultados obtidos nas principais atividades pastorais que tivera; para a terceira, dom Romero ouvia atentamente as observa\u00e7\u00f5es \u2013 nem sempre coincidentes \u2013 de um grupo diversificado, sobre graves viola\u00e7\u00f5es de direitos humanos, rigorosamente verificados pela equipe de Tutela Legal do Arcebispado, e os fatos de maior relev\u00e2ncia que ocorreram durante a semana. Mais tarde, sozinho e em ora\u00e7\u00e3o, ele formulava sua pr\u00f3pria opini\u00e3o, a partir das v\u00edtimas, mas com uma atitude misericordiosa para com os vitimizadores.<\/p>\n<p>Para esta \u00faltima parte, dom Romero realmente foi \u201ca voz dos que n\u00e3o tinham voz\u201d, ou a \u00fanica voz que naquela \u00e9poca que podia denunciar o que estava acontecendo e anunciar algum motivo de esperan\u00e7a.<\/p>\n<p>Testemunha heroica do Reino de Deus, Reino de justi\u00e7a, fraternidade e paz: fala-se muito da transforma\u00e7\u00e3o progressiva que dom Romero teve ap\u00f3s o assassinato do padre jesu\u00edta Rutilio Grande. Do meu ponto de vista, isso se deveu \u00e0 maneira como ele concebeu e testemunhou o Reino de Deus. Ele parou de contemplar isso abstratamente no c\u00e9u para procurar instaura-lo concretamente na terra. Deixou de ser um mero espectador da realidade social para ser protagonista dela \u201cde e com\u201d os empobrecidos.<\/p>\n<p>Esta historiciza\u00e7\u00e3o do Reino a promoveu o arcebispo m\u00e1rtir n\u00e3o s\u00f3 com a sua prega\u00e7\u00e3o prof\u00e9tica, tamb\u00e9m o fez solicitando ao presidente dos Estados Unidos para parar o apoio militar ao governo de El Salvador, mediando conflitos trabalhistas, sociais e pol\u00edticos, fazendo esfor\u00e7os para libertar os ref\u00e9ns, promovendo reconcilia\u00e7\u00e3o nacional, dando assist\u00eancia humanit\u00e1ria \u00e0s pessoas necessitadas.<\/p>\n<p>Sua devo\u00e7\u00e3o como inspira\u00e7\u00e3o para o seguimento de Jesus<br \/>\nPapa Francisco, em sua Exorta\u00e7\u00e3o Apost\u00f3lica sobre o chamado \u00e0 Santidade no Mundo Atual (Gaudete et Exsultate), fala \u201cdos santos da porta ao lado\u201d aqueles que vivem perto de n\u00f3s e s\u00e3o um reflexo da presen\u00e7a de Deus<\/p>\n<p>Se considerarmos o exemplo de dom Romero no momento de sua entrega, total e definitiva, muito provavelmente nos parecer\u00e1 um modelo de santidade inating\u00edvel; mas se contemplarmos isso no processo gradual de sua gesta\u00e7\u00e3o como uma testemunha do Reino de Deus, podemos facilmente nos sentir convidados a aprender muito com isso. N\u00f3s vamos encontrar uma pessoa que tem limita\u00e7\u00f5es, sens\u00edvel \u00e0s necessidades dos outros, psicol\u00f3gica e fisiologicamente fr\u00e1gil, t\u00edmida, indecisa, com medo, sempre em busca da vontade divina, com uma teologia e piedade, como qualquer um de n\u00f3s, simples mais bem tradicional. Mesmo antes de se tornar arcebispo, ele era um pastor distante de seu clero, pouco apreciado por seus sacerdotes.<\/p>\n<p>O que Romero nos ensina \u00e9 que ele se deixou ser levado, transformado, renovado por Deus; Ele colocou sua confian\u00e7a n\u2019Ele; escolheu seguir a Jesus dando o melhor de si mesmo, desinstalando-se, encarnando a proximidade com os \u00faltimos, a pobreza, a entrega amorosa incondicional do Nazareno; ele se esfor\u00e7ou para construir, com Ele, esse reino de amor, justi\u00e7a e paz para todos; aprendeu a superar-se, junto com seu clero e seu povo, para poder enfrentar os desafios, cada vez mais maiores, que a crescente crise pol\u00edtica salvadorenha estava criando. Tudo isso possibilitou que a fortaleza e a miseric\u00f3rdia divina se manifestaram nele, apesar de suas limita\u00e7\u00f5es pessoais.<\/p>\n<p>Por tudo isso, o Papa Francisco&nbsp;em sua carta no dia da beatifica\u00e7\u00e3o conclui:<\/p>\n<p>\u201cAqueles que tem a dom Romero como um amigo na f\u00e9 que o invocam como protetor e intercessor, quem admira sua figura, encontrem nele for\u00e7a e coragem para construir o Reino de Deus, para comprometer-se com uma ordem social mais justa e digna\u201d.<\/p>\n<div id=\"themify_builder_content-90518\" data-postid=\"90518\" class=\"themify_builder_content themify_builder_content-90518 themify_builder themify_builder_front\">\n\t<\/div>\n<!-- \/themify_builder_content -->","protected":false},"excerpt":{"rendered":"<p>Rafael Moreno N\u00e3o h\u00e1 d\u00favida de que muitos salvadorenhos, latino-americanos e mesmo europeus, h\u00e1 v\u00e1rios anos, reconhecem e veneram dom Oscar Romero&nbsp;como santo, mas o que significa a canoniza\u00e7\u00e3o para eles? Tentarei responder a essa pergunta a partir de minha experi\u00eancia de ter vivido e trabalhado com dom Romero, como seu secret\u00e1rio de Assuntos Sociais, [&hellip;]<\/p>\n","protected":false},"author":5,"featured_media":0,"comment_status":"open","ping_status":"open","sticky":false,"template":"","format":"standard","meta":{"ngg_post_thumbnail":0,"footnotes":""},"categories":[479],"tags":[],"yoast_head":"<!-- This site is optimized with the Yoast SEO plugin v23.5 - https:\/\/yoast.com\/wordpress\/plugins\/seo\/ -->\n<title>Dom Oscar Romero e sua canoniza\u00e7\u00e3o para a Am\u00e9rica Latina - O Arcanjo no ar<\/title>\n<meta name=\"robots\" content=\"index, follow, max-snippet:-1, max-image-preview:large, max-video-preview:-1\" \/>\n<link rel=\"canonical\" href=\"https:\/\/www.oarcanjo.net\/site\/dom-oscar-romero-e-sua-canonizacao-para-a-america-latina\/\" \/>\n<meta property=\"og:locale\" content=\"pt_BR\" \/>\n<meta property=\"og:type\" content=\"article\" \/>\n<meta property=\"og:title\" content=\"Dom Oscar Romero e sua canoniza\u00e7\u00e3o para a Am\u00e9rica Latina - O Arcanjo no ar\" \/>\n<meta property=\"og:description\" content=\"Rafael Moreno N\u00e3o h\u00e1 d\u00favida de que muitos salvadorenhos, latino-americanos e mesmo europeus, h\u00e1 v\u00e1rios anos, reconhecem e veneram dom Oscar Romero&nbsp;como santo, mas o que significa a canoniza\u00e7\u00e3o para eles? Tentarei responder a essa pergunta a partir de minha experi\u00eancia de ter vivido e trabalhado com dom Romero, como seu secret\u00e1rio de Assuntos Sociais, [&hellip;]\" \/>\n<meta property=\"og:url\" content=\"https:\/\/www.oarcanjo.net\/site\/dom-oscar-romero-e-sua-canonizacao-para-a-america-latina\/\" \/>\n<meta property=\"og:site_name\" content=\"O Arcanjo no ar\" \/>\n<meta property=\"article:publisher\" content=\"https:\/\/www.facebook.com\/OArcanjoNoAr\/\" \/>\n<meta property=\"article:published_time\" content=\"2018-10-14T11:35:10+00:00\" \/>\n<meta property=\"og:image\" content=\"https:\/\/www.oarcanjo.net\/site\/wp-content\/uploads\/logo-o-arcanjo-no-ar-facebook.png\" \/>\n\t<meta property=\"og:image:width\" content=\"300\" \/>\n\t<meta property=\"og:image:height\" content=\"300\" \/>\n\t<meta property=\"og:image:type\" content=\"image\/png\" \/>\n<meta name=\"author\" content=\"editor\" \/>\n<meta name=\"twitter:card\" content=\"summary_large_image\" \/>\n<meta name=\"twitter:label1\" content=\"Escrito por\" \/>\n\t<meta name=\"twitter:data1\" content=\"editor\" \/>\n\t<meta name=\"twitter:label2\" content=\"Est. tempo de leitura\" \/>\n\t<meta name=\"twitter:data2\" content=\"7 minutos\" \/>\n<script type=\"application\/ld+json\" class=\"yoast-schema-graph\">{\"@context\":\"https:\/\/schema.org\",\"@graph\":[{\"@type\":\"Article\",\"@id\":\"https:\/\/www.oarcanjo.net\/site\/dom-oscar-romero-e-sua-canonizacao-para-a-america-latina\/#article\",\"isPartOf\":{\"@id\":\"https:\/\/www.oarcanjo.net\/site\/dom-oscar-romero-e-sua-canonizacao-para-a-america-latina\/\"},\"author\":{\"name\":\"editor\",\"@id\":\"https:\/\/www.oarcanjo.net\/site\/#\/schema\/person\/f7024d007863202483a31326673a0838\"},\"headline\":\"Dom Oscar Romero e sua canoniza\u00e7\u00e3o para a Am\u00e9rica Latina\",\"datePublished\":\"2018-10-14T11:35:10+00:00\",\"dateModified\":\"2018-10-14T11:35:10+00:00\",\"mainEntityOfPage\":{\"@id\":\"https:\/\/www.oarcanjo.net\/site\/dom-oscar-romero-e-sua-canonizacao-para-a-america-latina\/\"},\"wordCount\":1343,\"commentCount\":0,\"publisher\":{\"@id\":\"https:\/\/www.oarcanjo.net\/site\/#organization\"},\"articleSection\":[\"D. Oscar Romero\"],\"inLanguage\":\"pt-BR\",\"potentialAction\":[{\"@type\":\"CommentAction\",\"name\":\"Comment\",\"target\":[\"https:\/\/www.oarcanjo.net\/site\/dom-oscar-romero-e-sua-canonizacao-para-a-america-latina\/#respond\"]}]},{\"@type\":\"WebPage\",\"@id\":\"https:\/\/www.oarcanjo.net\/site\/dom-oscar-romero-e-sua-canonizacao-para-a-america-latina\/\",\"url\":\"https:\/\/www.oarcanjo.net\/site\/dom-oscar-romero-e-sua-canonizacao-para-a-america-latina\/\",\"name\":\"Dom Oscar Romero e sua canoniza\u00e7\u00e3o para a Am\u00e9rica Latina - O Arcanjo no ar\",\"isPartOf\":{\"@id\":\"https:\/\/www.oarcanjo.net\/site\/#website\"},\"datePublished\":\"2018-10-14T11:35:10+00:00\",\"dateModified\":\"2018-10-14T11:35:10+00:00\",\"breadcrumb\":{\"@id\":\"https:\/\/www.oarcanjo.net\/site\/dom-oscar-romero-e-sua-canonizacao-para-a-america-latina\/#breadcrumb\"},\"inLanguage\":\"pt-BR\",\"potentialAction\":[{\"@type\":\"ReadAction\",\"target\":[\"https:\/\/www.oarcanjo.net\/site\/dom-oscar-romero-e-sua-canonizacao-para-a-america-latina\/\"]}]},{\"@type\":\"BreadcrumbList\",\"@id\":\"https:\/\/www.oarcanjo.net\/site\/dom-oscar-romero-e-sua-canonizacao-para-a-america-latina\/#breadcrumb\",\"itemListElement\":[{\"@type\":\"ListItem\",\"position\":1,\"name\":\"In\u00edcio\",\"item\":\"https:\/\/www.oarcanjo.net\/site\/\"},{\"@type\":\"ListItem\",\"position\":2,\"name\":\"Dom Oscar Romero e sua canoniza\u00e7\u00e3o para a Am\u00e9rica Latina\"}]},{\"@type\":\"WebSite\",\"@id\":\"https:\/\/www.oarcanjo.net\/site\/#website\",\"url\":\"https:\/\/www.oarcanjo.net\/site\/\",\"name\":\"O Arcanjo no ar\",\"description\":\"Site da Par\u00f3quia S\u00e3o Miguel Arcanjo (Arquidiocese de SP)\",\"publisher\":{\"@id\":\"https:\/\/www.oarcanjo.net\/site\/#organization\"},\"potentialAction\":[{\"@type\":\"SearchAction\",\"target\":{\"@type\":\"EntryPoint\",\"urlTemplate\":\"https:\/\/www.oarcanjo.net\/site\/?s={search_term_string}\"},\"query-input\":{\"@type\":\"PropertyValueSpecification\",\"valueRequired\":true,\"valueName\":\"search_term_string\"}}],\"inLanguage\":\"pt-BR\"},{\"@type\":\"Organization\",\"@id\":\"https:\/\/www.oarcanjo.net\/site\/#organization\",\"name\":\"Par\u00f3quia S\u00e3o Miguel Arcanjo\",\"url\":\"https:\/\/www.oarcanjo.net\/site\/\",\"logo\":{\"@type\":\"ImageObject\",\"inLanguage\":\"pt-BR\",\"@id\":\"https:\/\/www.oarcanjo.net\/site\/#\/schema\/logo\/image\/\",\"url\":\"https:\/\/www.oarcanjo.net\/site\/wp-content\/uploads\/LogoOArcanjo.png\",\"contentUrl\":\"https:\/\/www.oarcanjo.net\/site\/wp-content\/uploads\/LogoOArcanjo.png\",\"width\":319,\"height\":99,\"caption\":\"Par\u00f3quia S\u00e3o Miguel Arcanjo\"},\"image\":{\"@id\":\"https:\/\/www.oarcanjo.net\/site\/#\/schema\/logo\/image\/\"},\"sameAs\":[\"https:\/\/www.facebook.com\/OArcanjoNoAr\/\"]},{\"@type\":\"Person\",\"@id\":\"https:\/\/www.oarcanjo.net\/site\/#\/schema\/person\/f7024d007863202483a31326673a0838\",\"name\":\"editor\",\"sameAs\":[\"http:\/\/www.oarcanjo.net\"]}]}<\/script>\n<!-- \/ Yoast SEO plugin. -->","yoast_head_json":{"title":"Dom Oscar Romero e sua canoniza\u00e7\u00e3o para a Am\u00e9rica Latina - O Arcanjo no ar","robots":{"index":"index","follow":"follow","max-snippet":"max-snippet:-1","max-image-preview":"max-image-preview:large","max-video-preview":"max-video-preview:-1"},"canonical":"https:\/\/www.oarcanjo.net\/site\/dom-oscar-romero-e-sua-canonizacao-para-a-america-latina\/","og_locale":"pt_BR","og_type":"article","og_title":"Dom Oscar Romero e sua canoniza\u00e7\u00e3o para a Am\u00e9rica Latina - O Arcanjo no ar","og_description":"Rafael Moreno N\u00e3o h\u00e1 d\u00favida de que muitos salvadorenhos, latino-americanos e mesmo europeus, h\u00e1 v\u00e1rios anos, reconhecem e veneram dom Oscar Romero&nbsp;como santo, mas o que significa a canoniza\u00e7\u00e3o para eles? Tentarei responder a essa pergunta a partir de minha experi\u00eancia de ter vivido e trabalhado com dom Romero, como seu secret\u00e1rio de Assuntos Sociais, [&hellip;]","og_url":"https:\/\/www.oarcanjo.net\/site\/dom-oscar-romero-e-sua-canonizacao-para-a-america-latina\/","og_site_name":"O Arcanjo no ar","article_publisher":"https:\/\/www.facebook.com\/OArcanjoNoAr\/","article_published_time":"2018-10-14T11:35:10+00:00","og_image":[{"width":300,"height":300,"url":"https:\/\/www.oarcanjo.net\/site\/wp-content\/uploads\/logo-o-arcanjo-no-ar-facebook.png","type":"image\/png"}],"author":"editor","twitter_card":"summary_large_image","twitter_misc":{"Escrito por":"editor","Est. tempo de leitura":"7 minutos"},"schema":{"@context":"https:\/\/schema.org","@graph":[{"@type":"Article","@id":"https:\/\/www.oarcanjo.net\/site\/dom-oscar-romero-e-sua-canonizacao-para-a-america-latina\/#article","isPartOf":{"@id":"https:\/\/www.oarcanjo.net\/site\/dom-oscar-romero-e-sua-canonizacao-para-a-america-latina\/"},"author":{"name":"editor","@id":"https:\/\/www.oarcanjo.net\/site\/#\/schema\/person\/f7024d007863202483a31326673a0838"},"headline":"Dom Oscar Romero e sua canoniza\u00e7\u00e3o para a Am\u00e9rica Latina","datePublished":"2018-10-14T11:35:10+00:00","dateModified":"2018-10-14T11:35:10+00:00","mainEntityOfPage":{"@id":"https:\/\/www.oarcanjo.net\/site\/dom-oscar-romero-e-sua-canonizacao-para-a-america-latina\/"},"wordCount":1343,"commentCount":0,"publisher":{"@id":"https:\/\/www.oarcanjo.net\/site\/#organization"},"articleSection":["D. Oscar Romero"],"inLanguage":"pt-BR","potentialAction":[{"@type":"CommentAction","name":"Comment","target":["https:\/\/www.oarcanjo.net\/site\/dom-oscar-romero-e-sua-canonizacao-para-a-america-latina\/#respond"]}]},{"@type":"WebPage","@id":"https:\/\/www.oarcanjo.net\/site\/dom-oscar-romero-e-sua-canonizacao-para-a-america-latina\/","url":"https:\/\/www.oarcanjo.net\/site\/dom-oscar-romero-e-sua-canonizacao-para-a-america-latina\/","name":"Dom Oscar Romero e sua canoniza\u00e7\u00e3o para a Am\u00e9rica Latina - O Arcanjo no ar","isPartOf":{"@id":"https:\/\/www.oarcanjo.net\/site\/#website"},"datePublished":"2018-10-14T11:35:10+00:00","dateModified":"2018-10-14T11:35:10+00:00","breadcrumb":{"@id":"https:\/\/www.oarcanjo.net\/site\/dom-oscar-romero-e-sua-canonizacao-para-a-america-latina\/#breadcrumb"},"inLanguage":"pt-BR","potentialAction":[{"@type":"ReadAction","target":["https:\/\/www.oarcanjo.net\/site\/dom-oscar-romero-e-sua-canonizacao-para-a-america-latina\/"]}]},{"@type":"BreadcrumbList","@id":"https:\/\/www.oarcanjo.net\/site\/dom-oscar-romero-e-sua-canonizacao-para-a-america-latina\/#breadcrumb","itemListElement":[{"@type":"ListItem","position":1,"name":"In\u00edcio","item":"https:\/\/www.oarcanjo.net\/site\/"},{"@type":"ListItem","position":2,"name":"Dom Oscar Romero e sua canoniza\u00e7\u00e3o para a Am\u00e9rica Latina"}]},{"@type":"WebSite","@id":"https:\/\/www.oarcanjo.net\/site\/#website","url":"https:\/\/www.oarcanjo.net\/site\/","name":"O Arcanjo no ar","description":"Site da Par\u00f3quia S\u00e3o Miguel Arcanjo (Arquidiocese de SP)","publisher":{"@id":"https:\/\/www.oarcanjo.net\/site\/#organization"},"potentialAction":[{"@type":"SearchAction","target":{"@type":"EntryPoint","urlTemplate":"https:\/\/www.oarcanjo.net\/site\/?s={search_term_string}"},"query-input":{"@type":"PropertyValueSpecification","valueRequired":true,"valueName":"search_term_string"}}],"inLanguage":"pt-BR"},{"@type":"Organization","@id":"https:\/\/www.oarcanjo.net\/site\/#organization","name":"Par\u00f3quia S\u00e3o Miguel Arcanjo","url":"https:\/\/www.oarcanjo.net\/site\/","logo":{"@type":"ImageObject","inLanguage":"pt-BR","@id":"https:\/\/www.oarcanjo.net\/site\/#\/schema\/logo\/image\/","url":"https:\/\/www.oarcanjo.net\/site\/wp-content\/uploads\/LogoOArcanjo.png","contentUrl":"https:\/\/www.oarcanjo.net\/site\/wp-content\/uploads\/LogoOArcanjo.png","width":319,"height":99,"caption":"Par\u00f3quia S\u00e3o Miguel Arcanjo"},"image":{"@id":"https:\/\/www.oarcanjo.net\/site\/#\/schema\/logo\/image\/"},"sameAs":["https:\/\/www.facebook.com\/OArcanjoNoAr\/"]},{"@type":"Person","@id":"https:\/\/www.oarcanjo.net\/site\/#\/schema\/person\/f7024d007863202483a31326673a0838","name":"editor","sameAs":["http:\/\/www.oarcanjo.net"]}]}},"publishpress_future_action":{"enabled":false,"date":"2026-05-09 01:51:06","action":"category","newStatus":"draft","terms":[],"taxonomy":"category"},"publishpress_future_workflow_manual_trigger":{"enabledWorkflows":[]},"_links":{"self":[{"href":"https:\/\/www.oarcanjo.net\/site\/wp-json\/wp\/v2\/posts\/90518"}],"collection":[{"href":"https:\/\/www.oarcanjo.net\/site\/wp-json\/wp\/v2\/posts"}],"about":[{"href":"https:\/\/www.oarcanjo.net\/site\/wp-json\/wp\/v2\/types\/post"}],"author":[{"embeddable":true,"href":"https:\/\/www.oarcanjo.net\/site\/wp-json\/wp\/v2\/users\/5"}],"replies":[{"embeddable":true,"href":"https:\/\/www.oarcanjo.net\/site\/wp-json\/wp\/v2\/comments?post=90518"}],"version-history":[{"count":2,"href":"https:\/\/www.oarcanjo.net\/site\/wp-json\/wp\/v2\/posts\/90518\/revisions"}],"predecessor-version":[{"id":90520,"href":"https:\/\/www.oarcanjo.net\/site\/wp-json\/wp\/v2\/posts\/90518\/revisions\/90520"}],"wp:attachment":[{"href":"https:\/\/www.oarcanjo.net\/site\/wp-json\/wp\/v2\/media?parent=90518"}],"wp:term":[{"taxonomy":"category","embeddable":true,"href":"https:\/\/www.oarcanjo.net\/site\/wp-json\/wp\/v2\/categories?post=90518"},{"taxonomy":"post_tag","embeddable":true,"href":"https:\/\/www.oarcanjo.net\/site\/wp-json\/wp\/v2\/tags?post=90518"}],"curies":[{"name":"wp","href":"https:\/\/api.w.org\/{rel}","templated":true}]}}