
{"id":9056,"date":"2010-04-19T10:26:59","date_gmt":"2010-04-19T12:26:59","guid":{"rendered":"http:\/\/www.oarcanjo.net\/site\/?p=9056"},"modified":"2010-04-19T10:29:09","modified_gmt":"2010-04-19T12:29:09","slug":"oracao-a-santo-expedito-19-de-abril","status":"publish","type":"post","link":"https:\/\/www.oarcanjo.net\/site\/oracao-a-santo-expedito-19-de-abril\/","title":{"rendered":"Ora\u00e7\u00e3o a Santo Expedito &#8211; 19 de abril"},"content":{"rendered":"<p><img loading=\"lazy\" decoding=\"async\" align=\"left\" hspace=\"4\" title=\"Santo Expedito - 19 de abril\" src=\"http:\/\/www.oarcanjo.net\/site\/wp-content\/uploads\/santo-expedito.jpg\" alt=\"Santo Expedito - 19 de abril\" width=\"137\" height=\"193\" \/>Meu Santo Expedito das causas justas e urgentes interceda por mim junto ao Nosso Senhor Jesus Cristo, socorra-me nesta hora de afli\u00e7\u00e3o e desespero, meu Santo Expedito V\u00f3s que sois um Santo guerreiro, V\u00f3s que sois o Santo dos aflitos, V\u00f3s que sois o Santo dos desesperados, V\u00f3s que sois o Santo das causas urgentes, proteja-me. Ajuda-me, Dai-me for\u00e7a, coragem e serenidade. Atenda meu pedido <em>(Fazer o pedido)<\/em>. Meu Santo Expedito! Ajuda-me a superar estas horas dif\u00edceis, proteja de todos que possam me prejudicar, proteja minha fam\u00edlia, atenda ao meu pedido com urg\u00eancia. Devolva-me a paz e a tranq\u00fcilidade. Meu Santo Expedito! Serei grato pelo resto de minha vida e levarei seu nome a todos que t\u00eam f\u00e9.<\/p>\n<p>Muito obrigado.<\/p>\n<p>(Rezar 1 Pai Nosso, 1 Ave Maria e fazer o sinal da cruz)<\/p>\n<div id=\"themify_builder_content-9056\" data-postid=\"9056\" class=\"themify_builder_content themify_builder_content-9056 themify_builder themify_builder_front\">\n\t<\/div>\n<!-- \/themify_builder_content -->","protected":false},"excerpt":{"rendered":"<p>Meu Santo Expedito das causas justas e urgentes interceda por mim junto ao Nosso Senhor Jesus Cristo, socorra-me nesta hora de afli\u00e7\u00e3o e desespero, meu Santo Expedito V\u00f3s que sois um Santo guerreiro, V\u00f3s que sois o Santo dos aflitos, V\u00f3s que sois o Santo dos desesperados, V\u00f3s que sois o Santo das causas urgentes, [&hellip;]<\/p>\n","protected":false},"author":3,"featured_media":0,"comment_status":"open","ping_status":"open","sticky":false,"template":"","format":"standard","meta":{"ngg_post_thumbnail":0,"footnotes":""},"categories":[6],"tags":[3201,1574],"yoast_head":"<!-- This site is optimized with the Yoast SEO plugin v23.5 - https:\/\/yoast.com\/wordpress\/plugins\/seo\/ -->\n<title>Ora\u00e7\u00e3o a Santo Expedito - 19 de abril - O Arcanjo no ar<\/title>\n<meta name=\"robots\" content=\"index, follow, max-snippet:-1, max-image-preview:large, max-video-preview:-1\" \/>\n<link rel=\"canonical\" href=\"https:\/\/www.oarcanjo.net\/site\/oracao-a-santo-expedito-19-de-abril\/\" \/>\n<meta property=\"og:locale\" content=\"pt_BR\" \/>\n<meta property=\"og:type\" content=\"article\" \/>\n<meta property=\"og:title\" content=\"Ora\u00e7\u00e3o a Santo Expedito - 19 de abril - O Arcanjo no ar\" \/>\n<meta property=\"og:description\" content=\"Meu Santo Expedito das causas justas e urgentes interceda por mim junto ao Nosso Senhor Jesus Cristo, socorra-me nesta hora de afli\u00e7\u00e3o e desespero, meu Santo Expedito V\u00f3s que sois um Santo guerreiro, V\u00f3s que sois o Santo dos aflitos, V\u00f3s que sois o Santo dos desesperados, V\u00f3s que sois o Santo das causas urgentes, [&hellip;]\" \/>\n<meta property=\"og:url\" content=\"https:\/\/www.oarcanjo.net\/site\/oracao-a-santo-expedito-19-de-abril\/\" \/>\n<meta property=\"og:site_name\" content=\"O Arcanjo no ar\" \/>\n<meta property=\"article:publisher\" content=\"https:\/\/www.facebook.com\/OArcanjoNoAr\/\" \/>\n<meta property=\"article:published_time\" content=\"2010-04-19T12:26:59+00:00\" \/>\n<meta property=\"article:modified_time\" content=\"2010-04-19T12:29:09+00:00\" \/>\n<meta property=\"og:image\" content=\"http:\/\/www.oarcanjo.net\/site\/wp-content\/uploads\/santo-expedito.jpg\" \/>\n<meta name=\"author\" content=\"miriam.meyer\" \/>\n<meta name=\"twitter:card\" content=\"summary_large_image\" \/>\n<meta name=\"twitter:label1\" content=\"Escrito por\" \/>\n\t<meta name=\"twitter:data1\" content=\"miriam.meyer\" \/>\n\t<meta name=\"twitter:label2\" content=\"Est. tempo de leitura\" \/>\n\t<meta name=\"twitter:data2\" content=\"1 minuto\" \/>\n<script type=\"application\/ld+json\" class=\"yoast-schema-graph\">{\"@context\":\"https:\/\/schema.org\",\"@graph\":[{\"@type\":\"Article\",\"@id\":\"https:\/\/www.oarcanjo.net\/site\/oracao-a-santo-expedito-19-de-abril\/#article\",\"isPartOf\":{\"@id\":\"https:\/\/www.oarcanjo.net\/site\/oracao-a-santo-expedito-19-de-abril\/\"},\"author\":{\"name\":\"miriam.meyer\",\"@id\":\"https:\/\/www.oarcanjo.net\/site\/#\/schema\/person\/ce0fba3450314a09c6442cfee983a3d8\"},\"headline\":\"Ora\u00e7\u00e3o a Santo Expedito &#8211; 19 de abril\",\"datePublished\":\"2010-04-19T12:26:59+00:00\",\"dateModified\":\"2010-04-19T12:29:09+00:00\",\"mainEntityOfPage\":{\"@id\":\"https:\/\/www.oarcanjo.net\/site\/oracao-a-santo-expedito-19-de-abril\/\"},\"wordCount\":150,\"commentCount\":8,\"publisher\":{\"@id\":\"https:\/\/www.oarcanjo.net\/site\/#organization\"},\"image\":{\"@id\":\"https:\/\/www.oarcanjo.net\/site\/oracao-a-santo-expedito-19-de-abril\/#primaryimage\"},\"thumbnailUrl\":\"http:\/\/www.oarcanjo.net\/site\/wp-content\/uploads\/santo-expedito.jpg\",\"keywords\":[\"Ora\u00e7\u00f5es\",\"Santo Expedito\"],\"articleSection\":[\"Ora\u00e7\u00f5es\"],\"inLanguage\":\"pt-BR\",\"potentialAction\":[{\"@type\":\"CommentAction\",\"name\":\"Comment\",\"target\":[\"https:\/\/www.oarcanjo.net\/site\/oracao-a-santo-expedito-19-de-abril\/#respond\"]}]},{\"@type\":\"WebPage\",\"@id\":\"https:\/\/www.oarcanjo.net\/site\/oracao-a-santo-expedito-19-de-abril\/\",\"url\":\"https:\/\/www.oarcanjo.net\/site\/oracao-a-santo-expedito-19-de-abril\/\",\"name\":\"Ora\u00e7\u00e3o a Santo Expedito - 19 de abril - O Arcanjo no ar\",\"isPartOf\":{\"@id\":\"https:\/\/www.oarcanjo.net\/site\/#website\"},\"primaryImageOfPage\":{\"@id\":\"https:\/\/www.oarcanjo.net\/site\/oracao-a-santo-expedito-19-de-abril\/#primaryimage\"},\"image\":{\"@id\":\"https:\/\/www.oarcanjo.net\/site\/oracao-a-santo-expedito-19-de-abril\/#primaryimage\"},\"thumbnailUrl\":\"http:\/\/www.oarcanjo.net\/site\/wp-content\/uploads\/santo-expedito.jpg\",\"datePublished\":\"2010-04-19T12:26:59+00:00\",\"dateModified\":\"2010-04-19T12:29:09+00:00\",\"breadcrumb\":{\"@id\":\"https:\/\/www.oarcanjo.net\/site\/oracao-a-santo-expedito-19-de-abril\/#breadcrumb\"},\"inLanguage\":\"pt-BR\",\"potentialAction\":[{\"@type\":\"ReadAction\",\"target\":[\"https:\/\/www.oarcanjo.net\/site\/oracao-a-santo-expedito-19-de-abril\/\"]}]},{\"@type\":\"ImageObject\",\"inLanguage\":\"pt-BR\",\"@id\":\"https:\/\/www.oarcanjo.net\/site\/oracao-a-santo-expedito-19-de-abril\/#primaryimage\",\"url\":\"https:\/\/www.oarcanjo.net\/site\/wp-content\/uploads\/santo-expedito.jpg\",\"contentUrl\":\"https:\/\/www.oarcanjo.net\/site\/wp-content\/uploads\/santo-expedito.jpg\",\"width\":\"137\",\"height\":\"193\",\"caption\":\"Santo Expedito - 19 de abril\"},{\"@type\":\"BreadcrumbList\",\"@id\":\"https:\/\/www.oarcanjo.net\/site\/oracao-a-santo-expedito-19-de-abril\/#breadcrumb\",\"itemListElement\":[{\"@type\":\"ListItem\",\"position\":1,\"name\":\"In\u00edcio\",\"item\":\"https:\/\/www.oarcanjo.net\/site\/\"},{\"@type\":\"ListItem\",\"position\":2,\"name\":\"Ora\u00e7\u00e3o a Santo Expedito &#8211; 19 de abril\"}]},{\"@type\":\"WebSite\",\"@id\":\"https:\/\/www.oarcanjo.net\/site\/#website\",\"url\":\"https:\/\/www.oarcanjo.net\/site\/\",\"name\":\"O Arcanjo no ar\",\"description\":\"Site da Par\u00f3quia S\u00e3o Miguel Arcanjo (Arquidiocese de SP)\",\"publisher\":{\"@id\":\"https:\/\/www.oarcanjo.net\/site\/#organization\"},\"potentialAction\":[{\"@type\":\"SearchAction\",\"target\":{\"@type\":\"EntryPoint\",\"urlTemplate\":\"https:\/\/www.oarcanjo.net\/site\/?s={search_term_string}\"},\"query-input\":{\"@type\":\"PropertyValueSpecification\",\"valueRequired\":true,\"valueName\":\"search_term_string\"}}],\"inLanguage\":\"pt-BR\"},{\"@type\":\"Organization\",\"@id\":\"https:\/\/www.oarcanjo.net\/site\/#organization\",\"name\":\"Par\u00f3quia S\u00e3o Miguel Arcanjo\",\"url\":\"https:\/\/www.oarcanjo.net\/site\/\",\"logo\":{\"@type\":\"ImageObject\",\"inLanguage\":\"pt-BR\",\"@id\":\"https:\/\/www.oarcanjo.net\/site\/#\/schema\/logo\/image\/\",\"url\":\"https:\/\/www.oarcanjo.net\/site\/wp-content\/uploads\/LogoOArcanjo.png\",\"contentUrl\":\"https:\/\/www.oarcanjo.net\/site\/wp-content\/uploads\/LogoOArcanjo.png\",\"width\":319,\"height\":99,\"caption\":\"Par\u00f3quia S\u00e3o Miguel Arcanjo\"},\"image\":{\"@id\":\"https:\/\/www.oarcanjo.net\/site\/#\/schema\/logo\/image\/\"},\"sameAs\":[\"https:\/\/www.facebook.com\/OArcanjoNoAr\/\"]},{\"@type\":\"Person\",\"@id\":\"https:\/\/www.oarcanjo.net\/site\/#\/schema\/person\/ce0fba3450314a09c6442cfee983a3d8\",\"name\":\"miriam.meyer\"}]}<\/script>\n<!-- \/ Yoast SEO plugin. -->","yoast_head_json":{"title":"Ora\u00e7\u00e3o a Santo Expedito - 19 de abril - O Arcanjo no ar","robots":{"index":"index","follow":"follow","max-snippet":"max-snippet:-1","max-image-preview":"max-image-preview:large","max-video-preview":"max-video-preview:-1"},"canonical":"https:\/\/www.oarcanjo.net\/site\/oracao-a-santo-expedito-19-de-abril\/","og_locale":"pt_BR","og_type":"article","og_title":"Ora\u00e7\u00e3o a Santo Expedito - 19 de abril - O Arcanjo no ar","og_description":"Meu Santo Expedito das causas justas e urgentes interceda por mim junto ao Nosso Senhor Jesus Cristo, socorra-me nesta hora de afli\u00e7\u00e3o e desespero, meu Santo Expedito V\u00f3s que sois um Santo guerreiro, V\u00f3s que sois o Santo dos aflitos, V\u00f3s que sois o Santo dos desesperados, V\u00f3s que sois o Santo das causas urgentes, [&hellip;]","og_url":"https:\/\/www.oarcanjo.net\/site\/oracao-a-santo-expedito-19-de-abril\/","og_site_name":"O Arcanjo no ar","article_publisher":"https:\/\/www.facebook.com\/OArcanjoNoAr\/","article_published_time":"2010-04-19T12:26:59+00:00","article_modified_time":"2010-04-19T12:29:09+00:00","og_image":[{"url":"http:\/\/www.oarcanjo.net\/site\/wp-content\/uploads\/santo-expedito.jpg"}],"author":"miriam.meyer","twitter_card":"summary_large_image","twitter_misc":{"Escrito por":"miriam.meyer","Est. tempo de leitura":"1 minuto"},"schema":{"@context":"https:\/\/schema.org","@graph":[{"@type":"Article","@id":"https:\/\/www.oarcanjo.net\/site\/oracao-a-santo-expedito-19-de-abril\/#article","isPartOf":{"@id":"https:\/\/www.oarcanjo.net\/site\/oracao-a-santo-expedito-19-de-abril\/"},"author":{"name":"miriam.meyer","@id":"https:\/\/www.oarcanjo.net\/site\/#\/schema\/person\/ce0fba3450314a09c6442cfee983a3d8"},"headline":"Ora\u00e7\u00e3o a Santo Expedito &#8211; 19 de abril","datePublished":"2010-04-19T12:26:59+00:00","dateModified":"2010-04-19T12:29:09+00:00","mainEntityOfPage":{"@id":"https:\/\/www.oarcanjo.net\/site\/oracao-a-santo-expedito-19-de-abril\/"},"wordCount":150,"commentCount":8,"publisher":{"@id":"https:\/\/www.oarcanjo.net\/site\/#organization"},"image":{"@id":"https:\/\/www.oarcanjo.net\/site\/oracao-a-santo-expedito-19-de-abril\/#primaryimage"},"thumbnailUrl":"http:\/\/www.oarcanjo.net\/site\/wp-content\/uploads\/santo-expedito.jpg","keywords":["Ora\u00e7\u00f5es","Santo Expedito"],"articleSection":["Ora\u00e7\u00f5es"],"inLanguage":"pt-BR","potentialAction":[{"@type":"CommentAction","name":"Comment","target":["https:\/\/www.oarcanjo.net\/site\/oracao-a-santo-expedito-19-de-abril\/#respond"]}]},{"@type":"WebPage","@id":"https:\/\/www.oarcanjo.net\/site\/oracao-a-santo-expedito-19-de-abril\/","url":"https:\/\/www.oarcanjo.net\/site\/oracao-a-santo-expedito-19-de-abril\/","name":"Ora\u00e7\u00e3o a Santo Expedito - 19 de abril - O Arcanjo no ar","isPartOf":{"@id":"https:\/\/www.oarcanjo.net\/site\/#website"},"primaryImageOfPage":{"@id":"https:\/\/www.oarcanjo.net\/site\/oracao-a-santo-expedito-19-de-abril\/#primaryimage"},"image":{"@id":"https:\/\/www.oarcanjo.net\/site\/oracao-a-santo-expedito-19-de-abril\/#primaryimage"},"thumbnailUrl":"http:\/\/www.oarcanjo.net\/site\/wp-content\/uploads\/santo-expedito.jpg","datePublished":"2010-04-19T12:26:59+00:00","dateModified":"2010-04-19T12:29:09+00:00","breadcrumb":{"@id":"https:\/\/www.oarcanjo.net\/site\/oracao-a-santo-expedito-19-de-abril\/#breadcrumb"},"inLanguage":"pt-BR","potentialAction":[{"@type":"ReadAction","target":["https:\/\/www.oarcanjo.net\/site\/oracao-a-santo-expedito-19-de-abril\/"]}]},{"@type":"ImageObject","inLanguage":"pt-BR","@id":"https:\/\/www.oarcanjo.net\/site\/oracao-a-santo-expedito-19-de-abril\/#primaryimage","url":"https:\/\/www.oarcanjo.net\/site\/wp-content\/uploads\/santo-expedito.jpg","contentUrl":"https:\/\/www.oarcanjo.net\/site\/wp-content\/uploads\/santo-expedito.jpg","width":"137","height":"193","caption":"Santo Expedito - 19 de abril"},{"@type":"BreadcrumbList","@id":"https:\/\/www.oarcanjo.net\/site\/oracao-a-santo-expedito-19-de-abril\/#breadcrumb","itemListElement":[{"@type":"ListItem","position":1,"name":"In\u00edcio","item":"https:\/\/www.oarcanjo.net\/site\/"},{"@type":"ListItem","position":2,"name":"Ora\u00e7\u00e3o a Santo Expedito &#8211; 19 de abril"}]},{"@type":"WebSite","@id":"https:\/\/www.oarcanjo.net\/site\/#website","url":"https:\/\/www.oarcanjo.net\/site\/","name":"O Arcanjo no ar","description":"Site da Par\u00f3quia S\u00e3o Miguel Arcanjo (Arquidiocese de SP)","publisher":{"@id":"https:\/\/www.oarcanjo.net\/site\/#organization"},"potentialAction":[{"@type":"SearchAction","target":{"@type":"EntryPoint","urlTemplate":"https:\/\/www.oarcanjo.net\/site\/?s={search_term_string}"},"query-input":{"@type":"PropertyValueSpecification","valueRequired":true,"valueName":"search_term_string"}}],"inLanguage":"pt-BR"},{"@type":"Organization","@id":"https:\/\/www.oarcanjo.net\/site\/#organization","name":"Par\u00f3quia S\u00e3o Miguel Arcanjo","url":"https:\/\/www.oarcanjo.net\/site\/","logo":{"@type":"ImageObject","inLanguage":"pt-BR","@id":"https:\/\/www.oarcanjo.net\/site\/#\/schema\/logo\/image\/","url":"https:\/\/www.oarcanjo.net\/site\/wp-content\/uploads\/LogoOArcanjo.png","contentUrl":"https:\/\/www.oarcanjo.net\/site\/wp-content\/uploads\/LogoOArcanjo.png","width":319,"height":99,"caption":"Par\u00f3quia S\u00e3o Miguel Arcanjo"},"image":{"@id":"https:\/\/www.oarcanjo.net\/site\/#\/schema\/logo\/image\/"},"sameAs":["https:\/\/www.facebook.com\/OArcanjoNoAr\/"]},{"@type":"Person","@id":"https:\/\/www.oarcanjo.net\/site\/#\/schema\/person\/ce0fba3450314a09c6442cfee983a3d8","name":"miriam.meyer"}]}},"publishpress_future_action":{"enabled":false,"date":"2026-05-07 18:47:44","action":"category","newStatus":"draft","terms":[],"taxonomy":"category"},"publishpress_future_workflow_manual_trigger":{"enabledWorkflows":[]},"_links":{"self":[{"href":"https:\/\/www.oarcanjo.net\/site\/wp-json\/wp\/v2\/posts\/9056"}],"collection":[{"href":"https:\/\/www.oarcanjo.net\/site\/wp-json\/wp\/v2\/posts"}],"about":[{"href":"https:\/\/www.oarcanjo.net\/site\/wp-json\/wp\/v2\/types\/post"}],"author":[{"embeddable":true,"href":"https:\/\/www.oarcanjo.net\/site\/wp-json\/wp\/v2\/users\/3"}],"replies":[{"embeddable":true,"href":"https:\/\/www.oarcanjo.net\/site\/wp-json\/wp\/v2\/comments?post=9056"}],"version-history":[{"count":0,"href":"https:\/\/www.oarcanjo.net\/site\/wp-json\/wp\/v2\/posts\/9056\/revisions"}],"wp:attachment":[{"href":"https:\/\/www.oarcanjo.net\/site\/wp-json\/wp\/v2\/media?parent=9056"}],"wp:term":[{"taxonomy":"category","embeddable":true,"href":"https:\/\/www.oarcanjo.net\/site\/wp-json\/wp\/v2\/categories?post=9056"},{"taxonomy":"post_tag","embeddable":true,"href":"https:\/\/www.oarcanjo.net\/site\/wp-json\/wp\/v2\/tags?post=9056"}],"curies":[{"name":"wp","href":"https:\/\/api.w.org\/{rel}","templated":true}]}}