
{"id":9061,"date":"2010-04-26T22:35:30","date_gmt":"2010-04-27T01:35:30","guid":{"rendered":"http:\/\/www.oarcanjo.net\/site\/?p=9061"},"modified":"2010-07-03T07:14:37","modified_gmt":"2010-07-03T10:14:37","slug":"parabens-pe-julio-pelos-25-anos-de-sacerdocio","status":"publish","type":"post","link":"https:\/\/www.oarcanjo.net\/site\/parabens-pe-julio-pelos-25-anos-de-sacerdocio\/","title":{"rendered":"Parab\u00e9ns, Pe. Julio, pelos 25 anos de sacerd\u00f3cio!"},"content":{"rendered":"<p>Nesta ter\u00e7a-feira, 20 de abril, o Pe. Julio Lancellotti comemorou 25 anos de ordena\u00e7\u00e3o sacerdotal. A comunidade S\u00e3o Miguel Arcanjo celebrou o Jubileu de Prata a partir das 8 da noite na capela da Universidade S\u00e3o Judas Tadeu. A missa foi \u00a0presidida por D. Angelico Sandalo Bernardino, bispo em\u00e9rito de Blumenau (SC) e ex-bispo auxiliar da Arquidiocese de S\u00e3o Paulo.<\/p>\n<p>Veja como foi a homilia:<\/p>\n<p><object classid=\"clsid:6bf52a52-394a-11d3-b153-00c04f79faa6\" width=\"480\" height=\"330\" codebase=\"http:\/\/activex.microsoft.com\/activex\/controls\/mplayer\/en\/nsmp2inf.cab#Version=5,1,52,701\"><param name=\"url\" value=\"http:\/\/www.oarcanjo.net\/video\/Homilia20100420-DAngelico-final.wmv\" \/><param name=\"src\" value=\"http:\/\/www.oarcanjo.net\/video\/Homilia20100420-DAngelico-final.wmv\" \/><embed type=\"application\/x-mplayer2\" width=\"480\" height=\"330\" src=\"http:\/\/www.oarcanjo.net\/video\/Homilia20100420-DAngelico-final.wmv\" url=\"http:\/\/www.oarcanjo.net\/video\/Homilia20100420-DAngelico-final.wmv\"><\/embed><\/object><\/p>\n<p>O grupo respons\u00e1vel pela p\u00e1gina &#8220;Apenas_Servos&#8221; no Twitter produziu uma homenagem em v\u00eddeo, que reproduzimos abaixo:<\/p>\n<p><object classid=\"clsid:d27cdb6e-ae6d-11cf-96b8-444553540000\" width=\"480\" height=\"385\" codebase=\"http:\/\/download.macromedia.com\/pub\/shockwave\/cabs\/flash\/swflash.cab#version=6,0,40,0\"><param name=\"allowFullScreen\" value=\"true\" \/><param name=\"allowscriptaccess\" value=\"always\" \/><param name=\"src\" value=\"http:\/\/www.youtube.com\/v\/4rVxOAr1bQQ&amp;hl=pt_BR&amp;fs=1&amp;rel=0&amp;color1=0xe1600f&amp;color2=0xfebd01\" \/><param name=\"allowfullscreen\" value=\"true\" \/><embed type=\"application\/x-shockwave-flash\" width=\"480\" height=\"385\" src=\"http:\/\/www.youtube.com\/v\/4rVxOAr1bQQ&amp;hl=pt_BR&amp;fs=1&amp;rel=0&amp;color1=0xe1600f&amp;color2=0xfebd01\" allowfullscreen=\"true\" allowscriptaccess=\"always\"><\/embed><\/object><\/p>\n<p>Veja tamb\u00e9m o registro da celebra\u00e7\u00e3o e comemora\u00e7\u00e3o em fotos:<\/p>\nngg_shortcode_0_placeholder\nngg_shortcode_1_placeholder\n<p><em>Imagens de Carlos Alberto Beatriz e Wanderley Oliveira<\/em><\/p>\n<p>Pela manh\u00e3 o Pe. J\u00falio foi homenagem na par\u00f3quia S\u00e3o Miguel Arcanjo:<\/p>\nngg_shortcode_2_placeholder\n<p><em>Imagens de Carlos Alberto Beatriz<\/em><\/p>\n<div id=\"themify_builder_content-9061\" data-postid=\"9061\" class=\"themify_builder_content themify_builder_content-9061 themify_builder themify_builder_front\">\n\t<\/div>\n<!-- \/themify_builder_content -->","protected":false},"excerpt":{"rendered":"<p>Nesta ter\u00e7a-feira, 20 de abril, o Pe. Julio Lancellotti comemorou 25 anos de ordena\u00e7\u00e3o sacerdotal. A comunidade S\u00e3o Miguel Arcanjo celebrou o Jubileu de Prata a partir das 8 da noite na capela da Universidade S\u00e3o Judas Tadeu. A missa foi \u00a0presidida por D. Angelico Sandalo Bernardino, bispo em\u00e9rito de Blumenau (SC) e ex-bispo auxiliar [&hellip;]<\/p>\n","protected":false},"author":5,"featured_media":0,"comment_status":"open","ping_status":"open","sticky":false,"template":"","format":"standard","meta":{"ngg_post_thumbnail":0,"footnotes":""},"categories":[8,280],"tags":[58,86,162],"yoast_head":"<!-- This site is optimized with the Yoast SEO plugin v23.5 - https:\/\/yoast.com\/wordpress\/plugins\/seo\/ -->\n<title>Parab\u00e9ns, Pe. Julio, pelos 25 anos de sacerd\u00f3cio! - O Arcanjo no ar<\/title>\n<meta name=\"robots\" content=\"index, follow, max-snippet:-1, max-image-preview:large, max-video-preview:-1\" \/>\n<link rel=\"canonical\" href=\"https:\/\/www.oarcanjo.net\/site\/parabens-pe-julio-pelos-25-anos-de-sacerdocio\/\" \/>\n<meta property=\"og:locale\" content=\"pt_BR\" \/>\n<meta property=\"og:type\" content=\"article\" \/>\n<meta property=\"og:title\" content=\"Parab\u00e9ns, Pe. Julio, pelos 25 anos de sacerd\u00f3cio! - O Arcanjo no ar\" \/>\n<meta property=\"og:description\" content=\"Nesta ter\u00e7a-feira, 20 de abril, o Pe. Julio Lancellotti comemorou 25 anos de ordena\u00e7\u00e3o sacerdotal. A comunidade S\u00e3o Miguel Arcanjo celebrou o Jubileu de Prata a partir das 8 da noite na capela da Universidade S\u00e3o Judas Tadeu. A missa foi \u00a0presidida por D. Angelico Sandalo Bernardino, bispo em\u00e9rito de Blumenau (SC) e ex-bispo auxiliar [&hellip;]\" \/>\n<meta property=\"og:url\" content=\"https:\/\/www.oarcanjo.net\/site\/parabens-pe-julio-pelos-25-anos-de-sacerdocio\/\" \/>\n<meta property=\"og:site_name\" content=\"O Arcanjo no ar\" \/>\n<meta property=\"article:publisher\" content=\"https:\/\/www.facebook.com\/OArcanjoNoAr\/\" \/>\n<meta property=\"article:published_time\" content=\"2010-04-27T01:35:30+00:00\" \/>\n<meta property=\"article:modified_time\" content=\"2010-07-03T10:14:37+00:00\" \/>\n<meta property=\"og:image\" content=\"https:\/\/www.oarcanjo.net\/site\/wp-content\/uploads\/logo-o-arcanjo-no-ar-facebook.png\" \/>\n\t<meta property=\"og:image:width\" content=\"300\" \/>\n\t<meta property=\"og:image:height\" content=\"300\" \/>\n\t<meta property=\"og:image:type\" content=\"image\/png\" \/>\n<meta name=\"author\" content=\"editor\" \/>\n<meta name=\"twitter:card\" content=\"summary_large_image\" \/>\n<meta name=\"twitter:label1\" content=\"Escrito por\" \/>\n\t<meta name=\"twitter:data1\" content=\"editor\" \/>\n\t<meta name=\"twitter:label2\" content=\"Est. tempo de leitura\" \/>\n\t<meta name=\"twitter:data2\" content=\"1 minuto\" \/>\n<script type=\"application\/ld+json\" class=\"yoast-schema-graph\">{\"@context\":\"https:\/\/schema.org\",\"@graph\":[{\"@type\":\"Article\",\"@id\":\"https:\/\/www.oarcanjo.net\/site\/parabens-pe-julio-pelos-25-anos-de-sacerdocio\/#article\",\"isPartOf\":{\"@id\":\"https:\/\/www.oarcanjo.net\/site\/parabens-pe-julio-pelos-25-anos-de-sacerdocio\/\"},\"author\":{\"name\":\"editor\",\"@id\":\"https:\/\/www.oarcanjo.net\/site\/#\/schema\/person\/f7024d007863202483a31326673a0838\"},\"headline\":\"Parab\u00e9ns, Pe. Julio, pelos 25 anos de sacerd\u00f3cio!\",\"datePublished\":\"2010-04-27T01:35:30+00:00\",\"dateModified\":\"2010-07-03T10:14:37+00:00\",\"mainEntityOfPage\":{\"@id\":\"https:\/\/www.oarcanjo.net\/site\/parabens-pe-julio-pelos-25-anos-de-sacerdocio\/\"},\"wordCount\":144,\"commentCount\":53,\"publisher\":{\"@id\":\"https:\/\/www.oarcanjo.net\/site\/#organization\"},\"keywords\":[\"celebra\u00e7\u00e3o\",\"festa\",\"J\u00falio Lancellotti\"],\"articleSection\":[\"Not\u00edcias\",\"V\u00eddeos\"],\"inLanguage\":\"pt-BR\",\"potentialAction\":[{\"@type\":\"CommentAction\",\"name\":\"Comment\",\"target\":[\"https:\/\/www.oarcanjo.net\/site\/parabens-pe-julio-pelos-25-anos-de-sacerdocio\/#respond\"]}]},{\"@type\":\"WebPage\",\"@id\":\"https:\/\/www.oarcanjo.net\/site\/parabens-pe-julio-pelos-25-anos-de-sacerdocio\/\",\"url\":\"https:\/\/www.oarcanjo.net\/site\/parabens-pe-julio-pelos-25-anos-de-sacerdocio\/\",\"name\":\"Parab\u00e9ns, Pe. Julio, pelos 25 anos de sacerd\u00f3cio! - O Arcanjo no ar\",\"isPartOf\":{\"@id\":\"https:\/\/www.oarcanjo.net\/site\/#website\"},\"datePublished\":\"2010-04-27T01:35:30+00:00\",\"dateModified\":\"2010-07-03T10:14:37+00:00\",\"breadcrumb\":{\"@id\":\"https:\/\/www.oarcanjo.net\/site\/parabens-pe-julio-pelos-25-anos-de-sacerdocio\/#breadcrumb\"},\"inLanguage\":\"pt-BR\",\"potentialAction\":[{\"@type\":\"ReadAction\",\"target\":[\"https:\/\/www.oarcanjo.net\/site\/parabens-pe-julio-pelos-25-anos-de-sacerdocio\/\"]}]},{\"@type\":\"BreadcrumbList\",\"@id\":\"https:\/\/www.oarcanjo.net\/site\/parabens-pe-julio-pelos-25-anos-de-sacerdocio\/#breadcrumb\",\"itemListElement\":[{\"@type\":\"ListItem\",\"position\":1,\"name\":\"In\u00edcio\",\"item\":\"https:\/\/www.oarcanjo.net\/site\/\"},{\"@type\":\"ListItem\",\"position\":2,\"name\":\"Parab\u00e9ns, Pe. Julio, pelos 25 anos de sacerd\u00f3cio!\"}]},{\"@type\":\"WebSite\",\"@id\":\"https:\/\/www.oarcanjo.net\/site\/#website\",\"url\":\"https:\/\/www.oarcanjo.net\/site\/\",\"name\":\"O Arcanjo no ar\",\"description\":\"Site da Par\u00f3quia S\u00e3o Miguel Arcanjo (Arquidiocese de SP)\",\"publisher\":{\"@id\":\"https:\/\/www.oarcanjo.net\/site\/#organization\"},\"potentialAction\":[{\"@type\":\"SearchAction\",\"target\":{\"@type\":\"EntryPoint\",\"urlTemplate\":\"https:\/\/www.oarcanjo.net\/site\/?s={search_term_string}\"},\"query-input\":{\"@type\":\"PropertyValueSpecification\",\"valueRequired\":true,\"valueName\":\"search_term_string\"}}],\"inLanguage\":\"pt-BR\"},{\"@type\":\"Organization\",\"@id\":\"https:\/\/www.oarcanjo.net\/site\/#organization\",\"name\":\"Par\u00f3quia S\u00e3o Miguel Arcanjo\",\"url\":\"https:\/\/www.oarcanjo.net\/site\/\",\"logo\":{\"@type\":\"ImageObject\",\"inLanguage\":\"pt-BR\",\"@id\":\"https:\/\/www.oarcanjo.net\/site\/#\/schema\/logo\/image\/\",\"url\":\"https:\/\/www.oarcanjo.net\/site\/wp-content\/uploads\/LogoOArcanjo.png\",\"contentUrl\":\"https:\/\/www.oarcanjo.net\/site\/wp-content\/uploads\/LogoOArcanjo.png\",\"width\":319,\"height\":99,\"caption\":\"Par\u00f3quia S\u00e3o Miguel Arcanjo\"},\"image\":{\"@id\":\"https:\/\/www.oarcanjo.net\/site\/#\/schema\/logo\/image\/\"},\"sameAs\":[\"https:\/\/www.facebook.com\/OArcanjoNoAr\/\"]},{\"@type\":\"Person\",\"@id\":\"https:\/\/www.oarcanjo.net\/site\/#\/schema\/person\/f7024d007863202483a31326673a0838\",\"name\":\"editor\",\"sameAs\":[\"http:\/\/www.oarcanjo.net\"]}]}<\/script>\n<!-- \/ Yoast SEO plugin. -->","yoast_head_json":{"title":"Parab\u00e9ns, Pe. Julio, pelos 25 anos de sacerd\u00f3cio! - O Arcanjo no ar","robots":{"index":"index","follow":"follow","max-snippet":"max-snippet:-1","max-image-preview":"max-image-preview:large","max-video-preview":"max-video-preview:-1"},"canonical":"https:\/\/www.oarcanjo.net\/site\/parabens-pe-julio-pelos-25-anos-de-sacerdocio\/","og_locale":"pt_BR","og_type":"article","og_title":"Parab\u00e9ns, Pe. Julio, pelos 25 anos de sacerd\u00f3cio! - O Arcanjo no ar","og_description":"Nesta ter\u00e7a-feira, 20 de abril, o Pe. Julio Lancellotti comemorou 25 anos de ordena\u00e7\u00e3o sacerdotal. A comunidade S\u00e3o Miguel Arcanjo celebrou o Jubileu de Prata a partir das 8 da noite na capela da Universidade S\u00e3o Judas Tadeu. A missa foi \u00a0presidida por D. Angelico Sandalo Bernardino, bispo em\u00e9rito de Blumenau (SC) e ex-bispo auxiliar [&hellip;]","og_url":"https:\/\/www.oarcanjo.net\/site\/parabens-pe-julio-pelos-25-anos-de-sacerdocio\/","og_site_name":"O Arcanjo no ar","article_publisher":"https:\/\/www.facebook.com\/OArcanjoNoAr\/","article_published_time":"2010-04-27T01:35:30+00:00","article_modified_time":"2010-07-03T10:14:37+00:00","og_image":[{"width":300,"height":300,"url":"https:\/\/www.oarcanjo.net\/site\/wp-content\/uploads\/logo-o-arcanjo-no-ar-facebook.png","type":"image\/png"}],"author":"editor","twitter_card":"summary_large_image","twitter_misc":{"Escrito por":"editor","Est. tempo de leitura":"1 minuto"},"schema":{"@context":"https:\/\/schema.org","@graph":[{"@type":"Article","@id":"https:\/\/www.oarcanjo.net\/site\/parabens-pe-julio-pelos-25-anos-de-sacerdocio\/#article","isPartOf":{"@id":"https:\/\/www.oarcanjo.net\/site\/parabens-pe-julio-pelos-25-anos-de-sacerdocio\/"},"author":{"name":"editor","@id":"https:\/\/www.oarcanjo.net\/site\/#\/schema\/person\/f7024d007863202483a31326673a0838"},"headline":"Parab\u00e9ns, Pe. Julio, pelos 25 anos de sacerd\u00f3cio!","datePublished":"2010-04-27T01:35:30+00:00","dateModified":"2010-07-03T10:14:37+00:00","mainEntityOfPage":{"@id":"https:\/\/www.oarcanjo.net\/site\/parabens-pe-julio-pelos-25-anos-de-sacerdocio\/"},"wordCount":144,"commentCount":53,"publisher":{"@id":"https:\/\/www.oarcanjo.net\/site\/#organization"},"keywords":["celebra\u00e7\u00e3o","festa","J\u00falio Lancellotti"],"articleSection":["Not\u00edcias","V\u00eddeos"],"inLanguage":"pt-BR","potentialAction":[{"@type":"CommentAction","name":"Comment","target":["https:\/\/www.oarcanjo.net\/site\/parabens-pe-julio-pelos-25-anos-de-sacerdocio\/#respond"]}]},{"@type":"WebPage","@id":"https:\/\/www.oarcanjo.net\/site\/parabens-pe-julio-pelos-25-anos-de-sacerdocio\/","url":"https:\/\/www.oarcanjo.net\/site\/parabens-pe-julio-pelos-25-anos-de-sacerdocio\/","name":"Parab\u00e9ns, Pe. Julio, pelos 25 anos de sacerd\u00f3cio! - O Arcanjo no ar","isPartOf":{"@id":"https:\/\/www.oarcanjo.net\/site\/#website"},"datePublished":"2010-04-27T01:35:30+00:00","dateModified":"2010-07-03T10:14:37+00:00","breadcrumb":{"@id":"https:\/\/www.oarcanjo.net\/site\/parabens-pe-julio-pelos-25-anos-de-sacerdocio\/#breadcrumb"},"inLanguage":"pt-BR","potentialAction":[{"@type":"ReadAction","target":["https:\/\/www.oarcanjo.net\/site\/parabens-pe-julio-pelos-25-anos-de-sacerdocio\/"]}]},{"@type":"BreadcrumbList","@id":"https:\/\/www.oarcanjo.net\/site\/parabens-pe-julio-pelos-25-anos-de-sacerdocio\/#breadcrumb","itemListElement":[{"@type":"ListItem","position":1,"name":"In\u00edcio","item":"https:\/\/www.oarcanjo.net\/site\/"},{"@type":"ListItem","position":2,"name":"Parab\u00e9ns, Pe. Julio, pelos 25 anos de sacerd\u00f3cio!"}]},{"@type":"WebSite","@id":"https:\/\/www.oarcanjo.net\/site\/#website","url":"https:\/\/www.oarcanjo.net\/site\/","name":"O Arcanjo no ar","description":"Site da Par\u00f3quia S\u00e3o Miguel Arcanjo (Arquidiocese de SP)","publisher":{"@id":"https:\/\/www.oarcanjo.net\/site\/#organization"},"potentialAction":[{"@type":"SearchAction","target":{"@type":"EntryPoint","urlTemplate":"https:\/\/www.oarcanjo.net\/site\/?s={search_term_string}"},"query-input":{"@type":"PropertyValueSpecification","valueRequired":true,"valueName":"search_term_string"}}],"inLanguage":"pt-BR"},{"@type":"Organization","@id":"https:\/\/www.oarcanjo.net\/site\/#organization","name":"Par\u00f3quia S\u00e3o Miguel Arcanjo","url":"https:\/\/www.oarcanjo.net\/site\/","logo":{"@type":"ImageObject","inLanguage":"pt-BR","@id":"https:\/\/www.oarcanjo.net\/site\/#\/schema\/logo\/image\/","url":"https:\/\/www.oarcanjo.net\/site\/wp-content\/uploads\/LogoOArcanjo.png","contentUrl":"https:\/\/www.oarcanjo.net\/site\/wp-content\/uploads\/LogoOArcanjo.png","width":319,"height":99,"caption":"Par\u00f3quia S\u00e3o Miguel Arcanjo"},"image":{"@id":"https:\/\/www.oarcanjo.net\/site\/#\/schema\/logo\/image\/"},"sameAs":["https:\/\/www.facebook.com\/OArcanjoNoAr\/"]},{"@type":"Person","@id":"https:\/\/www.oarcanjo.net\/site\/#\/schema\/person\/f7024d007863202483a31326673a0838","name":"editor","sameAs":["http:\/\/www.oarcanjo.net"]}]}},"publishpress_future_action":{"enabled":false,"date":"2026-05-06 16:52:30","action":"category","newStatus":"draft","terms":[],"taxonomy":"category"},"publishpress_future_workflow_manual_trigger":{"enabledWorkflows":[]},"_links":{"self":[{"href":"https:\/\/www.oarcanjo.net\/site\/wp-json\/wp\/v2\/posts\/9061"}],"collection":[{"href":"https:\/\/www.oarcanjo.net\/site\/wp-json\/wp\/v2\/posts"}],"about":[{"href":"https:\/\/www.oarcanjo.net\/site\/wp-json\/wp\/v2\/types\/post"}],"author":[{"embeddable":true,"href":"https:\/\/www.oarcanjo.net\/site\/wp-json\/wp\/v2\/users\/5"}],"replies":[{"embeddable":true,"href":"https:\/\/www.oarcanjo.net\/site\/wp-json\/wp\/v2\/comments?post=9061"}],"version-history":[{"count":0,"href":"https:\/\/www.oarcanjo.net\/site\/wp-json\/wp\/v2\/posts\/9061\/revisions"}],"wp:attachment":[{"href":"https:\/\/www.oarcanjo.net\/site\/wp-json\/wp\/v2\/media?parent=9061"}],"wp:term":[{"taxonomy":"category","embeddable":true,"href":"https:\/\/www.oarcanjo.net\/site\/wp-json\/wp\/v2\/categories?post=9061"},{"taxonomy":"post_tag","embeddable":true,"href":"https:\/\/www.oarcanjo.net\/site\/wp-json\/wp\/v2\/tags?post=9061"}],"curies":[{"name":"wp","href":"https:\/\/api.w.org\/{rel}","templated":true}]}}