
{"id":9077,"date":"2010-04-26T22:30:14","date_gmt":"2010-04-27T01:30:14","guid":{"rendered":"http:\/\/www.oarcanjo.net\/site\/?p=9077"},"modified":"2010-07-03T07:14:45","modified_gmt":"2010-07-03T10:14:45","slug":"a-festa-do-jubileu","status":"publish","type":"post","link":"https:\/\/www.oarcanjo.net\/site\/a-festa-do-jubileu\/","title":{"rendered":"A festa do Jubileu"},"content":{"rendered":"<p><em>(Publicaremos nos pr\u00f3ximos dias a cobertura completa dos dois jubileus &#8211; de prata do sacerd\u00f3cio do Pe. Julio e de ouro da par\u00f3quia S\u00e3o Miguel. Para come\u00e7ar, segue uma primeira &#8220;dose&#8221; sobre a festa de 21 de abril)<\/em><\/p>\n<p>Pouco antes das duas da tarde de quarta-feira, feriado de Tiradentes (21\/04), a rua ao lado da igreja S\u00e3o Miguel Arcanjo, na Mooca, estava interditada e abrigava um palco para a festa do Jubileu de Ouro da par\u00f3quia. Cinquenta anos atr\u00e1s, na data de funda\u00e7\u00e3o de Bras\u00edlia,\u00a0a ent\u00e3o capela foi elevada a par\u00f3quia, junto com outras vinte, em S\u00e3o Paulo.<\/p>\n<p>Os t\u00e9cnicos de som faziam os \u00faltimos ajustes enquanto o povo ia chegando e se acomodando nos bancos e cadeiras colocados no meio da rua. No come\u00e7o da tarde, as pessoas procuravam se ajeitar na sombra para se proteger do sol forte, que diminuiu de intensidade com o passar do tempo.<\/p>\n<p>Para dar in\u00edcio \u00e0s comemora\u00e7\u00f5es, o Coral da Pol\u00edcia Militar de S\u00e3o Paulo executou sucessos da MPB, m\u00fasicas cl\u00e1ssicas, salmos religiosos e encerrou a apresenta\u00e7\u00e3o com o Hino Nacional.<\/p>\n<p>A festa contou com a anima\u00e7\u00e3o do cantor Carlos Pitty, conhecido de muitos integrantes da comunidade S\u00e3o Miguel. A cantora Bianca, de 9 anos, mexeu com o p\u00fablico ao se apresentar com o pai.<\/p>\n<p>O educador e vereador Gabriel Chalita tamb\u00e9m participou do evento. Chalita parabenizou a comunidade e elogiou a atua\u00e7\u00e3o do Pe. Julio Lancellotti junto aos exclu\u00eddos, em especial junto ao povo da rua. Ele falou ainda da import\u00e2ncia da participa\u00e7\u00e3o dos crist\u00e3os na pol\u00edtica, como forma de caridade &#8220;ao deixar para tr\u00e1s a pr\u00f3pria vida e trabalhar pela vida dos outros&#8221;. Por fim, ele cantou com o p\u00fablico &#8220;Maria de Nazar\u00e9&#8221;, sucesso do Pe. Zezinho.<\/p>\n<p>Em seguida, foi a vez do grupo Ir ao Povo animar a festa com uma sequ\u00eancia de cantos. O Pe. Jo\u00e3ozinho apresentou uma vers\u00e3o diferente da consagrada m\u00fasica &#8220;Conhe\u00e7o um cora\u00e7\u00e3o&#8221; e o show continuou emocionando os presentes.<\/p>\n<p>O Pe. Zezinho subiu ao palco, homenageou a par\u00f3quia e o Pe. Julio e cantou acompanhado pelas mais de mil pessoas que ocupavam a rua <em>(em breve, publicaremos mais detalhes sobre as mensagens e m\u00fasicas do Pe. Zezinho).<\/em><\/p>\n<p>Eram seis da tarde, quando teve in\u00edcio a missa campal, presidida pelo Pe. Julio, concelebrada pelos padres Zezinho e Jo\u00e3ozinho, com a anima\u00e7\u00e3o do grupo Ir ao Povo e de integrantes da comunidade.<\/p>\n<p>Na homilia, Pe. Julio agradeceu a todos, lembrou momentos emocionantes da caminhada e falou da import\u00e2ncia da comunidade na vida dele:<\/p>\n<p><object style=\"width: 480px; height: 330px;\" classid=\"clsid:6bf52a52-394a-11d3-b153-00c04f79faa6\" width=\"480\" height=\"330\" codebase=\"http:\/\/activex.microsoft.com\/activex\/controls\/mplayer\/en\/nsmp2inf.cab#Version=5,1,52,701\"><param name=\"autostart\" value=\"false\" \/><param name=\"url\" value=\"http:\/\/www.oarcanjo.net\/video\/Homilia20100421-final.wmv\" \/><param name=\"src\" value=\"http:\/\/www.oarcanjo.net\/video\/Homilia20100421-final.wmv\" \/><embed style=\"width: 480px; height: 330px;\" type=\"application\/x-mplayer2\" width=\"480\" height=\"330\" src=\"http:\/\/www.oarcanjo.net\/video\/Homilia20100421-final.wmv\" url=\"http:\/\/www.oarcanjo.net\/video\/Homilia20100421-final.wmv\" autostart=\"false\"><\/embed><\/object><\/p>\n<p>No final da missa, todos ganharam um peda\u00e7o de bolo e de lembran\u00e7a um cart\u00e3o sobre os 25 anos de sacerd\u00f3cio do Pe J\u00falio e um marcador de p\u00e1gina com a ora\u00e7\u00e3o de S\u00e3o Miguel Arcanjo e uma breve hist\u00f3ria da par\u00f3quia.<\/p>\n<p>Para encerrar a noite, a banda B\u00e1lsamo tocou e cantou.<\/p>\n<p>Veja tamb\u00e9m as fotos da festa:<\/p>\nngg_shortcode_0_placeholder\n<p>E da missa do Jubileu:<\/p>\nngg_shortcode_1_placeholder\n<p><em>Imagens de Carlos Alberto Beatriz e Wanderley Oliveira<\/em><\/p>\n<div id=\"themify_builder_content-9077\" data-postid=\"9077\" class=\"themify_builder_content themify_builder_content-9077 themify_builder themify_builder_front\">\n\t<\/div>\n<!-- \/themify_builder_content -->","protected":false},"excerpt":{"rendered":"<p>Publicaremos nos pr\u00f3ximos dias a cobertura completa dos dois jubileus &#8211; de prata do sacerd\u00f3cio do Pe. Julio e de ouro da par\u00f3quia S\u00e3o Miguel. Para come\u00e7ar, segue uma primeira &#8220;dose&#8221; sobre a festa de 21 de abril<\/p>\n","protected":false},"author":2,"featured_media":0,"comment_status":"open","ping_status":"open","sticky":false,"template":"","format":"standard","meta":{"ngg_post_thumbnail":0,"footnotes":""},"categories":[8,7],"tags":[58,1559,86,1223,1558,1453,1240,1545],"yoast_head":"<!-- This site is optimized with the Yoast SEO plugin v23.5 - https:\/\/yoast.com\/wordpress\/plugins\/seo\/ -->\n<title>A festa do Jubileu - O Arcanjo no ar<\/title>\n<meta name=\"robots\" content=\"index, follow, max-snippet:-1, max-image-preview:large, max-video-preview:-1\" \/>\n<link rel=\"canonical\" href=\"https:\/\/www.oarcanjo.net\/site\/a-festa-do-jubileu\/\" \/>\n<meta property=\"og:locale\" content=\"pt_BR\" \/>\n<meta property=\"og:type\" content=\"article\" \/>\n<meta property=\"og:title\" content=\"A festa do Jubileu - O Arcanjo no ar\" \/>\n<meta property=\"og:description\" content=\"Publicaremos nos pr\u00f3ximos dias a cobertura completa dos dois jubileus - de prata do sacerd\u00f3cio do Pe. Julio e de ouro da par\u00f3quia S\u00e3o Miguel. Para come\u00e7ar, segue uma primeira &quot;dose&quot; sobre a festa de 21 de abril\" \/>\n<meta property=\"og:url\" content=\"https:\/\/www.oarcanjo.net\/site\/a-festa-do-jubileu\/\" \/>\n<meta property=\"og:site_name\" content=\"O Arcanjo no ar\" \/>\n<meta property=\"article:publisher\" content=\"https:\/\/www.facebook.com\/OArcanjoNoAr\/\" \/>\n<meta property=\"article:published_time\" content=\"2010-04-27T01:30:14+00:00\" \/>\n<meta property=\"article:modified_time\" content=\"2010-07-03T10:14:45+00:00\" \/>\n<meta property=\"og:image\" content=\"https:\/\/www.oarcanjo.net\/site\/wp-content\/uploads\/logo-o-arcanjo-no-ar-facebook.png\" \/>\n\t<meta property=\"og:image:width\" content=\"300\" \/>\n\t<meta property=\"og:image:height\" content=\"300\" \/>\n\t<meta property=\"og:image:type\" content=\"image\/png\" \/>\n<meta name=\"author\" content=\"rubens.meyer\" \/>\n<meta name=\"twitter:card\" content=\"summary_large_image\" \/>\n<meta name=\"twitter:label1\" content=\"Escrito por\" \/>\n\t<meta name=\"twitter:data1\" content=\"rubens.meyer\" \/>\n\t<meta name=\"twitter:label2\" content=\"Est. tempo de leitura\" \/>\n\t<meta name=\"twitter:data2\" content=\"3 minutos\" \/>\n<script type=\"application\/ld+json\" class=\"yoast-schema-graph\">{\"@context\":\"https:\/\/schema.org\",\"@graph\":[{\"@type\":\"Article\",\"@id\":\"https:\/\/www.oarcanjo.net\/site\/a-festa-do-jubileu\/#article\",\"isPartOf\":{\"@id\":\"https:\/\/www.oarcanjo.net\/site\/a-festa-do-jubileu\/\"},\"author\":{\"name\":\"rubens.meyer\",\"@id\":\"https:\/\/www.oarcanjo.net\/site\/#\/schema\/person\/8f702af457b0cfb4ac1a7228ee23f026\"},\"headline\":\"A festa do Jubileu\",\"datePublished\":\"2010-04-27T01:30:14+00:00\",\"dateModified\":\"2010-07-03T10:14:45+00:00\",\"mainEntityOfPage\":{\"@id\":\"https:\/\/www.oarcanjo.net\/site\/a-festa-do-jubileu\/\"},\"wordCount\":551,\"commentCount\":9,\"publisher\":{\"@id\":\"https:\/\/www.oarcanjo.net\/site\/#organization\"},\"keywords\":[\"celebra\u00e7\u00e3o\",\"comemora\u00e7\u00e3o\",\"festa\",\"Gabriel Chalita\",\"Jubileu de Ouro\",\"Par\u00f3quia S\u00e3o Miguel Arcanjo\",\"Pe Zezinho\",\"Pe. Jo\u00e3ozinho\"],\"articleSection\":[\"Not\u00edcias\",\"Rosto da comunidade\"],\"inLanguage\":\"pt-BR\",\"potentialAction\":[{\"@type\":\"CommentAction\",\"name\":\"Comment\",\"target\":[\"https:\/\/www.oarcanjo.net\/site\/a-festa-do-jubileu\/#respond\"]}]},{\"@type\":\"WebPage\",\"@id\":\"https:\/\/www.oarcanjo.net\/site\/a-festa-do-jubileu\/\",\"url\":\"https:\/\/www.oarcanjo.net\/site\/a-festa-do-jubileu\/\",\"name\":\"A festa do Jubileu - O Arcanjo no ar\",\"isPartOf\":{\"@id\":\"https:\/\/www.oarcanjo.net\/site\/#website\"},\"datePublished\":\"2010-04-27T01:30:14+00:00\",\"dateModified\":\"2010-07-03T10:14:45+00:00\",\"breadcrumb\":{\"@id\":\"https:\/\/www.oarcanjo.net\/site\/a-festa-do-jubileu\/#breadcrumb\"},\"inLanguage\":\"pt-BR\",\"potentialAction\":[{\"@type\":\"ReadAction\",\"target\":[\"https:\/\/www.oarcanjo.net\/site\/a-festa-do-jubileu\/\"]}]},{\"@type\":\"BreadcrumbList\",\"@id\":\"https:\/\/www.oarcanjo.net\/site\/a-festa-do-jubileu\/#breadcrumb\",\"itemListElement\":[{\"@type\":\"ListItem\",\"position\":1,\"name\":\"In\u00edcio\",\"item\":\"https:\/\/www.oarcanjo.net\/site\/\"},{\"@type\":\"ListItem\",\"position\":2,\"name\":\"A festa do Jubileu\"}]},{\"@type\":\"WebSite\",\"@id\":\"https:\/\/www.oarcanjo.net\/site\/#website\",\"url\":\"https:\/\/www.oarcanjo.net\/site\/\",\"name\":\"O Arcanjo no ar\",\"description\":\"Site da Par\u00f3quia S\u00e3o Miguel Arcanjo (Arquidiocese de SP)\",\"publisher\":{\"@id\":\"https:\/\/www.oarcanjo.net\/site\/#organization\"},\"potentialAction\":[{\"@type\":\"SearchAction\",\"target\":{\"@type\":\"EntryPoint\",\"urlTemplate\":\"https:\/\/www.oarcanjo.net\/site\/?s={search_term_string}\"},\"query-input\":{\"@type\":\"PropertyValueSpecification\",\"valueRequired\":true,\"valueName\":\"search_term_string\"}}],\"inLanguage\":\"pt-BR\"},{\"@type\":\"Organization\",\"@id\":\"https:\/\/www.oarcanjo.net\/site\/#organization\",\"name\":\"Par\u00f3quia S\u00e3o Miguel Arcanjo\",\"url\":\"https:\/\/www.oarcanjo.net\/site\/\",\"logo\":{\"@type\":\"ImageObject\",\"inLanguage\":\"pt-BR\",\"@id\":\"https:\/\/www.oarcanjo.net\/site\/#\/schema\/logo\/image\/\",\"url\":\"https:\/\/www.oarcanjo.net\/site\/wp-content\/uploads\/LogoOArcanjo.png\",\"contentUrl\":\"https:\/\/www.oarcanjo.net\/site\/wp-content\/uploads\/LogoOArcanjo.png\",\"width\":319,\"height\":99,\"caption\":\"Par\u00f3quia S\u00e3o Miguel Arcanjo\"},\"image\":{\"@id\":\"https:\/\/www.oarcanjo.net\/site\/#\/schema\/logo\/image\/\"},\"sameAs\":[\"https:\/\/www.facebook.com\/OArcanjoNoAr\/\"]},{\"@type\":\"Person\",\"@id\":\"https:\/\/www.oarcanjo.net\/site\/#\/schema\/person\/8f702af457b0cfb4ac1a7228ee23f026\",\"name\":\"rubens.meyer\"}]}<\/script>\n<!-- \/ Yoast SEO plugin. -->","yoast_head_json":{"title":"A festa do Jubileu - O Arcanjo no ar","robots":{"index":"index","follow":"follow","max-snippet":"max-snippet:-1","max-image-preview":"max-image-preview:large","max-video-preview":"max-video-preview:-1"},"canonical":"https:\/\/www.oarcanjo.net\/site\/a-festa-do-jubileu\/","og_locale":"pt_BR","og_type":"article","og_title":"A festa do Jubileu - O Arcanjo no ar","og_description":"Publicaremos nos pr\u00f3ximos dias a cobertura completa dos dois jubileus - de prata do sacerd\u00f3cio do Pe. Julio e de ouro da par\u00f3quia S\u00e3o Miguel. Para come\u00e7ar, segue uma primeira \"dose\" sobre a festa de 21 de abril","og_url":"https:\/\/www.oarcanjo.net\/site\/a-festa-do-jubileu\/","og_site_name":"O Arcanjo no ar","article_publisher":"https:\/\/www.facebook.com\/OArcanjoNoAr\/","article_published_time":"2010-04-27T01:30:14+00:00","article_modified_time":"2010-07-03T10:14:45+00:00","og_image":[{"width":300,"height":300,"url":"https:\/\/www.oarcanjo.net\/site\/wp-content\/uploads\/logo-o-arcanjo-no-ar-facebook.png","type":"image\/png"}],"author":"rubens.meyer","twitter_card":"summary_large_image","twitter_misc":{"Escrito por":"rubens.meyer","Est. tempo de leitura":"3 minutos"},"schema":{"@context":"https:\/\/schema.org","@graph":[{"@type":"Article","@id":"https:\/\/www.oarcanjo.net\/site\/a-festa-do-jubileu\/#article","isPartOf":{"@id":"https:\/\/www.oarcanjo.net\/site\/a-festa-do-jubileu\/"},"author":{"name":"rubens.meyer","@id":"https:\/\/www.oarcanjo.net\/site\/#\/schema\/person\/8f702af457b0cfb4ac1a7228ee23f026"},"headline":"A festa do Jubileu","datePublished":"2010-04-27T01:30:14+00:00","dateModified":"2010-07-03T10:14:45+00:00","mainEntityOfPage":{"@id":"https:\/\/www.oarcanjo.net\/site\/a-festa-do-jubileu\/"},"wordCount":551,"commentCount":9,"publisher":{"@id":"https:\/\/www.oarcanjo.net\/site\/#organization"},"keywords":["celebra\u00e7\u00e3o","comemora\u00e7\u00e3o","festa","Gabriel Chalita","Jubileu de Ouro","Par\u00f3quia S\u00e3o Miguel Arcanjo","Pe Zezinho","Pe. Jo\u00e3ozinho"],"articleSection":["Not\u00edcias","Rosto da comunidade"],"inLanguage":"pt-BR","potentialAction":[{"@type":"CommentAction","name":"Comment","target":["https:\/\/www.oarcanjo.net\/site\/a-festa-do-jubileu\/#respond"]}]},{"@type":"WebPage","@id":"https:\/\/www.oarcanjo.net\/site\/a-festa-do-jubileu\/","url":"https:\/\/www.oarcanjo.net\/site\/a-festa-do-jubileu\/","name":"A festa do Jubileu - O Arcanjo no ar","isPartOf":{"@id":"https:\/\/www.oarcanjo.net\/site\/#website"},"datePublished":"2010-04-27T01:30:14+00:00","dateModified":"2010-07-03T10:14:45+00:00","breadcrumb":{"@id":"https:\/\/www.oarcanjo.net\/site\/a-festa-do-jubileu\/#breadcrumb"},"inLanguage":"pt-BR","potentialAction":[{"@type":"ReadAction","target":["https:\/\/www.oarcanjo.net\/site\/a-festa-do-jubileu\/"]}]},{"@type":"BreadcrumbList","@id":"https:\/\/www.oarcanjo.net\/site\/a-festa-do-jubileu\/#breadcrumb","itemListElement":[{"@type":"ListItem","position":1,"name":"In\u00edcio","item":"https:\/\/www.oarcanjo.net\/site\/"},{"@type":"ListItem","position":2,"name":"A festa do Jubileu"}]},{"@type":"WebSite","@id":"https:\/\/www.oarcanjo.net\/site\/#website","url":"https:\/\/www.oarcanjo.net\/site\/","name":"O Arcanjo no ar","description":"Site da Par\u00f3quia S\u00e3o Miguel Arcanjo (Arquidiocese de SP)","publisher":{"@id":"https:\/\/www.oarcanjo.net\/site\/#organization"},"potentialAction":[{"@type":"SearchAction","target":{"@type":"EntryPoint","urlTemplate":"https:\/\/www.oarcanjo.net\/site\/?s={search_term_string}"},"query-input":{"@type":"PropertyValueSpecification","valueRequired":true,"valueName":"search_term_string"}}],"inLanguage":"pt-BR"},{"@type":"Organization","@id":"https:\/\/www.oarcanjo.net\/site\/#organization","name":"Par\u00f3quia S\u00e3o Miguel Arcanjo","url":"https:\/\/www.oarcanjo.net\/site\/","logo":{"@type":"ImageObject","inLanguage":"pt-BR","@id":"https:\/\/www.oarcanjo.net\/site\/#\/schema\/logo\/image\/","url":"https:\/\/www.oarcanjo.net\/site\/wp-content\/uploads\/LogoOArcanjo.png","contentUrl":"https:\/\/www.oarcanjo.net\/site\/wp-content\/uploads\/LogoOArcanjo.png","width":319,"height":99,"caption":"Par\u00f3quia S\u00e3o Miguel Arcanjo"},"image":{"@id":"https:\/\/www.oarcanjo.net\/site\/#\/schema\/logo\/image\/"},"sameAs":["https:\/\/www.facebook.com\/OArcanjoNoAr\/"]},{"@type":"Person","@id":"https:\/\/www.oarcanjo.net\/site\/#\/schema\/person\/8f702af457b0cfb4ac1a7228ee23f026","name":"rubens.meyer"}]}},"publishpress_future_action":{"enabled":false,"date":"2026-05-06 10:39:33","action":"category","newStatus":"draft","terms":[],"taxonomy":"category"},"publishpress_future_workflow_manual_trigger":{"enabledWorkflows":[]},"_links":{"self":[{"href":"https:\/\/www.oarcanjo.net\/site\/wp-json\/wp\/v2\/posts\/9077"}],"collection":[{"href":"https:\/\/www.oarcanjo.net\/site\/wp-json\/wp\/v2\/posts"}],"about":[{"href":"https:\/\/www.oarcanjo.net\/site\/wp-json\/wp\/v2\/types\/post"}],"author":[{"embeddable":true,"href":"https:\/\/www.oarcanjo.net\/site\/wp-json\/wp\/v2\/users\/2"}],"replies":[{"embeddable":true,"href":"https:\/\/www.oarcanjo.net\/site\/wp-json\/wp\/v2\/comments?post=9077"}],"version-history":[{"count":0,"href":"https:\/\/www.oarcanjo.net\/site\/wp-json\/wp\/v2\/posts\/9077\/revisions"}],"wp:attachment":[{"href":"https:\/\/www.oarcanjo.net\/site\/wp-json\/wp\/v2\/media?parent=9077"}],"wp:term":[{"taxonomy":"category","embeddable":true,"href":"https:\/\/www.oarcanjo.net\/site\/wp-json\/wp\/v2\/categories?post=9077"},{"taxonomy":"post_tag","embeddable":true,"href":"https:\/\/www.oarcanjo.net\/site\/wp-json\/wp\/v2\/tags?post=9077"}],"curies":[{"name":"wp","href":"https:\/\/api.w.org\/{rel}","templated":true}]}}